{"id":157222,"date":"2026-01-11T14:17:16","date_gmt":"2026-01-11T14:17:16","guid":{"rendered":"https:\/\/friss-hirek.hu\/index.php\/27-kozepiskolaban-rendeltek-el-rendkivuli-szunetet-az-idojaras-miatt\/friss-hirek\/"},"modified":"2026-01-11T14:17:16","modified_gmt":"2026-01-11T14:17:16","slug":"27-kozepiskolaban-rendeltek-el-rendkivuli-szunetet-az-idojaras-miatt","status":"publish","type":"post","link":"https:\/\/friss-hirek.hu\/index.php\/27-kozepiskolaban-rendeltek-el-rendkivuli-szunetet-az-idojaras-miatt\/friss-hirek\/","title":{"rendered":"27 k\u00f6z\u00e9piskol\u00e1ban rendeltek el rendk\u00edv\u00fcli sz\u00fcnetet az id\u0151j\u00e1r\u00e1s miatt"},"content":{"rendered":"<p>Szombaton hat v\u00e1rmegye 27 telep\u00fcl\u00e9s\u00e9n akadozott az \u00e1ramell\u00e1t\u00e1s n\u00e9h\u00e1ny \u00f3r\u00e1n \u00e1t, amely 8957 fogyaszt\u00e1si helyet \u00e9rintett. Vas \u00e9s Gy\u0151r-Moson-Sopron v\u00e1rmegye n\u00e9gy telep\u00fcl\u00e9s\u00e9n jelenleg akadozik az \u00e1ramell\u00e1t\u00e1s 1293 fogyaszt\u00e1si helyet \u00e9rintve. A k\u00f6zm\u0171c\u00e9gek dolgoznak a szolg\u00e1ltat\u00e1s helyre\u00e1ll\u00edt\u00e1s\u00e1n \u2013 hangzott el az operat\u00edv t\u00f6rzs vas\u00e1rnapi sajt\u00f3t\u00e1j\u00e9koztat\u00f3j\u00e1n.<\/p><div id=\"friss-148007529\" class=\"friss-etarget friss-entity-placement\"><script type=\"text\/javascript\" id=\"etargetScript7a9b589f63cb072bef80df221f46a22b\">function etargetPostloadFunction7a9b589f63cb072bef80df221f46a22b(){var e=\"etargetPostload7a9b589f63cb072bef80df221f46a22b\",t=\"etargetScript7a9b589f63cb072bef80df221f46a22b\",o=document.getElementById(e);if(o){for(var n=o.offsetTop,d=o.offsetLeft,r=o.offsetWidth,a=o.offsetHeight;o.offsetParent;)o=o.offsetParent,n+=o.offsetTop,d+=o.offsetLeft;var i=(n<=window.pageYOffset+window.innerHeight&&d<window.pageXOffset+window.innerWidth&&n+a>window.pageYOffset&&d+r>window.pageXOffset);if(i&&etargetAllowOtherCheck){allowed=!1;var c=document.createElement(\"script\");return c.src=\"\/\/hu.search.etargetnet.com\/generic\/uni.php?g=ref:58661,area:700x210\",void(document.getElementById(t)&&document.getElementById(e)&&(document.getElementById(t).parentNode.appendChild(c),document.getElementById(t).parentNode.removeChild(document.getElementById(t)),document.getElementById(e).parentNode.removeChild(document.getElementById(e)),document.removeEventListener(\"scroll\",etargetPostloadFunction7a9b589f63cb072bef80df221f46a22b),document.removeEventListener(\"resize\",etargetPostloadFunction7a9b589f63cb072bef80df221f46a22b),document.removeEventListener(\"DOMContentLoaded\",etargetPostloadFunction7a9b589f63cb072bef80df221f46a22b)))}}}var etargetDivID=\"etargetPostload7a9b589f63cb072bef80df221f46a22b\",etargetScriptID=\"etargetScript7a9b589f63cb072bef80df221f46a22b\",etargetPostloadPoint=document.createElement(\"div\");etargetPostloadPoint.id=etargetDivID;var etargetCurScript=document.getElementById(etargetScriptID);etargetCurScript.parentNode.appendChild(etargetPostloadPoint),document.addEventListener(\"scroll\",etargetPostloadFunction7a9b589f63cb072bef80df221f46a22b),document.addEventListener(\"resize\",etargetPostloadFunction7a9b589f63cb072bef80df221f46a22b),document.addEventListener(\"DOMContentLoaded\",etargetPostloadFunction7a9b589f63cb072bef80df221f46a22b);var etargetAllowOtherCheck=!0;if(typeof(\"forceRunPostload\")==\"string\"){etargetPostloadFunction7a9b589f63cb072bef80df221f46a22b()}<\/script><\/div>\n<p>A v\u00edzszolg\u00e1ltat\u00e1s szombaton \u00f6t v\u00e1rmegy\u00e9ben \u00e9s n\u00e9gy budapesti ker\u00fcletben \u00f6sszesen 1907 fogyaszt\u00e1si helyen sz\u00fcnetelt, vas\u00e1rnapra a szolg\u00e1ltat\u00e1s mindenhol helyre\u00e1llt.<\/p>\n<p>Az Operat\u00edv t\u00f6rzs felvette a kapcsolat a hullad\u00e9ksz\u00e1ll\u00edt\u00e1st v\u00e9gz\u0151 k\u00f6zszolg\u00e1ltat\u00e1si c\u00e9gekkel, \u00e9s ott, ahol a havaz\u00e1s miatt cs\u00faszott az elsz\u00e1ll\u00edt\u00e1s, n\u00e9h\u00e1ny napon bel\u00fcl ez megt\u00f6rt\u00e9nik. A k\u00e9szenl\u00e9ti szervek az elakadt j\u00e1rm\u0171vek ment\u00e9s\u00e9ben is seg\u00edtenek \u2013 h\u00fazta al\u00e1.<\/p>\n<h2>Rendk\u00edv\u00fcli sz\u00fcnet t\u00f6bb iskol\u00e1ban<\/h2>\n<p>A k\u00f6znevel\u00e9sben 29 int\u00e9zm\u00e9nyben mer\u00fclt fel f\u0171t\u00e9si probl\u00e9ma, hat iskol\u00e1ban volt cs\u0151t\u00f6r\u00e9s. \u00d6sszesen 27 k\u00f6z\u00e9piskol\u00e1ban rendk\u00edv\u00fcli sz\u00fcnetet, 40-ben pedig online oktat\u00e1st rendeltek el \u2013 t\u00e1j\u00e9koztatott <strong>Mukics D\u00e1niel<\/strong>, az Orsz\u00e1gos Katasztr\u00f3fav\u00e9delmi F\u0151igazgat\u00f3s\u00e1g (OKF) sz\u00f3viv\u0151je.<\/p>\n<p>A k\u00f3rh\u00e1zakban zavartalanul zajlik mind a tervezett, mint a s\u00fcrg\u0151s m\u0171t\u00e9tek ell\u00e1t\u00e1sa, a betegforgalom az \u00e1tlagos szintet \u00e9rte el, ami azt mutatja, hogy az emberek figyelembe vett\u00e9k a hat\u00f3s\u00e1g figyelmeztet\u00e9s\u00e9t. A traum\u00e1s s\u00e9r\u00fcl\u00e9sek sz\u00e1ma Ajk\u00e1n, Sz\u00e9kesfeh\u00e9rv\u00e1ron \u00e9s a budapesti Bethesda k\u00f3rh\u00e1zban ugrott meg.<\/p>\n<h2>127 k\u00f6z\u00fati baleset t\u00f6rt\u00e9nt<\/h2>\n<p><span class=\"highlight-block-small _ce_measure_widget\" data-ce-measure-widget=\"Kiemel\u00e9s - hossz\u00fa sz\u00f6veghez\">A vas\u00fati k\u00f6zleked\u00e9st n\u00e9h\u00e1ny vonalon v\u00e1lt\u00f3hib\u00e1k lass\u00edtott\u00e1k szombaton. A M\u00c1V honlapj\u00e1n megtal\u00e1lhat\u00f3k azok az \u00fatvonalak, ahol a vonatokat p\u00f3tl\u00f3buszok helyettes\u00edtik. Busszal tov\u00e1bbra sem k\u00f6zel\u00edthet\u0151 meg Szilv\u00e1s, Tagyospuszta, Hern\u00e1dc\u00e9ce, Vindornyalak, Nagykutas, Nemeskisfalud, ezek a telep\u00fcl\u00e9sek aut\u00f3val el\u00e9rhet\u0151k.<\/span><\/p>\n<p>A t\u00e9li id\u0151j\u00e1r\u00e1s miatt a t\u0171zolt\u00f3kat 80 m\u0171szaki ment\u00e9shez, ezen bel\u00fcl 44 k\u00f6z\u00fati balesethez riasztott\u00e1k \u00e9s 22 esetben kellett a k\u00f6z\u00e9p\u00fcletekr\u0151l lel\u00f3g\u00f3, \u00e9letvesz\u00e9lyes j\u00e9gcsapokat, illetve a tet\u0151n felgy\u00fclemlett havat eltakar\u00edtani, valamint kid\u0151lt f\u00e1k elt\u00e1vol\u00edt\u00e1s\u00e1hoz is h\u00edvt\u00e1k \u0151ket. \u00d6sszesen 214 t\u0171zolt\u00f3 84 j\u00e1rm\u0171vel vett r\u00e9szt a ment\u00e9si munk\u00e1kban, kieg\u00e9sz\u00fclve 104 \u00f6nk\u00e9ntes t\u0171zolt\u00f3val, akik 29 j\u00e1rm\u0171vel seg\u00edtett\u00e9k munk\u00e1jukat.<\/p>\n<p>Az M1-esen, \u00c1cs k\u00f6zel\u00e9ben t\u00f6rt\u00e9nt balesetben hat j\u00e1rm\u0171 15 utasa volt \u00e9rintett, egy ember \u00e9let\u00e9t vesztette. A rend\u0151r\u00f6ket 127 k\u00f6z\u00fati balesethez riasztott\u00e1k, ebb\u0151l kett\u0151 volt hal\u00e1los \u00e9s t\u00edz szem\u00e9lyi s\u00e9r\u00fcl\u00e9ssel j\u00e1rt.<\/p>\n<h2>T\u00f6bb mint k\u00e9tezer egyed\u00fcl \u00e9l\u0151 embert ellen\u0151riztek<\/h2>\n<p>\u00d6sszesen 1938 rend\u0151r 1100 j\u00e1rm\u0171vel vett r\u00e9szt a rendk\u00edv\u00fcli id\u0151j\u00e1r\u00e1s elleni v\u00e9dekez\u00e9sben szombaton. A polg\u00e1r\u0151r\u00f6kkel k\u00f6z\u00f6sen 2514 egyed\u00fcl \u00e9l\u0151 embert ellen\u0151riztek \u00e9s 169 esetben ny\u00fajtottak sz\u00e1mukra seg\u00edts\u00e9get. A ment\u0151ket szombaton 3811 alkalommal riasztott\u00e1k. A honv\u00e9ds\u00e9g \u00e9s a a TEK speci\u00e1lis j\u00e1rm\u0171vei tov\u00e1bbra is k\u00e9szenl\u00e9tben \u00e1llnak ott, ahol kialakulhatnak vesz\u00e9lyhelyzetek \u2013 emelte ki a t\u0171zolt\u00f3 alezredes.<\/p>\n<p>Sz\u00f3lt arr\u00f3l is, hogy a v\u00edzi k\u00f6zleked\u00e9st a Dun\u00e1n \u00e9s a Tisz\u00e1n zajl\u00f3 j\u00e9gzajl\u00e1s nem korl\u00e1tozza, a l\u00e9gik\u00f6zleked\u00e9sben nincsenek fennakad\u00e1sok.<\/p>\n<p>A katasztr\u00f3fav\u00e9delem, a Vol\u00e1n t\u00e1rsas\u00e1gokkal \u00e9s az \u00f6nkorm\u00e1nyzatokkal k\u00f6z\u00f6sen meleged\u0151 buszokat biztos\u00edt azokon a helyeken, ahol huzamosabb ideig kiesne a f\u0171t\u00e9s. Kit\u00e9rt arra is, hogy az Operat\u00edv t\u00f6rzs folyamatosan figyelemmel kis\u00e9ri a szoci\u00e1lis ell\u00e1t\u00f3rendszer tel\u00edtetts\u00e9g\u00e9t. Azokon a helyeken, ahol nem tudnak t\u00f6bb hajl\u00e9ktalan embert befogadni, meleged\u0151helyeket nyitnak meg.<\/p>\n<p>Jelenleg is m\u00e1sodfok\u00fa, narancs riaszt\u00e1s van \u00e9rv\u00e9nyben h\u00f3f\u00fav\u00e1s vesz\u00e9lye miatt az \u00e9szaknyugati orsz\u00e1gr\u00e9szben, ez\u00e9rt aki teheti, ne induljon \u00fatnak az \u00e9rintett ter\u00fcleteken \u2013<a href=\"https:\/\/24.hu\/belfold\/2026\/01\/11\/idojaras-hofuvas-narancs-riasztas-kozlekedes-figyelmeztetes\/\"> r\u00e9szletek itt.\u00a0<\/a><\/p>\n<p>The post <a href=\"https:\/\/24.hu\/belfold\/2026\/01\/11\/idojaras-hideg-hofuvas-iskolak-korhazak-aramellatas\/\" target=\"_blank\">27 k\u00f6z\u00e9piskol\u00e1ban rendeltek el rendk\u00edv\u00fcli sz\u00fcnetet az id\u0151j\u00e1r\u00e1s miatt<\/a> first appeared on <a href=\"https:\/\/24.hu\/\" target=\"_blank\">24.hu<\/a>.<\/p><div id=\"friss-2774876544\" class=\"friss-etarget-cikk-vege friss-entity-placement\"><script type=\"text\/javascript\" id=\"etargetScript7a9b589f63cb072bef80df221f46a22b\">function etargetPostloadFunction7a9b589f63cb072bef80df221f46a22b(){var e=\"etargetPostload7a9b589f63cb072bef80df221f46a22b\",t=\"etargetScript7a9b589f63cb072bef80df221f46a22b\",o=document.getElementById(e);if(o){for(var n=o.offsetTop,d=o.offsetLeft,r=o.offsetWidth,a=o.offsetHeight;o.offsetParent;)o=o.offsetParent,n+=o.offsetTop,d+=o.offsetLeft;var i=(n<=window.pageYOffset+window.innerHeight&&d<window.pageXOffset+window.innerWidth&&n+a>window.pageYOffset&&d+r>window.pageXOffset);if(i&&etargetAllowOtherCheck){allowed=!1;var c=document.createElement(\"script\");return c.src=\"\/\/hu.search.etargetnet.com\/generic\/uni.php?g=ref:58661,area:700x210\",void(document.getElementById(t)&&document.getElementById(e)&&(document.getElementById(t).parentNode.appendChild(c),document.getElementById(t).parentNode.removeChild(document.getElementById(t)),document.getElementById(e).parentNode.removeChild(document.getElementById(e)),document.removeEventListener(\"scroll\",etargetPostloadFunction7a9b589f63cb072bef80df221f46a22b),document.removeEventListener(\"resize\",etargetPostloadFunction7a9b589f63cb072bef80df221f46a22b),document.removeEventListener(\"DOMContentLoaded\",etargetPostloadFunction7a9b589f63cb072bef80df221f46a22b)))}}}var etargetDivID=\"etargetPostload7a9b589f63cb072bef80df221f46a22b\",etargetScriptID=\"etargetScript7a9b589f63cb072bef80df221f46a22b\",etargetPostloadPoint=document.createElement(\"div\");etargetPostloadPoint.id=etargetDivID;var etargetCurScript=document.getElementById(etargetScriptID);etargetCurScript.parentNode.appendChild(etargetPostloadPoint),document.addEventListener(\"scroll\",etargetPostloadFunction7a9b589f63cb072bef80df221f46a22b),document.addEventListener(\"resize\",etargetPostloadFunction7a9b589f63cb072bef80df221f46a22b),document.addEventListener(\"DOMContentLoaded\",etargetPostloadFunction7a9b589f63cb072bef80df221f46a22b);var etargetAllowOtherCheck=!0;if(typeof(\"forceRunPostload\")==\"string\"){etargetPostloadFunction7a9b589f63cb072bef80df221f46a22b()}<\/script><\/div><div id=\"friss-2210289349\" class=\"friss-after-content friss-entity-placement\"><script type=\"text\/javascript\" id=\"etargetScript7a9b589f63cb072bef80df221f46a22b\">function etargetPostloadFunction7a9b589f63cb072bef80df221f46a22b(){var e=\"etargetPostload7a9b589f63cb072bef80df221f46a22b\",t=\"etargetScript7a9b589f63cb072bef80df221f46a22b\",o=document.getElementById(e);if(o){for(var n=o.offsetTop,d=o.offsetLeft,r=o.offsetWidth,a=o.offsetHeight;o.offsetParent;)o=o.offsetParent,n+=o.offsetTop,d+=o.offsetLeft;var i=(n<=window.pageYOffset+window.innerHeight&&d<window.pageXOffset+window.innerWidth&&n+a>window.pageYOffset&&d+r>window.pageXOffset);if(i&&etargetAllowOtherCheck){allowed=!1;var c=document.createElement(\"script\");return c.src=\"\/\/hu.search.etargetnet.com\/generic\/uni.php?g=ref:58661,area:700x210\",void(document.getElementById(t)&&document.getElementById(e)&&(document.getElementById(t).parentNode.appendChild(c),document.getElementById(t).parentNode.removeChild(document.getElementById(t)),document.getElementById(e).parentNode.removeChild(document.getElementById(e)),document.removeEventListener(\"scroll\",etargetPostloadFunction7a9b589f63cb072bef80df221f46a22b),document.removeEventListener(\"resize\",etargetPostloadFunction7a9b589f63cb072bef80df221f46a22b),document.removeEventListener(\"DOMContentLoaded\",etargetPostloadFunction7a9b589f63cb072bef80df221f46a22b)))}}}var etargetDivID=\"etargetPostload7a9b589f63cb072bef80df221f46a22b\",etargetScriptID=\"etargetScript7a9b589f63cb072bef80df221f46a22b\",etargetPostloadPoint=document.createElement(\"div\");etargetPostloadPoint.id=etargetDivID;var etargetCurScript=document.getElementById(etargetScriptID);etargetCurScript.parentNode.appendChild(etargetPostloadPoint),document.addEventListener(\"scroll\",etargetPostloadFunction7a9b589f63cb072bef80df221f46a22b),document.addEventListener(\"resize\",etargetPostloadFunction7a9b589f63cb072bef80df221f46a22b),document.addEventListener(\"DOMContentLoaded\",etargetPostloadFunction7a9b589f63cb072bef80df221f46a22b);var etargetAllowOtherCheck=!0;if(typeof(\"forceRunPostload\")==\"string\"){etargetPostloadFunction7a9b589f63cb072bef80df221f46a22b()}<\/script><\/div><div id=\"friss-4137173376\" class=\"friss-after-content_2 friss-entity-placement\" style=\"clear: both;\"><div class=\"wprss_ajax\" data-id=\"rss70421e6952\"><img loading=\"lazy\" decoding=\"async\" src=\"https:\/\/friss-hirek.hu\/wp-content\/plugins\/wp-rss-retriever\/inc\/imgs\/ajax-loader.gif\" alt=\"Loading RSS Feed\" width=\"16\" height=\"16\"><\/div><\/div><br style=\"clear: both; display: block; float: none;\"\/><div id=\"friss-2837198877\" class=\"friss-after-content_3 friss-entity-placement\">https:\/\/www.youtube.com\/watch?v=Pdnw4KiUWp0<\/div>","protected":false},"excerpt":{"rendered":"<p>Szombaton hat v\u00e1rmegye 27 telep\u00fcl\u00e9s\u00e9n akadozott az \u00e1ramell\u00e1t\u00e1s n\u00e9h\u00e1ny \u00f3r\u00e1n \u00e1t, amely 8957 fogyaszt\u00e1si helyet \u00e9rintett. Vas \u00e9s Gy\u0151r-Moson-Sopron v\u00e1rmegye n\u00e9gy telep\u00fcl\u00e9s\u00e9n jelenleg akadozik az \u00e1ramell\u00e1t\u00e1s 1293 fogyaszt\u00e1si helyet \u00e9rintve. A k\u00f6zm\u0171c\u00e9gek dolgoznak a szolg\u00e1ltat\u00e1s helyre\u00e1ll\u00edt\u00e1s\u00e1n \u2013 hangzott el az operat\u00edv t\u00f6rzs vas\u00e1rnapi sajt\u00f3t\u00e1j\u00e9koztat\u00f3j\u00e1n. A v\u00edzszolg\u00e1ltat\u00e1s szombaton \u00f6t v\u00e1rmegy\u00e9ben \u00e9s n\u00e9gy budapesti ker\u00fcletben \u00f6sszesen 1907 [&hellip;]<\/p>\n","protected":false},"author":1,"featured_media":0,"comment_status":"open","ping_status":"open","sticky":false,"template":"","format":"standard","meta":{"footnotes":""},"categories":[1],"tags":[],"class_list":["post-157222","post","type-post","status-publish","format-standard","hentry","category-friss-hirek"],"amp_enabled":true,"_links":{"self":[{"href":"https:\/\/friss-hirek.hu\/index.php\/wp-json\/wp\/v2\/posts\/157222","targetHints":{"allow":["GET"]}}],"collection":[{"href":"https:\/\/friss-hirek.hu\/index.php\/wp-json\/wp\/v2\/posts"}],"about":[{"href":"https:\/\/friss-hirek.hu\/index.php\/wp-json\/wp\/v2\/types\/post"}],"author":[{"embeddable":true,"href":"https:\/\/friss-hirek.hu\/index.php\/wp-json\/wp\/v2\/users\/1"}],"replies":[{"embeddable":true,"href":"https:\/\/friss-hirek.hu\/index.php\/wp-json\/wp\/v2\/comments?post=157222"}],"version-history":[{"count":0,"href":"https:\/\/friss-hirek.hu\/index.php\/wp-json\/wp\/v2\/posts\/157222\/revisions"}],"wp:attachment":[{"href":"https:\/\/friss-hirek.hu\/index.php\/wp-json\/wp\/v2\/media?parent=157222"}],"wp:term":[{"taxonomy":"category","embeddable":true,"href":"https:\/\/friss-hirek.hu\/index.php\/wp-json\/wp\/v2\/categories?post=157222"},{"taxonomy":"post_tag","embeddable":true,"href":"https:\/\/friss-hirek.hu\/index.php\/wp-json\/wp\/v2\/tags?post=157222"}],"curies":[{"name":"wp","href":"https:\/\/api.w.org\/{rel}","templated":true}]}}