{"id":157239,"date":"2026-01-11T17:20:18","date_gmt":"2026-01-11T17:20:18","guid":{"rendered":"https:\/\/friss-hirek.hu\/index.php\/magyar-peter-otmilliard-forintert-adna-el-a-fidesznek-a-szlogenjuk-uj-honlapjat\/friss-hirek\/"},"modified":"2026-01-11T17:20:18","modified_gmt":"2026-01-11T17:20:18","slug":"magyar-peter-otmilliard-forintert-adna-el-a-fidesznek-a-szlogenjuk-uj-honlapjat","status":"publish","type":"post","link":"https:\/\/friss-hirek.hu\/index.php\/magyar-peter-otmilliard-forintert-adna-el-a-fidesznek-a-szlogenjuk-uj-honlapjat\/friss-hirek\/","title":{"rendered":"Magyar P\u00e9ter \u00f6tmilli\u00e1rd forint\u00e9rt adn\u00e1 el a Fidesznek a szlogenj\u00fck \u00faj honlapj\u00e1t"},"content":{"rendered":"<p>Magyar P\u00e9ter aj\u00e1nlatot tett a Fidesz \u00faj szlogenj\u00e9vel l\u00e9trehozott weboldal visszaad\u00e1s\u00e1ra.<\/p><div id=\"friss-493828980\" class=\"friss-etarget friss-entity-placement\"><script type=\"text\/javascript\" id=\"etargetScript7a9b589f63cb072bef80df221f46a22b\">function etargetPostloadFunction7a9b589f63cb072bef80df221f46a22b(){var e=\"etargetPostload7a9b589f63cb072bef80df221f46a22b\",t=\"etargetScript7a9b589f63cb072bef80df221f46a22b\",o=document.getElementById(e);if(o){for(var n=o.offsetTop,d=o.offsetLeft,r=o.offsetWidth,a=o.offsetHeight;o.offsetParent;)o=o.offsetParent,n+=o.offsetTop,d+=o.offsetLeft;var i=(n<=window.pageYOffset+window.innerHeight&&d<window.pageXOffset+window.innerWidth&&n+a>window.pageYOffset&&d+r>window.pageXOffset);if(i&&etargetAllowOtherCheck){allowed=!1;var c=document.createElement(\"script\");return c.src=\"\/\/hu.search.etargetnet.com\/generic\/uni.php?g=ref:58661,area:700x210\",void(document.getElementById(t)&&document.getElementById(e)&&(document.getElementById(t).parentNode.appendChild(c),document.getElementById(t).parentNode.removeChild(document.getElementById(t)),document.getElementById(e).parentNode.removeChild(document.getElementById(e)),document.removeEventListener(\"scroll\",etargetPostloadFunction7a9b589f63cb072bef80df221f46a22b),document.removeEventListener(\"resize\",etargetPostloadFunction7a9b589f63cb072bef80df221f46a22b),document.removeEventListener(\"DOMContentLoaded\",etargetPostloadFunction7a9b589f63cb072bef80df221f46a22b)))}}}var etargetDivID=\"etargetPostload7a9b589f63cb072bef80df221f46a22b\",etargetScriptID=\"etargetScript7a9b589f63cb072bef80df221f46a22b\",etargetPostloadPoint=document.createElement(\"div\");etargetPostloadPoint.id=etargetDivID;var etargetCurScript=document.getElementById(etargetScriptID);etargetCurScript.parentNode.appendChild(etargetPostloadPoint),document.addEventListener(\"scroll\",etargetPostloadFunction7a9b589f63cb072bef80df221f46a22b),document.addEventListener(\"resize\",etargetPostloadFunction7a9b589f63cb072bef80df221f46a22b),document.addEventListener(\"DOMContentLoaded\",etargetPostloadFunction7a9b589f63cb072bef80df221f46a22b);var etargetAllowOtherCheck=!0;if(typeof(\"forceRunPostload\")==\"string\"){etargetPostloadFunction7a9b589f63cb072bef80df221f46a22b()}<\/script><\/div>\n<blockquote class=\"_ce_measure_widget\" data-ce-measure-widget=\"Id\u00e9zet\">\n<p>Most, hogy a 2010-es MSZP kamp\u00e1nyb\u00f3l lopott Fidesz szlogennel l\u00e9trehozott honlap m\u00e1r t\u00f6bb sz\u00e1zezres l\u00e1togatotts\u00e1got \u00e9rt el, teszek egy korrekt aj\u00e1nlatot a Fidesznek:<br \/>\nFelaj\u00e1nlom a biztos v\u00e1laszt\u00e1s nev\u0171 honlapot 5 milli\u00e1rd forint\u00e9rt az \u00e1llamp\u00e1rtnak, \u00e9s v\u00e1llalom, hogy a befoly\u00f3 \u00f6sszegb\u0151l 100 ezer r\u00e1szorul\u00f3 csal\u00e1dnak v\u00e1s\u00e1rolunk t\u0171zif\u00e1t, ezzel is seg\u00edtve a korm\u00e1ny \u00e1ltal mag\u00e1ra hagyott honfit\u00e1rsainkat.<\/p>\n<\/blockquote>\n<p>\u2013 \u00edrja <strong>Magyar P\u00e9ter<\/strong> <a href=\"https:\/\/www.facebook.com\/peter.magyar.102\/posts\/pfbid02n2UTpPp15h4R4CroHuRGiVSpnwhz1jFfBwXkn2cDZsbNC21RnTY93Z2ckvuGtABbl\">a Facebookon<\/a>. A Fidesz szombaton, a p\u00e1rt kongresszus\u00e1n <a href=\"https:\/\/24.hu\/belfold\/2026\/01\/10\/megvan-a-fidesz-uj-szlogenje\/\">jelentette be az \u00faj szlogenj\u00e9t<\/a>, de a Tisza m\u00e1r aznap reggel \u00e9szrevette, hogy nem foglalt\u00e1k le a szlogenhez ill\u0151 URL-t, <a href=\"https:\/\/24.hu\/belfold\/2026\/01\/10\/uj-fidesz-szlogen-magyar-peter-gyorsan-lefoglalta-a-domaint-es-orbaneknak-kinos-adatokat-mutat-rajta\/\">ez\u00e9rt \u0151k megtett\u00e9k.<\/a> Magyar kor\u00e1bban azt \u00edrta, ebb\u0151l <a href=\"https:\/\/24.hu\/belfold\/2026\/01\/11\/magyar-peter-fidesz-kampanystab-uvoltozes-balhe\/\">\u00fcv\u00f6lt\u00f6z\u00e9sbe hajl\u00f3 balh\u00e9 lett<\/a> a Fidesz kamp\u00e1nyst\u00e1bj\u00e1ban.<\/p>\n<blockquote class=\"_ce_measure_widget\" data-ce-measure-widget=\"Id\u00e9zet\">\n<p>Mivel \u00e9lelmes honfit\u00e1rsaink a .ru \u00e9s a .eu v\u00e9gz\u0151d\u00e9s\u0171 domain neveket is lefoglalt\u00e1k \u00e9s \u00e9rdekes tartalommal t\u00f6lt\u00f6tt\u00e9k fel, azt javaslom a Fidesz forrong\u00f3 kamp\u00e1nycsapat\u00e1nak, hogy gyorsan d\u00f6nts\u00f6n az aj\u00e1nlatr\u00f3l<\/p>\n<\/blockquote>\n<p>\u2013 tette hozz\u00e1 Magyar.<\/p>\n<p>The post <a href=\"https:\/\/24.hu\/belfold\/2026\/01\/11\/magyar-peter-ajanlat-elado-fidesz-szlogen\/\" target=\"_blank\">Magyar P\u00e9ter \u00f6tmilli\u00e1rd forint\u00e9rt adn\u00e1 el a Fidesznek a szlogenj\u00fck \u00faj honlapj\u00e1t<\/a> first appeared on <a href=\"https:\/\/24.hu\/\" target=\"_blank\">24.hu<\/a>.<\/p><div id=\"friss-1432636533\" class=\"friss-etarget-cikk-vege friss-entity-placement\"><script type=\"text\/javascript\" id=\"etargetScript7a9b589f63cb072bef80df221f46a22b\">function etargetPostloadFunction7a9b589f63cb072bef80df221f46a22b(){var e=\"etargetPostload7a9b589f63cb072bef80df221f46a22b\",t=\"etargetScript7a9b589f63cb072bef80df221f46a22b\",o=document.getElementById(e);if(o){for(var n=o.offsetTop,d=o.offsetLeft,r=o.offsetWidth,a=o.offsetHeight;o.offsetParent;)o=o.offsetParent,n+=o.offsetTop,d+=o.offsetLeft;var i=(n<=window.pageYOffset+window.innerHeight&&d<window.pageXOffset+window.innerWidth&&n+a>window.pageYOffset&&d+r>window.pageXOffset);if(i&&etargetAllowOtherCheck){allowed=!1;var c=document.createElement(\"script\");return c.src=\"\/\/hu.search.etargetnet.com\/generic\/uni.php?g=ref:58661,area:700x210\",void(document.getElementById(t)&&document.getElementById(e)&&(document.getElementById(t).parentNode.appendChild(c),document.getElementById(t).parentNode.removeChild(document.getElementById(t)),document.getElementById(e).parentNode.removeChild(document.getElementById(e)),document.removeEventListener(\"scroll\",etargetPostloadFunction7a9b589f63cb072bef80df221f46a22b),document.removeEventListener(\"resize\",etargetPostloadFunction7a9b589f63cb072bef80df221f46a22b),document.removeEventListener(\"DOMContentLoaded\",etargetPostloadFunction7a9b589f63cb072bef80df221f46a22b)))}}}var etargetDivID=\"etargetPostload7a9b589f63cb072bef80df221f46a22b\",etargetScriptID=\"etargetScript7a9b589f63cb072bef80df221f46a22b\",etargetPostloadPoint=document.createElement(\"div\");etargetPostloadPoint.id=etargetDivID;var etargetCurScript=document.getElementById(etargetScriptID);etargetCurScript.parentNode.appendChild(etargetPostloadPoint),document.addEventListener(\"scroll\",etargetPostloadFunction7a9b589f63cb072bef80df221f46a22b),document.addEventListener(\"resize\",etargetPostloadFunction7a9b589f63cb072bef80df221f46a22b),document.addEventListener(\"DOMContentLoaded\",etargetPostloadFunction7a9b589f63cb072bef80df221f46a22b);var etargetAllowOtherCheck=!0;if(typeof(\"forceRunPostload\")==\"string\"){etargetPostloadFunction7a9b589f63cb072bef80df221f46a22b()}<\/script><\/div><div id=\"friss-2304842410\" class=\"friss-after-content friss-entity-placement\"><script type=\"text\/javascript\" id=\"etargetScript7a9b589f63cb072bef80df221f46a22b\">function etargetPostloadFunction7a9b589f63cb072bef80df221f46a22b(){var e=\"etargetPostload7a9b589f63cb072bef80df221f46a22b\",t=\"etargetScript7a9b589f63cb072bef80df221f46a22b\",o=document.getElementById(e);if(o){for(var n=o.offsetTop,d=o.offsetLeft,r=o.offsetWidth,a=o.offsetHeight;o.offsetParent;)o=o.offsetParent,n+=o.offsetTop,d+=o.offsetLeft;var i=(n<=window.pageYOffset+window.innerHeight&&d<window.pageXOffset+window.innerWidth&&n+a>window.pageYOffset&&d+r>window.pageXOffset);if(i&&etargetAllowOtherCheck){allowed=!1;var c=document.createElement(\"script\");return c.src=\"\/\/hu.search.etargetnet.com\/generic\/uni.php?g=ref:58661,area:700x210\",void(document.getElementById(t)&&document.getElementById(e)&&(document.getElementById(t).parentNode.appendChild(c),document.getElementById(t).parentNode.removeChild(document.getElementById(t)),document.getElementById(e).parentNode.removeChild(document.getElementById(e)),document.removeEventListener(\"scroll\",etargetPostloadFunction7a9b589f63cb072bef80df221f46a22b),document.removeEventListener(\"resize\",etargetPostloadFunction7a9b589f63cb072bef80df221f46a22b),document.removeEventListener(\"DOMContentLoaded\",etargetPostloadFunction7a9b589f63cb072bef80df221f46a22b)))}}}var etargetDivID=\"etargetPostload7a9b589f63cb072bef80df221f46a22b\",etargetScriptID=\"etargetScript7a9b589f63cb072bef80df221f46a22b\",etargetPostloadPoint=document.createElement(\"div\");etargetPostloadPoint.id=etargetDivID;var etargetCurScript=document.getElementById(etargetScriptID);etargetCurScript.parentNode.appendChild(etargetPostloadPoint),document.addEventListener(\"scroll\",etargetPostloadFunction7a9b589f63cb072bef80df221f46a22b),document.addEventListener(\"resize\",etargetPostloadFunction7a9b589f63cb072bef80df221f46a22b),document.addEventListener(\"DOMContentLoaded\",etargetPostloadFunction7a9b589f63cb072bef80df221f46a22b);var etargetAllowOtherCheck=!0;if(typeof(\"forceRunPostload\")==\"string\"){etargetPostloadFunction7a9b589f63cb072bef80df221f46a22b()}<\/script><\/div><div id=\"friss-3131479475\" class=\"friss-after-content_2 friss-entity-placement\" style=\"clear: both;\"><div class=\"wprss_ajax\" data-id=\"rss3762051716\"><img loading=\"lazy\" decoding=\"async\" src=\"https:\/\/friss-hirek.hu\/wp-content\/plugins\/wp-rss-retriever\/inc\/imgs\/ajax-loader.gif\" alt=\"Loading RSS Feed\" width=\"16\" height=\"16\"><\/div><\/div><br style=\"clear: both; display: block; float: none;\"\/><div id=\"friss-1574737524\" class=\"friss-after-content_3 friss-entity-placement\">https:\/\/www.youtube.com\/watch?v=Pdnw4KiUWp0<\/div>","protected":false},"excerpt":{"rendered":"<p>Magyar P\u00e9ter aj\u00e1nlatot tett a Fidesz \u00faj szlogenj\u00e9vel l\u00e9trehozott weboldal visszaad\u00e1s\u00e1ra. Most, hogy a 2010-es MSZP kamp\u00e1nyb\u00f3l lopott Fidesz szlogennel l\u00e9trehozott honlap m\u00e1r t\u00f6bb sz\u00e1zezres l\u00e1togatotts\u00e1got \u00e9rt el, teszek egy korrekt aj\u00e1nlatot a Fidesznek: Felaj\u00e1nlom a biztos v\u00e1laszt\u00e1s nev\u0171 honlapot 5 milli\u00e1rd forint\u00e9rt az \u00e1llamp\u00e1rtnak, \u00e9s v\u00e1llalom, hogy a befoly\u00f3 \u00f6sszegb\u0151l 100 ezer r\u00e1szorul\u00f3 csal\u00e1dnak [&hellip;]<\/p>\n","protected":false},"author":1,"featured_media":0,"comment_status":"open","ping_status":"open","sticky":false,"template":"","format":"standard","meta":{"footnotes":""},"categories":[1],"tags":[],"class_list":["post-157239","post","type-post","status-publish","format-standard","hentry","category-friss-hirek"],"amp_enabled":true,"_links":{"self":[{"href":"https:\/\/friss-hirek.hu\/index.php\/wp-json\/wp\/v2\/posts\/157239","targetHints":{"allow":["GET"]}}],"collection":[{"href":"https:\/\/friss-hirek.hu\/index.php\/wp-json\/wp\/v2\/posts"}],"about":[{"href":"https:\/\/friss-hirek.hu\/index.php\/wp-json\/wp\/v2\/types\/post"}],"author":[{"embeddable":true,"href":"https:\/\/friss-hirek.hu\/index.php\/wp-json\/wp\/v2\/users\/1"}],"replies":[{"embeddable":true,"href":"https:\/\/friss-hirek.hu\/index.php\/wp-json\/wp\/v2\/comments?post=157239"}],"version-history":[{"count":0,"href":"https:\/\/friss-hirek.hu\/index.php\/wp-json\/wp\/v2\/posts\/157239\/revisions"}],"wp:attachment":[{"href":"https:\/\/friss-hirek.hu\/index.php\/wp-json\/wp\/v2\/media?parent=157239"}],"wp:term":[{"taxonomy":"category","embeddable":true,"href":"https:\/\/friss-hirek.hu\/index.php\/wp-json\/wp\/v2\/categories?post=157239"},{"taxonomy":"post_tag","embeddable":true,"href":"https:\/\/friss-hirek.hu\/index.php\/wp-json\/wp\/v2\/tags?post=157239"}],"curies":[{"name":"wp","href":"https:\/\/api.w.org\/{rel}","templated":true}]}}