{"id":157241,"date":"2026-01-11T17:20:19","date_gmt":"2026-01-11T17:20:19","guid":{"rendered":"https:\/\/friss-hirek.hu\/index.php\/az-irani-elnok-kulfoldi-ellensegekre-fogja-a-tunteteseket-de-hajlando-targyalni\/friss-hirek\/"},"modified":"2026-01-11T17:20:19","modified_gmt":"2026-01-11T17:20:19","slug":"az-irani-elnok-kulfoldi-ellensegekre-fogja-a-tunteteseket-de-hajlando-targyalni","status":"publish","type":"post","link":"https:\/\/friss-hirek.hu\/index.php\/az-irani-elnok-kulfoldi-ellensegekre-fogja-a-tunteteseket-de-hajlando-targyalni\/friss-hirek\/","title":{"rendered":"Az ir\u00e1ni eln\u00f6k k\u00fclf\u00f6ldi ellens\u00e9gekre fogja a t\u00fcntet\u00e9seket, de hajland\u00f3 t\u00e1rgyalni"},"content":{"rendered":"<p>K\u00fcls\u0151 \u201eellens\u00e9gek\u201d destabiliz\u00e1lni igyekeznek Ir\u00e1nt, \u00e9s ennek \u00e9rdek\u00e9ben terrorist\u00e1kat k\u00fcldtek az orsz\u00e1gba, akik mecseteket gy\u00fajtanak fel, \u00e9s k\u00f6ztulajdonban \u00e1ll\u00f3 \u00e9p\u00fcletekre t\u00e1madnak \u2013 jelentette ki <strong>Masz\u00fad Peszeskj\u00e1n<\/strong> ir\u00e1ni eln\u00f6k vas\u00e1rnap egy telev\u00edzi\u00f3s interj\u00faban. Arra sz\u00f3l\u00edtotta fel az ir\u00e1niakat, hogy \u201ene csatlakozzanak zavarg\u00f3khoz \u00e9s terrorist\u00e1khoz\u201d, akik embereket gyilkolnak meg.<\/p><div id=\"friss-3862408485\" class=\"friss-etarget friss-entity-placement\"><script type=\"text\/javascript\" id=\"etargetScript7a9b589f63cb072bef80df221f46a22b\">function etargetPostloadFunction7a9b589f63cb072bef80df221f46a22b(){var e=\"etargetPostload7a9b589f63cb072bef80df221f46a22b\",t=\"etargetScript7a9b589f63cb072bef80df221f46a22b\",o=document.getElementById(e);if(o){for(var n=o.offsetTop,d=o.offsetLeft,r=o.offsetWidth,a=o.offsetHeight;o.offsetParent;)o=o.offsetParent,n+=o.offsetTop,d+=o.offsetLeft;var i=(n<=window.pageYOffset+window.innerHeight&&d<window.pageXOffset+window.innerWidth&&n+a>window.pageYOffset&&d+r>window.pageXOffset);if(i&&etargetAllowOtherCheck){allowed=!1;var c=document.createElement(\"script\");return c.src=\"\/\/hu.search.etargetnet.com\/generic\/uni.php?g=ref:58661,area:700x210\",void(document.getElementById(t)&&document.getElementById(e)&&(document.getElementById(t).parentNode.appendChild(c),document.getElementById(t).parentNode.removeChild(document.getElementById(t)),document.getElementById(e).parentNode.removeChild(document.getElementById(e)),document.removeEventListener(\"scroll\",etargetPostloadFunction7a9b589f63cb072bef80df221f46a22b),document.removeEventListener(\"resize\",etargetPostloadFunction7a9b589f63cb072bef80df221f46a22b),document.removeEventListener(\"DOMContentLoaded\",etargetPostloadFunction7a9b589f63cb072bef80df221f46a22b)))}}}var etargetDivID=\"etargetPostload7a9b589f63cb072bef80df221f46a22b\",etargetScriptID=\"etargetScript7a9b589f63cb072bef80df221f46a22b\",etargetPostloadPoint=document.createElement(\"div\");etargetPostloadPoint.id=etargetDivID;var etargetCurScript=document.getElementById(etargetScriptID);etargetCurScript.parentNode.appendChild(etargetPostloadPoint),document.addEventListener(\"scroll\",etargetPostloadFunction7a9b589f63cb072bef80df221f46a22b),document.addEventListener(\"resize\",etargetPostloadFunction7a9b589f63cb072bef80df221f46a22b),document.addEventListener(\"DOMContentLoaded\",etargetPostloadFunction7a9b589f63cb072bef80df221f46a22b);var etargetAllowOtherCheck=!0;if(typeof(\"forceRunPostload\")==\"string\"){etargetPostloadFunction7a9b589f63cb072bef80df221f46a22b()}<\/script><\/div>\n<p>Egy\u00fattal hangoztatta, hogy Ir\u00e1n korm\u00e1nyzata k\u00e9sz meghallgatni a lakoss\u00e1g k\u00e9r\u00e9seit, \u00e9s igyekszik megoldani a gazdas\u00e1gi probl\u00e9m\u00e1kat.<\/p>\n<p>Az orsz\u00e1gban vas\u00e1rnap is folytat\u00f3dtak a t\u00fcntet\u00e9sek, amelyeket eredetileg december 28-\u00e1n Teher\u00e1nban ind\u00edtottak el a keresked\u0151k a dr\u00e1ga meg\u00e9lhet\u00e9s \u00e9s a valuta le\u00e9rt\u00e9kel\u0151d\u00e9se miatt, de az elm\u00falt napokban sz\u00e1mos m\u00e1s v\u00e1rosra is \u00e1tterjedtek.<\/p>\n<p>Az Egyes\u00fclt \u00c1llamokban sz\u00e9khellyel rendelkez\u0151 Human Rights Activists News Agency (HRANA) szervezet k\u00f6zlem\u00e9nyt adott ki arr\u00f3l, hogy a mozgalom kezdete \u00f3ta 116 ember hal\u00e1l\u00e1t er\u0151s\u00edtette meg, k\u00f6zt\u00fck 37 biztons\u00e1gi ember\u00e9t \u00e9s m\u00e1s tisztvisel\u0151\u00e9t. A New York-i sz\u00e9khely\u0171 Ir\u00e1n Emberi Jogi K\u00f6zpont (CHRI) k\u00f6z\u00f6lte, hogy \u201ek\u00f6zvetlen tan\u00favallom\u00e1sokat \u00e9s hiteles jelent\u00e9seket\u201d kapott t\u00f6bb sz\u00e1z t\u00fcntet\u0151 hal\u00e1l\u00e1r\u00f3l.<\/p>\n<h2>Washington k\u00e9sz seg\u00edteni<\/h2>\n<p>Miut\u00e1n az Egyes\u00fclt \u00c1llamok korm\u00e1nyzata az elm\u00falt napokban egy\u00e9rtelm\u0171v\u00e9 tette, hogy ellenzi a t\u00fcntet\u0151k elleni er\u0151szakot, \u00e9s sz\u00fcks\u00e9g eset\u00e9n Washington \u201ek\u00e9sz seg\u00edteni\u201d az ir\u00e1ni n\u00e9pnek, az ir\u00e1ni parlament eln\u00f6ke, <strong>Baker Kalibaf<\/strong> vas\u00e1rnap arra figyelmeztetett, hogy az esetleges amerikai csap\u00e1sokat Ir\u00e1n meg fogja torolni \u00fagy, hogy amerikai katonai c\u00e9lpontokat \u00e9s az Egyes\u00fclt \u00c1llamok tengeri k\u00f6zleked\u00e9s\u00e9t seg\u00edt\u0151 c\u00e9lpontokat t\u00e1mad.<\/p>\n<p>Az \u00e1llami telev\u00edzi\u00f3ban <strong>Eszkandar Momeni<\/strong> ir\u00e1ni bel\u00fcgyminiszter kijelentette, hogy a \u201evandalizmus\u201d cselekm\u00e9nyei cs\u00f6kken\u0151ben vannak, \u00e9s s\u00falyos k\u00f6vetkezm\u00e9nyekre figyelmeztette \u201eazokat, akik a t\u00fcntet\u00e9seket puszt\u00edt\u00e1shoz, k\u00e1oszhoz \u00e9s terrorcselekm\u00e9nyekhez vezetik\u201d.<\/p>\n<p>Vas\u00e1rnap a rend\u0151rs\u00e9g vezet\u0151je bejelentette, hogy \u201efontos \u0151rizetbe v\u00e9teleket\u201d hajtottak v\u00e9gre a zavarg\u00e1sok vezet\u0151i ellen, akiket \u201ea jogi elj\u00e1r\u00e1sok lez\u00e1rulta ut\u00e1n megb\u00fcntetnek\u201d.<\/p>\n<p>(MTI)<\/p>\n<p>The post <a href=\"https:\/\/24.hu\/kulfold\/2026\/01\/11\/iran-elnok-tuntetesek\/\" target=\"_blank\">Az ir\u00e1ni eln\u00f6k k\u00fclf\u00f6ldi ellens\u00e9gekre fogja a t\u00fcntet\u00e9seket, de hajland\u00f3 t\u00e1rgyalni<\/a> first appeared on <a href=\"https:\/\/24.hu\/\" target=\"_blank\">24.hu<\/a>.<\/p><div id=\"friss-1457131347\" class=\"friss-etarget-cikk-vege friss-entity-placement\"><script type=\"text\/javascript\" id=\"etargetScript7a9b589f63cb072bef80df221f46a22b\">function etargetPostloadFunction7a9b589f63cb072bef80df221f46a22b(){var e=\"etargetPostload7a9b589f63cb072bef80df221f46a22b\",t=\"etargetScript7a9b589f63cb072bef80df221f46a22b\",o=document.getElementById(e);if(o){for(var n=o.offsetTop,d=o.offsetLeft,r=o.offsetWidth,a=o.offsetHeight;o.offsetParent;)o=o.offsetParent,n+=o.offsetTop,d+=o.offsetLeft;var i=(n<=window.pageYOffset+window.innerHeight&&d<window.pageXOffset+window.innerWidth&&n+a>window.pageYOffset&&d+r>window.pageXOffset);if(i&&etargetAllowOtherCheck){allowed=!1;var c=document.createElement(\"script\");return c.src=\"\/\/hu.search.etargetnet.com\/generic\/uni.php?g=ref:58661,area:700x210\",void(document.getElementById(t)&&document.getElementById(e)&&(document.getElementById(t).parentNode.appendChild(c),document.getElementById(t).parentNode.removeChild(document.getElementById(t)),document.getElementById(e).parentNode.removeChild(document.getElementById(e)),document.removeEventListener(\"scroll\",etargetPostloadFunction7a9b589f63cb072bef80df221f46a22b),document.removeEventListener(\"resize\",etargetPostloadFunction7a9b589f63cb072bef80df221f46a22b),document.removeEventListener(\"DOMContentLoaded\",etargetPostloadFunction7a9b589f63cb072bef80df221f46a22b)))}}}var etargetDivID=\"etargetPostload7a9b589f63cb072bef80df221f46a22b\",etargetScriptID=\"etargetScript7a9b589f63cb072bef80df221f46a22b\",etargetPostloadPoint=document.createElement(\"div\");etargetPostloadPoint.id=etargetDivID;var etargetCurScript=document.getElementById(etargetScriptID);etargetCurScript.parentNode.appendChild(etargetPostloadPoint),document.addEventListener(\"scroll\",etargetPostloadFunction7a9b589f63cb072bef80df221f46a22b),document.addEventListener(\"resize\",etargetPostloadFunction7a9b589f63cb072bef80df221f46a22b),document.addEventListener(\"DOMContentLoaded\",etargetPostloadFunction7a9b589f63cb072bef80df221f46a22b);var etargetAllowOtherCheck=!0;if(typeof(\"forceRunPostload\")==\"string\"){etargetPostloadFunction7a9b589f63cb072bef80df221f46a22b()}<\/script><\/div><div id=\"friss-1108308271\" class=\"friss-after-content friss-entity-placement\"><script type=\"text\/javascript\" id=\"etargetScript7a9b589f63cb072bef80df221f46a22b\">function etargetPostloadFunction7a9b589f63cb072bef80df221f46a22b(){var e=\"etargetPostload7a9b589f63cb072bef80df221f46a22b\",t=\"etargetScript7a9b589f63cb072bef80df221f46a22b\",o=document.getElementById(e);if(o){for(var n=o.offsetTop,d=o.offsetLeft,r=o.offsetWidth,a=o.offsetHeight;o.offsetParent;)o=o.offsetParent,n+=o.offsetTop,d+=o.offsetLeft;var i=(n<=window.pageYOffset+window.innerHeight&&d<window.pageXOffset+window.innerWidth&&n+a>window.pageYOffset&&d+r>window.pageXOffset);if(i&&etargetAllowOtherCheck){allowed=!1;var c=document.createElement(\"script\");return c.src=\"\/\/hu.search.etargetnet.com\/generic\/uni.php?g=ref:58661,area:700x210\",void(document.getElementById(t)&&document.getElementById(e)&&(document.getElementById(t).parentNode.appendChild(c),document.getElementById(t).parentNode.removeChild(document.getElementById(t)),document.getElementById(e).parentNode.removeChild(document.getElementById(e)),document.removeEventListener(\"scroll\",etargetPostloadFunction7a9b589f63cb072bef80df221f46a22b),document.removeEventListener(\"resize\",etargetPostloadFunction7a9b589f63cb072bef80df221f46a22b),document.removeEventListener(\"DOMContentLoaded\",etargetPostloadFunction7a9b589f63cb072bef80df221f46a22b)))}}}var etargetDivID=\"etargetPostload7a9b589f63cb072bef80df221f46a22b\",etargetScriptID=\"etargetScript7a9b589f63cb072bef80df221f46a22b\",etargetPostloadPoint=document.createElement(\"div\");etargetPostloadPoint.id=etargetDivID;var etargetCurScript=document.getElementById(etargetScriptID);etargetCurScript.parentNode.appendChild(etargetPostloadPoint),document.addEventListener(\"scroll\",etargetPostloadFunction7a9b589f63cb072bef80df221f46a22b),document.addEventListener(\"resize\",etargetPostloadFunction7a9b589f63cb072bef80df221f46a22b),document.addEventListener(\"DOMContentLoaded\",etargetPostloadFunction7a9b589f63cb072bef80df221f46a22b);var etargetAllowOtherCheck=!0;if(typeof(\"forceRunPostload\")==\"string\"){etargetPostloadFunction7a9b589f63cb072bef80df221f46a22b()}<\/script><\/div><div id=\"friss-1860680966\" class=\"friss-after-content_2 friss-entity-placement\" style=\"clear: both;\"><div class=\"wprss_ajax\" data-id=\"rss8a42183226\"><img loading=\"lazy\" decoding=\"async\" src=\"https:\/\/friss-hirek.hu\/wp-content\/plugins\/wp-rss-retriever\/inc\/imgs\/ajax-loader.gif\" alt=\"Loading RSS Feed\" width=\"16\" height=\"16\"><\/div><\/div><br style=\"clear: both; display: block; float: none;\"\/><div id=\"friss-2100823023\" class=\"friss-after-content_3 friss-entity-placement\">https:\/\/www.youtube.com\/watch?v=Pdnw4KiUWp0<\/div>","protected":false},"excerpt":{"rendered":"<p>K\u00fcls\u0151 \u201eellens\u00e9gek\u201d destabiliz\u00e1lni igyekeznek Ir\u00e1nt, \u00e9s ennek \u00e9rdek\u00e9ben terrorist\u00e1kat k\u00fcldtek az orsz\u00e1gba, akik mecseteket gy\u00fajtanak fel, \u00e9s k\u00f6ztulajdonban \u00e1ll\u00f3 \u00e9p\u00fcletekre t\u00e1madnak \u2013 jelentette ki Masz\u00fad Peszeskj\u00e1n ir\u00e1ni eln\u00f6k vas\u00e1rnap egy telev\u00edzi\u00f3s interj\u00faban. Arra sz\u00f3l\u00edtotta fel az ir\u00e1niakat, hogy \u201ene csatlakozzanak zavarg\u00f3khoz \u00e9s terrorist\u00e1khoz\u201d, akik embereket gyilkolnak meg. Egy\u00fattal hangoztatta, hogy Ir\u00e1n korm\u00e1nyzata k\u00e9sz meghallgatni a [&hellip;]<\/p>\n","protected":false},"author":1,"featured_media":0,"comment_status":"open","ping_status":"open","sticky":false,"template":"","format":"standard","meta":{"footnotes":""},"categories":[1],"tags":[],"class_list":["post-157241","post","type-post","status-publish","format-standard","hentry","category-friss-hirek"],"amp_enabled":true,"_links":{"self":[{"href":"https:\/\/friss-hirek.hu\/index.php\/wp-json\/wp\/v2\/posts\/157241","targetHints":{"allow":["GET"]}}],"collection":[{"href":"https:\/\/friss-hirek.hu\/index.php\/wp-json\/wp\/v2\/posts"}],"about":[{"href":"https:\/\/friss-hirek.hu\/index.php\/wp-json\/wp\/v2\/types\/post"}],"author":[{"embeddable":true,"href":"https:\/\/friss-hirek.hu\/index.php\/wp-json\/wp\/v2\/users\/1"}],"replies":[{"embeddable":true,"href":"https:\/\/friss-hirek.hu\/index.php\/wp-json\/wp\/v2\/comments?post=157241"}],"version-history":[{"count":0,"href":"https:\/\/friss-hirek.hu\/index.php\/wp-json\/wp\/v2\/posts\/157241\/revisions"}],"wp:attachment":[{"href":"https:\/\/friss-hirek.hu\/index.php\/wp-json\/wp\/v2\/media?parent=157241"}],"wp:term":[{"taxonomy":"category","embeddable":true,"href":"https:\/\/friss-hirek.hu\/index.php\/wp-json\/wp\/v2\/categories?post=157241"},{"taxonomy":"post_tag","embeddable":true,"href":"https:\/\/friss-hirek.hu\/index.php\/wp-json\/wp\/v2\/tags?post=157241"}],"curies":[{"name":"wp","href":"https:\/\/api.w.org\/{rel}","templated":true}]}}