{"id":157242,"date":"2026-01-11T18:21:15","date_gmt":"2026-01-11T18:21:15","guid":{"rendered":"https:\/\/friss-hirek.hu\/index.php\/hasit-a-bmw-europaban-es-amerikaban-is\/friss-hirek\/"},"modified":"2026-01-11T18:21:15","modified_gmt":"2026-01-11T18:21:15","slug":"hasit-a-bmw-europaban-es-amerikaban-is","status":"publish","type":"post","link":"https:\/\/friss-hirek.hu\/index.php\/hasit-a-bmw-europaban-es-amerikaban-is\/auto\/","title":{"rendered":"Has\u00edt a BMW Eur\u00f3p\u00e1ban \u00e9s Amerik\u00e1ban is"},"content":{"rendered":"<div class=\"auton-before-content\"><!-- Revive Adserver Asynchronous JS Tag - Generated with Revive Adserver v5.5.2 --><br \/>\n<ins data-revive-zoneid=\"39\" data-revive-id=\"97e11dd343e2af8b01d951d15ca11aac\"><\/ins>\n<\/div>\n<p><a href=\"https:\/\/www.autonavigator.hu\/cikkek\/hasit-a-bmw-europaban-es-amerikaban-is\/bmw-m340i_50_jahre_edition-2026-1280-34233ae4a5feefc629b7b9cb8099760af7\/\"><img loading=\"lazy\" decoding=\"async\" width=\"800\" height=\"451\" src=\"https:\/\/www.autonavigator.hu\/wp-content\/uploads\/2026\/01\/BMW-M340i_50_Jahre_Edition-2026-1280-34233ae4a5feefc629b7b9cb8099760af7-1200x676.webp\" class=\"attachment-large size-large not-transparent\" alt=\"\" data-has-transparency=\"false\" data-dominant-color=\"586263\" \/><\/a><\/p>\n<p>2025-ben a BMW Group vil\u00e1gszerte \u00f6sszesen 2 463 715 darab \u00faj aut\u00f3t \u00e9rt\u00e9kes\u00edtett, amely a 2024-es mutat\u00f3 t\u00fckr\u00e9ben 0,5 sz\u00e1zal\u00e9kos abszol\u00fat n\u00f6veked\u00e9st jelent. E teljes\u00edtm\u00e9nyhez a m\u00fcncheni k\u00f6zpont\u00fa v\u00e1llalatcsoport h\u00e1l\u00f3zatr\u00f3l t\u00f6lthet\u0151 modelljei 642 087 darabbal j\u00e1rultak hozz\u00e1, ami 8,3 sz\u00e1zal\u00e9kkal haladja meg az egy \u00e9vvel kor\u00e1bban regisztr\u00e1lt \u00e9rt\u00e9ket. A BMW Group a tiszt\u00e1n elektromos meghajt\u00e1s\u00fa modellek glob\u00e1lis szegmens\u00e9ben is enyhe n\u00f6veked\u00e9st \u00e9rt el, sz\u00e1m szerint 442 072 darab \u00faj aut\u00f3 \u00e9rt\u00e9kes\u00edt\u00e9s\u00e9vel. A v\u00e1llalatcsoport e modellekkel Eur\u00f3p\u00e1ban kiv\u00e1ltk\u00e9pp er\u0151s, 28,2 sz\u00e1zal\u00e9kos abszol\u00fat javul\u00e1st k\u00f6nyvelhetett el. A k\u00ednai piacon mutatkoz\u00f3 keresletcs\u00f6kken\u00e9st teh\u00e1t a t\u00f6bbi \u00e9rt\u00e9kes\u00edt\u00e9si r\u00e9gi\u00f3 n\u00f6veked\u00e9se kompenz\u00e1lta.<\/p><div id=\"friss-1615697196\" class=\"friss-etarget friss-entity-placement\"><script type=\"text\/javascript\" id=\"etargetScript7a9b589f63cb072bef80df221f46a22b\">function etargetPostloadFunction7a9b589f63cb072bef80df221f46a22b(){var e=\"etargetPostload7a9b589f63cb072bef80df221f46a22b\",t=\"etargetScript7a9b589f63cb072bef80df221f46a22b\",o=document.getElementById(e);if(o){for(var n=o.offsetTop,d=o.offsetLeft,r=o.offsetWidth,a=o.offsetHeight;o.offsetParent;)o=o.offsetParent,n+=o.offsetTop,d+=o.offsetLeft;var i=(n<=window.pageYOffset+window.innerHeight&&d<window.pageXOffset+window.innerWidth&&n+a>window.pageYOffset&&d+r>window.pageXOffset);if(i&&etargetAllowOtherCheck){allowed=!1;var c=document.createElement(\"script\");return c.src=\"\/\/hu.search.etargetnet.com\/generic\/uni.php?g=ref:58661,area:700x210\",void(document.getElementById(t)&&document.getElementById(e)&&(document.getElementById(t).parentNode.appendChild(c),document.getElementById(t).parentNode.removeChild(document.getElementById(t)),document.getElementById(e).parentNode.removeChild(document.getElementById(e)),document.removeEventListener(\"scroll\",etargetPostloadFunction7a9b589f63cb072bef80df221f46a22b),document.removeEventListener(\"resize\",etargetPostloadFunction7a9b589f63cb072bef80df221f46a22b),document.removeEventListener(\"DOMContentLoaded\",etargetPostloadFunction7a9b589f63cb072bef80df221f46a22b)))}}}var etargetDivID=\"etargetPostload7a9b589f63cb072bef80df221f46a22b\",etargetScriptID=\"etargetScript7a9b589f63cb072bef80df221f46a22b\",etargetPostloadPoint=document.createElement(\"div\");etargetPostloadPoint.id=etargetDivID;var etargetCurScript=document.getElementById(etargetScriptID);etargetCurScript.parentNode.appendChild(etargetPostloadPoint),document.addEventListener(\"scroll\",etargetPostloadFunction7a9b589f63cb072bef80df221f46a22b),document.addEventListener(\"resize\",etargetPostloadFunction7a9b589f63cb072bef80df221f46a22b),document.addEventListener(\"DOMContentLoaded\",etargetPostloadFunction7a9b589f63cb072bef80df221f46a22b);var etargetAllowOtherCheck=!0;if(typeof(\"forceRunPostload\")==\"string\"){etargetPostloadFunction7a9b589f63cb072bef80df221f46a22b()}<\/script><\/div>\n<p><a href=\"https:\/\/www.autonavigator.hu\/cikkek\/hasit-a-bmw-europaban-es-amerikaban-is\/bmw-m2_cs-2026-1280-666631b7deef0152e9c0fd4d3027a6d17d\/\"><img loading=\"lazy\" decoding=\"async\" width=\"800\" height=\"450\" src=\"https:\/\/www.autonavigator.hu\/wp-content\/uploads\/2026\/01\/BMW-M2_CS-2026-1280-666631b7deef0152e9c0fd4d3027a6d17d-1200x675.webp\" class=\"attachment-large size-large not-transparent\" alt=\"\" data-has-transparency=\"false\" data-dominant-color=\"777a7e\" \/><\/a><\/p>\n<p>Ha megn\u00e9zz\u00fck a sz\u00e1rnyai al\u00e1 tartoz\u00f3 m\u00e1rk\u00e1kat, akkor a <strong>BMW M GmbH<\/strong> is \u00faj \u00e9rt\u00e9kes\u00edt\u00e9si rekordot \u00fcnnepel: a div\u00edzi\u00f3 2025-ben vil\u00e1gszerte 213 457 darab \u00faj modellt adott el, amely 3,3 sz\u00e1zal\u00e9kos n\u00f6veked\u00e9st jelent. A <strong>MINI<\/strong> is er\u0151s esztend\u0151t z\u00e1rt 2025-ben, vil\u00e1gszerte 288 290 darab \u00faj aut\u00f3 \u00e9rt\u00e9kes\u00edt\u00e9s\u00e9vel \u2013 ez \u00e9ves viszonylatban 17,7 sz\u00e1zal\u00e9kos gyarapod\u00e1snak felel meg. A tiszt\u00e1n elektromos meghajt\u00e1s\u00fa modelljei kiv\u00e1ltk\u00e9pp n\u00e9pszer\u0171nek bizonyultak az \u00fcgyfelek k\u00f6r\u00e9ben. 2025-ben r\u00e1ad\u00e1sul a MINI \u00faj m\u00e9rf\u00f6ldk\u0151h\u00f6z is \u00e9rkezett, hiszen \u00e1tadt\u00e1k a sorozatgy\u00e1rt\u00e1sban k\u00e9sz\u00fclt sz\u00e1zezredik tiszt\u00e1n elektromos meghajt\u00e1s\u00fa modellt. A <strong>Rolls-Royce<\/strong> tavaly \u00f6sszesen 5\u00a0664 darab luxusaut\u00f3t adott el, ami a 2024-es teljes\u00edtm\u00e9nyhez k\u00e9pest 0,8 sz\u00e1zal\u00e9kos cs\u00f6kken\u00e9st jelent.<\/p>\n<p><a href=\"https:\/\/www.autonavigator.hu\/cikkek\/hasit-a-bmw-europaban-es-amerikaban-is\/mini-john_cooper_works_electric-2025-1280-13395d75ca869ea48d691ae6316b98cdba\/\"><img loading=\"lazy\" decoding=\"async\" width=\"800\" height=\"533\" src=\"https:\/\/www.autonavigator.hu\/wp-content\/uploads\/2026\/01\/Mini-John_Cooper_Works_Electric-2025-1280-13395d75ca869ea48d691ae6316b98cdba.webp\" class=\"attachment-large size-large not-transparent\" alt=\"\" data-has-transparency=\"false\" data-dominant-color=\"676769\" \/><\/a><\/p>\n<p>Forr\u00e1s: BMW<\/p><div id=\"friss-1962710004\" class=\"friss-etarget-cikk-vege friss-entity-placement\"><script type=\"text\/javascript\" id=\"etargetScript7a9b589f63cb072bef80df221f46a22b\">function etargetPostloadFunction7a9b589f63cb072bef80df221f46a22b(){var e=\"etargetPostload7a9b589f63cb072bef80df221f46a22b\",t=\"etargetScript7a9b589f63cb072bef80df221f46a22b\",o=document.getElementById(e);if(o){for(var n=o.offsetTop,d=o.offsetLeft,r=o.offsetWidth,a=o.offsetHeight;o.offsetParent;)o=o.offsetParent,n+=o.offsetTop,d+=o.offsetLeft;var i=(n<=window.pageYOffset+window.innerHeight&&d<window.pageXOffset+window.innerWidth&&n+a>window.pageYOffset&&d+r>window.pageXOffset);if(i&&etargetAllowOtherCheck){allowed=!1;var c=document.createElement(\"script\");return c.src=\"\/\/hu.search.etargetnet.com\/generic\/uni.php?g=ref:58661,area:700x210\",void(document.getElementById(t)&&document.getElementById(e)&&(document.getElementById(t).parentNode.appendChild(c),document.getElementById(t).parentNode.removeChild(document.getElementById(t)),document.getElementById(e).parentNode.removeChild(document.getElementById(e)),document.removeEventListener(\"scroll\",etargetPostloadFunction7a9b589f63cb072bef80df221f46a22b),document.removeEventListener(\"resize\",etargetPostloadFunction7a9b589f63cb072bef80df221f46a22b),document.removeEventListener(\"DOMContentLoaded\",etargetPostloadFunction7a9b589f63cb072bef80df221f46a22b)))}}}var etargetDivID=\"etargetPostload7a9b589f63cb072bef80df221f46a22b\",etargetScriptID=\"etargetScript7a9b589f63cb072bef80df221f46a22b\",etargetPostloadPoint=document.createElement(\"div\");etargetPostloadPoint.id=etargetDivID;var etargetCurScript=document.getElementById(etargetScriptID);etargetCurScript.parentNode.appendChild(etargetPostloadPoint),document.addEventListener(\"scroll\",etargetPostloadFunction7a9b589f63cb072bef80df221f46a22b),document.addEventListener(\"resize\",etargetPostloadFunction7a9b589f63cb072bef80df221f46a22b),document.addEventListener(\"DOMContentLoaded\",etargetPostloadFunction7a9b589f63cb072bef80df221f46a22b);var etargetAllowOtherCheck=!0;if(typeof(\"forceRunPostload\")==\"string\"){etargetPostloadFunction7a9b589f63cb072bef80df221f46a22b()}<\/script><\/div>\n<p>\u00a0<\/p><div id=\"friss-3668873235\" class=\"friss-after-content friss-entity-placement\"><script type=\"text\/javascript\" id=\"etargetScript7a9b589f63cb072bef80df221f46a22b\">function etargetPostloadFunction7a9b589f63cb072bef80df221f46a22b(){var e=\"etargetPostload7a9b589f63cb072bef80df221f46a22b\",t=\"etargetScript7a9b589f63cb072bef80df221f46a22b\",o=document.getElementById(e);if(o){for(var n=o.offsetTop,d=o.offsetLeft,r=o.offsetWidth,a=o.offsetHeight;o.offsetParent;)o=o.offsetParent,n+=o.offsetTop,d+=o.offsetLeft;var i=(n<=window.pageYOffset+window.innerHeight&&d<window.pageXOffset+window.innerWidth&&n+a>window.pageYOffset&&d+r>window.pageXOffset);if(i&&etargetAllowOtherCheck){allowed=!1;var c=document.createElement(\"script\");return c.src=\"\/\/hu.search.etargetnet.com\/generic\/uni.php?g=ref:58661,area:700x210\",void(document.getElementById(t)&&document.getElementById(e)&&(document.getElementById(t).parentNode.appendChild(c),document.getElementById(t).parentNode.removeChild(document.getElementById(t)),document.getElementById(e).parentNode.removeChild(document.getElementById(e)),document.removeEventListener(\"scroll\",etargetPostloadFunction7a9b589f63cb072bef80df221f46a22b),document.removeEventListener(\"resize\",etargetPostloadFunction7a9b589f63cb072bef80df221f46a22b),document.removeEventListener(\"DOMContentLoaded\",etargetPostloadFunction7a9b589f63cb072bef80df221f46a22b)))}}}var etargetDivID=\"etargetPostload7a9b589f63cb072bef80df221f46a22b\",etargetScriptID=\"etargetScript7a9b589f63cb072bef80df221f46a22b\",etargetPostloadPoint=document.createElement(\"div\");etargetPostloadPoint.id=etargetDivID;var etargetCurScript=document.getElementById(etargetScriptID);etargetCurScript.parentNode.appendChild(etargetPostloadPoint),document.addEventListener(\"scroll\",etargetPostloadFunction7a9b589f63cb072bef80df221f46a22b),document.addEventListener(\"resize\",etargetPostloadFunction7a9b589f63cb072bef80df221f46a22b),document.addEventListener(\"DOMContentLoaded\",etargetPostloadFunction7a9b589f63cb072bef80df221f46a22b);var etargetAllowOtherCheck=!0;if(typeof(\"forceRunPostload\")==\"string\"){etargetPostloadFunction7a9b589f63cb072bef80df221f46a22b()}<\/script><\/div><div id=\"friss-1402622441\" class=\"friss-after-content_2 friss-entity-placement\" style=\"clear: both;\"><div class=\"wprss_ajax\" data-id=\"rss2b18637d8a\"><img loading=\"lazy\" decoding=\"async\" src=\"https:\/\/friss-hirek.hu\/wp-content\/plugins\/wp-rss-retriever\/inc\/imgs\/ajax-loader.gif\" alt=\"Loading RSS Feed\" width=\"16\" height=\"16\"><\/div><\/div><br style=\"clear: both; display: block; float: none;\"\/><div id=\"friss-2635181425\" class=\"friss-after-content_3 friss-entity-placement\">https:\/\/www.youtube.com\/watch?v=Pdnw4KiUWp0<\/div>","protected":false},"excerpt":{"rendered":"<p>2025-ben a BMW Group vil\u00e1gszerte \u00f6sszesen 2 463 715 darab \u00faj aut\u00f3t \u00e9rt\u00e9kes\u00edtett, amely a 2024-es mutat\u00f3 t\u00fckr\u00e9ben 0,5 sz\u00e1zal\u00e9kos abszol\u00fat n\u00f6veked\u00e9st jelent. E teljes\u00edtm\u00e9nyhez a m\u00fcncheni k\u00f6zpont\u00fa v\u00e1llalatcsoport h\u00e1l\u00f3zatr\u00f3l t\u00f6lthet\u0151 modelljei 642 087 darabbal j\u00e1rultak hozz\u00e1, ami 8,3 sz\u00e1zal\u00e9kkal haladja meg az egy \u00e9vvel kor\u00e1bban regisztr\u00e1lt \u00e9rt\u00e9ket. A BMW Group a tiszt\u00e1n elektromos meghajt\u00e1s\u00fa [&hellip;]<\/p>\n","protected":false},"author":1,"featured_media":0,"comment_status":"open","ping_status":"open","sticky":false,"template":"","format":"standard","meta":{"footnotes":""},"categories":[8],"tags":[],"class_list":["post-157242","post","type-post","status-publish","format-standard","hentry","category-auto"],"amp_enabled":true,"_links":{"self":[{"href":"https:\/\/friss-hirek.hu\/index.php\/wp-json\/wp\/v2\/posts\/157242","targetHints":{"allow":["GET"]}}],"collection":[{"href":"https:\/\/friss-hirek.hu\/index.php\/wp-json\/wp\/v2\/posts"}],"about":[{"href":"https:\/\/friss-hirek.hu\/index.php\/wp-json\/wp\/v2\/types\/post"}],"author":[{"embeddable":true,"href":"https:\/\/friss-hirek.hu\/index.php\/wp-json\/wp\/v2\/users\/1"}],"replies":[{"embeddable":true,"href":"https:\/\/friss-hirek.hu\/index.php\/wp-json\/wp\/v2\/comments?post=157242"}],"version-history":[{"count":0,"href":"https:\/\/friss-hirek.hu\/index.php\/wp-json\/wp\/v2\/posts\/157242\/revisions"}],"wp:attachment":[{"href":"https:\/\/friss-hirek.hu\/index.php\/wp-json\/wp\/v2\/media?parent=157242"}],"wp:term":[{"taxonomy":"category","embeddable":true,"href":"https:\/\/friss-hirek.hu\/index.php\/wp-json\/wp\/v2\/categories?post=157242"},{"taxonomy":"post_tag","embeddable":true,"href":"https:\/\/friss-hirek.hu\/index.php\/wp-json\/wp\/v2\/tags?post=157242"}],"curies":[{"name":"wp","href":"https:\/\/api.w.org\/{rel}","templated":true}]}}