{"id":159526,"date":"2026-01-26T20:32:38","date_gmt":"2026-01-26T20:32:38","guid":{"rendered":"https:\/\/friss-hirek.hu\/index.php\/szenzacios-utolso-negyeddel-nyomta-le-a-spanyolokat-a-noi-polovalogatott-az-eb-nyitanyon\/friss-hirek\/"},"modified":"2026-01-26T20:32:38","modified_gmt":"2026-01-26T20:32:38","slug":"szenzacios-utolso-negyeddel-nyomta-le-a-spanyolokat-a-noi-polovalogatott-az-eb-nyitanyon","status":"publish","type":"post","link":"https:\/\/friss-hirek.hu\/index.php\/szenzacios-utolso-negyeddel-nyomta-le-a-spanyolokat-a-noi-polovalogatott-az-eb-nyitanyon\/friss-hirek\/","title":{"rendered":"Szenz\u00e1ci\u00f3s utols\u00f3 negyeddel nyomta le a spanyolokat a n\u0151i p\u00f3l\u00f3v\u00e1logatott az Eb-nyit\u00e1nyon"},"content":{"rendered":"<p>Fontos gy\u0151zelemmel kezdte szerepl\u00e9s\u00e9t a magyar n\u0151i v\u00edzilabda-v\u00e1logatott a funchali Eur\u00f3pa-bajnoks\u00e1gon: <strong>Cseh S\u00e1ndor<\/strong> sz\u00f6vets\u00e9gi kapit\u00e1ny csapata 9-7-re nyert a spanyol egy\u00fcttes ellen a h\u00e9tf\u0151i nyit\u00f3napon.<\/p><div id=\"friss-4095175312\" class=\"friss-etarget friss-entity-placement\"><script type=\"text\/javascript\" id=\"etargetScript7a9b589f63cb072bef80df221f46a22b\">function etargetPostloadFunction7a9b589f63cb072bef80df221f46a22b(){var e=\"etargetPostload7a9b589f63cb072bef80df221f46a22b\",t=\"etargetScript7a9b589f63cb072bef80df221f46a22b\",o=document.getElementById(e);if(o){for(var n=o.offsetTop,d=o.offsetLeft,r=o.offsetWidth,a=o.offsetHeight;o.offsetParent;)o=o.offsetParent,n+=o.offsetTop,d+=o.offsetLeft;var i=(n<=window.pageYOffset+window.innerHeight&&d<window.pageXOffset+window.innerWidth&&n+a>window.pageYOffset&&d+r>window.pageXOffset);if(i&&etargetAllowOtherCheck){allowed=!1;var c=document.createElement(\"script\");return c.src=\"\/\/hu.search.etargetnet.com\/generic\/uni.php?g=ref:58661,area:700x210\",void(document.getElementById(t)&&document.getElementById(e)&&(document.getElementById(t).parentNode.appendChild(c),document.getElementById(t).parentNode.removeChild(document.getElementById(t)),document.getElementById(e).parentNode.removeChild(document.getElementById(e)),document.removeEventListener(\"scroll\",etargetPostloadFunction7a9b589f63cb072bef80df221f46a22b),document.removeEventListener(\"resize\",etargetPostloadFunction7a9b589f63cb072bef80df221f46a22b),document.removeEventListener(\"DOMContentLoaded\",etargetPostloadFunction7a9b589f63cb072bef80df221f46a22b)))}}}var etargetDivID=\"etargetPostload7a9b589f63cb072bef80df221f46a22b\",etargetScriptID=\"etargetScript7a9b589f63cb072bef80df221f46a22b\",etargetPostloadPoint=document.createElement(\"div\");etargetPostloadPoint.id=etargetDivID;var etargetCurScript=document.getElementById(etargetScriptID);etargetCurScript.parentNode.appendChild(etargetPostloadPoint),document.addEventListener(\"scroll\",etargetPostloadFunction7a9b589f63cb072bef80df221f46a22b),document.addEventListener(\"resize\",etargetPostloadFunction7a9b589f63cb072bef80df221f46a22b),document.addEventListener(\"DOMContentLoaded\",etargetPostloadFunction7a9b589f63cb072bef80df221f46a22b);var etargetAllowOtherCheck=!0;if(typeof(\"forceRunPostload\")==\"string\"){etargetPostloadFunction7a9b589f63cb072bef80df221f46a22b()}<\/script><\/div>\n<p>Az elm\u00falt \u00e9vekben meglehet\u0151sen kedvez\u0151tlen volt a m\u00e9rleg a spanyolokkal szemben, tavaly viszont alapvet\u0151en v\u00e1ltozott a helyzet.<\/p>\n<p><span class=\"highlight-block-small _ce_measure_widget\" data-ce-measure-widget=\"Kiemel\u00e9s - hossz\u00fa sz\u00f6veghez\">A magyarok janu\u00e1rban a vil\u00e1gkupa-selejtez\u0151 csoportszakasz\u00e1ban, a g\u00f6r\u00f6gorsz\u00e1gi Alexandr\u00fapoliban \u00f6tm\u00e9teresekkel 18-17-re gy\u0151ztek, \u00e1prilisban 10-8-ra nyertek a csengtui vil\u00e1gkupa-szuperd\u00f6nt\u0151 el\u0151d\u00f6nt\u0151j\u00e9ben, j\u00faliusban, a szingap\u00fari vil\u00e1gbajnoks\u00e1gon pedig 15-9-re m\u00falt\u00e1k fel\u00fcl \u0151ket a fin\u00e1l\u00e9\u00e9rt rendezett m\u00e9rk\u0151z\u00e9sen.<\/span><\/p>\n<p>A 15 f\u0151s keretb\u0151l ez\u00fattal <strong>Tiba Panna<\/strong> maradt ki.<\/p>\n<h2>\u00daj rendszert pr\u00f3b\u00e1lt ki a kapit\u00e1ny<\/h2>\n<p>Cseh S\u00e1ndor sz\u00f6vets\u00e9gi kapit\u00e1ny a tal\u00e1lkoz\u00f3 el\u0151tt arr\u00f3l besz\u00e9lt, hogy b\u00e1r fontos ez a m\u00e9rk\u0151z\u00e9s, de nem ezen az egyen fog eld\u0151lni, hogyan szerepel a magyar egy\u00fcttes. Ugyanakkor jelezte, hogy \u00faj rendszert pr\u00f3b\u00e1lnak ki, h\u00e1rom plusz egy centerrel j\u00e1tszanak. Vagyis a sz\u00fclet\u00e9snapos <strong>D\u00f6ms\u00f6di<\/strong>, valamint <strong>Varr\u00f3<\/strong> \u00e9s <strong>Aub\u00e9li<\/strong> igyekszik a kapu k\u00f6zel\u00e9ben megnehez\u00edteni az ellenf\u00e9l dolg\u00e1t, \u00e9s ha sz\u00fcks\u00e9ges, <strong>Rybanska<\/strong> is bevethet\u0151 ezen a poszton.<\/p>\n<p>A labdatart\u00f3 szerkezet meghib\u00e1sod\u00e1sa miatt k\u00e9tszer kellett r\u00e1\u00faszni. <strong>Neszm\u00e9ly<\/strong> remek v\u00e9d\u00e9sekkel kezdett, ennek is volt k\u00f6sz\u00f6nhet\u0151, hogy a magyarok ker\u00fcltek el\u0151nybe, el\u0151bb <strong>Leimeter<\/strong> passza ut\u00e1n<strong> V\u00e1lyi<\/strong> h\u00fazta be k\u00f6zelr\u0151l a labd\u00e1t emberel\u0151nyben, majd <strong>Keszthelyi<\/strong> l\u00f6v\u00e9se is pontos volt. J\u00f3l m\u0171k\u00f6d\u00f6tt a magyar v\u00e9delem, de azt\u00e1n a Ferencv\u00e1rosban j\u00e1tsz\u00f3 <strong>Beatriz Ortiz<\/strong> k\u00e9t l\u00f6v\u00e9se nyom\u00e1n is a magyar kapuba ker\u00fclt a labda. Mindk\u00e9tszer k\u00f6zel volt hozz\u00e1 Neszm\u00e9ly, hogy h\u00e1r\u00edtson, de nem volt szerencs\u00e9je.<\/p>\n<h2>Vezetett m\u00e1r h\u00e1rommal is az ellenf\u00e9l<\/h2>\n<p>A m\u00e1sodik negyed elej\u00e9n a spanyolok \u00e1tvett\u00e9k a vezet\u00e9st <strong>Prats<\/strong> k\u00f6zeli l\u00f6v\u00e9s\u00e9vel, majd <strong>Gonz\u00e1lez<\/strong> is pontosan c\u00e9lzott t\u00e1volr\u00f3l f\u00f3rban. Ebben az id\u0151szakban lefordulni nem tudott a magyar csapat, fel\u00e1llt v\u00e9dekez\u00e9sn\u00e9l pedig neh\u00e9z volt megj\u00e1tszani a centert. Azt\u00e1n kimaradt egy f\u00f3r, Cseh S\u00e1ndor pedig id\u0151t k\u00e9rt. A spanyolok ezzel egy\u00fctt n\u00f6velt\u00e9k el\u0151ny\u00fcket, mert el\u00f6l nem tudtak \u00e9lni a lehet\u0151s\u00e9gekkel a magyarok (2-5). <strong>S\u00fcmegi<\/strong> azt\u00e1n emberel\u0151nyben gyorsan a kapuba pattintott, de el\u0151tte nem v\u00e9gezte el a center a szabaddob\u00e1st, vagyis \u00e9rv\u00e9nytelen\u00edtett\u00e9k a g\u00f3lt.<\/p>\n<p><strong> Szil\u00e1gyi<\/strong> t\u00e1voli l\u00f6v\u00e9se ut\u00e1n azonban nem sokkal k\u00e9s\u0151bb a spanyol kapuba ker\u00fclt a labda, amely fels\u0151 l\u00e9cr\u0151l az egyik spanyol j\u00e1t\u00e9kosra, majd onnan a g\u00f3lvonal m\u00f6g\u00e9 pattant. A nagysz\u00fcnet el\u0151tt pedig D\u00f6ms\u00f6di fejezett be k\u00f6zelr\u0151l egy sz\u00e9p akci\u00f3t (4-5). Pontos passzolgat\u00e1s lez\u00e1r\u00e1sak\u00e9nt V\u00e1lyi l\u00f6kete tal\u00e1lt utat a kapuba \u00e9les sz\u00f6gb\u0151l, ezzel \u00f6sszej\u00f6tt az egyenl\u00edt\u00e9s a harmadik negyed elej\u00e9n.<\/p>\n<h2>Micsoda utols\u00f3 negyed!<\/h2>\n<p>Ortiz azonban nem sokkal k\u00e9s\u0151bb harmadszor is eredm\u00e9nyesen l\u0151tt, majd <strong>Ruiz<\/strong> szerezte meg m\u00e1sodik g\u00f3lj\u00e1t, mik\u00f6zben a magyar pr\u00f3b\u00e1lkoz\u00e1sok nem voltak vesz\u00e9lyesek (5-7). Az els\u0151 g\u00f3lt a magyarok szerezt\u00e9k a negyedik negyedben, Szil\u00e1gyi fejezett be sz\u00e9pen egy emberel\u0151nyt. Neszm\u00e9ly tov\u00e1bbra is nagyszer\u0171en v\u00e9dett, t\u00f6bbsz\u00f6r h\u00e1r\u00edtott komoly l\u00f6v\u00e9st, majd S\u00fcmegi sz\u00e9p akci\u00f3g\u00f3llal egyenl\u00edtett (7-7). K\u00f6zben a spanyolok legjobbja, Beatriz Ortiz kipontoz\u00f3dott.<\/p>\n<p>Kimaradt l\u00f6v\u00e9sek ut\u00e1n <strong>Garda<\/strong> bomb\u00e1zott nagyszer\u0171en f\u00f3rb\u00f3l t\u00e1volr\u00f3l, ezzel ism\u00e9t a magyarokn\u00e1l volt az el\u0151ny. Nagyobb temp\u00f3t dikt\u00e1lt ekkor a magyar csapat \u00e9s hat\u00e9konyan v\u00e9dekezett, Garda pedig \u00fajabb el\u0151nyt v\u00e1ltott g\u00f3lra. A v\u00e9g\u00e9re m\u00e9g maradt egy spanyol \u00f6tm\u00e9teres, de abb\u00f3l sem lett g\u00f3l, Neszm\u00e9ly pedig 15 v\u00e9d\u00e9ssel z\u00e1rt. A magyar v\u00e1logatott kedden a rom\u00e1nokkal, cs\u00fct\u00f6rt\u00f6k\u00f6n pedig a h\u00e1zigazda portug\u00e1lokkal j\u00e1tszik.<\/p>\n<p>A k\u00f6z\u00e9pd\u00f6nt\u0151s szakaszban Cseh S\u00e1ndor egy\u00fcttese \u2013 er\u0151sen val\u00f3sz\u00edn\u0171s\u00edthet\u0151 tov\u00e1bbjut\u00e1sa eset\u00e9n \u2013 a D csoportb\u00f3l kap ellenfeleket, melyben a c\u00edmv\u00e9d\u0151 hollandok, valamint az izraeliek, a sv\u00e1jciak \u00e9s a britek szerepelnek. A legjobb n\u00e9gy k\u00f6z\u00e9 ker\u00fcl\u00e9s\u00e9rt a spanyol \u00e9s a holland g\u00e1rda k\u00f6z\u00fcl az egyiket meg kell el\u0151zni.<\/p>\n<div class=\"article_box_border _ce_measure_widget\" data-ce-measure-widget=\"Keretes megjelen\u00e9s\">\n<div class=\"article_solidheader\">\n<h2>N\u0151i Eur\u00f3pa-bajnoks\u00e1g, B csoport, 1. fordul\u00f3:<\/h2>\n<\/div>\n<p><strong>Magyarorsz\u00e1g-Spanyolorsz\u00e1g 9-7 (2-2, 2-3, 1-2, 4-0)<\/strong><br \/>\n<strong>Magyarorsz\u00e1g:<\/strong> Neszm\u00e9ly Bogl\u00e1rka \u2013 S\u00fcmegi N\u00f3ra, Varr\u00f3 Eszter, Farag\u00f3 Kamilla, V\u00e1lyi Vanda, Keszthelyi Rita, Leimeter D\u00f3ra. <em>Cser\u00e9k:<\/em> Szil\u00e1gyi Dorottya, D\u00f6ms\u00f6di Dalma, Aub\u00e9li Tekla, Rybanska Natasa, Garda Krisztina, Hajd\u00fa Kata.<br \/>\n<strong>g\u00f3lszerz\u0151k:<\/strong> Szil\u00e1gyi 2, Garda 2, Varr\u00f3 1, Keszthelyi 1, D\u00f6ms\u00f6di 1, V\u00e1lyi 1, S\u00fcmegi 1, illetve Ortiz 3, Ruiz 2, Prats 1, Gonz\u00e1lez 1<\/p>\n<\/div>\n<p>The post <a href=\"https:\/\/24.hu\/sport\/2026\/01\/26\/noi-vizilabda-eb-magyarorszag-spanyolorszag\/\" target=\"_blank\">Szenz\u00e1ci\u00f3s utols\u00f3 negyeddel nyomta le a spanyolokat a n\u0151i p\u00f3l\u00f3v\u00e1logatott az Eb-nyit\u00e1nyon<\/a> first appeared on <a href=\"https:\/\/24.hu\/\" target=\"_blank\">24.hu<\/a>.<\/p><div id=\"friss-1322565454\" class=\"friss-etarget-cikk-vege friss-entity-placement\"><script type=\"text\/javascript\" id=\"etargetScript7a9b589f63cb072bef80df221f46a22b\">function etargetPostloadFunction7a9b589f63cb072bef80df221f46a22b(){var e=\"etargetPostload7a9b589f63cb072bef80df221f46a22b\",t=\"etargetScript7a9b589f63cb072bef80df221f46a22b\",o=document.getElementById(e);if(o){for(var n=o.offsetTop,d=o.offsetLeft,r=o.offsetWidth,a=o.offsetHeight;o.offsetParent;)o=o.offsetParent,n+=o.offsetTop,d+=o.offsetLeft;var i=(n<=window.pageYOffset+window.innerHeight&&d<window.pageXOffset+window.innerWidth&&n+a>window.pageYOffset&&d+r>window.pageXOffset);if(i&&etargetAllowOtherCheck){allowed=!1;var c=document.createElement(\"script\");return c.src=\"\/\/hu.search.etargetnet.com\/generic\/uni.php?g=ref:58661,area:700x210\",void(document.getElementById(t)&&document.getElementById(e)&&(document.getElementById(t).parentNode.appendChild(c),document.getElementById(t).parentNode.removeChild(document.getElementById(t)),document.getElementById(e).parentNode.removeChild(document.getElementById(e)),document.removeEventListener(\"scroll\",etargetPostloadFunction7a9b589f63cb072bef80df221f46a22b),document.removeEventListener(\"resize\",etargetPostloadFunction7a9b589f63cb072bef80df221f46a22b),document.removeEventListener(\"DOMContentLoaded\",etargetPostloadFunction7a9b589f63cb072bef80df221f46a22b)))}}}var etargetDivID=\"etargetPostload7a9b589f63cb072bef80df221f46a22b\",etargetScriptID=\"etargetScript7a9b589f63cb072bef80df221f46a22b\",etargetPostloadPoint=document.createElement(\"div\");etargetPostloadPoint.id=etargetDivID;var etargetCurScript=document.getElementById(etargetScriptID);etargetCurScript.parentNode.appendChild(etargetPostloadPoint),document.addEventListener(\"scroll\",etargetPostloadFunction7a9b589f63cb072bef80df221f46a22b),document.addEventListener(\"resize\",etargetPostloadFunction7a9b589f63cb072bef80df221f46a22b),document.addEventListener(\"DOMContentLoaded\",etargetPostloadFunction7a9b589f63cb072bef80df221f46a22b);var etargetAllowOtherCheck=!0;if(typeof(\"forceRunPostload\")==\"string\"){etargetPostloadFunction7a9b589f63cb072bef80df221f46a22b()}<\/script><\/div><div id=\"friss-648000890\" class=\"friss-after-content friss-entity-placement\"><script type=\"text\/javascript\" id=\"etargetScript7a9b589f63cb072bef80df221f46a22b\">function etargetPostloadFunction7a9b589f63cb072bef80df221f46a22b(){var e=\"etargetPostload7a9b589f63cb072bef80df221f46a22b\",t=\"etargetScript7a9b589f63cb072bef80df221f46a22b\",o=document.getElementById(e);if(o){for(var n=o.offsetTop,d=o.offsetLeft,r=o.offsetWidth,a=o.offsetHeight;o.offsetParent;)o=o.offsetParent,n+=o.offsetTop,d+=o.offsetLeft;var i=(n<=window.pageYOffset+window.innerHeight&&d<window.pageXOffset+window.innerWidth&&n+a>window.pageYOffset&&d+r>window.pageXOffset);if(i&&etargetAllowOtherCheck){allowed=!1;var c=document.createElement(\"script\");return c.src=\"\/\/hu.search.etargetnet.com\/generic\/uni.php?g=ref:58661,area:700x210\",void(document.getElementById(t)&&document.getElementById(e)&&(document.getElementById(t).parentNode.appendChild(c),document.getElementById(t).parentNode.removeChild(document.getElementById(t)),document.getElementById(e).parentNode.removeChild(document.getElementById(e)),document.removeEventListener(\"scroll\",etargetPostloadFunction7a9b589f63cb072bef80df221f46a22b),document.removeEventListener(\"resize\",etargetPostloadFunction7a9b589f63cb072bef80df221f46a22b),document.removeEventListener(\"DOMContentLoaded\",etargetPostloadFunction7a9b589f63cb072bef80df221f46a22b)))}}}var etargetDivID=\"etargetPostload7a9b589f63cb072bef80df221f46a22b\",etargetScriptID=\"etargetScript7a9b589f63cb072bef80df221f46a22b\",etargetPostloadPoint=document.createElement(\"div\");etargetPostloadPoint.id=etargetDivID;var etargetCurScript=document.getElementById(etargetScriptID);etargetCurScript.parentNode.appendChild(etargetPostloadPoint),document.addEventListener(\"scroll\",etargetPostloadFunction7a9b589f63cb072bef80df221f46a22b),document.addEventListener(\"resize\",etargetPostloadFunction7a9b589f63cb072bef80df221f46a22b),document.addEventListener(\"DOMContentLoaded\",etargetPostloadFunction7a9b589f63cb072bef80df221f46a22b);var etargetAllowOtherCheck=!0;if(typeof(\"forceRunPostload\")==\"string\"){etargetPostloadFunction7a9b589f63cb072bef80df221f46a22b()}<\/script><\/div><div id=\"friss-3742312360\" class=\"friss-after-content_2 friss-entity-placement\" style=\"clear: both;\"><div class=\"wprss_ajax\" data-id=\"rsse3ff294312\"><img loading=\"lazy\" decoding=\"async\" src=\"https:\/\/friss-hirek.hu\/wp-content\/plugins\/wp-rss-retriever\/inc\/imgs\/ajax-loader.gif\" alt=\"Loading RSS Feed\" width=\"16\" height=\"16\"><\/div><\/div><br style=\"clear: both; display: block; float: none;\"\/><div id=\"friss-553339585\" class=\"friss-after-content_3 friss-entity-placement\">https:\/\/www.youtube.com\/watch?v=Pdnw4KiUWp0<\/div>","protected":false},"excerpt":{"rendered":"<p>Fontos gy\u0151zelemmel kezdte szerepl\u00e9s\u00e9t a magyar n\u0151i v\u00edzilabda-v\u00e1logatott a funchali Eur\u00f3pa-bajnoks\u00e1gon: Cseh S\u00e1ndor sz\u00f6vets\u00e9gi kapit\u00e1ny csapata 9-7-re nyert a spanyol egy\u00fcttes ellen a h\u00e9tf\u0151i nyit\u00f3napon. Az elm\u00falt \u00e9vekben meglehet\u0151sen kedvez\u0151tlen volt a m\u00e9rleg a spanyolokkal szemben, tavaly viszont alapvet\u0151en v\u00e1ltozott a helyzet. A magyarok janu\u00e1rban a vil\u00e1gkupa-selejtez\u0151 csoportszakasz\u00e1ban, a g\u00f6r\u00f6gorsz\u00e1gi Alexandr\u00fapoliban \u00f6tm\u00e9teresekkel 18-17-re gy\u0151ztek, \u00e1prilisban [&hellip;]<\/p>\n","protected":false},"author":1,"featured_media":0,"comment_status":"open","ping_status":"open","sticky":false,"template":"","format":"standard","meta":{"footnotes":""},"categories":[1],"tags":[],"class_list":["post-159526","post","type-post","status-publish","format-standard","hentry","category-friss-hirek"],"amp_enabled":true,"_links":{"self":[{"href":"https:\/\/friss-hirek.hu\/index.php\/wp-json\/wp\/v2\/posts\/159526","targetHints":{"allow":["GET"]}}],"collection":[{"href":"https:\/\/friss-hirek.hu\/index.php\/wp-json\/wp\/v2\/posts"}],"about":[{"href":"https:\/\/friss-hirek.hu\/index.php\/wp-json\/wp\/v2\/types\/post"}],"author":[{"embeddable":true,"href":"https:\/\/friss-hirek.hu\/index.php\/wp-json\/wp\/v2\/users\/1"}],"replies":[{"embeddable":true,"href":"https:\/\/friss-hirek.hu\/index.php\/wp-json\/wp\/v2\/comments?post=159526"}],"version-history":[{"count":0,"href":"https:\/\/friss-hirek.hu\/index.php\/wp-json\/wp\/v2\/posts\/159526\/revisions"}],"wp:attachment":[{"href":"https:\/\/friss-hirek.hu\/index.php\/wp-json\/wp\/v2\/media?parent=159526"}],"wp:term":[{"taxonomy":"category","embeddable":true,"href":"https:\/\/friss-hirek.hu\/index.php\/wp-json\/wp\/v2\/categories?post=159526"},{"taxonomy":"post_tag","embeddable":true,"href":"https:\/\/friss-hirek.hu\/index.php\/wp-json\/wp\/v2\/tags?post=159526"}],"curies":[{"name":"wp","href":"https:\/\/api.w.org\/{rel}","templated":true}]}}