{"id":163805,"date":"2026-03-06T12:01:24","date_gmt":"2026-03-06T12:01:24","guid":{"rendered":"https:\/\/friss-hirek.hu\/index.php\/bator-lerazta-mindket-agancsat-fel-kiloval-sulyosabbak-mint-tavaly\/friss-hirek\/"},"modified":"2026-03-06T12:01:24","modified_gmt":"2026-03-06T12:01:24","slug":"bator-lerazta-mindket-agancsat-fel-kiloval-sulyosabbak-mint-tavaly","status":"publish","type":"post","link":"https:\/\/friss-hirek.hu\/index.php\/bator-lerazta-mindket-agancsat-fel-kiloval-sulyosabbak-mint-tavaly\/videk\/","title":{"rendered":"B\u00e1tor \u201eler\u00e1zta\u201d mindk\u00e9t agancs\u00e1t, f\u00e9l kil\u00f3val s\u00falyosabbak, mint tavaly"},"content":{"rendered":"<p>Akik m\u00e1rcius els\u0151 vas\u00e1rnapj\u00e1n a szarvasi \u00e1llatparkba l\u00e1togattak, azok megfigyelhett\u00e9k, hogy az Anna-liget g\u00edmszarvas bik\u00e1ja a jobb agancssz\u00e1ra n\u00e9lk\u00fcl s\u00e9t\u00e1lgat, h\u00e9tf\u0151n azt\u00e1n m\u00e1r a bal oldali agancssz\u00e1r is lehullott B\u00e1tor fej\u00e9r\u0151l \u2013 \u00edrta meg a nemzeti park <a href=\"https:\/\/www.kmnp.hu\/hu\/hirek\/vajon-milyen-nehez-es-milyen-hosszu-lett-bator-fejdisze-1952\" target=\"_blank\" rel=\"noopener\">weboldal\u00e1n<\/a>.<\/p><div id=\"friss-959707170\" class=\"friss-etarget friss-entity-placement\"><script type=\"text\/javascript\" id=\"etargetScript7a9b589f63cb072bef80df221f46a22b\">function etargetPostloadFunction7a9b589f63cb072bef80df221f46a22b(){var e=\"etargetPostload7a9b589f63cb072bef80df221f46a22b\",t=\"etargetScript7a9b589f63cb072bef80df221f46a22b\",o=document.getElementById(e);if(o){for(var n=o.offsetTop,d=o.offsetLeft,r=o.offsetWidth,a=o.offsetHeight;o.offsetParent;)o=o.offsetParent,n+=o.offsetTop,d+=o.offsetLeft;var i=(n<=window.pageYOffset+window.innerHeight&&d<window.pageXOffset+window.innerWidth&&n+a>window.pageYOffset&&d+r>window.pageXOffset);if(i&&etargetAllowOtherCheck){allowed=!1;var c=document.createElement(\"script\");return c.src=\"\/\/hu.search.etargetnet.com\/generic\/uni.php?g=ref:58661,area:700x210\",void(document.getElementById(t)&&document.getElementById(e)&&(document.getElementById(t).parentNode.appendChild(c),document.getElementById(t).parentNode.removeChild(document.getElementById(t)),document.getElementById(e).parentNode.removeChild(document.getElementById(e)),document.removeEventListener(\"scroll\",etargetPostloadFunction7a9b589f63cb072bef80df221f46a22b),document.removeEventListener(\"resize\",etargetPostloadFunction7a9b589f63cb072bef80df221f46a22b),document.removeEventListener(\"DOMContentLoaded\",etargetPostloadFunction7a9b589f63cb072bef80df221f46a22b)))}}}var etargetDivID=\"etargetPostload7a9b589f63cb072bef80df221f46a22b\",etargetScriptID=\"etargetScript7a9b589f63cb072bef80df221f46a22b\",etargetPostloadPoint=document.createElement(\"div\");etargetPostloadPoint.id=etargetDivID;var etargetCurScript=document.getElementById(etargetScriptID);etargetCurScript.parentNode.appendChild(etargetPostloadPoint),document.addEventListener(\"scroll\",etargetPostloadFunction7a9b589f63cb072bef80df221f46a22b),document.addEventListener(\"resize\",etargetPostloadFunction7a9b589f63cb072bef80df221f46a22b),document.addEventListener(\"DOMContentLoaded\",etargetPostloadFunction7a9b589f63cb072bef80df221f46a22b);var etargetAllowOtherCheck=!0;if(typeof(\"forceRunPostload\")==\"string\"){etargetPostloadFunction7a9b589f63cb072bef80df221f46a22b()}<\/script><\/div>\n<p><span class=\"highlight-block-small _ce_measure_widget\" data-ce-measure-widget=\"Kiemel\u00e9s - hossz\u00fa sz\u00f6veghez\">Az agancshullat\u00e1s a g\u00edmszarvasbik\u00e1k term\u00e9szetes, \u00e9vente ism\u00e9tl\u0151d\u0151 \u00e9lettani folyamata, amely az \u00faj fejd\u00edsz n\u00f6veked\u00e9s\u00e9nek kezdet\u00e9t jelzi.<\/span><\/p>\n<p>A jobb agancssz\u00e1r, amit vas\u00e1rnap hullajtott el, annak t\u00f6mege: 3,95 kg, hossza: 106 cm, a r\u00f3zsa k\u00f6rm\u00e9rete pedig: 28 cm. A bal sz\u00e1r, ami h\u00e9tf\u0151n d\u00e9lel\u0151tt hullott le, annak t\u00f6mege: 4,34 kg, hossza: 109 cm, a r\u00f3zsa k\u00f6rm\u00e9rete: 29,5 cm. \u00d6sszesen teh\u00e1t 8,29 kg-ot nyomott B\u00e1tor agancsa, ami a tavalyihoz k\u00e9pest 0,57 kg-os n\u00f6veked\u00e9st jelent. Most, hogy lehullajtotta impoz\u00e1ns fejd\u00edsz\u00e9t, viselked\u00e9se \u00e9s kin\u00e9zete is nagyot v\u00e1ltozott.<\/p>\n<p><a href=\"https:\/\/s.24.hu\/app\/uploads\/sites\/11\/2026\/03\/647663023_1373354481489580_7993474127075817785_n.jpg\"><\/a><\/p>\n<figure aria-describedby=\"caption-360607\" class=\"wp-caption alignnone\"><img loading=\"lazy\" decoding=\"async\" class=\"alignnone wp-image-360607 size-full\" src=\"https:\/\/s.24.hu\/app\/uploads\/sites\/11\/2026\/03\/647663023_1373354481489580_7993474127075817785_n.jpg\" alt=\"\" width=\"2048\" height=\"1542\" title=\"B\u00e1tor \u201eler\u00e1zta\u201d mindk\u00e9t agancs\u00e1t, f\u00e9l kil\u00f3val s\u00falyosabbak, mint tavaly 1\" \/><figcaption class=\"wp-caption-text\"><span class=\"a-imgSource\">K\u00f6r\u00f6s-Maros Nemzeti Park<\/span><\/figcaption><\/figure>\n\n<p>Ilyenkor jellemz\u0151en visszah\u00faz\u00f3d\u00f3bb, nyugodtabb lesz, mert \u00fagymond fegyvertelenn\u00e9 v\u00e1lt egy id\u0151re. Ebben az id\u0151szakban a bik\u00e1k f\u0151leg a t\u00e1pl\u00e1lkoz\u00e1sra \u00f6sszpontos\u00edtanak, hogy energi\u00e1t gy\u0171jtsenek az \u00faj agancs n\u00f6veked\u00e9s\u00e9hez, ami naponta 1 cm is lehet. A n\u00f6veked\u0151 agancsot el\u0151sz\u00f6r a v\u00e9rerekkel \u00e9s idegekkel s\u0171r\u0171n \u00e1tsz\u0151tt puha b\u0151r, a barka bor\u00edtja. Ez t\u00e1pl\u00e1lja a fejl\u0151d\u0151 csontsz\u00f6vetet.<\/p>\n<p><a href=\"https:\/\/s.24.hu\/app\/uploads\/sites\/11\/2026\/03\/647738945_1373358131489215_342602490378693199_n.jpg\"><\/a><\/p>\n<figure aria-describedby=\"caption-360608\" class=\"wp-caption alignnone\"><img loading=\"lazy\" decoding=\"async\" class=\"alignnone wp-image-360608 size-full\" src=\"https:\/\/s.24.hu\/app\/uploads\/sites\/11\/2026\/03\/647738945_1373358131489215_342602490378693199_n.jpg\" alt=\"\" width=\"1005\" height=\"751\" title=\"B\u00e1tor \u201eler\u00e1zta\u201d mindk\u00e9t agancs\u00e1t, f\u00e9l kil\u00f3val s\u00falyosabbak, mint tavaly 2\" \/><figcaption class=\"wp-caption-text\"><span class=\"a-imgSource\">K\u00f6r\u00f6s-Maros Nemzeti Park<\/span><\/figcaption><\/figure>\n\n<p>A fejl\u0151d\u00e9s folyamata 100-150 napot vesz ig\u00e9nybe. Amikor el\u00e9ri v\u00e9gleges form\u00e1j\u00e1t, akkor a barka elhal, kisz\u00e1rad \u00e9s viszketni kezd. Ilyenkor lehet megfigyelni, hogy az \u00e1llat d\u00f6rzs\u00f6lni kezdi agancs\u00e1t f\u00e1khoz, bokrokhoz, hogy letiszt\u00edtsa fegyver\u00e9t, aminek augusztus v\u00e9g\u00e9re, a b\u0151g\u00e9s id\u0151szak\u00e1nak kezdet\u00e9re, harcra k\u00e9szen kell \u00e1llnia.<\/p>\n<p><a href=\"https:\/\/s.24.hu\/app\/uploads\/sites\/11\/2026\/03\/647276550_1373357924822569_4583745741570341469_n.jpg\"><\/a><\/p>\n<figure aria-describedby=\"caption-360609\" class=\"wp-caption alignnone\"><img loading=\"lazy\" decoding=\"async\" class=\"alignnone wp-image-360609 size-full\" src=\"https:\/\/s.24.hu\/app\/uploads\/sites\/11\/2026\/03\/647276550_1373357924822569_4583745741570341469_n.jpg\" alt=\"\" width=\"2048\" height=\"1536\" title=\"B\u00e1tor \u201eler\u00e1zta\u201d mindk\u00e9t agancs\u00e1t, f\u00e9l kil\u00f3val s\u00falyosabbak, mint tavaly 3\" \/><figcaption class=\"wp-caption-text\"><span class=\"a-imgSource\">K\u00f6r\u00f6s-Maros Nemzeti Park<\/span><\/figcaption><\/figure>\n\n<p>A nemzeti park mindenkit arra b\u00edztatat, hogy n\u00e9zze meg ebben az \u201eagancsvesztett\u201d \u00e1llapot\u00e1ban is B\u00e1tort, a g\u00edmszarvas bik\u00e1t, illetve a K\u00f6r\u00f6sv\u00f6lgyi \u00c1llatpark t\u00f6bbi lak\u00f3j\u00e1t is egy kellemes tavaszi s\u00e9ta alkalm\u00e1val.<\/p>\n<p>\u00cdrtunk arr\u00f3l is, hogy <a href=\"https:\/\/sokszinuvidek.24.hu\/viragzo-videkunk\/2026\/01\/26\/csodaszarvas-szarvasrudli-ipoly-artere\/\" target=\"_blank\" rel=\"noopener\">feh\u00e9r csodaszarvas v\u00e1gt\u00e1zott az Ipoly \u00e1rter\u00e9ben<\/a> \u00e9s <a href=\"https:\/\/sokszinuvidek.24.hu\/viragzo-videkunk\/2026\/02\/06\/bamulatos-szarvasrudli-vagtazo-szarvasok-somogy-varmegye\/\" target=\"_blank\" rel=\"noopener\">hatalmas szarvasrudli szelte \u00e1t az utat egy somogyi falu hat\u00e1r\u00e1ban<\/a>. A somogyi erd\u0151kben pedig <a href=\"https:\/\/sokszinuvidek.24.hu\/viragzo-videkunk\/2026\/02\/10\/illegalis-agancsgyujtes-zero-tolerancia-buntetes\/\" target=\"_blank\" rel=\"noopener\">z\u00e9r\u00f3 toleranci\u00e1t hirdettek az illeg\u00e1lis agancsgy\u0171jt\u0151k ellen<\/a>.<\/p>\n<div class=\"o-post__articRecommend m-articRecommend -hasImg cf article-recommendation-container cf _ce_measure_widget\" data-ce-measure-widget=\"Cikkaj\u00e1nl\u00f3 widget\">\n<div class=\"m-articRecommend__widgetTitle\">Kapcsol\u00f3d\u00f3<\/div>\n<div class=\"m-articRecommend__imgWrap image-container\"><a href=\"https:\/\/sokszinuvidek.24.hu\/mozaik\/2025\/04\/16\/szarvas-gimszarvas-salgotarjan-jatszoter\/\" target=\"_self\"><img decoding=\"async\" loading=\"lazy\" width=\"480\" height=\"270\" src=\"https:\/\/s.24.hu\/app\/uploads\/sites\/11\/2025\/04\/top-dog-864802_1280-e1744736414738-480x270.jpg\" class=\"img-responsive wp-post-image\" alt=\"\" \/><\/a><\/div>\n<div class=\"m-articRecommend__cntWrap content-container \">\n\t\t\t<a href=\"https:\/\/sokszinuvidek.24.hu\/mozaik\/2025\/04\/16\/szarvas-gimszarvas-salgotarjan-jatszoter\/\" target=\"_self\" class=\"m-articRecommend__title ar-title\">Vide\u00f3: ujjongva fogadt\u00e1k a gyerekek a j\u00e1tsz\u00f3t\u00e9r mellett v\u00e1gtat\u00f3 szarvast<\/a>\n<div class=\"m-articRecommend__lead ar-lead\">A salg\u00f3tarj\u00e1ni v\u00e1rosr\u00e9szen egyre gyakrabban l\u00e1tnak szarvast, de az igencsak ritka, hogy f\u00e9nyes nappal szaladg\u00e1ljon egy p\u00e9ld\u00e1ny a j\u00e1tsz\u00f3t\u00e9r mellett.<\/div>\n<\/div>\n<\/div>\n<p>The post <a href=\"https:\/\/sokszinuvidek.24.hu\/mozaik\/2026\/03\/06\/gimszarvas-szarvas-korosvolgyi-allatpark-agancs-agancshullatas\/\" target=\"_blank\">B\u00e1tor \u201eler\u00e1zta&#8221; mindk\u00e9t agancs\u00e1t, f\u00e9l kil\u00f3val s\u00falyosabbak, mint tavaly<\/a> first appeared on <a href=\"https:\/\/sokszinuvidek.24.hu\/\" target=\"_blank\">Soksz\u00edn\u0171 vid\u00e9k<\/a>.<\/p><div id=\"friss-4251357030\" class=\"friss-etarget-cikk-vege friss-entity-placement\"><script type=\"text\/javascript\" id=\"etargetScript7a9b589f63cb072bef80df221f46a22b\">function etargetPostloadFunction7a9b589f63cb072bef80df221f46a22b(){var e=\"etargetPostload7a9b589f63cb072bef80df221f46a22b\",t=\"etargetScript7a9b589f63cb072bef80df221f46a22b\",o=document.getElementById(e);if(o){for(var n=o.offsetTop,d=o.offsetLeft,r=o.offsetWidth,a=o.offsetHeight;o.offsetParent;)o=o.offsetParent,n+=o.offsetTop,d+=o.offsetLeft;var i=(n<=window.pageYOffset+window.innerHeight&&d<window.pageXOffset+window.innerWidth&&n+a>window.pageYOffset&&d+r>window.pageXOffset);if(i&&etargetAllowOtherCheck){allowed=!1;var c=document.createElement(\"script\");return c.src=\"\/\/hu.search.etargetnet.com\/generic\/uni.php?g=ref:58661,area:700x210\",void(document.getElementById(t)&&document.getElementById(e)&&(document.getElementById(t).parentNode.appendChild(c),document.getElementById(t).parentNode.removeChild(document.getElementById(t)),document.getElementById(e).parentNode.removeChild(document.getElementById(e)),document.removeEventListener(\"scroll\",etargetPostloadFunction7a9b589f63cb072bef80df221f46a22b),document.removeEventListener(\"resize\",etargetPostloadFunction7a9b589f63cb072bef80df221f46a22b),document.removeEventListener(\"DOMContentLoaded\",etargetPostloadFunction7a9b589f63cb072bef80df221f46a22b)))}}}var etargetDivID=\"etargetPostload7a9b589f63cb072bef80df221f46a22b\",etargetScriptID=\"etargetScript7a9b589f63cb072bef80df221f46a22b\",etargetPostloadPoint=document.createElement(\"div\");etargetPostloadPoint.id=etargetDivID;var etargetCurScript=document.getElementById(etargetScriptID);etargetCurScript.parentNode.appendChild(etargetPostloadPoint),document.addEventListener(\"scroll\",etargetPostloadFunction7a9b589f63cb072bef80df221f46a22b),document.addEventListener(\"resize\",etargetPostloadFunction7a9b589f63cb072bef80df221f46a22b),document.addEventListener(\"DOMContentLoaded\",etargetPostloadFunction7a9b589f63cb072bef80df221f46a22b);var etargetAllowOtherCheck=!0;if(typeof(\"forceRunPostload\")==\"string\"){etargetPostloadFunction7a9b589f63cb072bef80df221f46a22b()}<\/script><\/div><div id=\"friss-2494975042\" class=\"friss-after-content friss-entity-placement\"><script type=\"text\/javascript\" id=\"etargetScript7a9b589f63cb072bef80df221f46a22b\">function etargetPostloadFunction7a9b589f63cb072bef80df221f46a22b(){var e=\"etargetPostload7a9b589f63cb072bef80df221f46a22b\",t=\"etargetScript7a9b589f63cb072bef80df221f46a22b\",o=document.getElementById(e);if(o){for(var n=o.offsetTop,d=o.offsetLeft,r=o.offsetWidth,a=o.offsetHeight;o.offsetParent;)o=o.offsetParent,n+=o.offsetTop,d+=o.offsetLeft;var i=(n<=window.pageYOffset+window.innerHeight&&d<window.pageXOffset+window.innerWidth&&n+a>window.pageYOffset&&d+r>window.pageXOffset);if(i&&etargetAllowOtherCheck){allowed=!1;var c=document.createElement(\"script\");return c.src=\"\/\/hu.search.etargetnet.com\/generic\/uni.php?g=ref:58661,area:700x210\",void(document.getElementById(t)&&document.getElementById(e)&&(document.getElementById(t).parentNode.appendChild(c),document.getElementById(t).parentNode.removeChild(document.getElementById(t)),document.getElementById(e).parentNode.removeChild(document.getElementById(e)),document.removeEventListener(\"scroll\",etargetPostloadFunction7a9b589f63cb072bef80df221f46a22b),document.removeEventListener(\"resize\",etargetPostloadFunction7a9b589f63cb072bef80df221f46a22b),document.removeEventListener(\"DOMContentLoaded\",etargetPostloadFunction7a9b589f63cb072bef80df221f46a22b)))}}}var etargetDivID=\"etargetPostload7a9b589f63cb072bef80df221f46a22b\",etargetScriptID=\"etargetScript7a9b589f63cb072bef80df221f46a22b\",etargetPostloadPoint=document.createElement(\"div\");etargetPostloadPoint.id=etargetDivID;var etargetCurScript=document.getElementById(etargetScriptID);etargetCurScript.parentNode.appendChild(etargetPostloadPoint),document.addEventListener(\"scroll\",etargetPostloadFunction7a9b589f63cb072bef80df221f46a22b),document.addEventListener(\"resize\",etargetPostloadFunction7a9b589f63cb072bef80df221f46a22b),document.addEventListener(\"DOMContentLoaded\",etargetPostloadFunction7a9b589f63cb072bef80df221f46a22b);var etargetAllowOtherCheck=!0;if(typeof(\"forceRunPostload\")==\"string\"){etargetPostloadFunction7a9b589f63cb072bef80df221f46a22b()}<\/script><\/div><div id=\"friss-2338163907\" class=\"friss-after-content_2 friss-entity-placement\" style=\"clear: both;\"><div class=\"wprss_ajax\" data-id=\"rssba7ce83332\"><img loading=\"lazy\" decoding=\"async\" src=\"https:\/\/friss-hirek.hu\/wp-content\/plugins\/wp-rss-retriever\/inc\/imgs\/ajax-loader.gif\" alt=\"Loading RSS Feed\" width=\"16\" height=\"16\"><\/div><\/div><br style=\"clear: both; display: block; float: none;\"\/><div id=\"friss-3776084769\" class=\"friss-after-content_3 friss-entity-placement\">https:\/\/www.youtube.com\/watch?v=Pdnw4KiUWp0<\/div>","protected":false},"excerpt":{"rendered":"<p>Akik m\u00e1rcius els\u0151 vas\u00e1rnapj\u00e1n a szarvasi \u00e1llatparkba l\u00e1togattak, azok megfigyelhett\u00e9k, hogy az Anna-liget g\u00edmszarvas bik\u00e1ja a jobb agancssz\u00e1ra n\u00e9lk\u00fcl s\u00e9t\u00e1lgat, h\u00e9tf\u0151n azt\u00e1n m\u00e1r a bal oldali agancssz\u00e1r is lehullott B\u00e1tor fej\u00e9r\u0151l \u2013 \u00edrta meg a nemzeti park weboldal\u00e1n. Az agancshullat\u00e1s a g\u00edmszarvasbik\u00e1k term\u00e9szetes, \u00e9vente ism\u00e9tl\u0151d\u0151 \u00e9lettani folyamata, amely az \u00faj fejd\u00edsz n\u00f6veked\u00e9s\u00e9nek kezdet\u00e9t jelzi. A [&hellip;]<\/p>\n","protected":false},"author":1,"featured_media":0,"comment_status":"open","ping_status":"open","sticky":false,"template":"","format":"standard","meta":{"footnotes":""},"categories":[6],"tags":[],"class_list":["post-163805","post","type-post","status-publish","format-standard","hentry","category-videk"],"amp_enabled":true,"_links":{"self":[{"href":"https:\/\/friss-hirek.hu\/index.php\/wp-json\/wp\/v2\/posts\/163805","targetHints":{"allow":["GET"]}}],"collection":[{"href":"https:\/\/friss-hirek.hu\/index.php\/wp-json\/wp\/v2\/posts"}],"about":[{"href":"https:\/\/friss-hirek.hu\/index.php\/wp-json\/wp\/v2\/types\/post"}],"author":[{"embeddable":true,"href":"https:\/\/friss-hirek.hu\/index.php\/wp-json\/wp\/v2\/users\/1"}],"replies":[{"embeddable":true,"href":"https:\/\/friss-hirek.hu\/index.php\/wp-json\/wp\/v2\/comments?post=163805"}],"version-history":[{"count":0,"href":"https:\/\/friss-hirek.hu\/index.php\/wp-json\/wp\/v2\/posts\/163805\/revisions"}],"wp:attachment":[{"href":"https:\/\/friss-hirek.hu\/index.php\/wp-json\/wp\/v2\/media?parent=163805"}],"wp:term":[{"taxonomy":"category","embeddable":true,"href":"https:\/\/friss-hirek.hu\/index.php\/wp-json\/wp\/v2\/categories?post=163805"},{"taxonomy":"post_tag","embeddable":true,"href":"https:\/\/friss-hirek.hu\/index.php\/wp-json\/wp\/v2\/tags?post=163805"}],"curies":[{"name":"wp","href":"https:\/\/api.w.org\/{rel}","templated":true}]}}