{"id":165376,"date":"2026-04-11T04:47:37","date_gmt":"2026-04-11T04:47:37","guid":{"rendered":"https:\/\/friss-hirek.hu\/index.php\/magyarorszag-kincsei-nograd-varmegye-10-paratlanul-szep-latnivaloja\/friss-hirek\/"},"modified":"2026-04-11T04:47:37","modified_gmt":"2026-04-11T04:47:37","slug":"magyarorszag-kincsei-nograd-varmegye-10-paratlanul-szep-latnivaloja","status":"publish","type":"post","link":"https:\/\/friss-hirek.hu\/index.php\/magyarorszag-kincsei-nograd-varmegye-10-paratlanul-szep-latnivaloja\/videk\/","title":{"rendered":"Magyarorsz\u00e1g kincsei: N\u00f3gr\u00e1d v\u00e1rmegye 10 p\u00e1ratlanul sz\u00e9p l\u00e1tnival\u00f3ja"},"content":{"rendered":"<p>N\u00f3gr\u00e1d v\u00e1rmegye Magyarorsz\u00e1g egyik legv\u00e1ltozatosabb vid\u00e9ke, ahol a vil\u00e1g\u00f6r\u00f6ks\u00e9gi helysz\u00ednek, k\u00f6z\u00e9pkori v\u00e1rak \u00e9s k\u00fcl\u00f6nleges term\u00e9szeti k\u00e9pz\u0151dm\u00e9nyek tal\u00e1lkoznak.<\/p><div id=\"friss-3317399474\" class=\"friss-etarget friss-entity-placement\"><script type=\"text\/javascript\" id=\"etargetScript7a9b589f63cb072bef80df221f46a22b\">function etargetPostloadFunction7a9b589f63cb072bef80df221f46a22b(){var e=\"etargetPostload7a9b589f63cb072bef80df221f46a22b\",t=\"etargetScript7a9b589f63cb072bef80df221f46a22b\",o=document.getElementById(e);if(o){for(var n=o.offsetTop,d=o.offsetLeft,r=o.offsetWidth,a=o.offsetHeight;o.offsetParent;)o=o.offsetParent,n+=o.offsetTop,d+=o.offsetLeft;var i=(n<=window.pageYOffset+window.innerHeight&&d<window.pageXOffset+window.innerWidth&&n+a>window.pageYOffset&&d+r>window.pageXOffset);if(i&&etargetAllowOtherCheck){allowed=!1;var c=document.createElement(\"script\");return c.src=\"\/\/hu.search.etargetnet.com\/generic\/uni.php?g=ref:58661,area:700x210\",void(document.getElementById(t)&&document.getElementById(e)&&(document.getElementById(t).parentNode.appendChild(c),document.getElementById(t).parentNode.removeChild(document.getElementById(t)),document.getElementById(e).parentNode.removeChild(document.getElementById(e)),document.removeEventListener(\"scroll\",etargetPostloadFunction7a9b589f63cb072bef80df221f46a22b),document.removeEventListener(\"resize\",etargetPostloadFunction7a9b589f63cb072bef80df221f46a22b),document.removeEventListener(\"DOMContentLoaded\",etargetPostloadFunction7a9b589f63cb072bef80df221f46a22b)))}}}var etargetDivID=\"etargetPostload7a9b589f63cb072bef80df221f46a22b\",etargetScriptID=\"etargetScript7a9b589f63cb072bef80df221f46a22b\",etargetPostloadPoint=document.createElement(\"div\");etargetPostloadPoint.id=etargetDivID;var etargetCurScript=document.getElementById(etargetScriptID);etargetCurScript.parentNode.appendChild(etargetPostloadPoint),document.addEventListener(\"scroll\",etargetPostloadFunction7a9b589f63cb072bef80df221f46a22b),document.addEventListener(\"resize\",etargetPostloadFunction7a9b589f63cb072bef80df221f46a22b),document.addEventListener(\"DOMContentLoaded\",etargetPostloadFunction7a9b589f63cb072bef80df221f46a22b);var etargetAllowOtherCheck=!0;if(typeof(\"forceRunPostload\")==\"string\"){etargetPostloadFunction7a9b589f63cb072bef80df221f46a22b()}<\/script><\/div>\n<p>A t\u00e9rs\u00e9g gazdag t\u00f6rt\u00e9nelmi \u00f6r\u00f6ks\u00e9ggel rendelkezik, amelynek k\u00f6zpontj\u00e1ban a pal\u00f3c kult\u00fara \u00e9s a v\u00e9gv\u00e1rak \u00e1llnak. A v\u00e1rmegye domborzat\u00e1t a Cserh\u00e1t \u00e9s a B\u00f6rzs\u00f6ny lank\u00e1i, valamint egyed\u00fcl\u00e1ll\u00f3 geol\u00f3giai \u00e9rt\u00e9kek hat\u00e1rozz\u00e1k meg. Ezek a term\u00e9szeti kincsek mind hozz\u00e1j\u00e1rulnak N\u00f3gr\u00e1d v\u00e1rmegye v\u00e1ltozatos \u00f6kol\u00f3giai \u00e9rt\u00e9keihez \u00e9s gazdag term\u00e9szeti \u00f6r\u00f6ks\u00e9g\u00e9hez, \u00e9s kiv\u00e1l\u00f3 helysz\u00ednt biztos\u00edt azoknak a term\u00e9szetj\u00e1r\u00f3knak, t\u00far\u00e1z\u00f3knak \u00e9s minden olyan embernek, akik szeretn\u00e9nek k\u00f6zelebb ker\u00fclni a term\u00e9szethez.<\/p>\n<p>N\u00f3gr\u00e1d v\u00e1rmegye term\u00e9szeti kincsei k\u00fcl\u00f6nleges t\u00e1jakat \u00e9s gazdag \u00e9l\u0151vil\u00e1got k\u00edn\u00e1lnak, amelyek ide\u00e1lisak a t\u00far\u00e1z\u00f3k, term\u00e9szetkedvel\u0151k \u00e9s a pihenni v\u00e1gy\u00f3k sz\u00e1m\u00e1ra. A v\u00e9dett ter\u00fcletek, hegyek, erd\u0151k, patakok \u00e9s forr\u00e1sok mind-mind hozz\u00e1j\u00e1rulnak ahhoz, hogy a vid\u00e9k egyedi \u00e9lm\u00e9nyeket ny\u00fajtson a l\u00e1togat\u00f3knak.<\/p>\n<p>Ezek a helyek izgalmas t\u00f6rt\u00e9neteket \u00e9s k\u00fcl\u00f6nleges hangulatot k\u00edn\u00e1lnak azoknak, akik szeretnek let\u00e9rni a megszokott \u00fatvonalakr\u00f3l. \u00d6sszegy\u0171jt\u00f6tt\u00fcnk n\u00e9h\u00e1ny olyan l\u00e1tnival\u00f3t, amely j\u00f3l mutatja, mennyi felfedeznival\u00f3 v\u00e1r m\u00e9g a k\u00edv\u00e1ncsi utaz\u00f3kra N\u00f3gr\u00e1d v\u00e1rmegy\u00e9ben.<\/p>\n<h2>Salg\u00f3 v\u00e1ra \u00e9s Kis-Salg\u00f3, ahol a csillagok karny\u00fajt\u00e1snyira vannak<\/h2>\n<p>Salg\u00f3tarj\u00e1nt\u00f3l \u00e9szakkeletre, egy 625 m magas vulk\u00e1ni k\u00fapon tal\u00e1ljuk <strong>Salg\u00f3 v\u00e1r\u00e1t<\/strong>. A n\u00e9v jelent\u00e9se f\u00e9nyl\u0151, ragyog\u00f3.<\/p>\n<p>A Medves-fenns\u00edk egy magas, kiemelked\u0151 sziklaszirtj\u00e9t koron\u00e1zza a b\u00fcszke Salg\u00f3 v\u00e1ra. A messzir\u0151l l\u00e1tsz\u00f3 meredek vulk\u00e1ni k\u00fapra \u00e9p\u00fclt v\u00e1r romjait k\u00f6nny\u0171 kir\u00e1ndul\u00e1ssal l\u00e1togathatjuk meg. Salg\u00f3 v\u00e1ra a Medves-fenns\u00edk 625 m\u00e9ter magas vulk\u00e1ni cs\u00facs\u00e1n magasodik Salg\u00f3tarj\u00e1n (Salg\u00f3b\u00e1nya) k\u00f6zel\u00e9ben. A 13. sz\u00e1zadban \u00e9p\u00fclt er\u0151d\u00edtm\u00e9ny nemcsak t\u00f6rt\u00e9nelmi rom, hanem az orsz\u00e1g egyik legszebb k\u00f6rpanor\u00e1m\u00e1j\u00e1t ny\u00fajt\u00f3 kil\u00e1t\u00f3pontja is, ahonnan tiszta id\u0151ben ak\u00e1r a Magas-T\u00e1tra cs\u00facsai is l\u00e1tszanak.<\/p>\n<p>A <strong>Kis-Salg\u00f3 (m\u00e1s n\u00e9ven Boszork\u00e1ny-k\u0151)<\/strong> egy 571 m\u00e9ter magas, l\u00e1tv\u00e1nyos bazalttar\u00e9j Salg\u00f3b\u00e1nya k\u00f6zvetlen k\u00f6zel\u00e9ben, Salg\u00f3 v\u00e1r\u00e1t\u00f3l d\u00e9lre. A helysz\u00edn a Novohrad-N\u00f3gr\u00e1d UNESCO Glob\u00e1lis Geopark egyik legfontosabb f\u00f6ldtani l\u00e1tv\u00e1nyoss\u00e1ga.<\/p>\n<p>A sziklafalon egy 10 \u00e1llom\u00e1sos geol\u00f3giai tan\u00f6sv\u00e9ny vezet v\u00e9gig, amely bemutatja a ter\u00fclet vulk\u00e1ni m\u00faltj\u00e1t, a \u201ekukoricacs\u00f6vesed\u0151\u201d bazaltot \u00e9s a k\u00fcl\u00f6nleges sz\u00e9lmarta szikl\u00e1kat. A gerincr\u0151l \u00e9s a sziklaszirtr\u0151l leny\u0171g\u00f6z\u0151 kil\u00e1t\u00e1s ny\u00edlik Salg\u00f3 v\u00e1r\u00e1ra, a Karancsra, a Medves-fenns\u00edkra, tiszta id\u0151ben pedig ak\u00e1r a Magas-T\u00e1tra cs\u00facsai is l\u00e1that\u00f3ak.<\/p>\n<p><strong>Boszork\u00e1ny-k\u0151 legend\u00e1ja<\/strong><\/p>\n<p>A n\u00e9pi eml\u00e9kezet szerint a hely egykor boszork\u00e1nyok tal\u00e1lkoz\u00f3helye volt, akik tiszta \u00e9jszak\u00e1kon itt t\u00e1ncoltak, \u00e9s ide sodort\u00e1k azokat a l\u00e1nyokat, akiknek \u201erossz h\u00edr\u00fck\u201d volt a faluban.<\/p>\n<p>A legenda szerint innen l\u00f6kt\u00e9k a m\u00e9lybe vagy itt \u00e9gett\u00e9k el hajdan a boszork\u00e1nys\u00e1ggal megv\u00e1dolt asszonyokat \u00e9s l\u00e1nyokat. A k\u0151k\u00e9pz\u0151dm\u00e9ny \u00e9s szilagerinc az egyik oldal\u00e1n el\u00e9ri a 15-20 m\u00e9teres magass\u00e1got is.<\/p>\n<p><a class=\"m-nextGallery _ce_measure_widget _ce_measure_link\" href=\"https:\/\/sokszinuvidek.24.hu\/viragzo-videkunk\/2026\/04\/11\/nograd-varmegye-turizmus-kirandulas\/?gallery=1\/1\/gcqszcks.jpg\" data-ce-measure-widget=\"gallery-open\"><\/a><\/p>\n<div class=\"m-nextGallery__featureImageCnt\">\n\t\t<img loading=\"lazy\" decoding=\"async\" width=\"2048\" height=\"1474\" src=\"https:\/\/s.24.hu\/app\/uploads\/sites\/11\/2026\/03\/gcqszcks.jpg\" class=\"m-nextGallery__featureImage wp-image-363773\" alt=\"\" \/>\t<\/div>\n<div class=\"m-nextGallery__thumbnailCnt\">\n<div class=\"m-nextGallery__thumbnail\">\n<div class=\"m-nextGallery__thumbnailAspectRatio\"><img loading=\"lazy\" decoding=\"async\" width=\"1600\" height=\"1067\" src=\"https:\/\/s.24.hu\/app\/uploads\/sites\/11\/2026\/03\/11-1.jpg\" class=\"m-nextGallery__thumbnailImage wp-image-363793\" alt=\"\" \/><\/div>\n<\/div>\n<div class=\"m-nextGallery__thumbnail\">\n<div class=\"m-nextGallery__thumbnailAspectRatio\"><img loading=\"lazy\" decoding=\"async\" width=\"1700\" height=\"1133\" src=\"https:\/\/s.24.hu\/app\/uploads\/sites\/11\/2026\/03\/11.jpg\" class=\"m-nextGallery__thumbnailImage wp-image-363781\" alt=\"\" \/><\/div>\n<\/div>\n<div class=\"m-nextGallery__thumbnail\">\n<div class=\"m-nextGallery__thumbnailAspectRatio\"><img decoding=\"async\" loading=\"lazy\" width=\"1700\" height=\"1131\" src=\"https:\/\/s.24.hu\/app\/uploads\/sites\/11\/2026\/03\/7-2.jpg\" class=\"m-nextGallery__thumbnailImage wp-image-363792\" alt=\"\" \/><\/div>\n<\/div>\n<div class=\"m-nextGallery__thumbnail -last\">\n<div class=\"m-nextGallery__thumbnailAspectRatio\"><img decoding=\"async\" loading=\"lazy\" width=\"2048\" height=\"1465\" src=\"https:\/\/s.24.hu\/app\/uploads\/sites\/11\/2026\/03\/la7ab290.jpg\" class=\"m-nextGallery__thumbnailImage wp-image-363774\" alt=\"\" \/><\/div>\n<div class=\"m-nextGallery__summary\">\n\t\t\t\t<span class=\"m-nextGallery__summaryIcon\">\n<p>\t\t\t\t<\/p><\/span><br \/>\n\t\t\t\t<span class=\"m-nextGallery__summaryText\"><b>21<\/b> fot\u00f3<\/span>\n\t\t\t<\/div>\n<\/div>\n<\/div>\n<p><\/p>\n<h2>Kaz\u00e1ri riolittufa, holdb\u00e9li t\u00e1j a Pal\u00f3cf\u00f6ld\u00f6n<\/h2>\n<p>A M\u00e1traszele \u00e9s Kaz\u00e1r k\u00f6z\u00f6tti hegygerinc d\u00e9li oldal\u00e1n alakult ki a n\u00f6v\u00e9nyzet n\u00e9lk\u00fcli, riolittuf\u00e1val bor\u00edtott, m\u00e9lyen bar\u00e1zd\u00e1lt felsz\u00edn. A sz\u00ednes n\u00e9pviselet\u00e9r\u0151l \u00e9s gazdag folkl\u00f3rj\u00e1r\u00f3l h\u00edres kis N\u00f3gr\u00e1d megyei falut\u00f3l, Kaz\u00e1rt\u00f3l nem messze Magyarorsz\u00e1gon egyed\u00fcl\u00e1ll\u00f3 geol\u00f3giai ritkas\u00e1g, egy lepusztult riolittufa tal\u00e1lhat\u00f3. A k\u00fcl\u00f6nleges megjelen\u00e9s\u0171, feh\u00e9r, tarajos hull\u00e1moknak kin\u00e9z\u0151 k\u0151zet vulk\u00e1ni m\u0171k\u00f6d\u00e9s eredm\u00e9nyek\u00e9nt keletkezett 20 milli\u00f3 \u00e9vvel ezel\u0151tt. A puha tufafelsz\u00ednt a v\u00edz er\u00f3zi\u00f3s munk\u00e1ja alak\u00edtotta jelenlegi form\u00e1j\u00e1ra.<\/p>\n<p>Mintegy 20 milli\u00f3 \u00e9ve, a mioc\u00e9n vulk\u00e1noss\u00e1g sor\u00e1n, ker\u00fclt a felsz\u00ednre. Nagy val\u00f3sz\u00edn\u0171s\u00e9ggel a M\u00e1tra vulk\u00e1ni kit\u00f6r\u00e9seinek sz\u00f3rt anyaga, amely vegyes \u00f6sszet\u00e9tel\u0171 \u00e9s k\u00fcl\u00f6nb\u00f6z\u0151 szemszerkezet\u0171. A port\u00f3l a nagyobb r\u00f6g\u00f6kig minden m\u00e9ret el\u0151fordul. A puha riolittufa felsz\u00ednt a v\u00edz er\u00f3zi\u00f3s munk\u00e1ja form\u00e1lta, benne m\u00e9ly \u00e1rkokat szabdalt.<\/p>\n<p><a class=\"m-nextGallery _ce_measure_widget _ce_measure_link\" href=\"https:\/\/sokszinuvidek.24.hu\/viragzo-videkunk\/2026\/04\/11\/nograd-varmegye-turizmus-kirandulas\/?gallery=2\/1\/dsc00266-3.jpg\" data-ce-measure-widget=\"gallery-open\"><\/a><\/p>\n<div class=\"m-nextGallery__featureImageCnt\">\n\t\t<img decoding=\"async\" loading=\"lazy\" width=\"2619\" height=\"1746\" src=\"https:\/\/s.24.hu\/app\/uploads\/sites\/11\/2026\/03\/dsc00266-3.jpg\" class=\"m-nextGallery__featureImage wp-image-363796\" alt=\"\" \/>\t<\/div>\n<div class=\"m-nextGallery__thumbnailCnt\">\n<div class=\"m-nextGallery__thumbnail\">\n<div class=\"m-nextGallery__thumbnailAspectRatio\"><img decoding=\"async\" loading=\"lazy\" width=\"3000\" height=\"2000\" src=\"https:\/\/s.24.hu\/app\/uploads\/sites\/11\/2026\/03\/dsc00260-1.jpg\" class=\"m-nextGallery__thumbnailImage wp-image-363795\" alt=\"\" \/><\/div>\n<\/div>\n<div class=\"m-nextGallery__thumbnail\">\n<div class=\"m-nextGallery__thumbnailAspectRatio\"><img decoding=\"async\" loading=\"lazy\" width=\"2836\" height=\"1891\" src=\"https:\/\/s.24.hu\/app\/uploads\/sites\/11\/2026\/03\/dsc00273-6.jpg\" class=\"m-nextGallery__thumbnailImage wp-image-363798\" alt=\"\" \/><\/div>\n<\/div>\n<div class=\"m-nextGallery__thumbnail -last\">\n<div class=\"m-nextGallery__thumbnailAspectRatio\"><img decoding=\"async\" loading=\"lazy\" width=\"2500\" height=\"1667\" src=\"https:\/\/s.24.hu\/app\/uploads\/sites\/11\/2026\/03\/dsc00268-4.jpg\" class=\"m-nextGallery__thumbnailImage wp-image-363797\" alt=\"\" \/><\/div>\n<div class=\"m-nextGallery__summary\">\n\t\t\t\t<span class=\"m-nextGallery__summaryIcon\">\n<p>\t\t\t\t<\/p><\/span><br \/>\n\t\t\t\t<span class=\"m-nextGallery__summaryText\"><b>4<\/b> fot\u00f3<\/span>\n\t\t\t<\/div>\n<\/div>\n<\/div>\n<p><\/p>\n<h2>Harasztpusztai templom, a k\u00f6z\u00e9pkor lenyomata Herencs\u00e9nyben<\/h2>\n<p>A haraszti pusztai templom (vagy harasztipusztai templomrom) egy leny\u0171g\u00f6z\u0151 k\u00f6z\u00e9pkori m\u0171eml\u00e9k a Cserh\u00e1t lank\u00e1i k\u00f6z\u00f6tt, N\u00f3gr\u00e1d v\u00e1rmegy\u00e9ben, Herencs\u00e9ny k\u00fclter\u00fclet\u00e9n, egy olyan helyen, ahol a term\u00e9szet \u00e9s a m\u00falt tal\u00e1lkozik.<\/p>\n<p>A 14. sz\u00e1zadban \u00e9p\u00fclt g\u00f3tikus st\u00edlusban, b\u00e1r egyes elm\u00e9letek kor\u00e1bbi, 11. sz\u00e1zadi eredetet is felt\u00e9teleznek. Utols\u00f3 vall\u00e1si funkci\u00f3j\u00e1t a Pr\u00f3nay csal\u00e1d h\u00e1zi k\u00e1poln\u00e1jak\u00e9nt t\u00f6lt\u00f6tte be, majd az 1850-es \u00e9vekben a Tihanyi csal\u00e1d magt\u00e1rk\u00e9nt hasznos\u00edtotta, ez\u00e9rt h\u00edvj\u00e1k a k\u00f6znyelvben Magt\u00e1rtemplomnak is. Ma romos \u00e1llapotban van, tet\u0151zete megmaradt, de belseje teljesen \u00fcres, ajt\u00f3 n\u00e9lk\u00fcl l\u00e1togathat\u00f3. Gyakran emlegetik \u201et\u00f6r\u00f6k templomk\u00e9nt\u201d is a helyiek.<\/p>\n<p>A Harasztpusztai templomr\u00f3l <a href=\"https:\/\/sokszinuvidek.24.hu\/viragzo-videkunk\/2025\/11\/01\/herencsenyi-templom-eltunt-falu-hirmondoja\/\" target=\"_blank\" rel=\"noopener\">itt \u00edrtunk b\u0151vebben<\/a><\/p>\n<p><a class=\"m-nextGallery _ce_measure_widget _ce_measure_link\" href=\"https:\/\/sokszinuvidek.24.hu\/viragzo-videkunk\/2026\/04\/11\/nograd-varmegye-turizmus-kirandulas\/?gallery=3\/1\/kfo8p46d-1.jpg\" data-ce-measure-widget=\"gallery-open\"><\/a><\/p>\n<div class=\"m-nextGallery__featureImageCnt\">\n\t\t<img decoding=\"async\" loading=\"lazy\" width=\"1388\" height=\"2047\" src=\"https:\/\/s.24.hu\/app\/uploads\/sites\/11\/2026\/03\/kfo8p46d-1.jpg\" class=\"m-nextGallery__featureImage wp-image-363801\" alt=\"\" \/>\t<\/div>\n<div class=\"m-nextGallery__thumbnailCnt\">\n<div class=\"m-nextGallery__thumbnail\">\n<div class=\"m-nextGallery__thumbnailAspectRatio\"><img decoding=\"async\" loading=\"lazy\" width=\"1332\" height=\"2047\" src=\"https:\/\/s.24.hu\/app\/uploads\/sites\/11\/2026\/03\/vn5mgpnl-1.jpg\" class=\"m-nextGallery__thumbnailImage wp-image-363803\" alt=\"\" \/><\/div>\n<\/div>\n<div class=\"m-nextGallery__thumbnail\">\n<div class=\"m-nextGallery__thumbnailAspectRatio\"><img decoding=\"async\" loading=\"lazy\" width=\"2048\" height=\"1427\" src=\"https:\/\/s.24.hu\/app\/uploads\/sites\/11\/2026\/03\/me7027ju-1.jpg\" class=\"m-nextGallery__thumbnailImage wp-image-363802\" alt=\"\" \/><\/div>\n<\/div>\n<div class=\"m-nextGallery__thumbnail\">\n<div class=\"m-nextGallery__thumbnailAspectRatio\"><img decoding=\"async\" loading=\"lazy\" width=\"2048\" height=\"1365\" src=\"https:\/\/s.24.hu\/app\/uploads\/sites\/11\/2026\/03\/7f7yumvp-1.jpg\" class=\"m-nextGallery__thumbnailImage wp-image-363799\" alt=\"\" \/><\/div>\n<\/div>\n<div class=\"m-nextGallery__thumbnail -last\">\n<div class=\"m-nextGallery__thumbnailAspectRatio\"><img decoding=\"async\" loading=\"lazy\" width=\"1270\" height=\"2046\" src=\"https:\/\/s.24.hu\/app\/uploads\/sites\/11\/2026\/03\/gi-2l-r9-1.jpg\" class=\"m-nextGallery__thumbnailImage wp-image-363800\" alt=\"\" \/><\/div>\n<div class=\"m-nextGallery__summary\">\n\t\t\t\t<span class=\"m-nextGallery__summaryIcon\">\n<p>\t\t\t\t<\/p><\/span><br \/>\n\t\t\t\t<span class=\"m-nextGallery__summaryText\"><b>5<\/b> fot\u00f3<\/span>\n\t\t\t<\/div>\n<\/div>\n<\/div>\n<p><\/p>\n<h2>Kisharty\u00e1n k\u0151lyuk, haz\u00e1nk l\u00e1tv\u00e1nyos term\u00e9szeti csod\u00e1ja<\/h2>\n<p>Kisharty\u00e1n k\u00f6zel\u00e9ben, egy haz\u00e1nkban szokatlan, igen l\u00e1tv\u00e1nyos term\u00e9szeti csoda tal\u00e1lhat\u00f3, egy 300 m\u00e9ter hossz\u00fa, mintegy 30-40 m\u00e9ter magas, \u00f3ri\u00e1si, csaknem f\u00fcgg\u0151leges, s\u00e1rg\u00e1s sz\u00edn\u0171 homokk\u0151fal. A falub\u00f3l k\u00f6nnyen megk\u00f6zel\u00edthet\u0151 K\u0151lyuk-oldal k\u00fcl\u00f6nlegess\u00e9g\u00e9t fokozza, hogy a magasan a sziklafalba v\u00e1jt, egykor mened\u00e9kk\u00e9nt szolg\u00e1l\u00f3 \u00fcregekhez, remetelak\u00e1sokhoz, egy f\u00e9lelmetesnek t\u0171n\u0151, roppant meredek l\u00e9pcs\u0151soron tudunk felm\u00e1szni.<\/p>\n<p><a class=\"m-nextGallery _ce_measure_widget _ce_measure_link\" href=\"https:\/\/sokszinuvidek.24.hu\/viragzo-videkunk\/2026\/04\/11\/nograd-varmegye-turizmus-kirandulas\/?gallery=4\/1\/20250511_142625.jpg\" data-ce-measure-widget=\"gallery-open\"><\/a><\/p>\n<div class=\"m-nextGallery__featureImageCnt\">\n\t\t<img decoding=\"async\" loading=\"lazy\" width=\"3794\" height=\"2846\" src=\"https:\/\/s.24.hu\/app\/uploads\/sites\/11\/2026\/03\/20250511_142625.jpg\" class=\"m-nextGallery__featureImage wp-image-363813\" alt=\"\" \/>\t<\/div>\n<div class=\"m-nextGallery__thumbnailCnt\">\n<div class=\"m-nextGallery__thumbnail\">\n<div class=\"m-nextGallery__thumbnailAspectRatio\"><img decoding=\"async\" loading=\"lazy\" width=\"4000\" height=\"3000\" src=\"https:\/\/s.24.hu\/app\/uploads\/sites\/11\/2026\/03\/20250511_142556.jpg\" class=\"m-nextGallery__thumbnailImage wp-image-363812\" alt=\"\" \/><\/div>\n<\/div>\n<div class=\"m-nextGallery__thumbnail\">\n<div class=\"m-nextGallery__thumbnailAspectRatio\"><img decoding=\"async\" loading=\"lazy\" width=\"4000\" height=\"3000\" src=\"https:\/\/s.24.hu\/app\/uploads\/sites\/11\/2026\/03\/20250511_142204.jpg\" class=\"m-nextGallery__thumbnailImage wp-image-363810\" alt=\"\" \/><\/div>\n<\/div>\n<div class=\"m-nextGallery__thumbnail\">\n<div class=\"m-nextGallery__thumbnailAspectRatio\"><img decoding=\"async\" loading=\"lazy\" width=\"4000\" height=\"3000\" src=\"https:\/\/s.24.hu\/app\/uploads\/sites\/11\/2026\/03\/20250511_141512.jpg\" class=\"m-nextGallery__thumbnailImage wp-image-363806\" alt=\"\" \/><\/div>\n<\/div>\n<div class=\"m-nextGallery__thumbnail -last\">\n<div class=\"m-nextGallery__thumbnailAspectRatio\"><img decoding=\"async\" loading=\"lazy\" width=\"4000\" height=\"3000\" src=\"https:\/\/s.24.hu\/app\/uploads\/sites\/11\/2026\/03\/20250511_141522.jpg\" class=\"m-nextGallery__thumbnailImage wp-image-363807\" alt=\"\" \/><\/div>\n<div class=\"m-nextGallery__summary\">\n\t\t\t\t<span class=\"m-nextGallery__summaryIcon\">\n<p>\t\t\t\t<\/p><\/span><br \/>\n\t\t\t\t<span class=\"m-nextGallery__summaryText\"><b>10<\/b> fot\u00f3<\/span>\n\t\t\t<\/div>\n<\/div>\n<\/div>\n<p><\/p>\n<h2>Paris-patak v\u00f6lgye, a n\u00f3gr\u00e1di Grand Canyon<\/h2>\n<p>Paris patak szurdokv\u00f6lgye (N\u00f3gr\u00e1dszak\u00e1li Pal\u00f3c Grand Canyon) term\u00e9szetv\u00e9delmi ter\u00fcletet N\u00f3gr\u00e1dszak\u00e1l k\u00f6zs\u00e9gt\u0151l \u00e9szakra tal\u00e1ljuk ott, ahol az Ipoly, a k\u00f6z\u00fat \u00e9s a vas\u00fat a legk\u00f6zelebb szorulnak egym\u00e1shoz. A n\u00f3gr\u00e1di (Grand Canyon) az \u00e9v nagy r\u00e9sz\u00e9ben teljesen sz\u00e1raz. Csapad\u00e9kos id\u0151ben \u00e9s h\u00f3olvad\u00e1skor viszont sz\u00e9p v\u00edzes\u00e9sek k\u00e9pz\u0151dnek a 15-20 m m\u00e9ly, szinte f\u00fcgg\u0151leges fal\u00fa szurdok-v\u00f6lgyben.<\/p>\n<p>T\u00f6bb milli\u00f3 \u00e9vvel ezel\u0151tt foly\u00f3 kanyargott itt, \u00e9s a felhalmoz\u00f3dott hordal\u00e9k megk\u00f6ves\u00fclt r\u00e9tegeit lehet megcsod\u00e1lni. A hajdani foly\u00f3 \u00fagy v\u00e1jta ki medr\u00e9t, hogy ha a szurdokban s\u00e9t\u00e1l az ember, f\u00f6l\u00e9magasodnak a hordal\u00e9kb\u00f3l keletkezett, sziklaszer\u0171 \u00e9p\u00edtm\u00e9nyek. N\u00e9hol fagy\u00f6kerek sz\u00f6vik \u00e1t a k\u0151r\u00e9tegeket, itt-ott kid\u0151lt fat\u00f6rzseken \u00e9s moh\u00e1t\u00f3l cs\u00fasz\u00f3s k\u0151t\u00f6mb\u00f6k\u00f6n kell \u00e1tm\u00e1szni. Ind\u00e1k ny\u00falnak a gyan\u00fatlan v\u00e1ndor ut\u00e1n, \u00e9s sz\u00fanyoghadak ostromolj\u00e1k. Tavasszal \u00e9s \u0151sszel, es\u0151z\u00e9sek idej\u00e9n m\u00e9g csordog\u00e1l a P\u00e1ris patak, egy\u00e9bk\u00e9nt a l\u00e1togat\u00f3 csup\u00e1n a kisz\u00e1radt medret l\u00e1thatja.<\/p>\n<p>A Paris-patak v\u00f6lgy\u00e9r\u0151l <a href=\"https:\/\/sokszinuvidek.24.hu\/viragzo-videkunk\/2017\/10\/09\/vilagviszonylatban-is-kuriozumnak-szamit-a-magyar-grand-canyon\/\" target=\"_blank\" rel=\"noopener\">itt \u00edrtunk r\u00e9szletesen<\/a><\/p>\n<p><a class=\"m-nextGallery _ce_measure_widget _ce_measure_link\" href=\"https:\/\/sokszinuvidek.24.hu\/viragzo-videkunk\/2026\/04\/11\/nograd-varmegye-turizmus-kirandulas\/?gallery=5\/1\/gopr3360-15.jpg\" data-ce-measure-widget=\"gallery-open\"><\/a><\/p>\n<div class=\"m-nextGallery__featureImageCnt\">\n\t\t<img decoding=\"async\" loading=\"lazy\" width=\"1839\" height=\"1379\" src=\"https:\/\/s.24.hu\/app\/uploads\/sites\/11\/2026\/03\/gopr3360-15.jpg\" class=\"m-nextGallery__featureImage wp-image-363815\" alt=\"\" \/>\t<\/div>\n<div class=\"m-nextGallery__thumbnailCnt\">\n<div class=\"m-nextGallery__thumbnail\">\n<div class=\"m-nextGallery__thumbnailAspectRatio\"><img decoding=\"async\" loading=\"lazy\" width=\"2000\" height=\"1500\" src=\"https:\/\/s.24.hu\/app\/uploads\/sites\/11\/2026\/03\/gopr3362-16.jpg\" class=\"m-nextGallery__thumbnailImage wp-image-363816\" alt=\"\" \/><\/div>\n<\/div>\n<div class=\"m-nextGallery__thumbnail\">\n<div class=\"m-nextGallery__thumbnailAspectRatio\"><img decoding=\"async\" loading=\"lazy\" width=\"2000\" height=\"1500\" src=\"https:\/\/s.24.hu\/app\/uploads\/sites\/11\/2026\/03\/gopr3377-20.jpg\" class=\"m-nextGallery__thumbnailImage wp-image-363817\" alt=\"\" \/><\/div>\n<\/div>\n<div class=\"m-nextGallery__thumbnail -last\">\n<div class=\"m-nextGallery__thumbnailAspectRatio\"><img decoding=\"async\" loading=\"lazy\" width=\"2000\" height=\"1500\" src=\"https:\/\/s.24.hu\/app\/uploads\/sites\/11\/2026\/03\/gopr3379-19.jpg\" class=\"m-nextGallery__thumbnailImage wp-image-363818\" alt=\"\" \/><\/div>\n<div class=\"m-nextGallery__summary\">\n\t\t\t\t<span class=\"m-nextGallery__summaryIcon\">\n<p>\t\t\t\t<\/p><\/span><br \/>\n\t\t\t\t<span class=\"m-nextGallery__summaryText\"><b>4<\/b> fot\u00f3<\/span>\n\t\t\t<\/div>\n<\/div>\n<\/div>\n<p><\/p>\n<h2>K\u00e9z-kil\u00e1t\u00f3, \u201eIsten tenyere\u201d, ahol a kir\u00e1ndul\u00f3kat a tenyer\u00e9n hordozza a term\u00e9szet<\/h2>\n<p>A Cserh\u00e1tban tal\u00e1lhat\u00f3 K\u00e9z kil\u00e1t\u00f3 nem egy tipikus magyar kil\u00e1t\u00f3, hiszen nem egy magasod\u00f3 toronyr\u00f3l, hanem egy kil\u00e1t\u00f3pontr\u00f3l van sz\u00f3. Holl\u00f3k\u0151 \u00e9s Fels\u0151told hat\u00e1r\u00e1n, a Cserh\u00e1t vonulatai k\u00f6z\u00f6tt tal\u00e1lhat\u00f3 az \u201cIsten tenyere\u201d, azaz a K\u00e9z Kil\u00e1t\u00f3. Fest\u0151i sz\u00e9ps\u00e9g\u0171, vadreg\u00e9nyes t\u00e1j \u00e9s am\u00edg a szem ell\u00e1t csod\u00e1s panor\u00e1ma fogadja az ide \u00e9rkez\u0151 turist\u00e1kat.<\/p>\n<p>Az \u201eIsten tenyere\u201d kil\u00e1t\u00f3terasznak nevezett alkot\u00e1st a Farkask\u00fatv\u00f6lgy Hagyom\u00e1ny\u0151rz\u0151 \u00e9s L\u00f3teny\u00e9szt\u0151 SE felk\u00e9r\u00e9s\u00e9re Cs\u00edkszentmih\u00e1lyi Benj\u00e1min tervezte \u00e9s k\u00e9sz\u00edtette el. A 2020 v\u00e9g\u00e9n fel\u00e1ll\u00edtott, egyedi alkot\u00e1s \u00e9p\u00edt\u0151anyag\u00e1t a Farkask\u00fatv\u00f6lgy ter\u00fclet\u00e9n tal\u00e1lhat\u00f3 erd\u0151 holtf\u00e1i adt\u00e1k. A l\u00e1togat\u00e1sa izgalmas \u00e9lm\u00e9nyt jelent \u00e9s nem csak a kil\u00e1t\u00f3 egyedis\u00e9ge miatt, hanem a p\u00e1ratlanul sz\u00e9p panor\u00e1ma is nem mindennapi eml\u00e9ket ad a kir\u00e1ndul\u00f3knak.<\/p>\n<p><a class=\"m-nextGallery _ce_measure_widget _ce_measure_link\" href=\"https:\/\/sokszinuvidek.24.hu\/viragzo-videkunk\/2026\/04\/11\/nograd-varmegye-turizmus-kirandulas\/?gallery=6\/1\/psx_20250710_211904.jpg\" data-ce-measure-widget=\"gallery-open\"><\/a><\/p>\n<div class=\"m-nextGallery__featureImageCnt\">\n\t\t<img decoding=\"async\" loading=\"lazy\" width=\"4000\" height=\"3000\" src=\"https:\/\/s.24.hu\/app\/uploads\/sites\/11\/2026\/03\/psx_20250710_211904.jpg\" class=\"m-nextGallery__featureImage wp-image-363824\" alt=\"\" \/>\t<\/div>\n<div class=\"m-nextGallery__thumbnailCnt\">\n<div class=\"m-nextGallery__thumbnail\">\n<div class=\"m-nextGallery__thumbnailAspectRatio\"><img decoding=\"async\" loading=\"lazy\" width=\"3930\" height=\"2948\" src=\"https:\/\/s.24.hu\/app\/uploads\/sites\/11\/2026\/03\/psx_20250710_211538.jpg\" class=\"m-nextGallery__thumbnailImage wp-image-363821\" alt=\"\" \/><\/div>\n<\/div>\n<div class=\"m-nextGallery__thumbnail\">\n<div class=\"m-nextGallery__thumbnailAspectRatio\"><img decoding=\"async\" loading=\"lazy\" width=\"3909\" height=\"2932\" src=\"https:\/\/s.24.hu\/app\/uploads\/sites\/11\/2026\/03\/psx_20250710_211827.jpg\" class=\"m-nextGallery__thumbnailImage wp-image-363823\" alt=\"\" \/><\/div>\n<\/div>\n<div class=\"m-nextGallery__thumbnail\">\n<div class=\"m-nextGallery__thumbnailAspectRatio\"><img decoding=\"async\" loading=\"lazy\" width=\"4000\" height=\"3000\" src=\"https:\/\/s.24.hu\/app\/uploads\/sites\/11\/2026\/03\/psx_20250710_211434.jpg\" class=\"m-nextGallery__thumbnailImage wp-image-363819\" alt=\"\" \/><\/div>\n<\/div>\n<div class=\"m-nextGallery__thumbnail -last\">\n<div class=\"m-nextGallery__thumbnailAspectRatio\"><img decoding=\"async\" loading=\"lazy\" width=\"4000\" height=\"3000\" src=\"https:\/\/s.24.hu\/app\/uploads\/sites\/11\/2026\/03\/psx_20250710_211501.jpg\" class=\"m-nextGallery__thumbnailImage wp-image-363820\" alt=\"\" \/><\/div>\n<div class=\"m-nextGallery__summary\">\n\t\t\t\t<span class=\"m-nextGallery__summaryIcon\">\n<p>\t\t\t\t<\/p><\/span><br \/>\n\t\t\t\t<span class=\"m-nextGallery__summaryText\"><b>11<\/b> fot\u00f3<\/span>\n\t\t\t<\/div>\n<\/div>\n<\/div>\n<p><\/p>\n<h2>M\u00e1trakeresztesi v\u00edzes\u00e9sek, a M\u00e1tra csodahelye<\/h2>\n<p>A N\u00f3gr\u00e1d megyei M\u00e1trakeresztes, P\u00e1szt\u00f3 legt\u00e1volabbi v\u00e1rosr\u00e9sze, a Cs\u00f6rg\u0151- \u00e9s a K\u00f6vicses-patak v\u00f6lgyeinek tal\u00e1lkoz\u00e1s\u00e1n\u00e1l b\u00fajik meg az erd\u0151 m\u00e9ly\u00e9n. A M\u00e1tra \u00f6lel\u00e9s\u00e9ben tal\u00e1lhat\u00f3 az Als\u00f3-, illetve a Fels\u0151-v\u00edzes\u00e9s.<\/p>\n<p>A Vidr\u00f3czkir\u00f3l, a h\u00edres bety\u00e1rr\u00f3l elnevezett barlang k\u00f6zel\u00e9ben tal\u00e1lhat\u00f3 m\u00e1trakeresztesi Als\u00f3-v\u00edzes\u00e9s alapvet\u0151en gy\u00e9r v\u00edzhozam\u00fa, csapad\u00e9kos id\u0151ben, vagy a h\u00f3olvad\u00e1st k\u00f6vet\u0151en azonban megduzzadhat. Ugyanez igaz a Fels\u0151-v\u00edzes\u00e9sre, ami s\u00f6t\u00e9t szikl\u00e1kon z\u00fadul le, t\u00e9len azonban rendre befagy. Ilyenkor a v\u00edz \u00e9s a hideg leveg\u0151 tal\u00e1lkoz\u00e1s\u00e1b\u00f3l j\u00e9gcsapok alakulnak ki, melyek l\u00e1tv\u00e1nyos j\u00e9gvil\u00e1gg\u00e1 var\u00e1zsolj\u00e1k az egy\u00e9bk\u00e9nt is hangulatos v\u00f6lgyet.<\/p>\n<p>A m\u00e1trakeresztesi v\u00edzes\u00e9sekr\u0151l <a href=\"https:\/\/sokszinuvidek.24.hu\/viragzo-videkunk\/2025\/01\/21\/matra-tel-jeg-jegvileg-jegcsapok-vizeses-matrakeresztes\/\" target=\"_blank\" rel=\"noopener\">b\u0151vebben itt \u00edrtunk<\/a><\/p>\n<p><a class=\"m-nextGallery _ce_measure_widget _ce_measure_link\" href=\"https:\/\/sokszinuvidek.24.hu\/viragzo-videkunk\/2026\/04\/11\/nograd-varmegye-turizmus-kirandulas\/?gallery=7\/1\/dsc02624-3.jpg\" data-ce-measure-widget=\"gallery-open\"><\/a><\/p>\n<div class=\"m-nextGallery__featureImageCnt\">\n\t\t<img decoding=\"async\" loading=\"lazy\" width=\"2905\" height=\"1937\" src=\"https:\/\/s.24.hu\/app\/uploads\/sites\/11\/2026\/03\/dsc02624-3.jpg\" class=\"m-nextGallery__featureImage wp-image-363835\" alt=\"\" \/>\t<\/div>\n<div class=\"m-nextGallery__thumbnailCnt\">\n<div class=\"m-nextGallery__thumbnail\">\n<div class=\"m-nextGallery__thumbnailAspectRatio\"><img decoding=\"async\" loading=\"lazy\" width=\"2500\" height=\"1667\" src=\"https:\/\/s.24.hu\/app\/uploads\/sites\/11\/2026\/03\/dsc02616-1.jpg\" class=\"m-nextGallery__thumbnailImage wp-image-363834\" alt=\"\" \/><\/div>\n<\/div>\n<div class=\"m-nextGallery__thumbnail\">\n<div class=\"m-nextGallery__thumbnailAspectRatio\"><img decoding=\"async\" loading=\"lazy\" width=\"2900\" height=\"1933\" src=\"https:\/\/s.24.hu\/app\/uploads\/sites\/11\/2026\/03\/dsc02649-10.jpg\" class=\"m-nextGallery__thumbnailImage wp-image-363838\" alt=\"\" \/><\/div>\n<\/div>\n<div class=\"m-nextGallery__thumbnail\">\n<div class=\"m-nextGallery__thumbnailAspectRatio\"><img decoding=\"async\" loading=\"lazy\" width=\"2411\" height=\"1608\" src=\"https:\/\/s.24.hu\/app\/uploads\/sites\/11\/2026\/03\/mg_7185-7.jpg\" class=\"m-nextGallery__thumbnailImage wp-image-363833\" alt=\"\" \/><\/div>\n<\/div>\n<div class=\"m-nextGallery__thumbnail -last\">\n<div class=\"m-nextGallery__thumbnailAspectRatio\"><img decoding=\"async\" loading=\"lazy\" width=\"2000\" height=\"1333\" src=\"https:\/\/s.24.hu\/app\/uploads\/sites\/11\/2026\/03\/dsc02643-pano-9.jpg\" class=\"m-nextGallery__thumbnailImage wp-image-363837\" alt=\"\" \/><\/div>\n<div class=\"m-nextGallery__summary\">\n\t\t\t\t<span class=\"m-nextGallery__summaryIcon\">\n<p>\t\t\t\t<\/p><\/span><br \/>\n\t\t\t\t<span class=\"m-nextGallery__summaryText\"><b>9<\/b> fot\u00f3<\/span>\n\t\t\t<\/div>\n<\/div>\n<\/div>\n<p><\/p>\n<h2>Jen\u0151i-t\u00f3, Di\u00f3sjen\u0151 k\u00e1pr\u00e1zatos tava<\/h2>\n<p>A k\u00f6zs\u00e9g d\u00e9lkeleti r\u00e9sz\u00e9n ter\u00fcl el a Jen\u0151i-t\u00f3 \u2013 vagy ahogy a helyiek nevezik Jenei-t\u00f3 -, amelyet a falun \u00e1tfoly\u00f3 Jen\u0151i-patak t\u00e1pl\u00e1l. A Di\u00f3sjen\u0151h\u00f6z k\u00f6zelebb es\u0151 fel\u00e9t h\u00edvj\u00e1k Jen\u0151i-t\u00f3nak, a t\u00e1volabbi r\u00e9szt pedig Tolm\u00e1csi-t\u00f3nak.<\/p>\n<p>M\u00e1r egy 1299-b\u0151l sz\u00e1rmaz\u00f3 forr\u00e1s is eml\u00edti a tavat. Mai arculat\u00e1t 1917-ben nyerte el, amelynek \u00e9rdekess\u00e9ge, hogy nagyj\u00e1b\u00f3l a k\u00f6zep\u00e9n\u00e9l h\u00edd vezet \u00e1t rajta, ezzel kett\u00e9v\u00e1lasztva a tavat.<\/p>\n<p>A fest\u0151i mili\u0151vel b\u00edr\u00f3 27 hekt\u00e1ros di\u00f3sjen\u0151i t\u00f3 igen n\u00e9pszer\u0171 a horg\u00e1szok k\u00f6r\u00e9ben, hiszen sz\u00e1mos halfajta (t\u00f6rpeharcsa, keszeg, ponty, csuka, s\u00fcll\u0151, sz\u00fcrkeharcsa \u00e9s balin) \u00e9l a viz\u00e9ben. A partj\u00e1n kialak\u00edtott 104 horg\u00e1sz\u00e1ll\u00e1s, az \u00e9jszakai horg\u00e1sz\u00e1s \u00e9s a t\u00e9li l\u00e9khorg\u00e1szati lehet\u0151s\u00e9g sok horg\u00e1szt vonz ehhez a v\u00edzhez. A Jen\u0151i-t\u00f3 \u00e9szaki r\u00e9sze ki\u00e9p\u00edtett, a Tolm\u00e1csi-t\u00f3 k\u00f6r\u00fcl viszont sokkal vadreg\u00e9nyesebb a t\u00e1j. F\u00fcrd\u00e9sre nem alkalmas, de kir\u00e1ndul\u00f3k\u00e9nt \u00e9rdemes f\u00f6lfedezni a gy\u00f6ny\u00f6r\u0171, cs\u00f6ndes k\u00f6rnyezetben fekv\u0151 t\u00f3partot.<\/p>\n<p><a class=\"m-nextGallery _ce_measure_widget _ce_measure_link\" href=\"https:\/\/sokszinuvidek.24.hu\/viragzo-videkunk\/2026\/04\/11\/nograd-varmegye-turizmus-kirandulas\/?gallery=8\/1\/20250927_173117.jpg\" data-ce-measure-widget=\"gallery-open\"><\/a><\/p>\n<div class=\"m-nextGallery__featureImageCnt\">\n\t\t<img decoding=\"async\" loading=\"lazy\" width=\"3901\" height=\"2926\" src=\"https:\/\/s.24.hu\/app\/uploads\/sites\/11\/2026\/03\/20250927_173117.jpg\" class=\"m-nextGallery__featureImage wp-image-363849\" alt=\"\" \/>\t<\/div>\n<div class=\"m-nextGallery__thumbnailCnt\">\n<div class=\"m-nextGallery__thumbnail\">\n<div class=\"m-nextGallery__thumbnailAspectRatio\"><img decoding=\"async\" loading=\"lazy\" width=\"3920\" height=\"2940\" src=\"https:\/\/s.24.hu\/app\/uploads\/sites\/11\/2026\/03\/20250927_172236.jpg\" class=\"m-nextGallery__thumbnailImage wp-image-363844\" alt=\"\" \/><\/div>\n<\/div>\n<div class=\"m-nextGallery__thumbnail\">\n<div class=\"m-nextGallery__thumbnailAspectRatio\"><img decoding=\"async\" loading=\"lazy\" width=\"3000\" height=\"4000\" src=\"https:\/\/s.24.hu\/app\/uploads\/sites\/11\/2026\/03\/20250927_173104-rotated.jpg\" class=\"m-nextGallery__thumbnailImage wp-image-363848\" alt=\"\" \/><\/div>\n<\/div>\n<div class=\"m-nextGallery__thumbnail\">\n<div class=\"m-nextGallery__thumbnailAspectRatio\"><img decoding=\"async\" loading=\"lazy\" width=\"3938\" height=\"2954\" src=\"https:\/\/s.24.hu\/app\/uploads\/sites\/11\/2026\/03\/20250927_172842.jpg\" class=\"m-nextGallery__thumbnailImage wp-image-363847\" alt=\"\" \/><\/div>\n<\/div>\n<div class=\"m-nextGallery__thumbnail -last\">\n<div class=\"m-nextGallery__thumbnailAspectRatio\"><img decoding=\"async\" loading=\"lazy\" width=\"3834\" height=\"2875\" src=\"https:\/\/s.24.hu\/app\/uploads\/sites\/11\/2026\/03\/20250927_172649.jpg\" class=\"m-nextGallery__thumbnailImage wp-image-363846\" alt=\"\" \/><\/div>\n<div class=\"m-nextGallery__summary\">\n\t\t\t\t<span class=\"m-nextGallery__summaryIcon\">\n<p>\t\t\t\t<\/p><\/span><br \/>\n\t\t\t\t<span class=\"m-nextGallery__summaryText\"><b>8<\/b> fot\u00f3<\/span>\n\t\t\t<\/div>\n<\/div>\n<\/div>\n<p><\/p>\n<h2>Morg\u00f3-g\u00f6d\u00f6r, a rejtett term\u00e9szeti csod\u00e1ja<\/h2>\n<p>A sz\u00e1mtalan geol\u00f3giai csod\u00e1val meg\u00e1ldott N\u00f3gr\u00e1d megye leg\u00e9rdekesebb l\u00e1tnival\u00f3i k\u00f6z\u00e9 tartoznak, a Nemti k\u00f6zs\u00e9g feletti homokk\u0151form\u00e1ci\u00f3k, f\u0151leg a sivatagi hegys\u00e9gekre eml\u00e9keztet\u0151, alig egy ember sz\u00e9les, 10-15 m\u00e9ter magas, erod\u00e1lt falak k\u00f6z\u00e9 szorult Morg\u00f3-g\u00f6d\u00f6r.<\/p>\n<p>A Morg\u00f3-g\u00f6d\u00f6r haz\u00e1nk egyik leg\u00e9rdekesebb f\u00f6ldtani l\u00e1tv\u00e1nyoss\u00e1ga, ahol szokatlan k\u0151form\u00e1ci\u00f3k adnak sz\u00e1mot az \u00e9szak-m\u00e1trai t\u00e1j t\u00f6rt\u00e9net\u00e9r\u0151l. A 400-500 m\u00e9teren h\u00faz\u00f3d\u00f3 szurdok megismer\u00e9se az \u00e9v b\u00e1rmely szak\u00e1ban leny\u0171g\u00f6z\u0151 \u00e9lm\u00e9ny, de aki k\u00f6nnyen teljes\u00edthet\u0151 t\u00far\u00e1ra v\u00e1gyik, annak c\u00e9lszer\u0171 kora tavasszal vagy \u0151sszel \u00e9rkeznie a buja aljn\u00f6v\u00e9nyzet miatt.<\/p>\n<p>A Morg\u00f3-g\u00f6d\u00f6r nem kevesebb, mint 20 milli\u00f3 \u00e9ves m\u00faltra tekint vissza. 15-20 m\u00e9ter magasra ny\u00fal\u00f3 homokk\u0151falait a t\u00e9rs\u00e9g felett h\u00faz\u00f3d\u00f3, egykori \u0151stenger hordta \u00f6ssze. Ahogy teltek-m\u00faltak a f\u00f6ldt\u00f6rt\u00e9neti korszakok, a puha, m\u00e1ll\u00e9kony k\u0151zet fokozatosan megadta mag\u00e1t a v\u00edz \u00e9s a sz\u00e9l erej\u00e9nek.<\/p>\n<p><a class=\"m-nextGallery _ce_measure_widget _ce_measure_link\" href=\"https:\/\/sokszinuvidek.24.hu\/viragzo-videkunk\/2026\/04\/11\/nograd-varmegye-turizmus-kirandulas\/?gallery=9\/1\/20240127_115328.jpg\" data-ce-measure-widget=\"gallery-open\"><\/a><\/p>\n<div class=\"m-nextGallery__featureImageCnt\">\n\t\t<img decoding=\"async\" loading=\"lazy\" width=\"3000\" height=\"4000\" src=\"https:\/\/s.24.hu\/app\/uploads\/sites\/11\/2026\/03\/20240127_115328.jpg\" class=\"m-nextGallery__featureImage wp-image-363850\" alt=\"\" \/>\t<\/div>\n<div class=\"m-nextGallery__thumbnailCnt\">\n<div class=\"m-nextGallery__thumbnail\">\n<div class=\"m-nextGallery__thumbnailAspectRatio\"><img decoding=\"async\" loading=\"lazy\" width=\"3000\" height=\"4000\" src=\"https:\/\/s.24.hu\/app\/uploads\/sites\/11\/2026\/03\/20240127_115459.jpg\" class=\"m-nextGallery__thumbnailImage wp-image-363851\" alt=\"\" \/><\/div>\n<\/div>\n<div class=\"m-nextGallery__thumbnail\">\n<div class=\"m-nextGallery__thumbnailAspectRatio\"><img decoding=\"async\" loading=\"lazy\" width=\"3000\" height=\"4000\" src=\"https:\/\/s.24.hu\/app\/uploads\/sites\/11\/2026\/03\/20240127_115708.jpg\" class=\"m-nextGallery__thumbnailImage wp-image-363852\" alt=\"\" \/><\/div>\n<\/div>\n<div class=\"m-nextGallery__thumbnail -last\">\n<div class=\"m-nextGallery__thumbnailAspectRatio\"><img decoding=\"async\" loading=\"lazy\" width=\"3000\" height=\"4000\" src=\"https:\/\/s.24.hu\/app\/uploads\/sites\/11\/2026\/03\/20240127_115957-rotated.jpg\" class=\"m-nextGallery__thumbnailImage wp-image-363853\" alt=\"\" \/><\/div>\n<div class=\"m-nextGallery__summary\">\n\t\t\t\t<span class=\"m-nextGallery__summaryIcon\">\n<p>\t\t\t\t<\/p><\/span><br \/>\n\t\t\t\t<span class=\"m-nextGallery__summaryText\"><b>4<\/b> fot\u00f3<\/span>\n\t\t\t<\/div>\n<\/div>\n<\/div>\n<p><\/p>\n<h2>Szakad\u00e1s-\u00e1rok, a M\u00e1tra legvadabb szurdoka<\/h2>\n<p>A M\u00e1tra \u00e9szaknyugati r\u00e9sz\u00e9n, Tar k\u00f6zs\u00e9g k\u00f6zel\u00e9ben h\u00faz\u00f3dik haz\u00e1nk tal\u00e1n legkalandosabb, szabadon bej\u00e1rhat\u00f3 szurdoka, a Szakad\u00e1s-\u00e1rok. Hossz\u00fa, sokszor besz\u0171k\u00fcl\u0151, magas fal\u00fa szurdok, aminek az alj\u00e1ban egy patak csordog\u00e1l. A sziklafalakat mindenhol, z\u00f6ld moha d\u00edsz\u00edti, \u00e9s erdei pajzsik\u00e1k \u00e1rulkodnak a nyirkos k\u00f6rnyezetr\u0151l. Amikor pedig a t\u00e9li fagyos leveg\u0151 j\u00e1rja az \u00e1rkot a sziklafalakr\u00f3l csepeg\u0151 v\u00edz gy\u00f6ny\u00f6r\u0171 j\u00e9gcsapokat form\u00e1l. Bej\u00e1r\u00e1sa nem egyszer\u0171, ink\u00e1bb kalandos.<\/p>\n<p><a class=\"m-nextGallery _ce_measure_widget _ce_measure_link\" href=\"https:\/\/sokszinuvidek.24.hu\/viragzo-videkunk\/2026\/04\/11\/nograd-varmegye-turizmus-kirandulas\/?gallery=10\/1\/dsc04254-14.jpg\" data-ce-measure-widget=\"gallery-open\"><\/a><\/p>\n<div class=\"m-nextGallery__featureImageCnt\">\n\t\t<img decoding=\"async\" loading=\"lazy\" width=\"2192\" height=\"1462\" src=\"https:\/\/s.24.hu\/app\/uploads\/sites\/11\/2026\/03\/dsc04254-14.jpg\" class=\"m-nextGallery__featureImage wp-image-363859\" alt=\"\" \/>\t<\/div>\n<div class=\"m-nextGallery__thumbnailCnt\">\n<div class=\"m-nextGallery__thumbnail\">\n<div class=\"m-nextGallery__thumbnailAspectRatio\"><img decoding=\"async\" loading=\"lazy\" width=\"2250\" height=\"1500\" src=\"https:\/\/s.24.hu\/app\/uploads\/sites\/11\/2026\/03\/dsc01066-16.jpg\" class=\"m-nextGallery__thumbnailImage wp-image-363856\" alt=\"\" \/><\/div>\n<\/div>\n<div class=\"m-nextGallery__thumbnail\">\n<div class=\"m-nextGallery__thumbnailAspectRatio\"><img decoding=\"async\" loading=\"lazy\" width=\"2250\" height=\"1500\" src=\"https:\/\/s.24.hu\/app\/uploads\/sites\/11\/2026\/03\/dsc04287-25.jpg\" class=\"m-nextGallery__thumbnailImage wp-image-363860\" alt=\"\" \/><\/div>\n<\/div>\n<div class=\"m-nextGallery__thumbnail\">\n<div class=\"m-nextGallery__thumbnailAspectRatio\"><img decoding=\"async\" loading=\"lazy\" width=\"2250\" height=\"1500\" src=\"https:\/\/s.24.hu\/app\/uploads\/sites\/11\/2026\/03\/dsc01078-19.jpg\" class=\"m-nextGallery__thumbnailImage wp-image-363857\" alt=\"\" \/><\/div>\n<\/div>\n<div class=\"m-nextGallery__thumbnail -last\">\n<div class=\"m-nextGallery__thumbnailAspectRatio\"><img decoding=\"async\" loading=\"lazy\" width=\"2250\" height=\"1500\" src=\"https:\/\/s.24.hu\/app\/uploads\/sites\/11\/2026\/03\/dsc04217-3.jpg\" class=\"m-nextGallery__thumbnailImage wp-image-363858\" alt=\"\" \/><\/div>\n<div class=\"m-nextGallery__summary\">\n\t\t\t\t<span class=\"m-nextGallery__summaryIcon\">\n<p>\t\t\t\t<\/p><\/span><br \/>\n\t\t\t\t<span class=\"m-nextGallery__summaryText\"><b>7<\/b> fot\u00f3<\/span>\n\t\t\t<\/div>\n<\/div>\n<\/div>\n<p><\/p>\n<p>Sorozatunkban bemutattuk <a href=\"https:\/\/sokszinuvidek.24.hu\/viragzo-videkunk\/2026\/03\/21\/komarom-esztergom-megye-varmegye-10-alig-ismert-latnivaloja\/\" target=\"_blank\" rel=\"noopener\">Kom\u00e1rom-Esztergom v\u00e1rmegye 10 alig ismert l\u00e1tnival\u00f3j\u00e1t<\/a> \u00e9s <a href=\"https:\/\/sokszinuvidek.24.hu\/viragzo-videkunk\/2026\/03\/28\/magyarorszag-kincsei-heves-varmegye-latnivalok\/\" target=\"_blank\" rel=\"noopener\">Heves v\u00e1rmegye 10 gy\u00f6ny\u00f6r\u0171 l\u00e1tnival\u00f3j\u00e1t<\/a>,<\/p>\n<p>Mint arr\u00f3l besz\u00e1moltunk, <a href=\"https:\/\/sokszinuvidek.24.hu\/viragzo-videkunk\/2026\/02\/16\/legend-holland-betelepulok-nogradi-falu\/\" target=\"_blank\" rel=\"noopener\">Leg\u00e9nd a holland betelep\u00fcl\u0151k kedvenc magyar faluja<\/a>, valamint arr\u00f3l is \u00edrtunk, hogy <a href=\"https:\/\/sokszinuvidek.24.hu\/viragzo-videkunk\/2025\/11\/28\/szurke-farkas-vad-csucsragadozo-vadallat\/\" target=\"_blank\" rel=\"noopener\">farkas barangolt N\u00f3gr\u00e1dban, a Karancs-Medves T\u00e1jv\u00e9delmi K\u00f6rzetben<\/a>.<\/p>\n<div class=\"o-post__articRecommend m-articRecommend -hasImg cf article-recommendation-container cf _ce_measure_widget\" data-ce-measure-widget=\"Cikkaj\u00e1nl\u00f3 widget\">\n<div class=\"m-articRecommend__widgetTitle\">Kapcsol\u00f3d\u00f3<\/div>\n<div class=\"m-articRecommend__imgWrap image-container\"><a href=\"https:\/\/sokszinuvidek.24.hu\/eletmod\/2024\/10\/09\/salgotarjan-ejjel-nappal-fotokiallitas-pozsik-gabor\/\" target=\"_self\"><img decoding=\"async\" loading=\"lazy\" width=\"480\" height=\"270\" src=\"https:\/\/s.24.hu\/app\/uploads\/sites\/11\/2024\/10\/pz15-e1728295926450-480x270.jpg\" class=\"img-responsive wp-post-image\" alt=\"\" \/><\/a><\/div>\n<div class=\"m-articRecommend__cntWrap content-container \">\n\t\t\t<a href=\"https:\/\/sokszinuvidek.24.hu\/eletmod\/2024\/10\/09\/salgotarjan-ejjel-nappal-fotokiallitas-pozsik-gabor\/\" target=\"_self\" class=\"m-articRecommend__title ar-title\">Fot\u00f3kon az \u00e9jjeli \u00e9s nappali csod\u00e1k Salg\u00f3 v\u00e1r\u00e1t\u00f3l a M\u00e1tr\u00e1ig<\/a>\n<div class=\"m-articRecommend__lead ar-lead\">A 23 \u00e9ves fiatalembernek 2016-ban v\u00e1lt szenved\u00e9ly\u00e9v\u00e9 a term\u00e9szetfot\u00f3z\u00e1s.<\/div>\n<\/div>\n<\/div>\n<p>The post <a href=\"https:\/\/sokszinuvidek.24.hu\/viragzo-videkunk\/2026\/04\/11\/nograd-varmegye-turizmus-kirandulas\/\" target=\"_blank\">Magyarorsz\u00e1g kincsei: N\u00f3gr\u00e1d v\u00e1rmegye 10 p\u00e1ratlanul sz\u00e9p l\u00e1tnival\u00f3ja<\/a> first appeared on <a href=\"https:\/\/sokszinuvidek.24.hu\/\" target=\"_blank\">Soksz\u00edn\u0171 vid\u00e9k<\/a>.<\/p><div id=\"friss-3331749237\" class=\"friss-etarget-cikk-vege friss-entity-placement\"><script type=\"text\/javascript\" id=\"etargetScript7a9b589f63cb072bef80df221f46a22b\">function etargetPostloadFunction7a9b589f63cb072bef80df221f46a22b(){var e=\"etargetPostload7a9b589f63cb072bef80df221f46a22b\",t=\"etargetScript7a9b589f63cb072bef80df221f46a22b\",o=document.getElementById(e);if(o){for(var n=o.offsetTop,d=o.offsetLeft,r=o.offsetWidth,a=o.offsetHeight;o.offsetParent;)o=o.offsetParent,n+=o.offsetTop,d+=o.offsetLeft;var i=(n<=window.pageYOffset+window.innerHeight&&d<window.pageXOffset+window.innerWidth&&n+a>window.pageYOffset&&d+r>window.pageXOffset);if(i&&etargetAllowOtherCheck){allowed=!1;var c=document.createElement(\"script\");return c.src=\"\/\/hu.search.etargetnet.com\/generic\/uni.php?g=ref:58661,area:700x210\",void(document.getElementById(t)&&document.getElementById(e)&&(document.getElementById(t).parentNode.appendChild(c),document.getElementById(t).parentNode.removeChild(document.getElementById(t)),document.getElementById(e).parentNode.removeChild(document.getElementById(e)),document.removeEventListener(\"scroll\",etargetPostloadFunction7a9b589f63cb072bef80df221f46a22b),document.removeEventListener(\"resize\",etargetPostloadFunction7a9b589f63cb072bef80df221f46a22b),document.removeEventListener(\"DOMContentLoaded\",etargetPostloadFunction7a9b589f63cb072bef80df221f46a22b)))}}}var etargetDivID=\"etargetPostload7a9b589f63cb072bef80df221f46a22b\",etargetScriptID=\"etargetScript7a9b589f63cb072bef80df221f46a22b\",etargetPostloadPoint=document.createElement(\"div\");etargetPostloadPoint.id=etargetDivID;var etargetCurScript=document.getElementById(etargetScriptID);etargetCurScript.parentNode.appendChild(etargetPostloadPoint),document.addEventListener(\"scroll\",etargetPostloadFunction7a9b589f63cb072bef80df221f46a22b),document.addEventListener(\"resize\",etargetPostloadFunction7a9b589f63cb072bef80df221f46a22b),document.addEventListener(\"DOMContentLoaded\",etargetPostloadFunction7a9b589f63cb072bef80df221f46a22b);var etargetAllowOtherCheck=!0;if(typeof(\"forceRunPostload\")==\"string\"){etargetPostloadFunction7a9b589f63cb072bef80df221f46a22b()}<\/script><\/div><div id=\"friss-1411698220\" class=\"friss-after-content friss-entity-placement\"><script type=\"text\/javascript\" id=\"etargetScript7a9b589f63cb072bef80df221f46a22b\">function etargetPostloadFunction7a9b589f63cb072bef80df221f46a22b(){var e=\"etargetPostload7a9b589f63cb072bef80df221f46a22b\",t=\"etargetScript7a9b589f63cb072bef80df221f46a22b\",o=document.getElementById(e);if(o){for(var n=o.offsetTop,d=o.offsetLeft,r=o.offsetWidth,a=o.offsetHeight;o.offsetParent;)o=o.offsetParent,n+=o.offsetTop,d+=o.offsetLeft;var i=(n<=window.pageYOffset+window.innerHeight&&d<window.pageXOffset+window.innerWidth&&n+a>window.pageYOffset&&d+r>window.pageXOffset);if(i&&etargetAllowOtherCheck){allowed=!1;var c=document.createElement(\"script\");return c.src=\"\/\/hu.search.etargetnet.com\/generic\/uni.php?g=ref:58661,area:700x210\",void(document.getElementById(t)&&document.getElementById(e)&&(document.getElementById(t).parentNode.appendChild(c),document.getElementById(t).parentNode.removeChild(document.getElementById(t)),document.getElementById(e).parentNode.removeChild(document.getElementById(e)),document.removeEventListener(\"scroll\",etargetPostloadFunction7a9b589f63cb072bef80df221f46a22b),document.removeEventListener(\"resize\",etargetPostloadFunction7a9b589f63cb072bef80df221f46a22b),document.removeEventListener(\"DOMContentLoaded\",etargetPostloadFunction7a9b589f63cb072bef80df221f46a22b)))}}}var etargetDivID=\"etargetPostload7a9b589f63cb072bef80df221f46a22b\",etargetScriptID=\"etargetScript7a9b589f63cb072bef80df221f46a22b\",etargetPostloadPoint=document.createElement(\"div\");etargetPostloadPoint.id=etargetDivID;var etargetCurScript=document.getElementById(etargetScriptID);etargetCurScript.parentNode.appendChild(etargetPostloadPoint),document.addEventListener(\"scroll\",etargetPostloadFunction7a9b589f63cb072bef80df221f46a22b),document.addEventListener(\"resize\",etargetPostloadFunction7a9b589f63cb072bef80df221f46a22b),document.addEventListener(\"DOMContentLoaded\",etargetPostloadFunction7a9b589f63cb072bef80df221f46a22b);var etargetAllowOtherCheck=!0;if(typeof(\"forceRunPostload\")==\"string\"){etargetPostloadFunction7a9b589f63cb072bef80df221f46a22b()}<\/script><\/div><div id=\"friss-1803542392\" class=\"friss-after-content_2 friss-entity-placement\" style=\"clear: both;\"><div class=\"wprss_ajax\" data-id=\"rss602c3145c6\"><img loading=\"lazy\" decoding=\"async\" src=\"https:\/\/friss-hirek.hu\/wp-content\/plugins\/wp-rss-retriever\/inc\/imgs\/ajax-loader.gif\" alt=\"Loading RSS Feed\" width=\"16\" height=\"16\"><\/div><\/div><br style=\"clear: both; display: block; float: none;\"\/><div id=\"friss-4114984712\" class=\"friss-after-content_3 friss-entity-placement\">https:\/\/www.youtube.com\/watch?v=Pdnw4KiUWp0<\/div>","protected":false},"excerpt":{"rendered":"<p>N\u00f3gr\u00e1d v\u00e1rmegye Magyarorsz\u00e1g egyik legv\u00e1ltozatosabb vid\u00e9ke, ahol a vil\u00e1g\u00f6r\u00f6ks\u00e9gi helysz\u00ednek, k\u00f6z\u00e9pkori v\u00e1rak \u00e9s k\u00fcl\u00f6nleges term\u00e9szeti k\u00e9pz\u0151dm\u00e9nyek tal\u00e1lkoznak. A t\u00e9rs\u00e9g gazdag t\u00f6rt\u00e9nelmi \u00f6r\u00f6ks\u00e9ggel rendelkezik, amelynek k\u00f6zpontj\u00e1ban a pal\u00f3c kult\u00fara \u00e9s a v\u00e9gv\u00e1rak \u00e1llnak. A v\u00e1rmegye domborzat\u00e1t a Cserh\u00e1t \u00e9s a B\u00f6rzs\u00f6ny lank\u00e1i, valamint egyed\u00fcl\u00e1ll\u00f3 geol\u00f3giai \u00e9rt\u00e9kek hat\u00e1rozz\u00e1k meg. Ezek a term\u00e9szeti kincsek mind hozz\u00e1j\u00e1rulnak N\u00f3gr\u00e1d v\u00e1rmegye [&hellip;]<\/p>\n","protected":false},"author":1,"featured_media":0,"comment_status":"open","ping_status":"open","sticky":false,"template":"","format":"standard","meta":{"footnotes":""},"categories":[6],"tags":[],"class_list":["post-165376","post","type-post","status-publish","format-standard","hentry","category-videk"],"amp_enabled":true,"_links":{"self":[{"href":"https:\/\/friss-hirek.hu\/index.php\/wp-json\/wp\/v2\/posts\/165376","targetHints":{"allow":["GET"]}}],"collection":[{"href":"https:\/\/friss-hirek.hu\/index.php\/wp-json\/wp\/v2\/posts"}],"about":[{"href":"https:\/\/friss-hirek.hu\/index.php\/wp-json\/wp\/v2\/types\/post"}],"author":[{"embeddable":true,"href":"https:\/\/friss-hirek.hu\/index.php\/wp-json\/wp\/v2\/users\/1"}],"replies":[{"embeddable":true,"href":"https:\/\/friss-hirek.hu\/index.php\/wp-json\/wp\/v2\/comments?post=165376"}],"version-history":[{"count":0,"href":"https:\/\/friss-hirek.hu\/index.php\/wp-json\/wp\/v2\/posts\/165376\/revisions"}],"wp:attachment":[{"href":"https:\/\/friss-hirek.hu\/index.php\/wp-json\/wp\/v2\/media?parent=165376"}],"wp:term":[{"taxonomy":"category","embeddable":true,"href":"https:\/\/friss-hirek.hu\/index.php\/wp-json\/wp\/v2\/categories?post=165376"},{"taxonomy":"post_tag","embeddable":true,"href":"https:\/\/friss-hirek.hu\/index.php\/wp-json\/wp\/v2\/tags?post=165376"}],"curies":[{"name":"wp","href":"https:\/\/api.w.org\/{rel}","templated":true}]}}