{"id":165394,"date":"2026-04-12T04:02:34","date_gmt":"2026-04-12T04:02:34","guid":{"rendered":"https:\/\/friss-hirek.hu\/index.php\/tudom-hogy-sok-munkahely-van-ahol-ezt-nem-lehet-megtenni-kitti-masokat-is-kepviselve-mondja-el-velemenyet-a-politikarol-es-szavazasra-buzditja-a-fiatalokat\/friss-hirek\/"},"modified":"2026-04-12T04:02:34","modified_gmt":"2026-04-12T04:02:34","slug":"tudom-hogy-sok-munkahely-van-ahol-ezt-nem-lehet-megtenni-kitti-masokat-is-kepviselve-mondja-el-velemenyet-a-politikarol-es-szavazasra-buzditja-a-fiatalokat","status":"publish","type":"post","link":"https:\/\/friss-hirek.hu\/index.php\/tudom-hogy-sok-munkahely-van-ahol-ezt-nem-lehet-megtenni-kitti-masokat-is-kepviselve-mondja-el-velemenyet-a-politikarol-es-szavazasra-buzditja-a-fiatalokat\/uzlet\/","title":{"rendered":"\u201eTudom, hogy sok munkahely van, ahol ezt nem lehet megtenni\u201d \u2013 Kitti m\u00e1sokat is k\u00e9pviselve mondja el v\u00e9lem\u00e9ny\u00e9t a politik\u00e1r\u00f3l, \u00e9s szavaz\u00e1sra buzd\u00edtja a fiatalokat"},"content":{"rendered":"<p><strong>Kurucz Kittit m\u00e1sf\u00e9l \u00e9ve m\u00e9g nem \u00e9rdekelte a politika, volt egy b\u0151 h\u00faszezer k\u00f6vet\u0151s Instagram-oldala, ahol els\u0151sorban lifestyle, eg\u00e9szs\u00e9ges \u00e9letm\u00f3d t\u00e9m\u00e1ban osztott meg tartalmakat. Azt\u00e1n annyira felpiszk\u00e1lta az igazs\u00e1g\u00e9rzet\u00e9t a magyar k\u00f6z\u00e9let, hogy elkezdett politikai t\u00e9m\u00e1kkal foglalkozni. Oldalai egyre n\u00e9pszer\u0171bbek, Inst\u00e1n m\u00e1r t\u00f6bb mint 61 ezer, TikTokon csaknem 27 ezer k\u00f6vet\u0151je van. Hat\u00e1rozottan odamond a celebeknek \u00e9s a politikusoknak, sokszor azok helyett is, akik p\u00e9ld\u00e1ul egzisztenci\u00e1jukat f\u00e9ltve nem mernek v\u00e9lem\u00e9nyt nyilv\u00e1n\u00edtani.<\/strong><\/p><div id=\"friss-196730536\" class=\"friss-etarget friss-entity-placement\"><script type=\"text\/javascript\" id=\"etargetScript7a9b589f63cb072bef80df221f46a22b\">function etargetPostloadFunction7a9b589f63cb072bef80df221f46a22b(){var e=\"etargetPostload7a9b589f63cb072bef80df221f46a22b\",t=\"etargetScript7a9b589f63cb072bef80df221f46a22b\",o=document.getElementById(e);if(o){for(var n=o.offsetTop,d=o.offsetLeft,r=o.offsetWidth,a=o.offsetHeight;o.offsetParent;)o=o.offsetParent,n+=o.offsetTop,d+=o.offsetLeft;var i=(n<=window.pageYOffset+window.innerHeight&&d<window.pageXOffset+window.innerWidth&&n+a>window.pageYOffset&&d+r>window.pageXOffset);if(i&&etargetAllowOtherCheck){allowed=!1;var c=document.createElement(\"script\");return c.src=\"\/\/hu.search.etargetnet.com\/generic\/uni.php?g=ref:58661,area:700x210\",void(document.getElementById(t)&&document.getElementById(e)&&(document.getElementById(t).parentNode.appendChild(c),document.getElementById(t).parentNode.removeChild(document.getElementById(t)),document.getElementById(e).parentNode.removeChild(document.getElementById(e)),document.removeEventListener(\"scroll\",etargetPostloadFunction7a9b589f63cb072bef80df221f46a22b),document.removeEventListener(\"resize\",etargetPostloadFunction7a9b589f63cb072bef80df221f46a22b),document.removeEventListener(\"DOMContentLoaded\",etargetPostloadFunction7a9b589f63cb072bef80df221f46a22b)))}}}var etargetDivID=\"etargetPostload7a9b589f63cb072bef80df221f46a22b\",etargetScriptID=\"etargetScript7a9b589f63cb072bef80df221f46a22b\",etargetPostloadPoint=document.createElement(\"div\");etargetPostloadPoint.id=etargetDivID;var etargetCurScript=document.getElementById(etargetScriptID);etargetCurScript.parentNode.appendChild(etargetPostloadPoint),document.addEventListener(\"scroll\",etargetPostloadFunction7a9b589f63cb072bef80df221f46a22b),document.addEventListener(\"resize\",etargetPostloadFunction7a9b589f63cb072bef80df221f46a22b),document.addEventListener(\"DOMContentLoaded\",etargetPostloadFunction7a9b589f63cb072bef80df221f46a22b);var etargetAllowOtherCheck=!0;if(typeof(\"forceRunPostload\")==\"string\"){etargetPostloadFunction7a9b589f63cb072bef80df221f46a22b()}<\/script><\/div>\n<p><strong>A Forbes.hu Feedember sorozat\u00e1nak k\u00f6vetkez\u0151 r\u00e9sz\u00e9ben vele besz\u00e9lgett\u00fcnk.<\/strong><\/p>\n<hr class=\"wp-block-separator has-alpha-channel-opacity\" \/>\n<div class=\"highlighted-text\">\n<p>\t\t<span class=\"highlighted-text__title minititle\">Feedember<\/span><\/p>\n<div class=\"highlighted-text__content\">\n<p><strong>Az algoritmus feldobja az arcukat \u2013\u00a0<\/strong><a href=\"https:\/\/forbes.hu\/cimke\/feedember\/\"><strong>mi megmutatjuk, kik \u0151k<\/strong><\/a><strong>.<\/strong><\/p>\n<\/div>\n<\/div>\n<p>\u201eAnnyira nem voltam k\u00e9pben a politik\u00e1val, hogy el\u0151sz\u00f6r nem is tudatosult bennem, kinek a rendezv\u00e9ny\u00e9n vagyok\u201d \u2013 eml\u00e9kszik vissza egy hat \u00e9vvel ezel\u0151tti hostessmunk\u00e1j\u00e1ra Kurucz Kitti tartalomgy\u00e1rt\u00f3 (b\u00e1r sem ezt a sz\u00f3t, sem az influenszert nem annyira szereti mag\u00e1ra haszn\u00e1lni).<\/p>\n<p>Az esem\u00e9nyen a vend\u00e9geket k\u00f6sz\u00f6nt\u00f6tte \u00e9s a ruhat\u00e1rban dolgozott, mert j\u00f3 fizet\u00e9skieg\u00e9sz\u00edt\u00e9s volt. Felt\u0171nt neki, hogy a vend\u00e9gek el\u00e9gg\u00e9 fennhordj\u00e1k az orrukat, sokan nem is k\u00f6sz\u00f6ntek, amikor \u00e1tadt\u00e1k a kab\u00e1tjukat. <\/p>\n<blockquote class=\"wp-block-quote is-layout-flow wp-block-quote-is-layout-flow\">\n<p>Kitti \u00e9pp kifakadt volna, amikor a t\u00f6bbiek csit\u00edtott\u00e1k, hogy ne, mert ez M\u00e9sz\u00e1ros L\u0151rinc egyik c\u00e9g\u00e9nek rendezv\u00e9nye.<\/p>\n<\/blockquote>\n<p> \u201e\u00dagy voltam vele, hogy nekem akkor ennyi el\u00e9g is volt a politik\u00e1b\u00f3l\u201d \u2013 mondja arr\u00f3l, hogy ut\u00e1na hi\u00e1ba h\u00edvt\u00e1k t\u00f6bbsz\u00f6r, visszamondta ezeket a munk\u00e1kat.<\/p>\n<h2 class=\"wp-block-heading\"><strong>Elkezdett felideges\u00edteni, hogy mik t\u00f6rt\u00e9nnek<\/strong><\/h2>\n<p class=\"has-drop-cap\">Sok\u00e1ig tartotta mag\u00e1t ahhoz, hogy nem foglalkozik a politik\u00e1val. \u201eAmikor k\u00e9rdezt\u00e9k, mindig azt mondtam, hogy nem politiz\u00e1lok. Az\u00f3ta is sz\u00e9gyellem, hogy ezt \u00edgy l\u00e1ttam.\u201d \u00dagy \u00e9rezte, hogy amihez nem \u00e9rt, azt ink\u00e1bb elengedi. \u201eSzerencs\u00e9re ebben nagyon sokat v\u00e1ltoztam, \u00e9s most m\u00e1r alaposan ut\u00e1nan\u00e9zek a dolgoknak\u201d \u2013 mondja.<\/p>\n<p>Eleinte \u00e9letm\u00f3d t\u00edpus\u00fa tartalmakat osztott meg arr\u00f3l, hogy hogyan telt egy napja, de ler\u00e1ntotta a leplet p\u00e9ld\u00e1ul egy kozmetikai m\u00e1rka r\u00e1nctalan\u00edt\u00f3 kr\u00e9mj\u00e9nek megt\u00e9veszt\u0151 rekl\u00e1mj\u00e1r\u00f3l, a k\u00e9pek k\u00f6z\u00f6ss\u00e9gi m\u00e9di\u00e1ban t\u00f6rt\u00e9n\u0151 \u00e1tszerkeszt\u00e9s\u00e9r\u0151l, vagy \u00e9pp ki\u00e1llt az eg\u00e9szs\u00e9ges testk\u00e9p mellett.<\/p>\n<p>Kitti Vas megy\u00e9b\u0151l sz\u00e1rmazik, p\u00e1r \u00e9ve k\u00f6lt\u00f6z\u00f6tt Budapestre, \u00e9s ekkoriban a vend\u00e9gl\u00e1t\u00e1sban, egy budapesti c\u00e9g t\u00f6bb \u00e9tterm\u00e9ben dolgozott, szabadnapjain foglalkozott Instagram-oldal\u00e1val. F\u0151n\u00f6kei nem is felt\u00e9tlen\u00fcl tudtak err\u0151l, de amikor m\u00e1r l\u00e1tt\u00e1k a politikai jelleg\u0171 tartalmakat, sem b\u00e1ntott\u00e1k emiatt, s\u0151t volt, aki t\u00e1mogatta is. Azt mondja, n\u00e9z\u0151i k\u00f6z\u00fcl sokan jeleznek vissza neki, hogy f\u00e9lnek a munkahely\u00fck elveszt\u00e9s\u00e9t\u0151l, \u00e9s nem mernek ilyen t\u00e9m\u00e1kban v\u00e9lem\u00e9nyt mondani. \u201eSok munkahelyen ezt nem lehet megtenni. Szinte mindennap kapok olyan visszajelz\u00e9st, amiben megk\u00f6sz\u00f6nik, hogy helyett\u00fck is felsz\u00f3laltam.\u201d<\/p>\n<p>K\u00f6r\u00fclbel\u00fcl kilenc h\u00f3napja \u00e1llt bele a politikai kontentek gy\u00e1rt\u00e1s\u00e1ba, el\u0151sz\u00f6r TikTokon osztotta meg a vide\u00f3kat, majd Instagram-oldal\u00e1ra is felt\u00f6lt\u00f6tte \u0151ket. Nem sokkal kor\u00e1bban k\u00f6lt\u00f6z\u00f6tt \u00f6ssze a p\u00e1rj\u00e1val, aki miatt \u201enulla-huszonn\u00e9gyben mentek a podcastok\u201d, \u00e1lland\u00f3an el\u0151t\u00e9rben voltak a politikai jelleg\u0171 t\u00e9m\u00e1k.<\/p>\n<p>\u201eAnnyit hallgattam, hogy elkezdett felideges\u00edteni, mik t\u00f6rt\u00e9nnek. Azt\u00e1n egy id\u0151 ut\u00e1n m\u00e1r nem \u0151, hanem \u00e9n mondtam a p\u00e1romnak, hogy \u00bbhallottad mi t\u00f6rt\u00e9nt?\u00ab.\u201d P\u00e1rja javasolta neki, hogy <\/p>\n<blockquote class=\"wp-block-quote is-layout-flow wp-block-quote-is-layout-flow\">\n<p>ne csak otthon mondja a mag\u00e1\u00e9t, hanem gy\u00e1rtson ezekr\u0151l tartalmat, mert fontos t\u00e9m\u00e1k. \u201eEl\u00fcltette a bogarat a f\u00fclembe.\u201d <\/p>\n<\/blockquote>\n<p>Kitti h\u00e1rom h\u00f3napig gondolkozott, mert mindaddig olyan tartalmat, ahol le\u00fcl a kamera el\u00e9, \u00e9s besz\u00e9l, nem igaz\u00e1n osztott meg.<\/p>\n<p>Els\u0151 vide\u00f3iban ink\u00e1bb csak az adott t\u00e9ma kapcs\u00e1n benne megfogalmaz\u00f3dott k\u00e9rd\u00e9seket vetette fel, \u00e9s m\u00e9g nem \u00e1llt bele a v\u00e9lem\u00e9nynyilv\u00e1n\u00edt\u00e1sba. El\u0151sz\u00f6r a Majka <a href=\"https:\/\/www.youtube.com\/watch?v=f2iQfEcO39A\">Csurran-cseppen<\/a> c\u00edm\u0171 sz\u00e1ma miatt kit\u00f6rt botr\u00e1nnyal kapcsolatban <a href=\"https:\/\/www.tiktok.com\/@_kuruczkitti\/video\/7532171935887740182?is_from_webapp=1&amp;sender_device=pc&amp;web_id=7626353170104862230\">tett fel k\u00e9rd\u00e9seket.<\/a> Majk\u00e1\u00e9k ezt a sz\u00e1mot tavaly ny\u00e1ron <a href=\"https:\/\/telex.hu\/after\/2025\/07\/20\/bindzsisztan-magyarorszag-majka-orban-kivegzes-miniszterelnok\">a debreceni Campus Fesztiv\u00e1l z\u00e1r\u00f3napj\u00e1n<\/a> \u00fagy adt\u00e1k el\u0151, hogy a v\u00e9g\u00e9n elj\u00e1tszott\u00e1k a minisztereln\u00f6k\u00f6t megszem\u00e9lyes\u00edt\u0151 \u00e9nekes fejbe l\u00f6v\u00e9s\u00e9t. Erre azonnal r\u00e1ugrott a korm\u00e1nysajt\u00f3, mondv\u00e1n, hogy Majka egyenesen Orb\u00e1n Viktor minisztereln\u00f6k meg\u00f6l\u00e9s\u00e9re buzd\u00edtott ezzel. Kitti kifejti: \u201eEngem az \u00e9rdekelt, hogy ha nincs egyez\u00e9s a sz\u00e1m \u00e9s a korm\u00e1nyz\u00e1suk k\u00f6z\u00f6tt, akkor mi\u00e9rt kellett ennyire magukra venni, illetve mi\u00e9rt adta le a TV2 T\u00e9nyek, hogy Majka korm\u00e1nyellenes \u00e9s rendszerkritikus. Tal\u00e1n m\u00e9gis \u00e9rzik az egyez\u00e9st?\u201d <\/p>\n<p>A megoszt\u00e1s ut\u00e1n kider\u00fclt, hogy az emberek nagyon szeretik az ilyen t\u00edpus\u00fa tartalmakat, tudnak vele azonosulni. Kitti az\u00f3ta m\u00e1r nemcsak k\u00e9rdezni, de kijelenteni is mer. Egy-egy p\u00e1r perces vide\u00f3ra t\u00f6bb \u00f3r\u00e1t k\u00e9sz\u00fcl, ak\u00e1r \u00e9vekre visszamen\u0151leg elolvassa az adott t\u00e9m\u00e1ban megjelent cikkeket, \u00e9s a v\u00e1g\u00e1s is hosszabb folyamat szokott lenni.<\/p>\n<figure class=\"wp-block-image size-full\">\n<div class=\"photo-credit-wrapper\"><img decoding=\"async\" width=\"2560\" height=\"1707\" loading=\"lazy\" src=\"https:\/\/cdn.forbes.hu\/uploads\/2026\/04\/SL0_9307-scaled.jpg\" alt=\"\" class=\"wp-image-759090\" \/>\n<div class=\"photo-credit\">\n            <img decoding=\"async\" loading=\"lazy\" class=\"photo-credit__icon\" src=\"https:\/\/forbes.hu\/wp-content\/themes\/frontend\/atoms\/photo-credit\/icon-info.svg\" alt=\"info\" \/><br \/>\n            <span class=\"photo-credit__label\">Fot\u00f3: Sebesty\u00e9n L\u00e1szl\u00f3<\/span>\n        <\/div>\n<\/div><figcaption class=\"wp-element-caption\">Kitti igazs\u00e1g\u00e9rzet\u00e9t annyira felpiszk\u00e1lta a magyar k\u00f6z\u00e9let, hogy elkezdett politikai t\u00e9m\u00e1kkal foglalkozni. Fot\u00f3: Sebesty\u00e9n L\u00e1szl\u00f3<\/figcaption><\/figure>\n<p>Van, hogy ak\u00e1r a boltban sorba\u00e1llva is le\u00edrja a gondolatait, ha megl\u00e1t egy h\u00edrt, ami felideges\u00edti, mert mindig az els\u0151 gondolat a legjobb, mondja. A t\u00e9m\u00e1kat aszerint v\u00e1lasztja, hogy mi az, ami miatt benne is felmegy a pumpa, b\u00e1r mostan\u00e1ban ak\u00e1r egy nap alatt is annyi minden t\u00f6rt\u00e9nik, hogy nincs ideje minden t\u00e9m\u00e1t lek\u00f6vetni.<\/p>\n<h2 class=\"wp-block-heading\"><strong>Ha valakinek ekkora felel\u0151ss\u00e9ge van<\/strong><\/h2>\n<p class=\"has-drop-cap\">\u201eMindig megkapom, hogy biztosan az\u00e9rt kezdtem el k\u00f6z\u00e9leti t\u00e9m\u00e1kban megnyilatkozni, hogy ebb\u0151l legyenek a k\u00f6vet\u0151im, de ez nem igaz.\u201d Kitti eleinte sem az influenszerked\u00e9sb\u0151l, hanem a vend\u00e9gl\u00e1t\u00e1sb\u00f3l \u00e9lt, \u00e9s most sem ebb\u0151l keresi a kenyer\u00e9t. \u201eAz volt a c\u00e9lom, hogy olyan tartalmat gy\u00e1rtsak, amivel tudok azonosulni.\u201d Az azonban k\u00e9ts\u00e9gtelen, hogy a k\u00f6z\u00e9leti posztok felduzzasztott\u00e1k a k\u00f6vet\u0151b\u00e1zis\u00e1t: 25-26 ezerr\u0151l ugrott 62 ezer k\u00f6vet\u0151 f\u00f6l\u00e9 Inst\u00e1n, m\u00edg TikTokon m\u00e1r csaknem 27 ezer k\u00f6vet\u0151je van. Az Insta n\u0151 most jobban, a TikTok az algoritmust\u00f3l f\u00fcgg\u0151en van, hogy nehezebb p\u00e1lya, de Kitti m\u00e1r tervezi Youtube-csatorn\u00e1ja elind\u00edt\u00e1s\u00e1t is. Emellett p\u00e1rj\u00e1val most egy v\u00e1llalkoz\u00e1s beind\u00edt\u00e1s\u00e1n dolgozik.<\/p>\n<p>A k\u00f6z\u00f6ss\u00e9gi m\u00e9di\u00e1s n\u00e9pszer\u0171s\u00e9g\u00e9ben az is szerepet j\u00e1tszott, hogy Moln\u00e1r \u00c1ron \u2013  <a href=\"https:\/\/forbes.hu\/interju\/molnar-aron-cimlap-interju-idezetek-2026-aprilis\/\">az \u00e1prilisi Forbes c\u00edmlaposa<\/a> \u2013  is megosztotta az egyik vide\u00f3j\u00e1t. \u201eAzt\u00e1n \u00e9pp azon gondolkoztam, hogy ezt illik-e most megk\u00f6sz\u00f6nni, vagy hogy legyen\u201d \u2013 mosolyog. \u00c1ron \u00e9pp ekkor \u00edrt r\u00e1, hogy mennyire sz\u00fcks\u00e9g van az olyan tartalmakra, amiket Kitti csin\u00e1l, \u00e9s k\u00e9s\u0151bb <a href=\"https:\/\/www.tiktok.com\/@_kuruczkitti\/video\/7611587904653020438\">k\u00f6z\u00f6s vide\u00f3t<\/a> is k\u00e9sz\u00edtettek. Ebben T\u00f3th Gabi Fidesz-kedvenc \u00e9nekesn\u0151 figyelm\u00e9t h\u00edvj\u00e1k fel a h\u00e1tr\u00e1nyt szenved\u0151 \u00e9s meg\u00e9lhet\u00e9s\u00e9rt napi szinten k\u00fczd\u0151 t\u00e1rsadalmi csoportokra, \u00e9s a k\u00fcl\u00f6nb\u00f6z\u0151 szakm\u00e1kban dolgoz\u00f3k neh\u00e9z helyzet\u00e9re.<\/p>\n<p>\u201eJ\u00f6n a <em>Toxikoma 2, <\/em>vagyis Curtisr\u0151l filmet k\u00e9sz\u00edtenek, majdnem annyi p\u00e9nzb\u0151l, mint amennyit \u0151 \u00e9lete sor\u00e1n eldrogozott. Sz\u00e1zh\u00fasz milli\u00f3 forint. M\u00e1r majdnem fel mertem h\u00e1borodni, hogy egy budapesti k\u00f3rh\u00e1zban megint kab\u00e1tban dolgoznak. De h\u00e1t \u00edgy m\u00e1r \u00e9rthet\u0151. Nem maradhat a magyar Curtis-film n\u00e9lk\u00fcl. Ki lenne jobb alany erre? Mondjuk egy Nobel-d\u00edjas?\u201d \u2013 mondja egyik vide\u00f3j\u00e1ban Kitti. Sokszor sz\u00e1ll bele m\u00e1s celebekbe is \u2013 legyen sz\u00f3 Kulcs\u00e1r Edin\u00e1r\u00f3l, Aurelior\u00f3l vagy Szab\u00f3 Zs\u00f3fir\u00f3l \u2013 , azt mondja, ezt is nagyon testhez\u00e1ll\u00f3nak \u00e9rzi.<\/p>\n<p>Undorodik att\u00f3l, hogy ha valakinek ekkora felel\u0151ss\u00e9ge van, ennyi ember k\u00f6veti, m\u00e9gis hiteltelen. \u201eEz nagyon felh\u00e1bor\u00edt.\u201d Sokszor hallja azt is, hogy mennyi p\u00e9nzt kapnak egy korm\u00e1nyt t\u00e1mogat\u00f3 vide\u00f3\u00e9rt.<\/p>\n<blockquote class=\"wp-block-quote is-layout-flow wp-block-quote-is-layout-flow\">\n<p>\u201eEgyik\u00fckt\u0151l sem a p\u00e9nzt sajn\u00e1lom, hanem azt, hogy ennyire nem felel\u0151ss\u00e9gteljesek azok az emberek, akik nap mint nap ott vannak a telefonunkban.\u201d <\/p>\n<\/blockquote>\n<p>\u0150 soha nem kapott p\u00e1rtokt\u00f3l megkeres\u00e9st. \u201eSzerencs\u00e9re\u201d \u2013 mondja, hozz\u00e1t\u00e9ve, hogy ismer olyan, nagy k\u00f6vet\u0151t\u00e1borral rendelkez\u0151 influenszereket, akik igen.<\/p>\n<figure class=\"wp-block-image size-full\">\n<div class=\"photo-credit-wrapper\"><img decoding=\"async\" width=\"2560\" height=\"1707\" loading=\"lazy\" src=\"https:\/\/cdn.forbes.hu\/uploads\/2026\/04\/SL0_9294-scaled.jpg\" alt=\"\" class=\"wp-image-759088\" \/>\n<div class=\"photo-credit\">\n            <img decoding=\"async\" loading=\"lazy\" class=\"photo-credit__icon\" src=\"https:\/\/forbes.hu\/wp-content\/themes\/frontend\/atoms\/photo-credit\/icon-info.svg\" alt=\"info\" \/><br \/>\n            <span class=\"photo-credit__label\">Fot\u00f3: Sebesty\u00e9n L\u00e1szl\u00f3<\/span>\n        <\/div>\n<\/div><figcaption class=\"wp-element-caption\">\u201eAz volt a c\u00e9lom, hogy olyan tartalmat gy\u00e1rtsak, amivel tudok azonosulni\u201d \u2013 mondja Kitti. Fot\u00f3: Sebesty\u00e9n L\u00e1szl\u00f3<\/figcaption><\/figure>\n<p>Kitti is v\u00e1llal szponzor egy\u00fcttm\u0171k\u00f6d\u00e9seket, de ezeket er\u0151sen megv\u00e1logatja, \u00e9s azt mondja: \u201eha valakit nap mint nap n\u00e9zel, ak\u00e1rmir\u0151l besz\u00e9l, elkezded megkedvelni a szem\u00e9lyis\u00e9g\u00e9t, \u00e9s sz\u00edvesen l\u00e1tn\u00e1nak m\u00e1s tartalmat is. Ez lehet egy\u00fcttm\u0171k\u00f6d\u00e9s is.\u201d<\/p>\n<h2 class=\"wp-block-heading\"><strong>K\u00e9s\u0151bb \u00e9rtette meg<\/strong><\/h2>\n<p class=\"has-drop-cap\">Kitti h\u00e9t\u00e9ves volt, amikor l\u00e1togat\u00f3k\u00e9nt megfordult egy gyermekotthonban Ikerv\u00e1ron (mai nev\u00e9n Gyermekv\u00e9delmi K\u00f6zpont \u00e9s \u00c1ltal\u00e1nos Iskola). Keresztapja testv\u00e9re dolgozott ott, eb\u00e9det vittek neki. Ennyi id\u0151sen m\u00e9g nem nagyon fogta fel az ottani \u00e1llapotokat, de hangs\u00falyozza, hogy semmi rossz \u00e9lm\u00e9nye nem volt, arra eml\u00e9kszik, hogy sok gyerek volt egy\u00fctt, j\u00e1tszottak, tanultak. \u201eUt\u00e1na odafordult hozz\u00e1m keresztapuk\u00e1m \u00e9s mondta, hogy ha a sz\u00fcleimmel b\u00e1rmi t\u00f6rt\u00e9nne, \u0151 soha nem hagyn\u00e1, hogy \u00edgy n\u0151jek fel. Akkor sem, ha nem \u0151 lenne a keresztapuk\u00e1m. Akkor nem \u00e9rtettem, mi\u00e9rt mondja ezt, de m\u00e1r \u00e9rtem. \u00c9s ha nincs a Sz\u0151l\u0151 utcai \u00fcgy, nekem nem is jut eszembe ez a mondat.\u201d\u00a0 A Sz\u0151l\u0151 utcai \u00fcgy kapcs\u00e1n sz\u00fcletett vide\u00f3j\u00e1ban el is \u00e9rz\u00e9keny\u00fcl, amikor err\u0151l az eml\u00e9kr\u0151l besz\u00e9l.<\/p>\n<p>\u201eUt\u00e1lom, ha olyan embereket b\u00e1ntanak \u2013 ez esetben kisgyerekeket \u2013, akik nem tudj\u00e1k magukat megv\u00e9deni, \u00e9s akik nem fogj\u00e1k fel, hogy mi t\u00f6rt\u00e9nik vel\u00fck. Ezt az \u00e1rtatlans\u00e1got kihaszn\u00e1lnia a vil\u00e1g leggonoszabb dolga.\u201d<\/p>\n<p>Kitti a <em>F\u00e9lmilli\u00f3 fiatal a v\u00e1ltoz\u00e1s\u00e9rt<\/em> orsz\u00e1gos politikai mozgalomban is dolgozik, amelyet Fekete-Gy\u0151r Andr\u00e1s ind\u00edtott ismert tartalomgy\u00e1rt\u00f3k bevon\u00e1s\u00e1val, hogy legal\u00e1bb 500 ezer fiatalt vegyenek r\u00e1 a szavaz\u00e1sra, mivel a szervez\u0151k szerint a r\u00e9szv\u00e9tel\u00fck kulcsfontoss\u00e1g\u00fa a politikai v\u00e1ltoz\u00e1shoz.<\/p>\n<blockquote class=\"wp-block-quote is-layout-flow wp-block-quote-is-layout-flow\">\n<p>\u201eEuf\u00f3rikus, hogy olyan emberekkel vehetem k\u00f6r\u00fcl magam, akikkel egy a c\u00e9lunk.\u201d<\/p>\n<\/blockquote>\n<p>V\u00e1lyi Istv\u00e1n aut\u00f3s \u00fajs\u00e1g\u00edr\u00f3, telev\u00edzi\u00f3s m\u0171sorvezet\u0151 \u00e9s tartalomgy\u00e1rt\u00f3, a hazai aut\u00f3s vide\u00f3z\u00e1s meghat\u00e1roz\u00f3 alakja is a kezdetekt\u0151l r\u00e9szt vesz a <em>F\u00e9lmilli\u00f3 fiatal <\/em>projektben. Istv\u00e1n t\u00f6bb mint f\u00e9l \u00e9vtizede rendszeresen tal\u00e1lkozik a k\u00f6z\u00f6ns\u00e9g\u00e9vel, de azt mondja, az influenszereknek (Kitti mellett Bern\u00e1th Odett, Moln\u00e1r \u00c1ron, Macsa \u2013 <em>a szerk.)<\/em> , \u00edgy Kittinek is \u00faj volt, hogy most szem\u00e9lyesen is tal\u00e1lkozthatnak a k\u00f6vet\u0151ikkel.  \u201eNekik t\u00f6k j\u00f3 visszaigazol\u00e1s, amikor h\u00fas-v\u00e9r emberek odamennek hozz\u00e1juk, \u00e9s megk\u00f6sz\u00f6nik a munk\u00e1jukat. Ez \u0151ket is motiv\u00e1lja.\u201d <\/p>\n<p>Mindenkinek megvan a saj\u00e1t k\u00f6vet\u0151t\u00e1bora, k\u00fcl\u00f6nb\u00f6z\u0151 t\u00e1rsadalmi r\u00e9teget sz\u00f3l\u00edtanak meg, \u00e9s juttatj\u00e1k el a szavaz\u00e1s fontoss\u00e1g\u00e1nak \u00fczenet\u00e9t, mert ismerik a saj\u00e1t k\u00f6vet\u0151iket, meg tudj\u00e1k \u0151ket sz\u00f3l\u00edtani. \u201eFolyamatosan kapcsolatban vannak vel\u00fck, nem vesz\u00edtik el a szemkontaktust, mint mondjuk a regn\u00e1l\u00f3 korm\u00e1nyp\u00e1rt, de mondhatunk nyugodtan \u00e1llamp\u00e1rtot is\u201d, mondja Istv\u00e1n. Kitti \u00e1ltal szerinte el\u00e9rik a n\u0151ket \u00e9s a fiatal l\u00e1nyokat, akik azonosulni tudnak azzal, amit \u0151 k\u00e9pvisel: a vid\u00e1ms\u00e1ggal \u00e9s a humor m\u00f6g\u00e9 rejtett komoly \u00fczenetekkel.\u201d<\/p>\n<p>Az els\u0151 f\u00e9lmilli\u00f3 fiatalos matricaoszt\u00e1sn\u00e1l Budapesten a K\u00e1lvin t\u00e9ren b\u00e1tortalanul, de odament Kittihez k\u00e9t 14 \u00e9ves l\u00e1ny a matric\u00e1k\u00e9rt, egyik\u00fck rendszeresen n\u00e9zi a tartalmait. \u201eMeglep\u0151en t\u00e1j\u00e9kozottak voltak k\u00f6z\u00fcgyekben. \u0150k ugyan most m\u00e9g nem szavaznak, de a k\u00f6vetkez\u0151 v\u00e1laszt\u00e1sokon m\u00e1r igen.\u201d Kitti azt mondja, \u00e9pp ez a k\u00e9t tizen\u00e9ves l\u00e1ny jutott esz\u00e9be, amikor legut\u00f3bb egy alkoholos ital rekl\u00e1moz\u00e1s\u00e1val kereste fel egy gy\u00e1rt\u00f3. \u201eIlyeneket nem v\u00e1llalok el. \u00c9ppen ezek a tizenn\u00e9gy \u00e9ves kisl\u00e1nyok jutottak eszembe. Fel\u00e9j\u00fck nem fogom azt k\u00f6zvet\u00edteni, hogy az iv\u00e1s mindennapos dolog.\u201d\u00a0<\/p>\n<p>Arra a k\u00e9rd\u00e9sre, hogy mi lesz a v\u00e1laszt\u00e1sok ut\u00e1n a tartalmaival, azt mondja, folytatja a vide\u00f3z\u00e1st, mert a politika tov\u00e1bbra is szolg\u00e1ltat majd tartalmat, emellett a r\u00e9gi t\u00e1bor\u00e1b\u00f3l sokan k\u00e9rik t\u0151le a r\u00e9gebbi t\u00edpus\u00fa kontentet is.<\/p>\n<p>Kittit nagyon f\u00e9lti \u00e9desanyja, hogy esetleg valaki odaj\u00f6n egy f\u00e9lmilli\u00f3 fiatalos rendezv\u00e9nyen \u00e9s valami atrocit\u00e1s \u00e9ri a l\u00e1ny\u00e1t. \u201eMindig mondom neki is, \u00e9s minden anyuk\u00e1nak ezt szeretn\u00e9m \u00fczenni, hogy ha a gyereke ki\u00e1ll valami\u00e9rt, \u00e9s elmegy egy t\u00fcntet\u00e9sre, engedje el, mert musz\u00e1j kimenni, sokat seg\u00edt\u00fcnk vele. Azt nem tudom mondani, hogy ne agg\u00f3djon, de engedje el, mert ez nagyon fontos. Nem szabad f\u00e9lni.\u201d<\/p>\n\n<p><!-- No email blocks found --><\/p>\n<p>The post <a href=\"https:\/\/forbes.hu\/legyel-jobb\/tudom-hogy-sok-munkahely-van-ahol-ezt-nem-lehet-megtenni-kitti-masokat-is-kepviselve-mondja-el-velemenyet-a-politikarol-es-szavazasra-buzditja-a-fiatalokat\/\">\u201eTudom, hogy sok munkahely van, ahol ezt nem lehet megtenni\u201d \u2013 Kitti m\u00e1sokat is k\u00e9pviselve mondja el v\u00e9lem\u00e9ny\u00e9t a politik\u00e1r\u00f3l, \u00e9s szavaz\u00e1sra buzd\u00edtja a fiatalokat<\/a> appeared first on <a href=\"https:\/\/forbes.hu\/\">Forbes.hu<\/a>.<\/p><div id=\"friss-3962746963\" class=\"friss-etarget-cikk-vege friss-entity-placement\"><script type=\"text\/javascript\" id=\"etargetScript7a9b589f63cb072bef80df221f46a22b\">function etargetPostloadFunction7a9b589f63cb072bef80df221f46a22b(){var e=\"etargetPostload7a9b589f63cb072bef80df221f46a22b\",t=\"etargetScript7a9b589f63cb072bef80df221f46a22b\",o=document.getElementById(e);if(o){for(var n=o.offsetTop,d=o.offsetLeft,r=o.offsetWidth,a=o.offsetHeight;o.offsetParent;)o=o.offsetParent,n+=o.offsetTop,d+=o.offsetLeft;var i=(n<=window.pageYOffset+window.innerHeight&&d<window.pageXOffset+window.innerWidth&&n+a>window.pageYOffset&&d+r>window.pageXOffset);if(i&&etargetAllowOtherCheck){allowed=!1;var c=document.createElement(\"script\");return c.src=\"\/\/hu.search.etargetnet.com\/generic\/uni.php?g=ref:58661,area:700x210\",void(document.getElementById(t)&&document.getElementById(e)&&(document.getElementById(t).parentNode.appendChild(c),document.getElementById(t).parentNode.removeChild(document.getElementById(t)),document.getElementById(e).parentNode.removeChild(document.getElementById(e)),document.removeEventListener(\"scroll\",etargetPostloadFunction7a9b589f63cb072bef80df221f46a22b),document.removeEventListener(\"resize\",etargetPostloadFunction7a9b589f63cb072bef80df221f46a22b),document.removeEventListener(\"DOMContentLoaded\",etargetPostloadFunction7a9b589f63cb072bef80df221f46a22b)))}}}var etargetDivID=\"etargetPostload7a9b589f63cb072bef80df221f46a22b\",etargetScriptID=\"etargetScript7a9b589f63cb072bef80df221f46a22b\",etargetPostloadPoint=document.createElement(\"div\");etargetPostloadPoint.id=etargetDivID;var etargetCurScript=document.getElementById(etargetScriptID);etargetCurScript.parentNode.appendChild(etargetPostloadPoint),document.addEventListener(\"scroll\",etargetPostloadFunction7a9b589f63cb072bef80df221f46a22b),document.addEventListener(\"resize\",etargetPostloadFunction7a9b589f63cb072bef80df221f46a22b),document.addEventListener(\"DOMContentLoaded\",etargetPostloadFunction7a9b589f63cb072bef80df221f46a22b);var etargetAllowOtherCheck=!0;if(typeof(\"forceRunPostload\")==\"string\"){etargetPostloadFunction7a9b589f63cb072bef80df221f46a22b()}<\/script><\/div><div id=\"friss-1199092905\" class=\"friss-after-content friss-entity-placement\"><script type=\"text\/javascript\" id=\"etargetScript7a9b589f63cb072bef80df221f46a22b\">function etargetPostloadFunction7a9b589f63cb072bef80df221f46a22b(){var e=\"etargetPostload7a9b589f63cb072bef80df221f46a22b\",t=\"etargetScript7a9b589f63cb072bef80df221f46a22b\",o=document.getElementById(e);if(o){for(var n=o.offsetTop,d=o.offsetLeft,r=o.offsetWidth,a=o.offsetHeight;o.offsetParent;)o=o.offsetParent,n+=o.offsetTop,d+=o.offsetLeft;var i=(n<=window.pageYOffset+window.innerHeight&&d<window.pageXOffset+window.innerWidth&&n+a>window.pageYOffset&&d+r>window.pageXOffset);if(i&&etargetAllowOtherCheck){allowed=!1;var c=document.createElement(\"script\");return c.src=\"\/\/hu.search.etargetnet.com\/generic\/uni.php?g=ref:58661,area:700x210\",void(document.getElementById(t)&&document.getElementById(e)&&(document.getElementById(t).parentNode.appendChild(c),document.getElementById(t).parentNode.removeChild(document.getElementById(t)),document.getElementById(e).parentNode.removeChild(document.getElementById(e)),document.removeEventListener(\"scroll\",etargetPostloadFunction7a9b589f63cb072bef80df221f46a22b),document.removeEventListener(\"resize\",etargetPostloadFunction7a9b589f63cb072bef80df221f46a22b),document.removeEventListener(\"DOMContentLoaded\",etargetPostloadFunction7a9b589f63cb072bef80df221f46a22b)))}}}var etargetDivID=\"etargetPostload7a9b589f63cb072bef80df221f46a22b\",etargetScriptID=\"etargetScript7a9b589f63cb072bef80df221f46a22b\",etargetPostloadPoint=document.createElement(\"div\");etargetPostloadPoint.id=etargetDivID;var etargetCurScript=document.getElementById(etargetScriptID);etargetCurScript.parentNode.appendChild(etargetPostloadPoint),document.addEventListener(\"scroll\",etargetPostloadFunction7a9b589f63cb072bef80df221f46a22b),document.addEventListener(\"resize\",etargetPostloadFunction7a9b589f63cb072bef80df221f46a22b),document.addEventListener(\"DOMContentLoaded\",etargetPostloadFunction7a9b589f63cb072bef80df221f46a22b);var etargetAllowOtherCheck=!0;if(typeof(\"forceRunPostload\")==\"string\"){etargetPostloadFunction7a9b589f63cb072bef80df221f46a22b()}<\/script><\/div><div id=\"friss-1645814054\" class=\"friss-after-content_2 friss-entity-placement\" style=\"clear: both;\"><div class=\"wprss_ajax\" data-id=\"rssb13715be89\"><img loading=\"lazy\" decoding=\"async\" src=\"https:\/\/friss-hirek.hu\/wp-content\/plugins\/wp-rss-retriever\/inc\/imgs\/ajax-loader.gif\" alt=\"Loading RSS Feed\" width=\"16\" height=\"16\"><\/div><\/div><br style=\"clear: both; display: block; float: none;\"\/><div id=\"friss-3548494125\" class=\"friss-after-content_3 friss-entity-placement\">https:\/\/www.youtube.com\/watch?v=Pdnw4KiUWp0<\/div>","protected":false},"excerpt":{"rendered":"<p>Kurucz Kittit m\u00e1sf\u00e9l \u00e9ve m\u00e9g nem \u00e9rdekelte a politika, volt egy b\u0151 h\u00faszezer k\u00f6vet\u0151s Instagram-oldala, ahol els\u0151sorban lifestyle, eg\u00e9szs\u00e9ges \u00e9letm\u00f3d t\u00e9m\u00e1ban osztott meg tartalmakat. Azt\u00e1n annyira felpiszk\u00e1lta az igazs\u00e1g\u00e9rzet\u00e9t a magyar k\u00f6z\u00e9let, hogy elkezdett politikai t\u00e9m\u00e1kkal foglalkozni. Oldalai egyre n\u00e9pszer\u0171bbek, Inst\u00e1n m\u00e1r t\u00f6bb mint 61 ezer, TikTokon csaknem 27 ezer k\u00f6vet\u0151je van. Hat\u00e1rozottan odamond a [&hellip;]<\/p>\n","protected":false},"author":1,"featured_media":0,"comment_status":"open","ping_status":"open","sticky":false,"template":"","format":"standard","meta":{"footnotes":""},"categories":[7],"tags":[],"class_list":["post-165394","post","type-post","status-publish","format-standard","hentry","category-uzlet"],"amp_enabled":true,"_links":{"self":[{"href":"https:\/\/friss-hirek.hu\/index.php\/wp-json\/wp\/v2\/posts\/165394","targetHints":{"allow":["GET"]}}],"collection":[{"href":"https:\/\/friss-hirek.hu\/index.php\/wp-json\/wp\/v2\/posts"}],"about":[{"href":"https:\/\/friss-hirek.hu\/index.php\/wp-json\/wp\/v2\/types\/post"}],"author":[{"embeddable":true,"href":"https:\/\/friss-hirek.hu\/index.php\/wp-json\/wp\/v2\/users\/1"}],"replies":[{"embeddable":true,"href":"https:\/\/friss-hirek.hu\/index.php\/wp-json\/wp\/v2\/comments?post=165394"}],"version-history":[{"count":0,"href":"https:\/\/friss-hirek.hu\/index.php\/wp-json\/wp\/v2\/posts\/165394\/revisions"}],"wp:attachment":[{"href":"https:\/\/friss-hirek.hu\/index.php\/wp-json\/wp\/v2\/media?parent=165394"}],"wp:term":[{"taxonomy":"category","embeddable":true,"href":"https:\/\/friss-hirek.hu\/index.php\/wp-json\/wp\/v2\/categories?post=165394"},{"taxonomy":"post_tag","embeddable":true,"href":"https:\/\/friss-hirek.hu\/index.php\/wp-json\/wp\/v2\/tags?post=165394"}],"curies":[{"name":"wp","href":"https:\/\/api.w.org\/{rel}","templated":true}]}}