{"id":165399,"date":"2026-04-12T05:03:39","date_gmt":"2026-04-12T05:03:39","guid":{"rendered":"https:\/\/friss-hirek.hu\/index.php\/megvalasztottak-a-legszebb-zalai-falut\/friss-hirek\/"},"modified":"2026-04-12T05:03:39","modified_gmt":"2026-04-12T05:03:39","slug":"megvalasztottak-a-legszebb-zalai-falut","status":"publish","type":"post","link":"https:\/\/friss-hirek.hu\/index.php\/megvalasztottak-a-legszebb-zalai-falut\/videk\/","title":{"rendered":"Megv\u00e1lasztott\u00e1k a legszebb zalai falut"},"content":{"rendered":"<p>Az apr\u00f3falvas Zala v\u00e1rmegy\u00e9ben a telep\u00fcl\u00e9sek sz\u00e1ma meghaladja a 250-et. A <a href=\"https:\/\/www.zaol.hu\/helyi-kozelet\/2026\/04\/legszebb-zalai-falu\" target=\"_blank\" rel=\"noopener\">v\u00e1rmegyei napilap<\/a> a napokban arr\u00f3l k\u00e9rdezte olvas\u00f3it k\u00f6z\u00f6ss\u00e9gi oldal\u00e1n, hogy szerint\u00fck melyik a legszebb zalai falu?<\/p><div id=\"friss-347873219\" class=\"friss-etarget friss-entity-placement\"><script type=\"text\/javascript\" id=\"etargetScript7a9b589f63cb072bef80df221f46a22b\">function etargetPostloadFunction7a9b589f63cb072bef80df221f46a22b(){var e=\"etargetPostload7a9b589f63cb072bef80df221f46a22b\",t=\"etargetScript7a9b589f63cb072bef80df221f46a22b\",o=document.getElementById(e);if(o){for(var n=o.offsetTop,d=o.offsetLeft,r=o.offsetWidth,a=o.offsetHeight;o.offsetParent;)o=o.offsetParent,n+=o.offsetTop,d+=o.offsetLeft;var i=(n<=window.pageYOffset+window.innerHeight&&d<window.pageXOffset+window.innerWidth&&n+a>window.pageYOffset&&d+r>window.pageXOffset);if(i&&etargetAllowOtherCheck){allowed=!1;var c=document.createElement(\"script\");return c.src=\"\/\/hu.search.etargetnet.com\/generic\/uni.php?g=ref:58661,area:700x210\",void(document.getElementById(t)&&document.getElementById(e)&&(document.getElementById(t).parentNode.appendChild(c),document.getElementById(t).parentNode.removeChild(document.getElementById(t)),document.getElementById(e).parentNode.removeChild(document.getElementById(e)),document.removeEventListener(\"scroll\",etargetPostloadFunction7a9b589f63cb072bef80df221f46a22b),document.removeEventListener(\"resize\",etargetPostloadFunction7a9b589f63cb072bef80df221f46a22b),document.removeEventListener(\"DOMContentLoaded\",etargetPostloadFunction7a9b589f63cb072bef80df221f46a22b)))}}}var etargetDivID=\"etargetPostload7a9b589f63cb072bef80df221f46a22b\",etargetScriptID=\"etargetScript7a9b589f63cb072bef80df221f46a22b\",etargetPostloadPoint=document.createElement(\"div\");etargetPostloadPoint.id=etargetDivID;var etargetCurScript=document.getElementById(etargetScriptID);etargetCurScript.parentNode.appendChild(etargetPostloadPoint),document.addEventListener(\"scroll\",etargetPostloadFunction7a9b589f63cb072bef80df221f46a22b),document.addEventListener(\"resize\",etargetPostloadFunction7a9b589f63cb072bef80df221f46a22b),document.addEventListener(\"DOMContentLoaded\",etargetPostloadFunction7a9b589f63cb072bef80df221f46a22b);var etargetAllowOtherCheck=!0;if(typeof(\"forceRunPostload\")==\"string\"){etargetPostloadFunction7a9b589f63cb072bef80df221f46a22b()}<\/script><\/div>\n<p>A k\u00e9rd\u00e9s nagy aktivit\u00e1st v\u00e1ltott ki, rekordsz\u00e1m\u00fa hozz\u00e1sz\u00f3l\u00e1s \u00e9rkezett. A v\u00e1laszokb\u00f3l tiszt\u00e1n l\u00e1tszik: mindenkinek a saj\u00e1t faluja a legszebb.<\/p>\n<blockquote class=\"_ce_measure_widget\" data-ce-measure-widget=\"Id\u00e9zet\">\n<p>A hozz\u00e1sz\u00f3l\u00f3k k\u00f6zel 150 falu nev\u00e9t kommentelt\u00e9k k\u00e9rd\u00e9s\u00fcnkre. A v\u00e1rosok term\u00e9szetesen kimaradtak a voksol\u00e1sb\u00f3l, de szavazni a k\u00f6zs\u00e9g jog\u00e1ll\u00e1s\u00fa telep\u00fcl\u00e9sekre is lehetett<\/p>\n<\/blockquote>\n<p>\u2013 \u00edrta a port\u00e1l.<\/p>\n<p>A legt\u00f6bb szavazatot az 1500 lakos\u00fa T\u00fcrje kapta, ezzel elnyerte a legszebb zalai falu c\u00edmet. Alig lemaradva v\u00e9gzett a jelk\u00e9pes dobog\u00f3 m\u00e1sodik fok\u00e1n a d\u00e9l-zalai Becsehely, m\u00edg a harmadik legszebb falu Zal\u00e1ban a v\u00e1laszok alapj\u00e1n Murar\u00e1tka lett.<\/p>\n<p><span class=\"highlight-block-small _ce_measure_widget\" data-ce-measure-widget=\"Kiemel\u00e9s - hossz\u00fa sz\u00f6veghez\">A mez\u0151nyben szerepelt m\u00e9g Csesztreg, Szentp\u00e9ter\u00far, Nagybak\u00f3nak, Becsv\u00f6lgye, Gyenesdi\u00e1s, K\u00e1v\u00e1s, Kistolm\u00e1cs, Nagylengyel, Zalacs\u00e1ny \u00e9s Kiscsehi, de sz\u00e1mos m\u00e1s telep\u00fcl\u00e9s is kapott szavazatot.<\/span><\/p>\n<p>A hozz\u00e1sz\u00f3l\u00e1sokb\u00f3l j\u00f3l l\u00e1tszik, hogy a helyiek a saj\u00e1t telep\u00fcl\u00e9s\u00fckre szavaztak, de t\u00f6bben sz\u00fcl\u0151falujukra adt\u00e1k a voksot, ha m\u00e1r nem is ott \u00e9lnek. Akadtak, akik nem tettek k\u00fcl\u00f6nbs\u00e9get, nem adt\u00e1k voksukat egyik falura sem. \u0150k azt \u00edrt\u00e1k: eg\u00e9sz Zala megye csod\u00e1latos.<\/p>\n<p>Magyarorsz\u00e1g gy\u00f6ny\u00f6r\u0171 falvair\u00f3l kor\u00e1bban t\u00f6bbsz\u00f6r \u00edrtunk. Bemutattuk <a href=\"https:\/\/sokszinuvidek.24.hu\/viragzo-videkunk\/2026\/03\/20\/kovagoors-kali-medence-balaton-falu\/\" target=\"_blank\" rel=\"noopener\">K\u0151v\u00e1g\u00f3\u00f6rs\u00f6t<\/a> \u00e9s <a href=\"https:\/\/sokszinuvidek.24.hu\/viragzo-videkunk\/2026\/03\/05\/kovacsszenaja-nyugalom-falu-videk\/\" target=\"_blank\" rel=\"noopener\">Kov\u00e1cssz\u00e9n\u00e1j\u00e1t<\/a>, de ell\u00e1togattunk <a href=\"https:\/\/sokszinuvidek.24.hu\/viragzo-videkunk\/2026\/03\/04\/tisza-martely-falu-telepules\/\" target=\"_blank\" rel=\"noopener\">M\u00e1rt\u00e9lyra<\/a> is.<\/p>\n<div class=\"o-post__articRecommend m-articRecommend -hasImg cf article-recommendation-container cf _ce_measure_widget\" data-ce-measure-widget=\"Cikkaj\u00e1nl\u00f3 widget\">\n<div class=\"m-articRecommend__widgetTitle\">Kapcsol\u00f3d\u00f3<\/div>\n<div class=\"m-articRecommend__imgWrap image-container\"><a href=\"https:\/\/sokszinuvidek.24.hu\/viragzo-videkunk\/2025\/12\/01\/falu-telepules-anglia-castle-combe\/\" target=\"_self\"><img decoding=\"async\" loading=\"lazy\" width=\"480\" height=\"270\" src=\"https:\/\/s.24.hu\/app\/uploads\/sites\/11\/2025\/09\/gettyimages-1280782145-1-e1759150185463-480x270.jpg\" class=\"img-responsive wp-post-image\" alt=\"\" \/><\/a><\/div>\n<div class=\"m-articRecommend__cntWrap content-container \">\n\t\t\t<a href=\"https:\/\/sokszinuvidek.24.hu\/viragzo-videkunk\/2025\/12\/01\/falu-telepules-anglia-castle-combe\/\" target=\"_self\" class=\"m-articRecommend__title ar-title\">A valaha volt legszebb falu, ahol meg\u00e1llt az id\u0151 kereke<\/a>\n<div class=\"m-articRecommend__lead ar-lead\">A falucska olyan, mintha egy k\u00e9peslapb\u00f3l l\u00e9pett volna el\u0151.<\/div>\n<\/div>\n<\/div>\n<p>The post <a href=\"https:\/\/sokszinuvidek.24.hu\/viragzo-videkunk\/2026\/04\/12\/zala-varmegye-legszebb-faluja-turje\/\" target=\"_blank\">Megv\u00e1lasztott\u00e1k a legszebb zalai falut<\/a> first appeared on <a href=\"https:\/\/sokszinuvidek.24.hu\/\" target=\"_blank\">Soksz\u00edn\u0171 vid\u00e9k<\/a>.<\/p><div id=\"friss-1277450889\" class=\"friss-etarget-cikk-vege friss-entity-placement\"><script type=\"text\/javascript\" id=\"etargetScript7a9b589f63cb072bef80df221f46a22b\">function etargetPostloadFunction7a9b589f63cb072bef80df221f46a22b(){var e=\"etargetPostload7a9b589f63cb072bef80df221f46a22b\",t=\"etargetScript7a9b589f63cb072bef80df221f46a22b\",o=document.getElementById(e);if(o){for(var n=o.offsetTop,d=o.offsetLeft,r=o.offsetWidth,a=o.offsetHeight;o.offsetParent;)o=o.offsetParent,n+=o.offsetTop,d+=o.offsetLeft;var i=(n<=window.pageYOffset+window.innerHeight&&d<window.pageXOffset+window.innerWidth&&n+a>window.pageYOffset&&d+r>window.pageXOffset);if(i&&etargetAllowOtherCheck){allowed=!1;var c=document.createElement(\"script\");return c.src=\"\/\/hu.search.etargetnet.com\/generic\/uni.php?g=ref:58661,area:700x210\",void(document.getElementById(t)&&document.getElementById(e)&&(document.getElementById(t).parentNode.appendChild(c),document.getElementById(t).parentNode.removeChild(document.getElementById(t)),document.getElementById(e).parentNode.removeChild(document.getElementById(e)),document.removeEventListener(\"scroll\",etargetPostloadFunction7a9b589f63cb072bef80df221f46a22b),document.removeEventListener(\"resize\",etargetPostloadFunction7a9b589f63cb072bef80df221f46a22b),document.removeEventListener(\"DOMContentLoaded\",etargetPostloadFunction7a9b589f63cb072bef80df221f46a22b)))}}}var etargetDivID=\"etargetPostload7a9b589f63cb072bef80df221f46a22b\",etargetScriptID=\"etargetScript7a9b589f63cb072bef80df221f46a22b\",etargetPostloadPoint=document.createElement(\"div\");etargetPostloadPoint.id=etargetDivID;var etargetCurScript=document.getElementById(etargetScriptID);etargetCurScript.parentNode.appendChild(etargetPostloadPoint),document.addEventListener(\"scroll\",etargetPostloadFunction7a9b589f63cb072bef80df221f46a22b),document.addEventListener(\"resize\",etargetPostloadFunction7a9b589f63cb072bef80df221f46a22b),document.addEventListener(\"DOMContentLoaded\",etargetPostloadFunction7a9b589f63cb072bef80df221f46a22b);var etargetAllowOtherCheck=!0;if(typeof(\"forceRunPostload\")==\"string\"){etargetPostloadFunction7a9b589f63cb072bef80df221f46a22b()}<\/script><\/div><div id=\"friss-2476800593\" class=\"friss-after-content friss-entity-placement\"><script type=\"text\/javascript\" id=\"etargetScript7a9b589f63cb072bef80df221f46a22b\">function etargetPostloadFunction7a9b589f63cb072bef80df221f46a22b(){var e=\"etargetPostload7a9b589f63cb072bef80df221f46a22b\",t=\"etargetScript7a9b589f63cb072bef80df221f46a22b\",o=document.getElementById(e);if(o){for(var n=o.offsetTop,d=o.offsetLeft,r=o.offsetWidth,a=o.offsetHeight;o.offsetParent;)o=o.offsetParent,n+=o.offsetTop,d+=o.offsetLeft;var i=(n<=window.pageYOffset+window.innerHeight&&d<window.pageXOffset+window.innerWidth&&n+a>window.pageYOffset&&d+r>window.pageXOffset);if(i&&etargetAllowOtherCheck){allowed=!1;var c=document.createElement(\"script\");return c.src=\"\/\/hu.search.etargetnet.com\/generic\/uni.php?g=ref:58661,area:700x210\",void(document.getElementById(t)&&document.getElementById(e)&&(document.getElementById(t).parentNode.appendChild(c),document.getElementById(t).parentNode.removeChild(document.getElementById(t)),document.getElementById(e).parentNode.removeChild(document.getElementById(e)),document.removeEventListener(\"scroll\",etargetPostloadFunction7a9b589f63cb072bef80df221f46a22b),document.removeEventListener(\"resize\",etargetPostloadFunction7a9b589f63cb072bef80df221f46a22b),document.removeEventListener(\"DOMContentLoaded\",etargetPostloadFunction7a9b589f63cb072bef80df221f46a22b)))}}}var etargetDivID=\"etargetPostload7a9b589f63cb072bef80df221f46a22b\",etargetScriptID=\"etargetScript7a9b589f63cb072bef80df221f46a22b\",etargetPostloadPoint=document.createElement(\"div\");etargetPostloadPoint.id=etargetDivID;var etargetCurScript=document.getElementById(etargetScriptID);etargetCurScript.parentNode.appendChild(etargetPostloadPoint),document.addEventListener(\"scroll\",etargetPostloadFunction7a9b589f63cb072bef80df221f46a22b),document.addEventListener(\"resize\",etargetPostloadFunction7a9b589f63cb072bef80df221f46a22b),document.addEventListener(\"DOMContentLoaded\",etargetPostloadFunction7a9b589f63cb072bef80df221f46a22b);var etargetAllowOtherCheck=!0;if(typeof(\"forceRunPostload\")==\"string\"){etargetPostloadFunction7a9b589f63cb072bef80df221f46a22b()}<\/script><\/div><div id=\"friss-1112974874\" class=\"friss-after-content_2 friss-entity-placement\" style=\"clear: both;\"><div class=\"wprss_ajax\" data-id=\"rss9ec91efdaa\"><img loading=\"lazy\" decoding=\"async\" src=\"https:\/\/friss-hirek.hu\/wp-content\/plugins\/wp-rss-retriever\/inc\/imgs\/ajax-loader.gif\" alt=\"Loading RSS Feed\" width=\"16\" height=\"16\"><\/div><\/div><br style=\"clear: both; display: block; float: none;\"\/><div id=\"friss-2036474489\" class=\"friss-after-content_3 friss-entity-placement\">https:\/\/www.youtube.com\/watch?v=Pdnw4KiUWp0<\/div>","protected":false},"excerpt":{"rendered":"<p>Az apr\u00f3falvas Zala v\u00e1rmegy\u00e9ben a telep\u00fcl\u00e9sek sz\u00e1ma meghaladja a 250-et. A v\u00e1rmegyei napilap a napokban arr\u00f3l k\u00e9rdezte olvas\u00f3it k\u00f6z\u00f6ss\u00e9gi oldal\u00e1n, hogy szerint\u00fck melyik a legszebb zalai falu? A k\u00e9rd\u00e9s nagy aktivit\u00e1st v\u00e1ltott ki, rekordsz\u00e1m\u00fa hozz\u00e1sz\u00f3l\u00e1s \u00e9rkezett. A v\u00e1laszokb\u00f3l tiszt\u00e1n l\u00e1tszik: mindenkinek a saj\u00e1t faluja a legszebb. A hozz\u00e1sz\u00f3l\u00f3k k\u00f6zel 150 falu nev\u00e9t kommentelt\u00e9k k\u00e9rd\u00e9s\u00fcnkre. A [&hellip;]<\/p>\n","protected":false},"author":1,"featured_media":0,"comment_status":"open","ping_status":"open","sticky":false,"template":"","format":"standard","meta":{"footnotes":""},"categories":[6],"tags":[],"class_list":["post-165399","post","type-post","status-publish","format-standard","hentry","category-videk"],"amp_enabled":true,"_links":{"self":[{"href":"https:\/\/friss-hirek.hu\/index.php\/wp-json\/wp\/v2\/posts\/165399","targetHints":{"allow":["GET"]}}],"collection":[{"href":"https:\/\/friss-hirek.hu\/index.php\/wp-json\/wp\/v2\/posts"}],"about":[{"href":"https:\/\/friss-hirek.hu\/index.php\/wp-json\/wp\/v2\/types\/post"}],"author":[{"embeddable":true,"href":"https:\/\/friss-hirek.hu\/index.php\/wp-json\/wp\/v2\/users\/1"}],"replies":[{"embeddable":true,"href":"https:\/\/friss-hirek.hu\/index.php\/wp-json\/wp\/v2\/comments?post=165399"}],"version-history":[{"count":0,"href":"https:\/\/friss-hirek.hu\/index.php\/wp-json\/wp\/v2\/posts\/165399\/revisions"}],"wp:attachment":[{"href":"https:\/\/friss-hirek.hu\/index.php\/wp-json\/wp\/v2\/media?parent=165399"}],"wp:term":[{"taxonomy":"category","embeddable":true,"href":"https:\/\/friss-hirek.hu\/index.php\/wp-json\/wp\/v2\/categories?post=165399"},{"taxonomy":"post_tag","embeddable":true,"href":"https:\/\/friss-hirek.hu\/index.php\/wp-json\/wp\/v2\/tags?post=165399"}],"curies":[{"name":"wp","href":"https:\/\/api.w.org\/{rel}","templated":true}]}}