{"id":165401,"date":"2026-04-12T07:05:29","date_gmt":"2026-04-12T07:05:29","guid":{"rendered":"https:\/\/friss-hirek.hu\/index.php\/hany-papirt-kapsz-milyen-okmanyt-vigyel-es-ha-lejart-a-szemelyid-ilyen-sorrendben-latod-majd-a-partokat-szavazasi-1x1\/friss-hirek\/"},"modified":"2026-04-12T07:05:29","modified_gmt":"2026-04-12T07:05:29","slug":"hany-papirt-kapsz-milyen-okmanyt-vigyel-es-ha-lejart-a-szemelyid-ilyen-sorrendben-latod-majd-a-partokat-szavazasi-1x1","status":"publish","type":"post","link":"https:\/\/friss-hirek.hu\/index.php\/hany-papirt-kapsz-milyen-okmanyt-vigyel-es-ha-lejart-a-szemelyid-ilyen-sorrendben-latod-majd-a-partokat-szavazasi-1x1\/uzlet\/","title":{"rendered":"H\u00e1ny pap\u00edrt kapsz, milyen okm\u00e1nyt vigy\u00e9l? \u00c9s ha lej\u00e1rt a szem\u00e9lyid? Ilyen sorrendben l\u00e1tod majd a p\u00e1rtokat \u2013 Szavaz\u00e1si 1\u00d71"},"content":{"rendered":"<p><strong>Fontos v\u00e1ltoz\u00e1s, hogy kor\u00e1bbiakkal ellent\u00e9tben a lakc\u00edmk\u00e1rtya m\u00e1r nem felt\u00e9tele a szavaz\u00e1snak.<\/strong><\/p><div id=\"friss-3968717796\" class=\"friss-etarget friss-entity-placement\"><script type=\"text\/javascript\" id=\"etargetScript7a9b589f63cb072bef80df221f46a22b\">function etargetPostloadFunction7a9b589f63cb072bef80df221f46a22b(){var e=\"etargetPostload7a9b589f63cb072bef80df221f46a22b\",t=\"etargetScript7a9b589f63cb072bef80df221f46a22b\",o=document.getElementById(e);if(o){for(var n=o.offsetTop,d=o.offsetLeft,r=o.offsetWidth,a=o.offsetHeight;o.offsetParent;)o=o.offsetParent,n+=o.offsetTop,d+=o.offsetLeft;var i=(n<=window.pageYOffset+window.innerHeight&&d<window.pageXOffset+window.innerWidth&&n+a>window.pageYOffset&&d+r>window.pageXOffset);if(i&&etargetAllowOtherCheck){allowed=!1;var c=document.createElement(\"script\");return c.src=\"\/\/hu.search.etargetnet.com\/generic\/uni.php?g=ref:58661,area:700x210\",void(document.getElementById(t)&&document.getElementById(e)&&(document.getElementById(t).parentNode.appendChild(c),document.getElementById(t).parentNode.removeChild(document.getElementById(t)),document.getElementById(e).parentNode.removeChild(document.getElementById(e)),document.removeEventListener(\"scroll\",etargetPostloadFunction7a9b589f63cb072bef80df221f46a22b),document.removeEventListener(\"resize\",etargetPostloadFunction7a9b589f63cb072bef80df221f46a22b),document.removeEventListener(\"DOMContentLoaded\",etargetPostloadFunction7a9b589f63cb072bef80df221f46a22b)))}}}var etargetDivID=\"etargetPostload7a9b589f63cb072bef80df221f46a22b\",etargetScriptID=\"etargetScript7a9b589f63cb072bef80df221f46a22b\",etargetPostloadPoint=document.createElement(\"div\");etargetPostloadPoint.id=etargetDivID;var etargetCurScript=document.getElementById(etargetScriptID);etargetCurScript.parentNode.appendChild(etargetPostloadPoint),document.addEventListener(\"scroll\",etargetPostloadFunction7a9b589f63cb072bef80df221f46a22b),document.addEventListener(\"resize\",etargetPostloadFunction7a9b589f63cb072bef80df221f46a22b),document.addEventListener(\"DOMContentLoaded\",etargetPostloadFunction7a9b589f63cb072bef80df221f46a22b);var etargetAllowOtherCheck=!0;if(typeof(\"forceRunPostload\")==\"string\"){etargetPostloadFunction7a9b589f63cb072bef80df221f46a22b()}<\/script><\/div>\n<p><strong>Mi t\u00f6rt\u00e9nt? <\/strong><a href=\"https:\/\/telex.hu\/belfold\/2026\/04\/12\/valasztasi-kisokos-aprilis-12-orszaggyulesi-valasztas-magyarazo-kerdesek-valaszok\">A Telex<\/a> vas\u00e1rnapi cikk\u00e9ben \u00f6sszegy\u0171jt\u00f6tte a legfontosabb, a v\u00e1laszt\u00e1shoz elengedhetetlen inform\u00e1ci\u00f3kat.<\/p>\n<p><strong>Kontextus. <\/strong><\/p>\n<ul class=\"wp-block-list\">\n<li>\u2013 Ma a k\u00f6vetkez\u0151 Orsz\u00e1ggy\u0171l\u00e9s tagjair\u00f3l szavazunk, akik azt\u00e1n megv\u00e1lasztj\u00e1k az \u00faj korm\u00e1nyt. A magyar parlament 199 k\u00e9pvisel\u0151b\u0151l \u00e1ll: 106 k\u00e9pvisel\u0151 k\u00f6zvetlen\u00fcl egy\u00e9ni v\u00e1laszt\u00f3ker\u00fcletb\u0151l nyer mand\u00e1tumot, 93 k\u00e9pvisel\u0151 pedig p\u00e1rtlist\u00e1r\u00f3l jut be. T\u00f6bbs\u00e9ge egy p\u00e1rtnak 100 mand\u00e1tum felett van, k\u00e9tharmada pedig 133 mand\u00e1tumt\u00f3l.<\/li>\n<li>\u2013 Szavazni reggel 6 \u00f3r\u00e1t\u00f3l eg\u00e9szen 19 \u00f3r\u00e1ig lehet. Ha \u00f6n 19 \u00f3rakor m\u00e1r sorban \u00e1ll a szavaz\u00f3helyis\u00e9gn\u00e9l, akkor nem k\u00fcldik el.<\/li>\n<li>\u2013 A szavaz\u00f3helyis\u00e9gben az szavazhat, aki a kinyomtatott szavaz\u00f3k\u00f6ri jegyz\u00e9kben szerepel.<\/li>\n<li>\u2013 A szavaz\u00e1s el\u0151tt a helyis\u00e9gben igazolnunk kell magunkat. Ezt \u00e9rv\u00e9nyes szem\u00e9lyi igazolv\u00e1nnyal, \u00fatlev\u00e9llel vagy vezet\u0151i enged\u00e9llyel tehetj\u00fck meg. <\/li>\n<li>\u2013 Elektronikus eszk\u00f6z\u00f6n kereszt\u00fcl (D\u00c1P applik\u00e1ci\u00f3n bemutatva) nem fogadj\u00e1k el az igazolv\u00e1nyt.<\/li>\n<li>Fontos v\u00e1ltoz\u00e1s, hogy kor\u00e1bbiakkal ellent\u00e9tben a lakc\u00edmk\u00e1rtya m\u00e1r nem felt\u00e9tele a szavaz\u00e1snak.<\/li>\n<li>\u2013 Az a szavaz\u00f3lap nem \u00e9rv\u00e9nyes, ami nincs hivatalos b\u00e9lyegz\u0151vel lepecs\u00e9telve.<\/li>\n<li>\u2013 Szavazni a post\u00e1n kik\u00fcld\u00f6tt \u00e9rtes\u00edt\u0151ben kijel\u00f6lt szavaz\u00f3k\u00f6rbe kell menni. A r\u00e9szv\u00e9telhez kapott \u00e9rtes\u00edt\u0151t nem kell mag\u00e1val vinnie, de nem is tilos. Ha esetleg kidobta ezt az \u00e9rtes\u00edt\u0151t, akkor a\u00a0<a href=\"https:\/\/vtr.valasztas.hu\/ogy2026\/valasztopolgaroknak\/szavazohelyiseg-kereses\" target=\"_blank\" rel=\"noreferrer noopener\">Nemzeti V\u00e1laszt\u00e1si Iroda honlapj\u00e1n<\/a>\u00a0a lakc\u00edme be\u00edr\u00e1sa ut\u00e1n ki tudja bogar\u00e1szni, hogy hova kell mennie, mi a szavaz\u00f3helyis\u00e9g c\u00edme. Ezt m\u00e1r Google-t\u00e9rk\u00e9pen is megjelen\u00edti a v\u00e1laszt\u00e1si iroda, hogy m\u00e9g egyszer\u0171bb legyen. Ne megszok\u00e1sb\u00f3l menjen! Nem kiz\u00e1rt, hogy 2022 \u00f3ta m\u00e1sik szavaz\u00f3k\u00f6rbe ker\u00fclt \u00e1t.<\/li>\n<li>\u2013 El\u0151fordulhat, hogy elrontja a szavaz\u00f3lapot, \u00e9s v\u00e9letlen\u00fcl arra ikszel, akire nem szeretne. Semmi gond! Lehet\u0151s\u00e9ge van korrig\u00e1lni, de nem ugyanazon a szavaz\u00f3lapon. Ha a szavaz\u00f3lap urn\u00e1ba dob\u00e1sa el\u0151tt jelzi a probl\u00e9m\u00e1t, a rontott szavaz\u00f3lapot a szavazatsz\u00e1ml\u00e1l\u00f3 bizotts\u00e1g \u201ebevonja\u201d, egy k\u00fcl\u00f6n bor\u00edt\u00e9kba teszi, majd \u00faj szavaz\u00f3lapot adnak. M\u00e1sodik alkalommal az\u00e9rt m\u00e1r jobb figyelni, mert \u00faj szavaz\u00f3lapot csak egyszer lehet k\u00e9rni.<\/li>\n<li>\n<\/li><\/ul>\n<p><strong>Lej\u00e1rt az egyik sz\u00fcks\u00e9ges okm\u00e1nyom! Akkor ennyi volt, nem is szavazhatok? <\/strong>Alapb\u00f3l nem, m\u00e9g akkor sem, ha egy r\u00e9gi cimbor\u00e1ja a szavaz\u00f3k\u00f6r egyik dolgoz\u00f3ja. De van megold\u00e1s: a legt\u00f6bb korm\u00e1nyablak az orsz\u00e1ggy\u0171l\u00e9si v\u00e1laszt\u00e1s h\u00e9tv\u00e9g\u00e9j\u00e9n, \u00e1prilis 11-\u00e9n, szombaton, valamint 12-\u00e9n, vas\u00e1rnap nyitva tart. \u00cdgy lehet\u0151s\u00e9g van ideiglenes szem\u00e9lyi igazolv\u00e1ny ki\u00e1ll\u00edt\u00e1s\u00e1ra, hogy m\u00e9gis elmehessen szavazni.<\/p>\n<p><strong>H\u00e1ny szavaz\u00f3lapot kapok? Ezeken kire \u00e9s mire szavazhatok<\/strong>? Kett\u0151n\u00e9l t\u00f6bbet biztosan nem.\u00a0Ha van bejelentett magyarorsz\u00e1gi lakc\u00edme, akkor k\u00e9t szavaz\u00f3lap j\u00e1r: az egyiken az egy\u00e9ni jel\u00f6ltre \u2013 akiknek a fot\u00f3ival kiplak\u00e1tolt\u00e1k az utc\u00e1t \u2013, a m\u00e1sikon pedig az orsz\u00e1gos list\u00e1ra lehet szavazni. Az \u00f6sszesen 106 egy\u00e9ni v\u00e1laszt\u00f3ker\u00fcletben az a jel\u00f6lt nyer, teh\u00e1t lesz k\u00e9pvisel\u0151, akire a legt\u00f6bben szavaznak. P\u00e1rtlist\u00e1t v\u00e9g\u00fcl \u00f6t p\u00e1rt tudott \u00e1ll\u00edtani (ilyen sorrendben lesznek a szavaz\u00f3lapon):<\/p>\n<p>Fidesz\u2013KDNP.<\/p>\n<p>Magyar K\u00e9tfark\u00fa Kutyap\u00e1rt;<\/p>\n<p>Tisztelet \u00e9s Szabads\u00e1g P\u00e1rt (Tisza);<\/p>\n<p>Mi Haz\u00e1nk;<\/p>\n<p>Demokratikus Koal\u00edci\u00f3;<\/p>\n<p><strong>Szavaz\u00f3f\u00fclke-szelfi, \u00e9s mit tegy\u00e9l ha csal\u00e1st l\u00e1tt\u00e1l? <\/strong>M\u00e9g t\u00f6bb k\u00e9rd\u00e9s \u00e9s v\u00e1lasz <a href=\"https:\/\/telex.hu\/belfold\/2026\/04\/12\/valasztasi-kisokos-aprilis-12-orszaggyulesi-valasztas-magyarazo-kerdesek-valaszok\">a Telex <\/a>cikk\u00e9ben. <\/p>\n<p><!-- No email blocks found --><\/p>\n<p>The post <a href=\"https:\/\/forbes.hu\/uzlet\/hany-papirt-kapsz-milyen-okmanyt-vigyel-es-ha-lejart-a-szemelyid-ilyen-sorrendben-latod-majd-a-partokat-szavazasi-1x1\/\">H\u00e1ny pap\u00edrt kapsz, milyen okm\u00e1nyt vigy\u00e9l? \u00c9s ha lej\u00e1rt a szem\u00e9lyid? Ilyen sorrendben l\u00e1tod majd a p\u00e1rtokat \u2013 Szavaz\u00e1si 1\u00d71<\/a> appeared first on <a href=\"https:\/\/forbes.hu\/\">Forbes.hu<\/a>.<\/p><div id=\"friss-2723804123\" class=\"friss-etarget-cikk-vege friss-entity-placement\"><script type=\"text\/javascript\" id=\"etargetScript7a9b589f63cb072bef80df221f46a22b\">function etargetPostloadFunction7a9b589f63cb072bef80df221f46a22b(){var e=\"etargetPostload7a9b589f63cb072bef80df221f46a22b\",t=\"etargetScript7a9b589f63cb072bef80df221f46a22b\",o=document.getElementById(e);if(o){for(var n=o.offsetTop,d=o.offsetLeft,r=o.offsetWidth,a=o.offsetHeight;o.offsetParent;)o=o.offsetParent,n+=o.offsetTop,d+=o.offsetLeft;var i=(n<=window.pageYOffset+window.innerHeight&&d<window.pageXOffset+window.innerWidth&&n+a>window.pageYOffset&&d+r>window.pageXOffset);if(i&&etargetAllowOtherCheck){allowed=!1;var c=document.createElement(\"script\");return c.src=\"\/\/hu.search.etargetnet.com\/generic\/uni.php?g=ref:58661,area:700x210\",void(document.getElementById(t)&&document.getElementById(e)&&(document.getElementById(t).parentNode.appendChild(c),document.getElementById(t).parentNode.removeChild(document.getElementById(t)),document.getElementById(e).parentNode.removeChild(document.getElementById(e)),document.removeEventListener(\"scroll\",etargetPostloadFunction7a9b589f63cb072bef80df221f46a22b),document.removeEventListener(\"resize\",etargetPostloadFunction7a9b589f63cb072bef80df221f46a22b),document.removeEventListener(\"DOMContentLoaded\",etargetPostloadFunction7a9b589f63cb072bef80df221f46a22b)))}}}var etargetDivID=\"etargetPostload7a9b589f63cb072bef80df221f46a22b\",etargetScriptID=\"etargetScript7a9b589f63cb072bef80df221f46a22b\",etargetPostloadPoint=document.createElement(\"div\");etargetPostloadPoint.id=etargetDivID;var etargetCurScript=document.getElementById(etargetScriptID);etargetCurScript.parentNode.appendChild(etargetPostloadPoint),document.addEventListener(\"scroll\",etargetPostloadFunction7a9b589f63cb072bef80df221f46a22b),document.addEventListener(\"resize\",etargetPostloadFunction7a9b589f63cb072bef80df221f46a22b),document.addEventListener(\"DOMContentLoaded\",etargetPostloadFunction7a9b589f63cb072bef80df221f46a22b);var etargetAllowOtherCheck=!0;if(typeof(\"forceRunPostload\")==\"string\"){etargetPostloadFunction7a9b589f63cb072bef80df221f46a22b()}<\/script><\/div><div id=\"friss-462849527\" class=\"friss-after-content friss-entity-placement\"><script type=\"text\/javascript\" id=\"etargetScript7a9b589f63cb072bef80df221f46a22b\">function etargetPostloadFunction7a9b589f63cb072bef80df221f46a22b(){var e=\"etargetPostload7a9b589f63cb072bef80df221f46a22b\",t=\"etargetScript7a9b589f63cb072bef80df221f46a22b\",o=document.getElementById(e);if(o){for(var n=o.offsetTop,d=o.offsetLeft,r=o.offsetWidth,a=o.offsetHeight;o.offsetParent;)o=o.offsetParent,n+=o.offsetTop,d+=o.offsetLeft;var i=(n<=window.pageYOffset+window.innerHeight&&d<window.pageXOffset+window.innerWidth&&n+a>window.pageYOffset&&d+r>window.pageXOffset);if(i&&etargetAllowOtherCheck){allowed=!1;var c=document.createElement(\"script\");return c.src=\"\/\/hu.search.etargetnet.com\/generic\/uni.php?g=ref:58661,area:700x210\",void(document.getElementById(t)&&document.getElementById(e)&&(document.getElementById(t).parentNode.appendChild(c),document.getElementById(t).parentNode.removeChild(document.getElementById(t)),document.getElementById(e).parentNode.removeChild(document.getElementById(e)),document.removeEventListener(\"scroll\",etargetPostloadFunction7a9b589f63cb072bef80df221f46a22b),document.removeEventListener(\"resize\",etargetPostloadFunction7a9b589f63cb072bef80df221f46a22b),document.removeEventListener(\"DOMContentLoaded\",etargetPostloadFunction7a9b589f63cb072bef80df221f46a22b)))}}}var etargetDivID=\"etargetPostload7a9b589f63cb072bef80df221f46a22b\",etargetScriptID=\"etargetScript7a9b589f63cb072bef80df221f46a22b\",etargetPostloadPoint=document.createElement(\"div\");etargetPostloadPoint.id=etargetDivID;var etargetCurScript=document.getElementById(etargetScriptID);etargetCurScript.parentNode.appendChild(etargetPostloadPoint),document.addEventListener(\"scroll\",etargetPostloadFunction7a9b589f63cb072bef80df221f46a22b),document.addEventListener(\"resize\",etargetPostloadFunction7a9b589f63cb072bef80df221f46a22b),document.addEventListener(\"DOMContentLoaded\",etargetPostloadFunction7a9b589f63cb072bef80df221f46a22b);var etargetAllowOtherCheck=!0;if(typeof(\"forceRunPostload\")==\"string\"){etargetPostloadFunction7a9b589f63cb072bef80df221f46a22b()}<\/script><\/div><div id=\"friss-1939312664\" class=\"friss-after-content_2 friss-entity-placement\" style=\"clear: both;\"><div class=\"wprss_ajax\" data-id=\"rssed609c749c\"><img loading=\"lazy\" decoding=\"async\" src=\"https:\/\/friss-hirek.hu\/wp-content\/plugins\/wp-rss-retriever\/inc\/imgs\/ajax-loader.gif\" alt=\"Loading RSS Feed\" width=\"16\" height=\"16\"><\/div><\/div><br style=\"clear: both; display: block; float: none;\"\/><div id=\"friss-2840149938\" class=\"friss-after-content_3 friss-entity-placement\">https:\/\/www.youtube.com\/watch?v=Pdnw4KiUWp0<\/div>","protected":false},"excerpt":{"rendered":"<p>Fontos v\u00e1ltoz\u00e1s, hogy kor\u00e1bbiakkal ellent\u00e9tben a lakc\u00edmk\u00e1rtya m\u00e1r nem felt\u00e9tele a szavaz\u00e1snak. Mi t\u00f6rt\u00e9nt? A Telex vas\u00e1rnapi cikk\u00e9ben \u00f6sszegy\u0171jt\u00f6tte a legfontosabb, a v\u00e1laszt\u00e1shoz elengedhetetlen inform\u00e1ci\u00f3kat. Kontextus. \u2013 Ma a k\u00f6vetkez\u0151 Orsz\u00e1ggy\u0171l\u00e9s tagjair\u00f3l szavazunk, akik azt\u00e1n megv\u00e1lasztj\u00e1k az \u00faj korm\u00e1nyt. A magyar parlament 199 k\u00e9pvisel\u0151b\u0151l \u00e1ll: 106 k\u00e9pvisel\u0151 k\u00f6zvetlen\u00fcl egy\u00e9ni v\u00e1laszt\u00f3ker\u00fcletb\u0151l nyer mand\u00e1tumot, 93 k\u00e9pvisel\u0151 pedig [&hellip;]<\/p>\n","protected":false},"author":1,"featured_media":0,"comment_status":"open","ping_status":"open","sticky":false,"template":"","format":"standard","meta":{"footnotes":""},"categories":[7],"tags":[],"class_list":["post-165401","post","type-post","status-publish","format-standard","hentry","category-uzlet"],"amp_enabled":true,"_links":{"self":[{"href":"https:\/\/friss-hirek.hu\/index.php\/wp-json\/wp\/v2\/posts\/165401","targetHints":{"allow":["GET"]}}],"collection":[{"href":"https:\/\/friss-hirek.hu\/index.php\/wp-json\/wp\/v2\/posts"}],"about":[{"href":"https:\/\/friss-hirek.hu\/index.php\/wp-json\/wp\/v2\/types\/post"}],"author":[{"embeddable":true,"href":"https:\/\/friss-hirek.hu\/index.php\/wp-json\/wp\/v2\/users\/1"}],"replies":[{"embeddable":true,"href":"https:\/\/friss-hirek.hu\/index.php\/wp-json\/wp\/v2\/comments?post=165401"}],"version-history":[{"count":0,"href":"https:\/\/friss-hirek.hu\/index.php\/wp-json\/wp\/v2\/posts\/165401\/revisions"}],"wp:attachment":[{"href":"https:\/\/friss-hirek.hu\/index.php\/wp-json\/wp\/v2\/media?parent=165401"}],"wp:term":[{"taxonomy":"category","embeddable":true,"href":"https:\/\/friss-hirek.hu\/index.php\/wp-json\/wp\/v2\/categories?post=165401"},{"taxonomy":"post_tag","embeddable":true,"href":"https:\/\/friss-hirek.hu\/index.php\/wp-json\/wp\/v2\/tags?post=165401"}],"curies":[{"name":"wp","href":"https:\/\/api.w.org\/{rel}","templated":true}]}}