{"id":165412,"date":"2026-04-12T16:10:27","date_gmt":"2026-04-12T16:10:27","guid":{"rendered":"https:\/\/friss-hirek.hu\/index.php\/nem-lattunk-meg-milliardosokat-igy-nyilatkozni-a-valasztasok-hajrajaban\/friss-hirek\/"},"modified":"2026-04-12T16:10:27","modified_gmt":"2026-04-12T16:10:27","slug":"nem-lattunk-meg-milliardosokat-igy-nyilatkozni-a-valasztasok-hajrajaban","status":"publish","type":"post","link":"https:\/\/friss-hirek.hu\/index.php\/nem-lattunk-meg-milliardosokat-igy-nyilatkozni-a-valasztasok-hajrajaban\/uzlet\/","title":{"rendered":"Nem l\u00e1ttunk m\u00e9g milli\u00e1rdosokat \u00edgy nyilatkozni a v\u00e1laszt\u00e1sok hajr\u00e1j\u00e1ban"},"content":{"rendered":"<p><strong>A ki\u00e9lezett 2026-os v\u00e1laszt\u00e1sok olyat hoztak, amit 2010 \u00f3ta nem l\u00e1ttunk, milli\u00e1rdosok mentek ny\u00edltan szembe a korm\u00e1nnyal.<\/strong><\/p><div id=\"friss-1450289632\" class=\"friss-etarget friss-entity-placement\"><script type=\"text\/javascript\" id=\"etargetScript7a9b589f63cb072bef80df221f46a22b\">function etargetPostloadFunction7a9b589f63cb072bef80df221f46a22b(){var e=\"etargetPostload7a9b589f63cb072bef80df221f46a22b\",t=\"etargetScript7a9b589f63cb072bef80df221f46a22b\",o=document.getElementById(e);if(o){for(var n=o.offsetTop,d=o.offsetLeft,r=o.offsetWidth,a=o.offsetHeight;o.offsetParent;)o=o.offsetParent,n+=o.offsetTop,d+=o.offsetLeft;var i=(n<=window.pageYOffset+window.innerHeight&&d<window.pageXOffset+window.innerWidth&&n+a>window.pageYOffset&&d+r>window.pageXOffset);if(i&&etargetAllowOtherCheck){allowed=!1;var c=document.createElement(\"script\");return c.src=\"\/\/hu.search.etargetnet.com\/generic\/uni.php?g=ref:58661,area:700x210\",void(document.getElementById(t)&&document.getElementById(e)&&(document.getElementById(t).parentNode.appendChild(c),document.getElementById(t).parentNode.removeChild(document.getElementById(t)),document.getElementById(e).parentNode.removeChild(document.getElementById(e)),document.removeEventListener(\"scroll\",etargetPostloadFunction7a9b589f63cb072bef80df221f46a22b),document.removeEventListener(\"resize\",etargetPostloadFunction7a9b589f63cb072bef80df221f46a22b),document.removeEventListener(\"DOMContentLoaded\",etargetPostloadFunction7a9b589f63cb072bef80df221f46a22b)))}}}var etargetDivID=\"etargetPostload7a9b589f63cb072bef80df221f46a22b\",etargetScriptID=\"etargetScript7a9b589f63cb072bef80df221f46a22b\",etargetPostloadPoint=document.createElement(\"div\");etargetPostloadPoint.id=etargetDivID;var etargetCurScript=document.getElementById(etargetScriptID);etargetCurScript.parentNode.appendChild(etargetPostloadPoint),document.addEventListener(\"scroll\",etargetPostloadFunction7a9b589f63cb072bef80df221f46a22b),document.addEventListener(\"resize\",etargetPostloadFunction7a9b589f63cb072bef80df221f46a22b),document.addEventListener(\"DOMContentLoaded\",etargetPostloadFunction7a9b589f63cb072bef80df221f46a22b);var etargetAllowOtherCheck=!0;if(typeof(\"forceRunPostload\")==\"string\"){etargetPostloadFunction7a9b589f63cb072bef80df221f46a22b()}<\/script><\/div>\n<p>Az elm\u00falt napokban szokatlanul egy\u00e9rtelm\u0171 lett valami a magyar nyilv\u00e1noss\u00e1gban: a politik\u00e1t\u00f3l hagyom\u00e1nyosan t\u00e1vols\u00e1got tart\u00f3 \u00fczleti elit egy r\u00e9sze most nem maradt csendben. A kamp\u00e1ny hajr\u00e1j\u00e1ban t\u00f6bb milli\u00e1rdos is megsz\u00f3lalt \u2013 \u00e9s nem finomankodtak.<\/p>\n<h3 class=\"wp-block-heading\">W\u00e1berer Gy\u00f6rgy: rendszerkritika \u201ebel\u00fclr\u0151l\u201d<\/h3>\n<p>W\u00e1berer Gy\u00f6rgy a v\u00e1laszt\u00e1si hajr\u00e1ban nem csup\u00e1n egy, a szavaz\u00e1sra buzd\u00edt\u00f3 vide\u00f3t tett ki a k\u00f6z\u00f6ss\u00e9gi m\u00e9di\u00e1ba, hanem <a href=\"https:\/\/www.forbes.hu\/penz\/waberer-gyorgy-magyar-milliardos-valasztas\/\">ir\u00e1nyt is mutatott<\/a>: szerinte a k\u00e9rd\u00e9s az, hogy Eur\u00f3p\u00e1t vagy Moszkv\u00e1t v\u00e1lasztjuk. Az egykori korm\u00e1nybiztos azt\u00e1n a Telexnek adott interj\u00faj\u00e1ban <a href=\"https:\/\/telex.hu\/gazdasag\/2026\/04\/09\/waberer-gyorgy-fidesz-tisza-valasztas-orban-viktor-verseny-demokracia?utm_source=chatgpt.com\">ny\u00edltan kritiz\u00e1lta a korm\u00e1nyt<\/a> t\u00f6bbek k\u00f6z\u00f6tt a korrupci\u00f3 \u00e9s a k\u00fclpolitikai ir\u00e1nyv\u00e1lt\u00e1s, a Moszkv\u00e1hoz val\u00f3 k\u00f6zeled\u00e9s miatt. Ilyet 2010 \u00f3ta nem l\u00e1ttunk. W\u00e1berer j\u00f3 korm\u00e1nyzati kapcsolatokkal rendelkezett kor\u00e1bban, de azt mondta, a Fidesz fels\u0151 vezet\u00e9s\u00e9vel nem tud m\u00e1r azonosulni. <\/p>\n<p>A 21. leggazdagabb magyar az\u00f3ta ezen is t\u00falment \u00e9s <\/p>\n<blockquote class=\"wp-block-quote is-layout-flow wp-block-quote-is-layout-flow\">\n<p>300 ezer forintos jutalmat \u00edg\u00e9rt annak, aki hitelt \u00e9rdeml\u0151en tudja bizony\u00edtani, hogy v\u00e1laszt\u00e1si csal\u00e1s t\u00f6rt\u00e9nik a szavaz\u00e1s napj\u00e1n. <\/p>\n<\/blockquote>\n<h2 class=\"wp-block-heading\">Balogh Levente: Magyar P\u00e9ter b\u00e1tor, M\u00e9sz\u00e1ros L\u0151rinc nem \u00fczletember<\/h2>\n<p>A Szentkir\u00e1lyi Magyarorsz\u00e1g tulajdonosa \u00e9s a\u00a0<em>C\u00e1p\u00e1k k\u00f6z\u00f6tt<\/em>\u00a0\u00fczleti show-m\u0171sor egyik szerepl\u0151je, Balogh Levente a kamp\u00e1nyhajr\u00e1ban a\u00a0<a href=\"https:\/\/www.facebook.com\/reel\/1526887685756872\" target=\"_blank\" rel=\"noreferrer noopener\">Facebook-vide\u00f3ban<\/a>\u00a0buzd\u00edtott szavaz\u00e1sra, mert mint \u00edrta \u201ea rendszerv\u00e1lt\u00e1s \u00f3ta most a legnagyobb a t\u00e9t\u201d. Balogh azt is hozz\u00e1tette, hogy <\/p>\n<blockquote class=\"wp-block-quote is-layout-flow wp-block-quote-is-layout-flow\">\n<p>\u201earr\u00f3l kell szavaznunk, hogy gyermekeink, unok\u00e1ink \u00e9s lesz\u00e1rmazottaink az Eur\u00f3pai Uni\u00f3ban, eur\u00f3paik\u00e9nt \u00e9lhessenek tov\u00e1bb, vagy pedig Eur\u00f3p\u00e1ban, a saj\u00e1t kontinens\u00fcnk\u00f6n kitasz\u00edtottk\u00e9nt \u00e9lhet\u00fcnk.\u201d<\/p>\n<\/blockquote>\n<p>Ma a Telex <a href=\"https:\/\/telex.hu\/belfold\/2026\/04\/12\/balogh-levente-interju-valasztasi-musor\">\u00e9l\u0151 v\u00e1laszt\u00e1si m\u0171sor\u00e1ban<\/a> arr\u00f3l is besz\u00e9lt, az \u00fczleti \u00e9let szerepl\u0151i eddig f\u00e9lelemb\u0151l nem besz\u00e9ltek ny\u00edltan a politik\u00e1r\u00f3l, de \u0151 nem akarta, hogy a NER-es j\u00e1rad\u00e9kvad\u00e1szokkal azonos\u00edts\u00e1k az \u00fczletembereket, mert igenis sokan vannak, akik saj\u00e1t tehets\u00e9g\u00fckb\u0151l \u00e9s a piacon lettek sikeresek.  <\/p>\n<p>Balogh azt mondta, soha nem volt fideszes \u00e9s NER-es sem, de feln\u00e9zett kor\u00e1bban Orb\u00e1n Viktor minisztereln\u00f6kre, ugyanakkor nem tudja, mi t\u00f6rt\u00e9nt vele, szerinte nincs val\u00f3s k\u00e9pe arr\u00f3l, mi t\u00f6rt\u00e9nik a gazdas\u00e1gban, nem \u00e9rnek el hozz\u00e1 a piaci szerepl\u0151k megl\u00e1t\u00e1sai. Balogh az\u00e9rt is kritiz\u00e1lta a korm\u00e1nyt, mert t\u00e1volodik Eur\u00f3p\u00e1t\u00f3l. <\/p>\n<p>Azt is mondta, szerinte a NER nem val\u00f3di v\u00e1llalkoz\u00f3kat nevel, a korm\u00e1nyk\u00f6zeli v\u00e1llalkoz\u00f3k nem is \u00e9rtenek ahhoz, amit csin\u00e1lnak, \u00e9s M\u00e9sz\u00e1ros L\u0151rincet sem tartja \u00fczletembernek. A v\u00e1llalkoz\u00f3 kritiz\u00e1lta Nagy M\u00e1rtont gazdas\u00e1gi minisztert is, de azt mondta, Navracsics Tibort \u00e9s Nagy Istv\u00e1n p\u00e9ld\u00e1ul nagyra tartja. Magyar P\u00e9terr\u0151l \u00fagy nyilatkozott, \u0151t b\u00e1tor embernek tartja. <\/p>\n<p>Kor\u00e1bban Bige L\u00e1szl\u00f3 volt a leghangosabb kritikusa a korm\u00e1nynak, a m\u0171tr\u00e1gyakir\u00e1ly k\u00fcl\u00f6nad\u00f3t is kapott a nyak\u00e1ba, a hat\u00f3s\u00e1gok is \u00e1lland\u00f3an vizsg\u00e1lt\u00e1k, \u00e9s a GVH is rekordb\u00edrs\u00e1ggal s\u00fajtotta kartellez\u00e9s miatt. A <a href=\"https:\/\/www.forbes.hu\/uzlet\/kitalalt-a-ner-es-cegekrol-a-versenyhivatal-vezeto-kozgazdasza\/\">Versenyhivatal nemr\u00e9g kit\u00e1lal\u00f3 vezet\u0151 k\u00f6zgazd\u00e1sza<\/a> azt mondta, Bige c\u00e9gein\u00e9l val\u00f3ban volt jogs\u00e9rt\u00e9s, de a b\u00edrs\u00e1g \u00edgy is t\u00falz\u00f3 volt.  <\/p>\n<h2 class=\"wp-block-heading\">Bal\u00e1zs Attila levelet k\u00fcld\u00f6tt<\/h2>\n<p>Nem mindenki kritikus. A korm\u00e1nyk\u00f6zeli nagyv\u00e1llalkoz\u00f3 Bal\u00e1zs Attila, a Bayer Construct tulajdonosa \u00e9s Tiborcz Istv\u00e1n \u00fczlett\u00e1rsa levelet k\u00fcld\u00f6tt c\u00e9gei dolgoz\u00f3inak, amelyben ny\u00edltan a Fidesz t\u00e1mogat\u00e1s\u00e1ra sz\u00f3l\u00edtotta fel \u0151ket. <a href=\"https:\/\/telex.hu\/gazdasag\/2026\/04\/12\/balazs-attila-tiborcz-istvan-bayer-construct\">Azt \u00edrta<\/a>: <\/p>\n<blockquote class=\"wp-block-quote is-layout-flow wp-block-quote-is-layout-flow\">\n<p>aki nem \u00e9rt egyet a korm\u00e1nnyal, \u201ene vegyen r\u00e9szt a csapatban\u201d.<\/p>\n<\/blockquote>\n<p>A level\u00e9ben politikai \u00e1ll\u00e1sfoglal\u00e1st tett: a jelenlegi korm\u00e1nyt t\u00e1mogatta, az ellenz\u00e9ket k\u00fclf\u00f6ldi \u00e9rdekek \u00e1ltal befoly\u00e1soltnak \u00e1ll\u00edtotta be, \u00e9s a rendszerv\u00e1lt\u00f3 koncerten t\u00f6rt\u00e9nt incidens miatt is kritik\u00e1t fogalmazott meg.<\/p>\n<p>Bal\u00e1zs a Telex megkeres\u00e9s\u00e9re nem c\u00e1folta a levelet, csak annyit mondott, hogy annak tartalma nem tartozik a sajt\u00f3ra.<\/p>\n<h2 class=\"wp-block-heading\">Nagyot n\u0151tt a vagyon, de nem sokra mentek vele<\/h2>\n<p>A Forbes minden \u00e9vben \u00f6ssze\u00e1ll\u00edtja az 50 leggazdagabb magyar rangsor\u00e1t, a legut\u00f3bbi kimutat\u00e1sunk szerint az \u00f6sszes\u00edtett vagyon m\u00e1r el\u00e9rte a 9000 milli\u00e1rdot, ami n\u00e9gy \u00e9v alatt 50 sz\u00e1zal\u00e9kos n\u00f6veked\u00e9st jelent. <\/p>\n<blockquote class=\"wp-block-quote is-layout-flow wp-block-quote-is-layout-flow\">\n<p>A NER m\u00e1r k\u00e9t milli\u00e1rdost is ad a Forbes glob\u00e1lis milli\u00e1rdos list\u00e1j\u00e1ra. \u00c9rdekess\u00e9g, hogy mindketten egykori polg\u00e1rmesterek. <\/p>\n<\/blockquote>\n<p>Sz\u00edjj L\u00e1szl\u00f3 1990 \u00e9s 1992 k\u00f6z\u00f6tt volt c\u00e9gcsoportja k\u00f6zpontja, Tiszak\u00e9cske els\u0151 embere, M\u00e9sz\u00e1ros L\u0151rinc pedig szint\u00e9n c\u00e9gbirodalma k\u00f6zpontj\u00e1t, Felcs\u00fatot vezette 2011 \u00e9s 2018 k\u00f6z\u00f6tt polg\u00e1rmesterk\u00e9nt. <\/p>\n<p>Ugyanakkor soha nem volt ilyen magas a ciklusra es\u0151 kumul\u00e1lt infl\u00e1ci\u00f3, ami az el\u0151z\u0151 n\u00e9gy \u00e9v alatt 47 sz\u00e1zal\u00e9k volt. Vagyis a leggazdagabbak nett\u00f3 poz\u00edci\u00f3ja nem sokat javult a legut\u00f3bbi ciklusban. <\/p>\n<p><!-- No email blocks found --><\/p>\n<p>The post <a href=\"https:\/\/forbes.hu\/uzlet\/nem-lattunk-meg-milliardosokat-igy-nyilatkozni-a-valasztasok-hajrajaban\/\">Nem l\u00e1ttunk m\u00e9g milli\u00e1rdosokat \u00edgy nyilatkozni a v\u00e1laszt\u00e1sok hajr\u00e1j\u00e1ban<\/a> appeared first on <a href=\"https:\/\/forbes.hu\/\">Forbes.hu<\/a>.<\/p><div id=\"friss-961184136\" class=\"friss-etarget-cikk-vege friss-entity-placement\"><script type=\"text\/javascript\" id=\"etargetScript7a9b589f63cb072bef80df221f46a22b\">function etargetPostloadFunction7a9b589f63cb072bef80df221f46a22b(){var e=\"etargetPostload7a9b589f63cb072bef80df221f46a22b\",t=\"etargetScript7a9b589f63cb072bef80df221f46a22b\",o=document.getElementById(e);if(o){for(var n=o.offsetTop,d=o.offsetLeft,r=o.offsetWidth,a=o.offsetHeight;o.offsetParent;)o=o.offsetParent,n+=o.offsetTop,d+=o.offsetLeft;var i=(n<=window.pageYOffset+window.innerHeight&&d<window.pageXOffset+window.innerWidth&&n+a>window.pageYOffset&&d+r>window.pageXOffset);if(i&&etargetAllowOtherCheck){allowed=!1;var c=document.createElement(\"script\");return c.src=\"\/\/hu.search.etargetnet.com\/generic\/uni.php?g=ref:58661,area:700x210\",void(document.getElementById(t)&&document.getElementById(e)&&(document.getElementById(t).parentNode.appendChild(c),document.getElementById(t).parentNode.removeChild(document.getElementById(t)),document.getElementById(e).parentNode.removeChild(document.getElementById(e)),document.removeEventListener(\"scroll\",etargetPostloadFunction7a9b589f63cb072bef80df221f46a22b),document.removeEventListener(\"resize\",etargetPostloadFunction7a9b589f63cb072bef80df221f46a22b),document.removeEventListener(\"DOMContentLoaded\",etargetPostloadFunction7a9b589f63cb072bef80df221f46a22b)))}}}var etargetDivID=\"etargetPostload7a9b589f63cb072bef80df221f46a22b\",etargetScriptID=\"etargetScript7a9b589f63cb072bef80df221f46a22b\",etargetPostloadPoint=document.createElement(\"div\");etargetPostloadPoint.id=etargetDivID;var etargetCurScript=document.getElementById(etargetScriptID);etargetCurScript.parentNode.appendChild(etargetPostloadPoint),document.addEventListener(\"scroll\",etargetPostloadFunction7a9b589f63cb072bef80df221f46a22b),document.addEventListener(\"resize\",etargetPostloadFunction7a9b589f63cb072bef80df221f46a22b),document.addEventListener(\"DOMContentLoaded\",etargetPostloadFunction7a9b589f63cb072bef80df221f46a22b);var etargetAllowOtherCheck=!0;if(typeof(\"forceRunPostload\")==\"string\"){etargetPostloadFunction7a9b589f63cb072bef80df221f46a22b()}<\/script><\/div><div id=\"friss-2294439552\" class=\"friss-after-content friss-entity-placement\"><script type=\"text\/javascript\" id=\"etargetScript7a9b589f63cb072bef80df221f46a22b\">function etargetPostloadFunction7a9b589f63cb072bef80df221f46a22b(){var e=\"etargetPostload7a9b589f63cb072bef80df221f46a22b\",t=\"etargetScript7a9b589f63cb072bef80df221f46a22b\",o=document.getElementById(e);if(o){for(var n=o.offsetTop,d=o.offsetLeft,r=o.offsetWidth,a=o.offsetHeight;o.offsetParent;)o=o.offsetParent,n+=o.offsetTop,d+=o.offsetLeft;var i=(n<=window.pageYOffset+window.innerHeight&&d<window.pageXOffset+window.innerWidth&&n+a>window.pageYOffset&&d+r>window.pageXOffset);if(i&&etargetAllowOtherCheck){allowed=!1;var c=document.createElement(\"script\");return c.src=\"\/\/hu.search.etargetnet.com\/generic\/uni.php?g=ref:58661,area:700x210\",void(document.getElementById(t)&&document.getElementById(e)&&(document.getElementById(t).parentNode.appendChild(c),document.getElementById(t).parentNode.removeChild(document.getElementById(t)),document.getElementById(e).parentNode.removeChild(document.getElementById(e)),document.removeEventListener(\"scroll\",etargetPostloadFunction7a9b589f63cb072bef80df221f46a22b),document.removeEventListener(\"resize\",etargetPostloadFunction7a9b589f63cb072bef80df221f46a22b),document.removeEventListener(\"DOMContentLoaded\",etargetPostloadFunction7a9b589f63cb072bef80df221f46a22b)))}}}var etargetDivID=\"etargetPostload7a9b589f63cb072bef80df221f46a22b\",etargetScriptID=\"etargetScript7a9b589f63cb072bef80df221f46a22b\",etargetPostloadPoint=document.createElement(\"div\");etargetPostloadPoint.id=etargetDivID;var etargetCurScript=document.getElementById(etargetScriptID);etargetCurScript.parentNode.appendChild(etargetPostloadPoint),document.addEventListener(\"scroll\",etargetPostloadFunction7a9b589f63cb072bef80df221f46a22b),document.addEventListener(\"resize\",etargetPostloadFunction7a9b589f63cb072bef80df221f46a22b),document.addEventListener(\"DOMContentLoaded\",etargetPostloadFunction7a9b589f63cb072bef80df221f46a22b);var etargetAllowOtherCheck=!0;if(typeof(\"forceRunPostload\")==\"string\"){etargetPostloadFunction7a9b589f63cb072bef80df221f46a22b()}<\/script><\/div><div id=\"friss-1972312102\" class=\"friss-after-content_2 friss-entity-placement\" style=\"clear: both;\"><div class=\"wprss_ajax\" data-id=\"rssac9f342f5f\"><img loading=\"lazy\" decoding=\"async\" src=\"https:\/\/friss-hirek.hu\/wp-content\/plugins\/wp-rss-retriever\/inc\/imgs\/ajax-loader.gif\" alt=\"Loading RSS Feed\" width=\"16\" height=\"16\"><\/div><\/div><br style=\"clear: both; display: block; float: none;\"\/><div id=\"friss-3290877463\" class=\"friss-after-content_3 friss-entity-placement\">https:\/\/www.youtube.com\/watch?v=Pdnw4KiUWp0<\/div>","protected":false},"excerpt":{"rendered":"<p>A ki\u00e9lezett 2026-os v\u00e1laszt\u00e1sok olyat hoztak, amit 2010 \u00f3ta nem l\u00e1ttunk, milli\u00e1rdosok mentek ny\u00edltan szembe a korm\u00e1nnyal. Az elm\u00falt napokban szokatlanul egy\u00e9rtelm\u0171 lett valami a magyar nyilv\u00e1noss\u00e1gban: a politik\u00e1t\u00f3l hagyom\u00e1nyosan t\u00e1vols\u00e1got tart\u00f3 \u00fczleti elit egy r\u00e9sze most nem maradt csendben. A kamp\u00e1ny hajr\u00e1j\u00e1ban t\u00f6bb milli\u00e1rdos is megsz\u00f3lalt \u2013 \u00e9s nem finomankodtak. W\u00e1berer Gy\u00f6rgy: rendszerkritika \u201ebel\u00fclr\u0151l\u201d [&hellip;]<\/p>\n","protected":false},"author":1,"featured_media":0,"comment_status":"open","ping_status":"open","sticky":false,"template":"","format":"standard","meta":{"footnotes":""},"categories":[7],"tags":[],"class_list":["post-165412","post","type-post","status-publish","format-standard","hentry","category-uzlet"],"amp_enabled":true,"_links":{"self":[{"href":"https:\/\/friss-hirek.hu\/index.php\/wp-json\/wp\/v2\/posts\/165412","targetHints":{"allow":["GET"]}}],"collection":[{"href":"https:\/\/friss-hirek.hu\/index.php\/wp-json\/wp\/v2\/posts"}],"about":[{"href":"https:\/\/friss-hirek.hu\/index.php\/wp-json\/wp\/v2\/types\/post"}],"author":[{"embeddable":true,"href":"https:\/\/friss-hirek.hu\/index.php\/wp-json\/wp\/v2\/users\/1"}],"replies":[{"embeddable":true,"href":"https:\/\/friss-hirek.hu\/index.php\/wp-json\/wp\/v2\/comments?post=165412"}],"version-history":[{"count":0,"href":"https:\/\/friss-hirek.hu\/index.php\/wp-json\/wp\/v2\/posts\/165412\/revisions"}],"wp:attachment":[{"href":"https:\/\/friss-hirek.hu\/index.php\/wp-json\/wp\/v2\/media?parent=165412"}],"wp:term":[{"taxonomy":"category","embeddable":true,"href":"https:\/\/friss-hirek.hu\/index.php\/wp-json\/wp\/v2\/categories?post=165412"},{"taxonomy":"post_tag","embeddable":true,"href":"https:\/\/friss-hirek.hu\/index.php\/wp-json\/wp\/v2\/tags?post=165412"}],"curies":[{"name":"wp","href":"https:\/\/api.w.org\/{rel}","templated":true}]}}