{"id":165422,"date":"2026-04-12T22:13:25","date_gmt":"2026-04-12T22:13:25","guid":{"rendered":"https:\/\/friss-hirek.hu\/index.php\/magyar-peter-minden-magyar-miniszterelnoke-leszek-de-a-rendszer-tartooszlopainak-mennie-kell\/friss-hirek\/"},"modified":"2026-04-12T22:13:25","modified_gmt":"2026-04-12T22:13:25","slug":"magyar-peter-minden-magyar-miniszterelnoke-leszek-de-a-rendszer-tartooszlopainak-mennie-kell","status":"publish","type":"post","link":"https:\/\/friss-hirek.hu\/index.php\/magyar-peter-minden-magyar-miniszterelnoke-leszek-de-a-rendszer-tartooszlopainak-mennie-kell\/uzlet\/","title":{"rendered":"Magyar P\u00e9ter: Minden magyar minisztereln\u00f6ke leszek, de a rendszer tart\u00f3oszlopainak mennie kell"},"content":{"rendered":"<p><strong>K\u00f6zel 90 sz\u00e1zal\u00e9kos feldolgozotts\u00e1g mellett 138 mand\u00e1tumot szerzett a Tisza, soha ekkora felhatalmaz\u00e1ssal m\u00e9g p\u00e1rt nem nyert v\u00e1laszt\u00e1st. Egyel\u0151re \u00fagy t\u0171nik, meglepet\u00e9sre a Mi Haz\u00e1nk is bejut a parlamentbe, noha a magas r\u00e9szv\u00e9tel ellen\u00fck sz\u00f3lt. Magyar P\u00e9ter is megtartotta gy\u0151zelmi besz\u00e9d\u00e9t, \u00fczent minden magyarnak \u00e9s a NER funkcion\u00e1riusinak is. <\/strong><\/p><div id=\"friss-1397053416\" class=\"friss-etarget friss-entity-placement\"><script type=\"text\/javascript\" id=\"etargetScript7a9b589f63cb072bef80df221f46a22b\">function etargetPostloadFunction7a9b589f63cb072bef80df221f46a22b(){var e=\"etargetPostload7a9b589f63cb072bef80df221f46a22b\",t=\"etargetScript7a9b589f63cb072bef80df221f46a22b\",o=document.getElementById(e);if(o){for(var n=o.offsetTop,d=o.offsetLeft,r=o.offsetWidth,a=o.offsetHeight;o.offsetParent;)o=o.offsetParent,n+=o.offsetTop,d+=o.offsetLeft;var i=(n<=window.pageYOffset+window.innerHeight&&d<window.pageXOffset+window.innerWidth&&n+a>window.pageYOffset&&d+r>window.pageXOffset);if(i&&etargetAllowOtherCheck){allowed=!1;var c=document.createElement(\"script\");return c.src=\"\/\/hu.search.etargetnet.com\/generic\/uni.php?g=ref:58661,area:700x210\",void(document.getElementById(t)&&document.getElementById(e)&&(document.getElementById(t).parentNode.appendChild(c),document.getElementById(t).parentNode.removeChild(document.getElementById(t)),document.getElementById(e).parentNode.removeChild(document.getElementById(e)),document.removeEventListener(\"scroll\",etargetPostloadFunction7a9b589f63cb072bef80df221f46a22b),document.removeEventListener(\"resize\",etargetPostloadFunction7a9b589f63cb072bef80df221f46a22b),document.removeEventListener(\"DOMContentLoaded\",etargetPostloadFunction7a9b589f63cb072bef80df221f46a22b)))}}}var etargetDivID=\"etargetPostload7a9b589f63cb072bef80df221f46a22b\",etargetScriptID=\"etargetScript7a9b589f63cb072bef80df221f46a22b\",etargetPostloadPoint=document.createElement(\"div\");etargetPostloadPoint.id=etargetDivID;var etargetCurScript=document.getElementById(etargetScriptID);etargetCurScript.parentNode.appendChild(etargetPostloadPoint),document.addEventListener(\"scroll\",etargetPostloadFunction7a9b589f63cb072bef80df221f46a22b),document.addEventListener(\"resize\",etargetPostloadFunction7a9b589f63cb072bef80df221f46a22b),document.addEventListener(\"DOMContentLoaded\",etargetPostloadFunction7a9b589f63cb072bef80df221f46a22b);var etargetAllowOtherCheck=!0;if(typeof(\"forceRunPostload\")==\"string\"){etargetPostloadFunction7a9b589f63cb072bef80df221f46a22b()}<\/script><\/div>\n<p>A 2026-os orsz\u00e1ggy\u0171l\u00e9si v\u00e1laszt\u00e1sokon a Tisza P\u00e1rt a rendszerv\u00e1lt\u00e1s ut\u00e1ni magyar t\u00f6rt\u00e9nelem legnagyobb gy\u0151zelm\u00e9t aratta: k\u00f6zel 90 sz\u00e1zal\u00e9kos feldolgozotts\u00e1g mellett 138 mand\u00e1tumot szerzett, ebb\u0151l 94-et egy\u00e9ni k\u00f6rzetekb\u0151l. A Fidesz 54 helyet szerzett az \u00faj orsz\u00e1ggy\u0171l\u00e9sben, \u00e9s egyel\u0151re a list\u00e1s szavazatok alapj\u00e1n h\u00e9t mand\u00e1tumot a Mi Haz\u00e1nk is szerzett. <\/p>\n<p>Az eredm\u00e9nyt el\u0151re vet\u00edtett\u00e9k a v\u00e1laszt\u00e1sok el\u0151tt k\u00e9sz\u00fclt utols\u00f3 k\u00f6zv\u00e9lem\u00e9nykutat\u00e1sok is a h\u00e1rom nagy, f\u00fcggetlen int\u00e9zett\u0151l, de nem t\u00falz\u00e1s: Magyar P\u00e9ter a v\u00e1rtn\u00e1l is magabiztosabb gy\u0151zelmet aratott, \u00e9s alkotm\u00e1nyos t\u00f6bbs\u00e9ggel l\u00e1that neki programja v\u00e9grehajt\u00e1s\u00e1nak. A NER minden bizonnyal v\u00e9get \u00e9rt, 16 \u00e9v ut\u00e1n Orb\u00e1n Viktor lek\u00f6sz\u00f6n. <\/p>\n<p>Orb\u00e1n Viktor telefonon gratul\u00e1lt Magyar P\u00e9ternek, majd r\u00f6vid besz\u00e9dben elismerte a v\u00e1laszt\u00e1sok eredm\u00e9ny\u00e9t, de azt mondta, nem adja fel soha. <\/p>\n<figure class=\"wp-block-image size-full\">\n<div class=\"photo-credit-wrapper\"><img decoding=\"async\" width=\"2624\" height=\"980\" loading=\"lazy\" src=\"https:\/\/cdn.forbes.hu\/uploads\/2026\/04\/Kepernyofoto-2026-04-12-22.42.09.png\" alt=\"\" class=\"wp-image-759296\"\/>\n<div class=\"photo-credit\">\n            <img decoding=\"async\" loading=\"lazy\" class=\"photo-credit__icon\" src=\"https:\/\/forbes.hu\/wp-content\/themes\/frontend\/atoms\/photo-credit\/icon-info.svg\" alt=\"info\"\/><br \/>\n            <span class=\"photo-credit__label\">Fot\u00f3: NVI<\/span>\n        <\/div>\n<\/div><figcaption class=\"wp-element-caption\">Forr\u00e1s: Nemzeti V\u00e1laszt\u00e1si Iroda<\/figcaption><\/figure>\n<p>Megugrotta az 1 sz\u00e1zal\u00e9kot a Demokratikus Koal\u00edci\u00f3, \u00edgy a kamp\u00e1nyt\u00e1mogat\u00e1sokat nem kell visszafizetnie, de nem jutott a parlamentben. Dobrev Kl\u00e1ra eln\u00f6k \u00e9s a teljes eln\u00f6ks\u00e9g v\u00e1llalta a felel\u0151ss\u00e9get \u00e9s lemondott. <\/p>\n<h2 class=\"wp-block-heading\">Magyar P\u00e9ter: \u00dczent minden magyarnak, de azonnal le kell bontani a NER-t<\/h2>\n<p>Gy\u0151zelmi besz\u00e9d\u00e9ben nagy t\u00f6meg el\u0151tt Magyar P\u00e9ter azt mondta a budai Batthy\u00e1ny t\u00e9ren h\u00e1tt\u00e9rben a parlament \u00e9p\u00fclet\u00e9vel, hogy \u201emegcsin\u00e1ltuk, a Tisza \u00e9s Magyarorsz\u00e1g megnyerte ezt a v\u00e1laszt\u00e1st. Nem kicsit, hanem nagyon. S\u0151t, nagyon nagyon. K\u00f6z\u00f6sen lev\u00e1ltottuk az Orb\u00e1n-rendszert, felszabad\u00edtottuk Magyarorsz\u00e1got, visszavett\u00fck a haz\u00e1nkat\u201d. Magyar utalva Orb\u00e1n n\u00e9gy \u00e9vvel ezel\u0151tti besz\u00e9d\u00e9re azt mondta, a gy\u0151zelm\u00fck \u201enem a Holdr\u00f3l, hanem minden magyar h\u00e1z ablak\u00e1b\u00f3l l\u00e1tszik\u201d.<\/p>\n<p>Magyar azt mondta, hogy felhatalmaz\u00e1st kaptak arra, hogy \u201e\u00e9p\u00edts\u00fcnk egy m\u0171k\u00f6d\u0151k\u00e9pes \u00e9s embers\u00e9ges Magyarorsz\u00e1got minden magyarnak\u201d. Szerinte a k\u00e9tharmad az\u00e9rt fontos, mert hat\u00e9kony lesz \u00edgy az \u00e1tmenet.<\/p>\n<p>A leend\u0151 minisztereln\u00f6k szerint az igazs\u00e1g gy\u0151z\u00f6tt a hazugs\u00e1g felett, \u00e9s D\u00e1vid \u00e9s G\u00f3li\u00e1t harc\u00e1ban v\u00e9g\u00fcl a szeretet gy\u0151zedelmeskedett. Magyar k\u00fcl\u00f6n megk\u00f6sz\u00f6nte, hogy szavaz\u00f3i megfogadt\u00e1k a \u201ebibliai tan\u00e1csot\u201d \u00e9s nem f\u00e9ltek. \u201eK\u00f6sz\u00f6n\u00f6m, hogy elhitt\u00e9tek, hogy a saj\u00e1t t\u00f6rt\u00e9nelm\u00fcnket mi magunk \u00edrjuk.\u201d <\/p>\n<blockquote class=\"wp-block-quote is-layout-flow wp-block-quote-is-layout-flow\">\n<p>\u201eVannak kegyelmi pillanatok a magyar t\u00f6rt\u00e9nelemben (\u2026), \u00e9s mondjuk ki b\u00e1tran, ilyen kegyelmi pillanata a mai, 2026. \u00e1prilis 12. is. Legyen ez a mai nap is a magyar szabads\u00e1g aranybet\u0171s d\u00e1tuma.\u201d <\/p>\n<\/blockquote>\n<p>Magyar azt mondta, \u201elegyen ez a nap mindenki gy\u0151zelme, minden magyar ember\u00e9, nemcsak azok\u00e9, akik a Tisz\u00e1ra szavaztak\u201d. Amikor Magyar arr\u00f3l besz\u00e9lt, hogy Magyarorsz\u00e1g \u00fajra Eur\u00f3pa r\u00e9sze akar lenni, a t\u00f6meg r\u00e1zend\u00edtett arra, hogy \u201eruszkik, haza!\u201d. <\/p>\n<p>Magyar szerint olyan orsz\u00e1got kell \u00e9p\u00edteni, ahol senkit sem b\u00e9lyegeznek meg az\u00e9rt, mert m\u00e1st gondol vagy m\u00e1st \u00e9s m\u00e1shogy szeret, ahol a teljes\u00edtm\u00e9ny sz\u00e1m\u00edt, ahol van tisztess\u00e9ges \u00f6regkor \u00e9s gyermekkor, ahova haza lehet j\u00f6nni, \u00e9s ahol van rendesen m\u0171k\u00f6d\u0151 oktat\u00e1s \u00e9s eg\u00e9szs\u00e9g\u00fcgy. Magyar azt mondta, olyan orsz\u00e1gra van sz\u00fcks\u00e9g, ami vigy\u00e1z a polg\u00e1raira \u2013 a rend\u0151rs\u00e9g, a katonas\u00e1g \u00e9s a titkosszolg\u00e1lat is.  <\/p>\n<p>Magyar azt mondta, minden magyart k\u00e9pviselni fog, \u201emert ez a mindenkori magyar korm\u00e1ny feladata. Nem lehet a magyarokat megosztani \u00e9s embereket egym\u00e1s ellen hergelni, mert az b\u0171n\u201d. Azt is mondta, hogy tiszt\u00e1ban van az el\u0151tte \u00e1ll\u00f3 hatalmas feladattal \u00e9s felel\u0151s\u00e9ggel, azt k\u00e9rte, ma \u00fcnnepeljenek az emberek, de azt is, hogy \u201edolgozzunk egy\u00fctt a sebek begy\u00f3gy\u00edt\u00e1s\u00e1n\u201d. <\/p>\n<p>Magyar felsz\u00f3l\u00edtotta a t\u00e1voz\u00f3 korm\u00e1nyf\u0151t, hogy \u00fcgyviv\u0151 minisztereln\u00f6kk\u00e9nt m\u0171k\u00f6dj\u00f6n, \u00e9s ne akad\u00e1lyozza az \u00e1tmenetet. Azt is mondta, hogy rendszerv\u00e1lt\u00e1sra szavaztak az emberek, \u00e9s hogy aki a rendszer tart\u00f3oszlopa volt, annak t\u00e1voznia kell. <\/p>\n<blockquote class=\"wp-block-quote is-layout-flow wp-block-quote-is-layout-flow\">\n<p>Azt \u00fczente Sulyok Tam\u00e1s k\u00f6zt\u00e1rsas\u00e1gi eln\u00f6knek, hogy k\u00e9rje fel halad\u00e9ktalanul a korm\u00e1nyalak\u00edt\u00e1sra \u00e9s t\u00e1vozzon a hivatal\u00e1b\u00f3l. Ugyan\u00edgy azt mondta, t\u00e1vozzon a K\u00faria \u00e9s az Alkotm\u00e1nyb\u00edr\u00f3s\u00e1g eln\u00f6ke, a f\u0151\u00fcgy\u00e9sz, az OBH, a M\u00e9diahat\u00f3s\u00e1g eln\u00f6ke is, miel\u0151tt \u0151k k\u00fcldik el \u0151ket. Bejelentette, hogy Magyarorsz\u00e1g csatlakozik az Eur\u00f3pai \u00dcgy\u00e9szs\u00e9ghez \u00e9s helyre\u00e1ll\u00edtj\u00e1k a jog\u00e1llamot. <\/p>\n<\/blockquote>\n<p>Azt is bejelentette, hogy Magyarorsz\u00e1g \u00fajra er\u0151s, \u201ea magyar \u00e9rdekeket k\u00e9pvisel\u0151 sz\u00f6vets\u00e9ges\u201d lesz a NATO-ban \u00e9s az EU-ban. Azt is elmondta, els\u0151 korm\u00e1nyf\u0151i \u00fatja Vars\u00f3ba vezet majd, a m\u00e1sodik B\u00e9csbe, a harmadik pedig Br\u00fcsszelbe, hogy hazahozza a Magyarorsz\u00e1gnak j\u00e1r\u00f3 p\u00e9nzeket. Azt is mondta, mostant\u00f3l nem lesz\u00fcnk k\u00f6vetkezm\u00e9nyek n\u00e9lk\u00fcli orsz\u00e1g. <\/p>\n<p>Azt is elmondta, hogy Eur\u00f3pa vezet\u0151 politikusai m\u00e1r h\u00edvt\u00e1k, besz\u00e9de el\u0151tt Merz n\u00e9met kancell\u00e1rral is besz\u00e9lt. <\/p>\n<p>\u201eAkik meglopt\u00e1k az orsz\u00e1got, annak felel\u0151ss\u00e9get kell v\u00e1llalniuk. Akik gy\u0171l\u00f6letet sz\u00edtottak magyar \u00e9s magyar k\u00f6z\u00f6tt, azoknak felel\u0151ss\u00e9get kell v\u00e1llalniuk.\u201d<\/p>\n<p>Bejelentette, hogy megalap\u00edtj\u00e1k a Nemzeti Vagyon-visszaszerz\u00e9si Hivatalt, ahol az orsz\u00e1g legjobb jog\u00e1szai \u00e9s nyomoz\u00f3i fognak dolgoznak. \u201eFelk\u00e9sz\u00fcl Szab\u00f3 Bence \u00e9s P\u00e1link\u00e1s Szilveszter sz\u00e1zados.\u201d <\/p>\n<p>Magyar azt mondta, a lek\u00f6sz\u00f6n\u0151 Orb\u00e1nnak is felel\u0151ss\u00e9ge lesz abban, hogy elj\u00f6jj\u00f6n a megb\u00e9k\u00e9l\u00e9s ideje, h\u00edveit arra k\u00e9rte, hogy ny\u00fajtsanak kezet a most csal\u00f3dott fideszeseknek is, mert egy\u00fctt kell tudnunk \u00e9lni b\u00e9k\u00e9ben. <\/p>\n<p><!-- No email blocks found --><\/p>\n<p>The post <a href=\"https:\/\/forbes.hu\/uzlet\/magyar-peter-minden-magyar-miniszterelnoke-leszek-de-a-rendszer-tartooszlopainak-mennie-kell\/\">Magyar P\u00e9ter: Minden magyar minisztereln\u00f6ke leszek, de a rendszer tart\u00f3oszlopainak mennie kell<\/a> appeared first on <a href=\"https:\/\/forbes.hu\/\">Forbes.hu<\/a>.<\/p><div id=\"friss-2640243835\" class=\"friss-etarget-cikk-vege friss-entity-placement\"><script type=\"text\/javascript\" id=\"etargetScript7a9b589f63cb072bef80df221f46a22b\">function etargetPostloadFunction7a9b589f63cb072bef80df221f46a22b(){var e=\"etargetPostload7a9b589f63cb072bef80df221f46a22b\",t=\"etargetScript7a9b589f63cb072bef80df221f46a22b\",o=document.getElementById(e);if(o){for(var n=o.offsetTop,d=o.offsetLeft,r=o.offsetWidth,a=o.offsetHeight;o.offsetParent;)o=o.offsetParent,n+=o.offsetTop,d+=o.offsetLeft;var i=(n<=window.pageYOffset+window.innerHeight&&d<window.pageXOffset+window.innerWidth&&n+a>window.pageYOffset&&d+r>window.pageXOffset);if(i&&etargetAllowOtherCheck){allowed=!1;var c=document.createElement(\"script\");return c.src=\"\/\/hu.search.etargetnet.com\/generic\/uni.php?g=ref:58661,area:700x210\",void(document.getElementById(t)&&document.getElementById(e)&&(document.getElementById(t).parentNode.appendChild(c),document.getElementById(t).parentNode.removeChild(document.getElementById(t)),document.getElementById(e).parentNode.removeChild(document.getElementById(e)),document.removeEventListener(\"scroll\",etargetPostloadFunction7a9b589f63cb072bef80df221f46a22b),document.removeEventListener(\"resize\",etargetPostloadFunction7a9b589f63cb072bef80df221f46a22b),document.removeEventListener(\"DOMContentLoaded\",etargetPostloadFunction7a9b589f63cb072bef80df221f46a22b)))}}}var etargetDivID=\"etargetPostload7a9b589f63cb072bef80df221f46a22b\",etargetScriptID=\"etargetScript7a9b589f63cb072bef80df221f46a22b\",etargetPostloadPoint=document.createElement(\"div\");etargetPostloadPoint.id=etargetDivID;var etargetCurScript=document.getElementById(etargetScriptID);etargetCurScript.parentNode.appendChild(etargetPostloadPoint),document.addEventListener(\"scroll\",etargetPostloadFunction7a9b589f63cb072bef80df221f46a22b),document.addEventListener(\"resize\",etargetPostloadFunction7a9b589f63cb072bef80df221f46a22b),document.addEventListener(\"DOMContentLoaded\",etargetPostloadFunction7a9b589f63cb072bef80df221f46a22b);var etargetAllowOtherCheck=!0;if(typeof(\"forceRunPostload\")==\"string\"){etargetPostloadFunction7a9b589f63cb072bef80df221f46a22b()}<\/script><\/div><div id=\"friss-1720010040\" class=\"friss-after-content friss-entity-placement\"><script type=\"text\/javascript\" id=\"etargetScript7a9b589f63cb072bef80df221f46a22b\">function etargetPostloadFunction7a9b589f63cb072bef80df221f46a22b(){var e=\"etargetPostload7a9b589f63cb072bef80df221f46a22b\",t=\"etargetScript7a9b589f63cb072bef80df221f46a22b\",o=document.getElementById(e);if(o){for(var n=o.offsetTop,d=o.offsetLeft,r=o.offsetWidth,a=o.offsetHeight;o.offsetParent;)o=o.offsetParent,n+=o.offsetTop,d+=o.offsetLeft;var i=(n<=window.pageYOffset+window.innerHeight&&d<window.pageXOffset+window.innerWidth&&n+a>window.pageYOffset&&d+r>window.pageXOffset);if(i&&etargetAllowOtherCheck){allowed=!1;var c=document.createElement(\"script\");return c.src=\"\/\/hu.search.etargetnet.com\/generic\/uni.php?g=ref:58661,area:700x210\",void(document.getElementById(t)&&document.getElementById(e)&&(document.getElementById(t).parentNode.appendChild(c),document.getElementById(t).parentNode.removeChild(document.getElementById(t)),document.getElementById(e).parentNode.removeChild(document.getElementById(e)),document.removeEventListener(\"scroll\",etargetPostloadFunction7a9b589f63cb072bef80df221f46a22b),document.removeEventListener(\"resize\",etargetPostloadFunction7a9b589f63cb072bef80df221f46a22b),document.removeEventListener(\"DOMContentLoaded\",etargetPostloadFunction7a9b589f63cb072bef80df221f46a22b)))}}}var etargetDivID=\"etargetPostload7a9b589f63cb072bef80df221f46a22b\",etargetScriptID=\"etargetScript7a9b589f63cb072bef80df221f46a22b\",etargetPostloadPoint=document.createElement(\"div\");etargetPostloadPoint.id=etargetDivID;var etargetCurScript=document.getElementById(etargetScriptID);etargetCurScript.parentNode.appendChild(etargetPostloadPoint),document.addEventListener(\"scroll\",etargetPostloadFunction7a9b589f63cb072bef80df221f46a22b),document.addEventListener(\"resize\",etargetPostloadFunction7a9b589f63cb072bef80df221f46a22b),document.addEventListener(\"DOMContentLoaded\",etargetPostloadFunction7a9b589f63cb072bef80df221f46a22b);var etargetAllowOtherCheck=!0;if(typeof(\"forceRunPostload\")==\"string\"){etargetPostloadFunction7a9b589f63cb072bef80df221f46a22b()}<\/script><\/div><div id=\"friss-2646180095\" class=\"friss-after-content_2 friss-entity-placement\" style=\"clear: both;\"><div class=\"wprss_ajax\" data-id=\"rssf7b7b8025b\"><img loading=\"lazy\" decoding=\"async\" src=\"https:\/\/friss-hirek.hu\/wp-content\/plugins\/wp-rss-retriever\/inc\/imgs\/ajax-loader.gif\" alt=\"Loading RSS Feed\" width=\"16\" height=\"16\"><\/div><\/div><br style=\"clear: both; display: block; float: none;\"\/><div id=\"friss-890727978\" class=\"friss-after-content_3 friss-entity-placement\">https:\/\/www.youtube.com\/watch?v=Pdnw4KiUWp0<\/div>","protected":false},"excerpt":{"rendered":"<p>K\u00f6zel 90 sz\u00e1zal\u00e9kos feldolgozotts\u00e1g mellett 138 mand\u00e1tumot szerzett a Tisza, soha ekkora felhatalmaz\u00e1ssal m\u00e9g p\u00e1rt nem nyert v\u00e1laszt\u00e1st. Egyel\u0151re \u00fagy t\u0171nik, meglepet\u00e9sre a Mi Haz\u00e1nk is bejut a parlamentbe, noha a magas r\u00e9szv\u00e9tel ellen\u00fck sz\u00f3lt. Magyar P\u00e9ter is megtartotta gy\u0151zelmi besz\u00e9d\u00e9t, \u00fczent minden magyarnak \u00e9s a NER funkcion\u00e1riusinak is. A 2026-os orsz\u00e1ggy\u0171l\u00e9si v\u00e1laszt\u00e1sokon a Tisza [&hellip;]<\/p>\n","protected":false},"author":1,"featured_media":0,"comment_status":"open","ping_status":"open","sticky":false,"template":"","format":"standard","meta":{"footnotes":""},"categories":[7],"tags":[],"class_list":["post-165422","post","type-post","status-publish","format-standard","hentry","category-uzlet"],"amp_enabled":true,"_links":{"self":[{"href":"https:\/\/friss-hirek.hu\/index.php\/wp-json\/wp\/v2\/posts\/165422","targetHints":{"allow":["GET"]}}],"collection":[{"href":"https:\/\/friss-hirek.hu\/index.php\/wp-json\/wp\/v2\/posts"}],"about":[{"href":"https:\/\/friss-hirek.hu\/index.php\/wp-json\/wp\/v2\/types\/post"}],"author":[{"embeddable":true,"href":"https:\/\/friss-hirek.hu\/index.php\/wp-json\/wp\/v2\/users\/1"}],"replies":[{"embeddable":true,"href":"https:\/\/friss-hirek.hu\/index.php\/wp-json\/wp\/v2\/comments?post=165422"}],"version-history":[{"count":0,"href":"https:\/\/friss-hirek.hu\/index.php\/wp-json\/wp\/v2\/posts\/165422\/revisions"}],"wp:attachment":[{"href":"https:\/\/friss-hirek.hu\/index.php\/wp-json\/wp\/v2\/media?parent=165422"}],"wp:term":[{"taxonomy":"category","embeddable":true,"href":"https:\/\/friss-hirek.hu\/index.php\/wp-json\/wp\/v2\/categories?post=165422"},{"taxonomy":"post_tag","embeddable":true,"href":"https:\/\/friss-hirek.hu\/index.php\/wp-json\/wp\/v2\/tags?post=165422"}],"curies":[{"name":"wp","href":"https:\/\/api.w.org\/{rel}","templated":true}]}}