{"id":165432,"date":"2026-04-13T06:18:34","date_gmt":"2026-04-13T06:18:34","guid":{"rendered":"https:\/\/friss-hirek.hu\/index.php\/igy-reagal-a-forint-arra-hogy-vege-az-orban-korszaknak\/friss-hirek\/"},"modified":"2026-04-13T06:18:34","modified_gmt":"2026-04-13T06:18:34","slug":"igy-reagal-a-forint-arra-hogy-vege-az-orban-korszaknak","status":"publish","type":"post","link":"https:\/\/friss-hirek.hu\/index.php\/igy-reagal-a-forint-arra-hogy-vege-az-orban-korszaknak\/uzlet\/","title":{"rendered":"\u00cdgy reag\u00e1l a forint arra, hogy v\u00e9ge az Orb\u00e1n-korszaknak"},"content":{"rendered":"<p><strong>2023 \u00f3ta nem volt ilyen er\u0151s a magyar deviza, az \u00e1rfolyam ugyanakkor nem csak a magyar belpolitikai helyzet f\u00fcggv\u00e9ny\u00e9ben v\u00e1ltozhat.<\/strong><\/p><div id=\"friss-1587703304\" class=\"friss-etarget friss-entity-placement\"><script type=\"text\/javascript\" id=\"etargetScript7a9b589f63cb072bef80df221f46a22b\">function etargetPostloadFunction7a9b589f63cb072bef80df221f46a22b(){var e=\"etargetPostload7a9b589f63cb072bef80df221f46a22b\",t=\"etargetScript7a9b589f63cb072bef80df221f46a22b\",o=document.getElementById(e);if(o){for(var n=o.offsetTop,d=o.offsetLeft,r=o.offsetWidth,a=o.offsetHeight;o.offsetParent;)o=o.offsetParent,n+=o.offsetTop,d+=o.offsetLeft;var i=(n<=window.pageYOffset+window.innerHeight&&d<window.pageXOffset+window.innerWidth&&n+a>window.pageYOffset&&d+r>window.pageXOffset);if(i&&etargetAllowOtherCheck){allowed=!1;var c=document.createElement(\"script\");return c.src=\"\/\/hu.search.etargetnet.com\/generic\/uni.php?g=ref:58661,area:700x210\",void(document.getElementById(t)&&document.getElementById(e)&&(document.getElementById(t).parentNode.appendChild(c),document.getElementById(t).parentNode.removeChild(document.getElementById(t)),document.getElementById(e).parentNode.removeChild(document.getElementById(e)),document.removeEventListener(\"scroll\",etargetPostloadFunction7a9b589f63cb072bef80df221f46a22b),document.removeEventListener(\"resize\",etargetPostloadFunction7a9b589f63cb072bef80df221f46a22b),document.removeEventListener(\"DOMContentLoaded\",etargetPostloadFunction7a9b589f63cb072bef80df221f46a22b)))}}}var etargetDivID=\"etargetPostload7a9b589f63cb072bef80df221f46a22b\",etargetScriptID=\"etargetScript7a9b589f63cb072bef80df221f46a22b\",etargetPostloadPoint=document.createElement(\"div\");etargetPostloadPoint.id=etargetDivID;var etargetCurScript=document.getElementById(etargetScriptID);etargetCurScript.parentNode.appendChild(etargetPostloadPoint),document.addEventListener(\"scroll\",etargetPostloadFunction7a9b589f63cb072bef80df221f46a22b),document.addEventListener(\"resize\",etargetPostloadFunction7a9b589f63cb072bef80df221f46a22b),document.addEventListener(\"DOMContentLoaded\",etargetPostloadFunction7a9b589f63cb072bef80df221f46a22b);var etargetAllowOtherCheck=!0;if(typeof(\"forceRunPostload\")==\"string\"){etargetPostloadFunction7a9b589f63cb072bef80df221f46a22b()}<\/script><\/div>\n<p><strong>Mi t\u00f6rt\u00e9nt?<\/strong> 366 al\u00e1 is ben\u00e9zett az eur\u00f3-forint \u00e1rfolyam \u00e1prilis 13-\u00e1n reggel, h\u00e9t \u00f3ra k\u00f6rny\u00e9k\u00e9n 367,6 forint\u00e9rt lehetett v\u00e1ltani eur\u00f3t. A magyar deviza \u00edgy b\u0151 t\u00edz forintnyit er\u0151s\u00f6d\u00f6tt azok ut\u00e1n, hogy <a href=\"https:\/\/forbes.hu\/hirek\/orban-magyar-valasztasok-2026\/\">Orb\u00e1n Viktor gratul\u00e1lt Magyar P\u00e9ternek<\/a> a vas\u00e1rnapi orsz\u00e1ggy\u0171l\u00e9si v\u00e1laszt\u00e1son aratott gy\u0151zelm\u00e9\u00e9rt. K\u00f6zel 99 sz\u00e1zal\u00e9kos feldolgozotts\u00e1g mellett 138 mand\u00e1tumot szerzett a <a href=\"https:\/\/forbes.hu\/uzlet\/magyar-peter-minden-magyar-miniszterelnoke-leszek-de-a-rendszer-tartooszlopainak-mennie-kell\/\">v\u00e1laszt\u00e1sokon<\/a> a Tisza P\u00e1rt \u2013 soha ekkora felhatalmaz\u00e1ssal m\u00e9g p\u00e1rt nem nyert v\u00e1laszt\u00e1st itthon. A forint kil\u00f6v\u00e9s\u00e9re a <a href=\"https:\/\/www.bloomberg.com\/news\/articles\/2026-04-12\/forint-jumps-to-three-year-high-as-hungary-s-orban-is-voted-out?srnd=homepage-europe\">Bloomberg<\/a> is felfigyelt: mint \u00edrj\u00e1k, 2023 j\u00faniusa \u00f3ta nem volt ilyen er\u0151s a fizet\u0151eszk\u00f6z az eur\u00f3val szemben.<\/p>\n<div class=\"related-post-links\">\n<p>\t\t<span class=\"related-post-links__title minititle\">T\u00f6bb ebb\u0151l<\/span><\/p>\n<div class=\"related-post-links__link-wrapper\">\n\t\t\t\t<a href=\"https:\/\/forbes.hu\/uzlet\/magyar-peter-minden-magyar-miniszterelnoke-leszek-de-a-rendszer-tartooszlopainak-mennie-kell\/\" class=\"related-post-links__link\">Magyar P\u00e9ter: Minden magyar minisztereln\u00f6ke leszek, de a rendszer tart\u00f3oszlopainak mennie kell<\/a>\n\t\t\t<\/div>\n<div class=\"related-post-links__link-wrapper\">\n\t\t\t\t<a href=\"https:\/\/forbes.hu\/hirek\/orban-magyar-valasztasok-2026\/\" class=\"related-post-links__link\">Orb\u00e1n gratul\u00e1lt Magyar P\u00e9ternek<\/a>\n\t\t\t<\/div>\n<\/div>\n<p><strong>Mit kell m\u00e9g tudni?<\/strong> A Bloomberg \u00e1ltal megk\u00e9rdezett elemz\u0151 szerint a forint \u00e1rfolyama nem csak a magyarorsz\u00e1gi v\u00e1laszt\u00e1s k\u00f6r\u00fcli esem\u00e9nyekt\u0151l, hanem az ir\u00e1ni h\u00e1bor\u00fa esem\u00e9nyeit\u0151l is f\u00fcgg. Befoly\u00e1sol\u00f3 t\u00e9nyez\u0151 lehet az is, milyen els\u0151 d\u00f6nt\u00e9seket, konszolid\u00e1ci\u00f3s l\u00e9p\u00e9seket hoz meg az \u00faj korm\u00e1nyzat. A Goldman Sachs elemz\u0151je al\u00e1h\u00fazta: \u201eOrb\u00e1n elismerte veres\u00e9g\u00e9t, ami z\u00f6kken\u0151mentes hatalom\u00e1tad\u00e1st vet\u00edt el\u0151re\u201d \u2013 olvashatjuk a <a href=\"https:\/\/www.reuters.com\/business\/hungarian-forint-jumps-after-orbans-election-defeat-2026-04-13\/\">Reutersen<\/a>. Hozz\u00e1tette: \u201ea Tisza elk\u00f6telezte mag\u00e1t amellett, hogy 2030-ra felk\u00e9sz\u00fclj\u00f6n az eur\u00f3\u00f6vezetbe val\u00f3 esetleges csatlakoz\u00e1sra.\u201d<\/p>\n<blockquote class=\"wp-block-quote is-layout-flow wp-block-quote-is-layout-flow\">\n<p>\u201eEhhez Magyarorsz\u00e1g infl\u00e1ci\u00f3s c\u00e9lj\u00e1t a jelenlegi 3 sz\u00e1zal\u00e9kr\u00f3l az eur\u00f3\u00f6vezet sz\u00e1zal\u00e9k\u00e1ra kell cs\u00f6kkenteni, ami a magyar hossz\u00fa t\u00e1v\u00fa hozamok jelent\u0151s cs\u00f6kken\u00e9s\u00e9t vonn\u00e1 maga ut\u00e1n.\u201d<\/p>\n<\/blockquote>\n<p><strong>Doll\u00e1r.<\/strong> Az amerikai fizet\u0151eszk\u00f6zzel szemben is er\u0151s\u00f6d\u00f6tt a forint, igaz, ez kisebb m\u00e9rt\u00e9k\u0171, mint az eur\u00f3 eset\u00e9ben: h\u00e9tf\u0151n, 7 \u00f3ra ut\u00e1n 314,6 a v\u00e1lt\u00f3sz\u00e1m.<\/p>\n<p><!-- No email blocks found --><\/p>\n<p>The post <a href=\"https:\/\/forbes.hu\/penz\/kormanyvaltas-forint-arfolyam-magyar-orban\/\">\u00cdgy reag\u00e1l a forint arra, hogy v\u00e9ge az Orb\u00e1n-korszaknak<\/a> appeared first on <a href=\"https:\/\/forbes.hu\/\">Forbes.hu<\/a>.<\/p><div id=\"friss-596416022\" class=\"friss-etarget-cikk-vege friss-entity-placement\"><script type=\"text\/javascript\" id=\"etargetScript7a9b589f63cb072bef80df221f46a22b\">function etargetPostloadFunction7a9b589f63cb072bef80df221f46a22b(){var e=\"etargetPostload7a9b589f63cb072bef80df221f46a22b\",t=\"etargetScript7a9b589f63cb072bef80df221f46a22b\",o=document.getElementById(e);if(o){for(var n=o.offsetTop,d=o.offsetLeft,r=o.offsetWidth,a=o.offsetHeight;o.offsetParent;)o=o.offsetParent,n+=o.offsetTop,d+=o.offsetLeft;var i=(n<=window.pageYOffset+window.innerHeight&&d<window.pageXOffset+window.innerWidth&&n+a>window.pageYOffset&&d+r>window.pageXOffset);if(i&&etargetAllowOtherCheck){allowed=!1;var c=document.createElement(\"script\");return c.src=\"\/\/hu.search.etargetnet.com\/generic\/uni.php?g=ref:58661,area:700x210\",void(document.getElementById(t)&&document.getElementById(e)&&(document.getElementById(t).parentNode.appendChild(c),document.getElementById(t).parentNode.removeChild(document.getElementById(t)),document.getElementById(e).parentNode.removeChild(document.getElementById(e)),document.removeEventListener(\"scroll\",etargetPostloadFunction7a9b589f63cb072bef80df221f46a22b),document.removeEventListener(\"resize\",etargetPostloadFunction7a9b589f63cb072bef80df221f46a22b),document.removeEventListener(\"DOMContentLoaded\",etargetPostloadFunction7a9b589f63cb072bef80df221f46a22b)))}}}var etargetDivID=\"etargetPostload7a9b589f63cb072bef80df221f46a22b\",etargetScriptID=\"etargetScript7a9b589f63cb072bef80df221f46a22b\",etargetPostloadPoint=document.createElement(\"div\");etargetPostloadPoint.id=etargetDivID;var etargetCurScript=document.getElementById(etargetScriptID);etargetCurScript.parentNode.appendChild(etargetPostloadPoint),document.addEventListener(\"scroll\",etargetPostloadFunction7a9b589f63cb072bef80df221f46a22b),document.addEventListener(\"resize\",etargetPostloadFunction7a9b589f63cb072bef80df221f46a22b),document.addEventListener(\"DOMContentLoaded\",etargetPostloadFunction7a9b589f63cb072bef80df221f46a22b);var etargetAllowOtherCheck=!0;if(typeof(\"forceRunPostload\")==\"string\"){etargetPostloadFunction7a9b589f63cb072bef80df221f46a22b()}<\/script><\/div><div id=\"friss-2681818034\" class=\"friss-after-content friss-entity-placement\"><script type=\"text\/javascript\" id=\"etargetScript7a9b589f63cb072bef80df221f46a22b\">function etargetPostloadFunction7a9b589f63cb072bef80df221f46a22b(){var e=\"etargetPostload7a9b589f63cb072bef80df221f46a22b\",t=\"etargetScript7a9b589f63cb072bef80df221f46a22b\",o=document.getElementById(e);if(o){for(var n=o.offsetTop,d=o.offsetLeft,r=o.offsetWidth,a=o.offsetHeight;o.offsetParent;)o=o.offsetParent,n+=o.offsetTop,d+=o.offsetLeft;var i=(n<=window.pageYOffset+window.innerHeight&&d<window.pageXOffset+window.innerWidth&&n+a>window.pageYOffset&&d+r>window.pageXOffset);if(i&&etargetAllowOtherCheck){allowed=!1;var c=document.createElement(\"script\");return c.src=\"\/\/hu.search.etargetnet.com\/generic\/uni.php?g=ref:58661,area:700x210\",void(document.getElementById(t)&&document.getElementById(e)&&(document.getElementById(t).parentNode.appendChild(c),document.getElementById(t).parentNode.removeChild(document.getElementById(t)),document.getElementById(e).parentNode.removeChild(document.getElementById(e)),document.removeEventListener(\"scroll\",etargetPostloadFunction7a9b589f63cb072bef80df221f46a22b),document.removeEventListener(\"resize\",etargetPostloadFunction7a9b589f63cb072bef80df221f46a22b),document.removeEventListener(\"DOMContentLoaded\",etargetPostloadFunction7a9b589f63cb072bef80df221f46a22b)))}}}var etargetDivID=\"etargetPostload7a9b589f63cb072bef80df221f46a22b\",etargetScriptID=\"etargetScript7a9b589f63cb072bef80df221f46a22b\",etargetPostloadPoint=document.createElement(\"div\");etargetPostloadPoint.id=etargetDivID;var etargetCurScript=document.getElementById(etargetScriptID);etargetCurScript.parentNode.appendChild(etargetPostloadPoint),document.addEventListener(\"scroll\",etargetPostloadFunction7a9b589f63cb072bef80df221f46a22b),document.addEventListener(\"resize\",etargetPostloadFunction7a9b589f63cb072bef80df221f46a22b),document.addEventListener(\"DOMContentLoaded\",etargetPostloadFunction7a9b589f63cb072bef80df221f46a22b);var etargetAllowOtherCheck=!0;if(typeof(\"forceRunPostload\")==\"string\"){etargetPostloadFunction7a9b589f63cb072bef80df221f46a22b()}<\/script><\/div><div id=\"friss-2625415625\" class=\"friss-after-content_2 friss-entity-placement\" style=\"clear: both;\"><div class=\"wprss_ajax\" data-id=\"rss1fd4e583c0\"><img loading=\"lazy\" decoding=\"async\" src=\"https:\/\/friss-hirek.hu\/wp-content\/plugins\/wp-rss-retriever\/inc\/imgs\/ajax-loader.gif\" alt=\"Loading RSS Feed\" width=\"16\" height=\"16\"><\/div><\/div><br style=\"clear: both; display: block; float: none;\"\/><div id=\"friss-3134114080\" class=\"friss-after-content_3 friss-entity-placement\">https:\/\/www.youtube.com\/watch?v=Pdnw4KiUWp0<\/div>","protected":false},"excerpt":{"rendered":"<p>2023 \u00f3ta nem volt ilyen er\u0151s a magyar deviza, az \u00e1rfolyam ugyanakkor nem csak a magyar belpolitikai helyzet f\u00fcggv\u00e9ny\u00e9ben v\u00e1ltozhat. Mi t\u00f6rt\u00e9nt? 366 al\u00e1 is ben\u00e9zett az eur\u00f3-forint \u00e1rfolyam \u00e1prilis 13-\u00e1n reggel, h\u00e9t \u00f3ra k\u00f6rny\u00e9k\u00e9n 367,6 forint\u00e9rt lehetett v\u00e1ltani eur\u00f3t. A magyar deviza \u00edgy b\u0151 t\u00edz forintnyit er\u0151s\u00f6d\u00f6tt azok ut\u00e1n, hogy Orb\u00e1n Viktor gratul\u00e1lt Magyar [&hellip;]<\/p>\n","protected":false},"author":1,"featured_media":0,"comment_status":"open","ping_status":"open","sticky":false,"template":"","format":"standard","meta":{"footnotes":""},"categories":[7],"tags":[],"class_list":["post-165432","post","type-post","status-publish","format-standard","hentry","category-uzlet"],"amp_enabled":true,"_links":{"self":[{"href":"https:\/\/friss-hirek.hu\/index.php\/wp-json\/wp\/v2\/posts\/165432","targetHints":{"allow":["GET"]}}],"collection":[{"href":"https:\/\/friss-hirek.hu\/index.php\/wp-json\/wp\/v2\/posts"}],"about":[{"href":"https:\/\/friss-hirek.hu\/index.php\/wp-json\/wp\/v2\/types\/post"}],"author":[{"embeddable":true,"href":"https:\/\/friss-hirek.hu\/index.php\/wp-json\/wp\/v2\/users\/1"}],"replies":[{"embeddable":true,"href":"https:\/\/friss-hirek.hu\/index.php\/wp-json\/wp\/v2\/comments?post=165432"}],"version-history":[{"count":0,"href":"https:\/\/friss-hirek.hu\/index.php\/wp-json\/wp\/v2\/posts\/165432\/revisions"}],"wp:attachment":[{"href":"https:\/\/friss-hirek.hu\/index.php\/wp-json\/wp\/v2\/media?parent=165432"}],"wp:term":[{"taxonomy":"category","embeddable":true,"href":"https:\/\/friss-hirek.hu\/index.php\/wp-json\/wp\/v2\/categories?post=165432"},{"taxonomy":"post_tag","embeddable":true,"href":"https:\/\/friss-hirek.hu\/index.php\/wp-json\/wp\/v2\/tags?post=165432"}],"curies":[{"name":"wp","href":"https:\/\/api.w.org\/{rel}","templated":true}]}}