{"id":165437,"date":"2026-04-13T07:19:27","date_gmt":"2026-04-13T07:19:27","guid":{"rendered":"https:\/\/friss-hirek.hu\/index.php\/a-magyar-nep-elszantsaganak-bizonyiteka-sorra-erkeznek-a-nemzetkozi-reakciok-a-magyar-valasztas-eredmenyere\/friss-hirek\/"},"modified":"2026-04-13T07:19:27","modified_gmt":"2026-04-13T07:19:27","slug":"a-magyar-nep-elszantsaganak-bizonyiteka-sorra-erkeznek-a-nemzetkozi-reakciok-a-magyar-valasztas-eredmenyere","status":"publish","type":"post","link":"https:\/\/friss-hirek.hu\/index.php\/a-magyar-nep-elszantsaganak-bizonyiteka-sorra-erkeznek-a-nemzetkozi-reakciok-a-magyar-valasztas-eredmenyere\/uzlet\/","title":{"rendered":"\u201eA magyar n\u00e9p elsz\u00e1nts\u00e1g\u00e1nak bizony\u00edt\u00e9ka.\u201d Sorra \u00e9rkeznek a nemzetk\u00f6zi reakci\u00f3k a magyar v\u00e1laszt\u00e1s eredm\u00e9ny\u00e9re"},"content":{"rendered":"<p><strong>A kor\u00e1bbi amerikai eln\u00f6k szerint a magyar orsz\u00e1ggy\u0171l\u00e9si v\u00e1laszt\u00e1st hasonl\u00f3an kell \u00e9rtelmezni, mint a lengyelek\u00e9t 2023-ban.<\/strong><\/p><div id=\"friss-3701617093\" class=\"friss-etarget friss-entity-placement\"><script type=\"text\/javascript\" id=\"etargetScript7a9b589f63cb072bef80df221f46a22b\">function etargetPostloadFunction7a9b589f63cb072bef80df221f46a22b(){var e=\"etargetPostload7a9b589f63cb072bef80df221f46a22b\",t=\"etargetScript7a9b589f63cb072bef80df221f46a22b\",o=document.getElementById(e);if(o){for(var n=o.offsetTop,d=o.offsetLeft,r=o.offsetWidth,a=o.offsetHeight;o.offsetParent;)o=o.offsetParent,n+=o.offsetTop,d+=o.offsetLeft;var i=(n<=window.pageYOffset+window.innerHeight&&d<window.pageXOffset+window.innerWidth&&n+a>window.pageYOffset&&d+r>window.pageXOffset);if(i&&etargetAllowOtherCheck){allowed=!1;var c=document.createElement(\"script\");return c.src=\"\/\/hu.search.etargetnet.com\/generic\/uni.php?g=ref:58661,area:700x210\",void(document.getElementById(t)&&document.getElementById(e)&&(document.getElementById(t).parentNode.appendChild(c),document.getElementById(t).parentNode.removeChild(document.getElementById(t)),document.getElementById(e).parentNode.removeChild(document.getElementById(e)),document.removeEventListener(\"scroll\",etargetPostloadFunction7a9b589f63cb072bef80df221f46a22b),document.removeEventListener(\"resize\",etargetPostloadFunction7a9b589f63cb072bef80df221f46a22b),document.removeEventListener(\"DOMContentLoaded\",etargetPostloadFunction7a9b589f63cb072bef80df221f46a22b)))}}}var etargetDivID=\"etargetPostload7a9b589f63cb072bef80df221f46a22b\",etargetScriptID=\"etargetScript7a9b589f63cb072bef80df221f46a22b\",etargetPostloadPoint=document.createElement(\"div\");etargetPostloadPoint.id=etargetDivID;var etargetCurScript=document.getElementById(etargetScriptID);etargetCurScript.parentNode.appendChild(etargetPostloadPoint),document.addEventListener(\"scroll\",etargetPostloadFunction7a9b589f63cb072bef80df221f46a22b),document.addEventListener(\"resize\",etargetPostloadFunction7a9b589f63cb072bef80df221f46a22b),document.addEventListener(\"DOMContentLoaded\",etargetPostloadFunction7a9b589f63cb072bef80df221f46a22b);var etargetAllowOtherCheck=!0;if(typeof(\"forceRunPostload\")==\"string\"){etargetPostloadFunction7a9b589f63cb072bef80df221f46a22b()}<\/script><\/div>\n<p><strong>Mi t\u00f6rt\u00e9nt?<\/strong> Barack Obama, az Egyes\u00fclt \u00c1llamok kor\u00e1bbi eln\u00f6ke is <a href=\"https:\/\/x.com\/BarackObama\/status\/2043507244893982757?ref_src=twsrc%5Etfw%7Ctwcamp%5Etweetembed%7Ctwterm%5E2043507244893982757%7Ctwgr%5E14639c9904865100ba38ed542591b0f0272ddeeb%7Ctwcon%5Es1_&amp;ref_url=https%3A%2F%2Ftelex.hu%2Fbelfold%2F2026%2F04%2F13%2Fparlamenti-valasztas-tisza-magyar-peter-gyozelem-fidesz-orban-viktor-ketharmad\">reag\u00e1lt<\/a> a Tisza P\u00e1rt <a href=\"https:\/\/forbes.hu\/uzlet\/magyar-peter-minden-magyar-miniszterelnoke-leszek-de-a-rendszer-tartooszlopainak-mennie-kell\/\">k\u00e9tharmados gy\u0151zelm\u00e9re<\/a>, melyet 99 sz\u00e1zal\u00e9kos feldolgozotts\u00e1g k\u00f6rny\u00e9k\u00e9n l\u00e1thatunk a sz\u00e1mokb\u00f3l. Obama \u00fagy fogalmazott: \u201eA tegnapi ellenz\u00e9ki gy\u0151zelem Magyarorsz\u00e1gon \u2013 ak\u00e1rcsak a 2023-as lengyel v\u00e1laszt\u00e1sok \u2013 a demokr\u00e1cia gy\u0151zelme, nem csup\u00e1n Eur\u00f3p\u00e1ban, hanem az eg\u00e9sz vil\u00e1gon.\u201d Hozz\u00e1tette:<\/p>\n<blockquote class=\"wp-block-quote is-layout-flow wp-block-quote-is-layout-flow\">\n<p>\u201eMindenekel\u0151tt a magyar n\u00e9p rugalmass\u00e1g\u00e1nak \u00e9s elsz\u00e1nts\u00e1g\u00e1nak bizony\u00edt\u00e9ka \u2013 \u00e9s eml\u00e9keztet\u0151 mindannyiunk sz\u00e1m\u00e1ra, hogy tov\u00e1bbra is t\u00f6rekedj\u00fcnk a m\u00e9lt\u00e1nyoss\u00e1gra, az egyenl\u0151s\u00e9gre \u00e9s a jog\u00e1llamis\u00e1gra.\u201d<\/p>\n<\/blockquote>\n<div class=\"related-post-links\">\n<p>\t\t<span class=\"related-post-links__title minititle\">T\u00f6bb ebb\u0151l<\/span><\/p>\n<div class=\"related-post-links__link-wrapper\">\n\t\t\t\t<a href=\"https:\/\/forbes.hu\/penz\/kormanyvaltas-forint-arfolyam-magyar-orban\/\" class=\"related-post-links__link\">\u00cdgy reag\u00e1l a forint arra, hogy v\u00e9ge az Orb\u00e1n-korszaknak<\/a>\n\t\t\t<\/div>\n<div class=\"related-post-links__link-wrapper\">\n\t\t\t\t<a href=\"https:\/\/forbes.hu\/uzlet\/kormanyalakitas-magyarorszag-tisza-magyar-peter\/\" class=\"related-post-links__link\">F\u00f6l\u00e9nyes Tisza-siker a sz\u00e1mokban \u2013 de mikor lesz joger\u0151s az eredm\u00e9ny, \u00e9s hogyan alakulhat \u00faj korm\u00e1ny?<\/a>\n\t\t\t<\/div>\n<\/div>\n<p><strong>Mit kell m\u00e9g tudni?<\/strong> Obama nem eml\u00edtette n\u00e9v szerint a Tisza P\u00e1rtot \u00e9s Magyar P\u00e9tert, m\u00e1s nemzetk\u00f6zi politikusok azonban igen. Emmanuel Macron francia eln\u00f6k p\u00e9ld\u00e1ul <a href=\"https:\/\/www.instagram.com\/p\/DXCyHqXDW1w\/\">k\u00f6z\u00f6s k\u00e9pet<\/a> posztolt Magyarral. Macron bejegyz\u00e9s\u00e9ben arr\u00f3l \u00edr: \u201eFranciaorsz\u00e1g \u00fcdv\u00f6zli a demokratikus r\u00e9szv\u00e9tel gy\u0151zelm\u00e9t, a magyar emberek ragaszkod\u00e1s\u00e1t az Eur\u00f3pai Uni\u00f3 \u00e9rt\u00e9keihez \u00e9s Magyarorsz\u00e1g\u00e9rt Eur\u00f3p\u00e1ban.\u201d Ursula von der Leyen, az Eur\u00f3pai Bizotts\u00e1g eln\u00f6ke magyarul \u00edrta ki <a href=\"https:\/\/x.com\/vonderleyen\/status\/2043416848666906954\">X-profilj\u00e1ra<\/a>: \u201eMagyarorsz\u00e1g Eur\u00f3p\u00e1t v\u00e1lasztotta.\u201d A gratul\u00e1l\u00f3k sor\u00e1ban t\u00f6bbek k\u00f6z\u00f6tt Friedrich Merz n\u00e9met kancell\u00e1r, Giorgia Meloni olasz korm\u00e1nyf\u0151, Donald Tusk lengyel minisztereln\u00f6k, \u00e9s Volodimir Zelenszkij ukr\u00e1n eln\u00f6k is megtal\u00e1lhat\u00f3.<\/p>\n<p><!-- No email blocks found --><\/p>\n<p>The post <a href=\"https:\/\/forbes.hu\/uzlet\/magyar-valasztas-amerika-uzenet-tisza-part\/\">\u201eA magyar n\u00e9p elsz\u00e1nts\u00e1g\u00e1nak bizony\u00edt\u00e9ka.\u201d Sorra \u00e9rkeznek a nemzetk\u00f6zi reakci\u00f3k a magyar v\u00e1laszt\u00e1s eredm\u00e9ny\u00e9re<\/a> appeared first on <a href=\"https:\/\/forbes.hu\/\">Forbes.hu<\/a>.<\/p><div id=\"friss-2339593253\" class=\"friss-etarget-cikk-vege friss-entity-placement\"><script type=\"text\/javascript\" id=\"etargetScript7a9b589f63cb072bef80df221f46a22b\">function etargetPostloadFunction7a9b589f63cb072bef80df221f46a22b(){var e=\"etargetPostload7a9b589f63cb072bef80df221f46a22b\",t=\"etargetScript7a9b589f63cb072bef80df221f46a22b\",o=document.getElementById(e);if(o){for(var n=o.offsetTop,d=o.offsetLeft,r=o.offsetWidth,a=o.offsetHeight;o.offsetParent;)o=o.offsetParent,n+=o.offsetTop,d+=o.offsetLeft;var i=(n<=window.pageYOffset+window.innerHeight&&d<window.pageXOffset+window.innerWidth&&n+a>window.pageYOffset&&d+r>window.pageXOffset);if(i&&etargetAllowOtherCheck){allowed=!1;var c=document.createElement(\"script\");return c.src=\"\/\/hu.search.etargetnet.com\/generic\/uni.php?g=ref:58661,area:700x210\",void(document.getElementById(t)&&document.getElementById(e)&&(document.getElementById(t).parentNode.appendChild(c),document.getElementById(t).parentNode.removeChild(document.getElementById(t)),document.getElementById(e).parentNode.removeChild(document.getElementById(e)),document.removeEventListener(\"scroll\",etargetPostloadFunction7a9b589f63cb072bef80df221f46a22b),document.removeEventListener(\"resize\",etargetPostloadFunction7a9b589f63cb072bef80df221f46a22b),document.removeEventListener(\"DOMContentLoaded\",etargetPostloadFunction7a9b589f63cb072bef80df221f46a22b)))}}}var etargetDivID=\"etargetPostload7a9b589f63cb072bef80df221f46a22b\",etargetScriptID=\"etargetScript7a9b589f63cb072bef80df221f46a22b\",etargetPostloadPoint=document.createElement(\"div\");etargetPostloadPoint.id=etargetDivID;var etargetCurScript=document.getElementById(etargetScriptID);etargetCurScript.parentNode.appendChild(etargetPostloadPoint),document.addEventListener(\"scroll\",etargetPostloadFunction7a9b589f63cb072bef80df221f46a22b),document.addEventListener(\"resize\",etargetPostloadFunction7a9b589f63cb072bef80df221f46a22b),document.addEventListener(\"DOMContentLoaded\",etargetPostloadFunction7a9b589f63cb072bef80df221f46a22b);var etargetAllowOtherCheck=!0;if(typeof(\"forceRunPostload\")==\"string\"){etargetPostloadFunction7a9b589f63cb072bef80df221f46a22b()}<\/script><\/div><div id=\"friss-3011582150\" class=\"friss-after-content friss-entity-placement\"><script type=\"text\/javascript\" id=\"etargetScript7a9b589f63cb072bef80df221f46a22b\">function etargetPostloadFunction7a9b589f63cb072bef80df221f46a22b(){var e=\"etargetPostload7a9b589f63cb072bef80df221f46a22b\",t=\"etargetScript7a9b589f63cb072bef80df221f46a22b\",o=document.getElementById(e);if(o){for(var n=o.offsetTop,d=o.offsetLeft,r=o.offsetWidth,a=o.offsetHeight;o.offsetParent;)o=o.offsetParent,n+=o.offsetTop,d+=o.offsetLeft;var i=(n<=window.pageYOffset+window.innerHeight&&d<window.pageXOffset+window.innerWidth&&n+a>window.pageYOffset&&d+r>window.pageXOffset);if(i&&etargetAllowOtherCheck){allowed=!1;var c=document.createElement(\"script\");return c.src=\"\/\/hu.search.etargetnet.com\/generic\/uni.php?g=ref:58661,area:700x210\",void(document.getElementById(t)&&document.getElementById(e)&&(document.getElementById(t).parentNode.appendChild(c),document.getElementById(t).parentNode.removeChild(document.getElementById(t)),document.getElementById(e).parentNode.removeChild(document.getElementById(e)),document.removeEventListener(\"scroll\",etargetPostloadFunction7a9b589f63cb072bef80df221f46a22b),document.removeEventListener(\"resize\",etargetPostloadFunction7a9b589f63cb072bef80df221f46a22b),document.removeEventListener(\"DOMContentLoaded\",etargetPostloadFunction7a9b589f63cb072bef80df221f46a22b)))}}}var etargetDivID=\"etargetPostload7a9b589f63cb072bef80df221f46a22b\",etargetScriptID=\"etargetScript7a9b589f63cb072bef80df221f46a22b\",etargetPostloadPoint=document.createElement(\"div\");etargetPostloadPoint.id=etargetDivID;var etargetCurScript=document.getElementById(etargetScriptID);etargetCurScript.parentNode.appendChild(etargetPostloadPoint),document.addEventListener(\"scroll\",etargetPostloadFunction7a9b589f63cb072bef80df221f46a22b),document.addEventListener(\"resize\",etargetPostloadFunction7a9b589f63cb072bef80df221f46a22b),document.addEventListener(\"DOMContentLoaded\",etargetPostloadFunction7a9b589f63cb072bef80df221f46a22b);var etargetAllowOtherCheck=!0;if(typeof(\"forceRunPostload\")==\"string\"){etargetPostloadFunction7a9b589f63cb072bef80df221f46a22b()}<\/script><\/div><div id=\"friss-3239824598\" class=\"friss-after-content_2 friss-entity-placement\" style=\"clear: both;\"><div class=\"wprss_ajax\" data-id=\"rssca3e1784ec\"><img loading=\"lazy\" decoding=\"async\" src=\"https:\/\/friss-hirek.hu\/wp-content\/plugins\/wp-rss-retriever\/inc\/imgs\/ajax-loader.gif\" alt=\"Loading RSS Feed\" width=\"16\" height=\"16\"><\/div><\/div><br style=\"clear: both; display: block; float: none;\"\/><div id=\"friss-2785956674\" class=\"friss-after-content_3 friss-entity-placement\">https:\/\/www.youtube.com\/watch?v=Pdnw4KiUWp0<\/div>","protected":false},"excerpt":{"rendered":"<p>A kor\u00e1bbi amerikai eln\u00f6k szerint a magyar orsz\u00e1ggy\u0171l\u00e9si v\u00e1laszt\u00e1st hasonl\u00f3an kell \u00e9rtelmezni, mint a lengyelek\u00e9t 2023-ban. Mi t\u00f6rt\u00e9nt? Barack Obama, az Egyes\u00fclt \u00c1llamok kor\u00e1bbi eln\u00f6ke is reag\u00e1lt a Tisza P\u00e1rt k\u00e9tharmados gy\u0151zelm\u00e9re, melyet 99 sz\u00e1zal\u00e9kos feldolgozotts\u00e1g k\u00f6rny\u00e9k\u00e9n l\u00e1thatunk a sz\u00e1mokb\u00f3l. Obama \u00fagy fogalmazott: \u201eA tegnapi ellenz\u00e9ki gy\u0151zelem Magyarorsz\u00e1gon \u2013 ak\u00e1rcsak a 2023-as lengyel v\u00e1laszt\u00e1sok \u2013 [&hellip;]<\/p>\n","protected":false},"author":1,"featured_media":0,"comment_status":"open","ping_status":"open","sticky":false,"template":"","format":"standard","meta":{"footnotes":""},"categories":[7],"tags":[],"class_list":["post-165437","post","type-post","status-publish","format-standard","hentry","category-uzlet"],"amp_enabled":true,"_links":{"self":[{"href":"https:\/\/friss-hirek.hu\/index.php\/wp-json\/wp\/v2\/posts\/165437","targetHints":{"allow":["GET"]}}],"collection":[{"href":"https:\/\/friss-hirek.hu\/index.php\/wp-json\/wp\/v2\/posts"}],"about":[{"href":"https:\/\/friss-hirek.hu\/index.php\/wp-json\/wp\/v2\/types\/post"}],"author":[{"embeddable":true,"href":"https:\/\/friss-hirek.hu\/index.php\/wp-json\/wp\/v2\/users\/1"}],"replies":[{"embeddable":true,"href":"https:\/\/friss-hirek.hu\/index.php\/wp-json\/wp\/v2\/comments?post=165437"}],"version-history":[{"count":0,"href":"https:\/\/friss-hirek.hu\/index.php\/wp-json\/wp\/v2\/posts\/165437\/revisions"}],"wp:attachment":[{"href":"https:\/\/friss-hirek.hu\/index.php\/wp-json\/wp\/v2\/media?parent=165437"}],"wp:term":[{"taxonomy":"category","embeddable":true,"href":"https:\/\/friss-hirek.hu\/index.php\/wp-json\/wp\/v2\/categories?post=165437"},{"taxonomy":"post_tag","embeddable":true,"href":"https:\/\/friss-hirek.hu\/index.php\/wp-json\/wp\/v2\/tags?post=165437"}],"curies":[{"name":"wp","href":"https:\/\/api.w.org\/{rel}","templated":true}]}}