{"id":165456,"date":"2026-04-13T13:22:31","date_gmt":"2026-04-13T13:22:31","guid":{"rendered":"https:\/\/friss-hirek.hu\/index.php\/magyar-peter-az-elso-sajtotajekoztatojan-elmondta-milyen-miniszteriumok-lesznek\/friss-hirek\/"},"modified":"2026-04-13T13:22:31","modified_gmt":"2026-04-13T13:22:31","slug":"magyar-peter-az-elso-sajtotajekoztatojan-elmondta-milyen-miniszteriumok-lesznek","status":"publish","type":"post","link":"https:\/\/friss-hirek.hu\/index.php\/magyar-peter-az-elso-sajtotajekoztatojan-elmondta-milyen-miniszteriumok-lesznek\/uzlet\/","title":{"rendered":"Magyar P\u00e9ter az els\u0151 sajt\u00f3t\u00e1j\u00e9koztat\u00f3j\u00e1n elmondta, milyen miniszt\u00e9riumok lesznek"},"content":{"rendered":"<p><strong>Magyar P\u00e9ter nemzetk\u00f6zi sajt\u00f3t\u00e1j\u00e9koztat\u00f3t tart \u00e9s t\u00f6bb \u00faj r\u00e9szletet megosztott az \u00faj korm\u00e1nyr\u00f3l. <\/strong><\/p><div id=\"friss-1179010468\" class=\"friss-etarget friss-entity-placement\"><script type=\"text\/javascript\" id=\"etargetScript7a9b589f63cb072bef80df221f46a22b\">function etargetPostloadFunction7a9b589f63cb072bef80df221f46a22b(){var e=\"etargetPostload7a9b589f63cb072bef80df221f46a22b\",t=\"etargetScript7a9b589f63cb072bef80df221f46a22b\",o=document.getElementById(e);if(o){for(var n=o.offsetTop,d=o.offsetLeft,r=o.offsetWidth,a=o.offsetHeight;o.offsetParent;)o=o.offsetParent,n+=o.offsetTop,d+=o.offsetLeft;var i=(n<=window.pageYOffset+window.innerHeight&&d<window.pageXOffset+window.innerWidth&&n+a>window.pageYOffset&&d+r>window.pageXOffset);if(i&&etargetAllowOtherCheck){allowed=!1;var c=document.createElement(\"script\");return c.src=\"\/\/hu.search.etargetnet.com\/generic\/uni.php?g=ref:58661,area:700x210\",void(document.getElementById(t)&&document.getElementById(e)&&(document.getElementById(t).parentNode.appendChild(c),document.getElementById(t).parentNode.removeChild(document.getElementById(t)),document.getElementById(e).parentNode.removeChild(document.getElementById(e)),document.removeEventListener(\"scroll\",etargetPostloadFunction7a9b589f63cb072bef80df221f46a22b),document.removeEventListener(\"resize\",etargetPostloadFunction7a9b589f63cb072bef80df221f46a22b),document.removeEventListener(\"DOMContentLoaded\",etargetPostloadFunction7a9b589f63cb072bef80df221f46a22b)))}}}var etargetDivID=\"etargetPostload7a9b589f63cb072bef80df221f46a22b\",etargetScriptID=\"etargetScript7a9b589f63cb072bef80df221f46a22b\",etargetPostloadPoint=document.createElement(\"div\");etargetPostloadPoint.id=etargetDivID;var etargetCurScript=document.getElementById(etargetScriptID);etargetCurScript.parentNode.appendChild(etargetPostloadPoint),document.addEventListener(\"scroll\",etargetPostloadFunction7a9b589f63cb072bef80df221f46a22b),document.addEventListener(\"resize\",etargetPostloadFunction7a9b589f63cb072bef80df221f46a22b),document.addEventListener(\"DOMContentLoaded\",etargetPostloadFunction7a9b589f63cb072bef80df221f46a22b);var etargetAllowOtherCheck=!0;if(typeof(\"forceRunPostload\")==\"string\"){etargetPostloadFunction7a9b589f63cb072bef80df221f46a22b()}<\/script><\/div>\n<p><strong>Mi t\u00f6rt\u00e9nt? <\/strong>Magyar P\u00e9ter d\u00e9lut\u00e1n 2 \u00f3r\u00e1t\u00f3l nemzetk\u00f6zi sajt\u00f3t\u00e1j\u00e9koztat\u00f3t tart, amit m\u00e9g az M1 H\u00edrad\u00f3\u00a0<a href=\"https:\/\/www.youtube.com\/watch?v=GqT-VRWJUBg\">YouTube-csatorn\u00e1j\u00e1n is k\u00f6zvet\u00edtenek.<\/a> Ez \u00f6nmag\u00e1ban t\u00f6rt\u00e9nelmi pillanat.<\/p>\n<p>A nyit\u00f3besz\u00e9d\u00e9ben \u00f6sszefoglalta az eddig ismert v\u00e1laszt\u00e1si eredm\u00e9nyeket, \u00e9s hozz\u00e1tette, hogy m\u00e9g 3-4 helyen fordulhat az eredm\u00e9ny, \u00edgy sz\u00e1m\u00edt\u00e1saik szerint 141-142 mand\u00e1tummal z\u00e1rhat a Tisza P\u00e1rt. Kiemelte, hogy \u201eMagyarorsz\u00e1gon senki nem akar h\u00e1bor\u00fat\u201d \u2013 mondta, \u00e9s hozz\u00e1tette, hogy Magyarorsz\u00e1g a b\u00e9ke orsz\u00e1ga lesz.\u00a0Meger\u0151s\u00edtette, hogy Magyarorsz\u00e1g a NATO-t \u00e9s az Eur\u00f3pai Uni\u00f3t v\u00e1lasztotta a tegnapi v\u00e1laszt\u00e1son.<\/p>\n<p>Azt is mondta, hogy a k\u00e9tharmados felhatalmaz\u00e1ssal Alapt\u00f6rv\u00e9nyt m\u00f3dos\u00edtanak, \u00e9s bele\u00edrj\u00e1k, hogy a minisztereln\u00f6k csak k\u00e9t ciklusig szolg\u00e1lhat, valamint vissza fogj\u00e1k \u00e1ll\u00edtani a f\u00e9kek \u00e9s ellens\u00falyok rendszer\u00e9t. <\/p>\n<blockquote class=\"wp-block-quote is-layout-flow wp-block-quote-is-layout-flow\">\n<p>K\u00fcl\u00f6n kiemelte, hogy Orb\u00e1n Viktor m\u00e1r nem lehet Magyarorsz\u00e1g minisztereln\u00f6ke, mivel j\u00f3val t\u00f6bb id\u0151t t\u00f6lt\u00f6tt hivatalban, mint nyolc \u00e9v. <\/p>\n<\/blockquote>\n<p>A miniszt\u00e9riumi szerkezet\u00e9r\u0151l t\u00f6bb r\u00e9szletet megosztott: <\/p>\n<ul class=\"wp-block-list\">\n<li>\u2013 egyben lesz a k\u00fclgazdas\u00e1gi \u00e9s belgazdas\u00e1gi miniszt\u00e9rium,<\/li>\n<li>\u2013 lesz k\u00fcl\u00f6n eg\u00e9szs\u00e9g\u00fcgyi miniszter, oktat\u00e1si miniszter, k\u00f6rnyezetfejleszt\u00e9si miniszter,<\/li>\n<li>\u2013 k\u00fcl\u00f6n P\u00e9nz\u00fcgyminiszt\u00e9rium lesz,<\/li>\n<li>\u2013 a titkosszolg\u00e1latok fel\u00fcgyelete a bel\u00fcgyminiszt\u00e9riumhoz ker\u00fcl vissza,<\/li>\n<li>\u2013 a k\u00fcl\u00fcgyminiszt\u00e9riumhoz ker\u00fcl az Inform\u00e1ci\u00f3s Hivatal. <\/li>\n<\/ul>\n<p>\u00daj miniszterjel\u00f6ltet az eddig ismerteken k\u00edv\u00fcl nem nevezett meg, de elmondta, hogy megtartja Varga Mih\u00e1lyt a Magyar Nemzeti Bank \u00e9l\u00e9n.  <\/p>\n<p>A Tisza \u00e1ltal tervezett Vagyonvisszaszerz\u00e9si Hivatal els\u0151 int\u00e9zked\u00e9sei k\u00f6z\u00f6tt lesz az Eur\u00f3pai \u00dcgy\u00e9szs\u00e9gbe val\u00f3 csatlakoz\u00e1s. rend\u0151rs\u00e9ggel, az \u00fcgy\u00e9szs\u00e9ggel \u00e9s a NAV-val,<\/p>\n<p>B\u00e1r a sajt\u00f3t\u00e1j\u00e9koztat\u00f3 nemzetk\u00f6zi volt, az els\u0151 n\u00e9h\u00e1ny k\u00e9rd\u00e9st a magyar sajt\u00f3 munkat\u00e1rsai kapt\u00e1k. A Tisza sajt\u00f3f\u0151n\u00f6ke elmondta, hogy ez az\u00e9rt van, mert ezek a m\u00e9diumok l\u00e1tt\u00e1k el a val\u00f3di k\u00f6zszolg\u00e1latot az elm\u00falt 16 \u00e9vben. <\/p>\n<p><!-- No email blocks found --><\/p>\n<p>The post <a href=\"https:\/\/forbes.hu\/hirek\/magyar-peter-az-elso-sajtotajekoztatojan-elmondta-milyen-miniszteriumok-lesznek\/\">Magyar P\u00e9ter az els\u0151 sajt\u00f3t\u00e1j\u00e9koztat\u00f3j\u00e1n elmondta, milyen miniszt\u00e9riumok lesznek<\/a> appeared first on <a href=\"https:\/\/forbes.hu\/\">Forbes.hu<\/a>.<\/p><div id=\"friss-3307811381\" class=\"friss-etarget-cikk-vege friss-entity-placement\"><script type=\"text\/javascript\" id=\"etargetScript7a9b589f63cb072bef80df221f46a22b\">function etargetPostloadFunction7a9b589f63cb072bef80df221f46a22b(){var e=\"etargetPostload7a9b589f63cb072bef80df221f46a22b\",t=\"etargetScript7a9b589f63cb072bef80df221f46a22b\",o=document.getElementById(e);if(o){for(var n=o.offsetTop,d=o.offsetLeft,r=o.offsetWidth,a=o.offsetHeight;o.offsetParent;)o=o.offsetParent,n+=o.offsetTop,d+=o.offsetLeft;var i=(n<=window.pageYOffset+window.innerHeight&&d<window.pageXOffset+window.innerWidth&&n+a>window.pageYOffset&&d+r>window.pageXOffset);if(i&&etargetAllowOtherCheck){allowed=!1;var c=document.createElement(\"script\");return c.src=\"\/\/hu.search.etargetnet.com\/generic\/uni.php?g=ref:58661,area:700x210\",void(document.getElementById(t)&&document.getElementById(e)&&(document.getElementById(t).parentNode.appendChild(c),document.getElementById(t).parentNode.removeChild(document.getElementById(t)),document.getElementById(e).parentNode.removeChild(document.getElementById(e)),document.removeEventListener(\"scroll\",etargetPostloadFunction7a9b589f63cb072bef80df221f46a22b),document.removeEventListener(\"resize\",etargetPostloadFunction7a9b589f63cb072bef80df221f46a22b),document.removeEventListener(\"DOMContentLoaded\",etargetPostloadFunction7a9b589f63cb072bef80df221f46a22b)))}}}var etargetDivID=\"etargetPostload7a9b589f63cb072bef80df221f46a22b\",etargetScriptID=\"etargetScript7a9b589f63cb072bef80df221f46a22b\",etargetPostloadPoint=document.createElement(\"div\");etargetPostloadPoint.id=etargetDivID;var etargetCurScript=document.getElementById(etargetScriptID);etargetCurScript.parentNode.appendChild(etargetPostloadPoint),document.addEventListener(\"scroll\",etargetPostloadFunction7a9b589f63cb072bef80df221f46a22b),document.addEventListener(\"resize\",etargetPostloadFunction7a9b589f63cb072bef80df221f46a22b),document.addEventListener(\"DOMContentLoaded\",etargetPostloadFunction7a9b589f63cb072bef80df221f46a22b);var etargetAllowOtherCheck=!0;if(typeof(\"forceRunPostload\")==\"string\"){etargetPostloadFunction7a9b589f63cb072bef80df221f46a22b()}<\/script><\/div><div id=\"friss-3816575855\" class=\"friss-after-content friss-entity-placement\"><script type=\"text\/javascript\" id=\"etargetScript7a9b589f63cb072bef80df221f46a22b\">function etargetPostloadFunction7a9b589f63cb072bef80df221f46a22b(){var e=\"etargetPostload7a9b589f63cb072bef80df221f46a22b\",t=\"etargetScript7a9b589f63cb072bef80df221f46a22b\",o=document.getElementById(e);if(o){for(var n=o.offsetTop,d=o.offsetLeft,r=o.offsetWidth,a=o.offsetHeight;o.offsetParent;)o=o.offsetParent,n+=o.offsetTop,d+=o.offsetLeft;var i=(n<=window.pageYOffset+window.innerHeight&&d<window.pageXOffset+window.innerWidth&&n+a>window.pageYOffset&&d+r>window.pageXOffset);if(i&&etargetAllowOtherCheck){allowed=!1;var c=document.createElement(\"script\");return c.src=\"\/\/hu.search.etargetnet.com\/generic\/uni.php?g=ref:58661,area:700x210\",void(document.getElementById(t)&&document.getElementById(e)&&(document.getElementById(t).parentNode.appendChild(c),document.getElementById(t).parentNode.removeChild(document.getElementById(t)),document.getElementById(e).parentNode.removeChild(document.getElementById(e)),document.removeEventListener(\"scroll\",etargetPostloadFunction7a9b589f63cb072bef80df221f46a22b),document.removeEventListener(\"resize\",etargetPostloadFunction7a9b589f63cb072bef80df221f46a22b),document.removeEventListener(\"DOMContentLoaded\",etargetPostloadFunction7a9b589f63cb072bef80df221f46a22b)))}}}var etargetDivID=\"etargetPostload7a9b589f63cb072bef80df221f46a22b\",etargetScriptID=\"etargetScript7a9b589f63cb072bef80df221f46a22b\",etargetPostloadPoint=document.createElement(\"div\");etargetPostloadPoint.id=etargetDivID;var etargetCurScript=document.getElementById(etargetScriptID);etargetCurScript.parentNode.appendChild(etargetPostloadPoint),document.addEventListener(\"scroll\",etargetPostloadFunction7a9b589f63cb072bef80df221f46a22b),document.addEventListener(\"resize\",etargetPostloadFunction7a9b589f63cb072bef80df221f46a22b),document.addEventListener(\"DOMContentLoaded\",etargetPostloadFunction7a9b589f63cb072bef80df221f46a22b);var etargetAllowOtherCheck=!0;if(typeof(\"forceRunPostload\")==\"string\"){etargetPostloadFunction7a9b589f63cb072bef80df221f46a22b()}<\/script><\/div><div id=\"friss-658897396\" class=\"friss-after-content_2 friss-entity-placement\" style=\"clear: both;\"><div class=\"wprss_ajax\" data-id=\"rss0cc4bac1f4\"><img loading=\"lazy\" decoding=\"async\" src=\"https:\/\/friss-hirek.hu\/wp-content\/plugins\/wp-rss-retriever\/inc\/imgs\/ajax-loader.gif\" alt=\"Loading RSS Feed\" width=\"16\" height=\"16\"><\/div><\/div><br style=\"clear: both; display: block; float: none;\"\/><div id=\"friss-2160827603\" class=\"friss-after-content_3 friss-entity-placement\">https:\/\/www.youtube.com\/watch?v=Pdnw4KiUWp0<\/div>","protected":false},"excerpt":{"rendered":"<p>Magyar P\u00e9ter nemzetk\u00f6zi sajt\u00f3t\u00e1j\u00e9koztat\u00f3t tart \u00e9s t\u00f6bb \u00faj r\u00e9szletet megosztott az \u00faj korm\u00e1nyr\u00f3l. Mi t\u00f6rt\u00e9nt? Magyar P\u00e9ter d\u00e9lut\u00e1n 2 \u00f3r\u00e1t\u00f3l nemzetk\u00f6zi sajt\u00f3t\u00e1j\u00e9koztat\u00f3t tart, amit m\u00e9g az M1 H\u00edrad\u00f3\u00a0YouTube-csatorn\u00e1j\u00e1n is k\u00f6zvet\u00edtenek. Ez \u00f6nmag\u00e1ban t\u00f6rt\u00e9nelmi pillanat. A nyit\u00f3besz\u00e9d\u00e9ben \u00f6sszefoglalta az eddig ismert v\u00e1laszt\u00e1si eredm\u00e9nyeket, \u00e9s hozz\u00e1tette, hogy m\u00e9g 3-4 helyen fordulhat az eredm\u00e9ny, \u00edgy sz\u00e1m\u00edt\u00e1saik szerint 141-142 [&hellip;]<\/p>\n","protected":false},"author":1,"featured_media":0,"comment_status":"open","ping_status":"open","sticky":false,"template":"","format":"standard","meta":{"footnotes":""},"categories":[7],"tags":[],"class_list":["post-165456","post","type-post","status-publish","format-standard","hentry","category-uzlet"],"amp_enabled":true,"_links":{"self":[{"href":"https:\/\/friss-hirek.hu\/index.php\/wp-json\/wp\/v2\/posts\/165456","targetHints":{"allow":["GET"]}}],"collection":[{"href":"https:\/\/friss-hirek.hu\/index.php\/wp-json\/wp\/v2\/posts"}],"about":[{"href":"https:\/\/friss-hirek.hu\/index.php\/wp-json\/wp\/v2\/types\/post"}],"author":[{"embeddable":true,"href":"https:\/\/friss-hirek.hu\/index.php\/wp-json\/wp\/v2\/users\/1"}],"replies":[{"embeddable":true,"href":"https:\/\/friss-hirek.hu\/index.php\/wp-json\/wp\/v2\/comments?post=165456"}],"version-history":[{"count":0,"href":"https:\/\/friss-hirek.hu\/index.php\/wp-json\/wp\/v2\/posts\/165456\/revisions"}],"wp:attachment":[{"href":"https:\/\/friss-hirek.hu\/index.php\/wp-json\/wp\/v2\/media?parent=165456"}],"wp:term":[{"taxonomy":"category","embeddable":true,"href":"https:\/\/friss-hirek.hu\/index.php\/wp-json\/wp\/v2\/categories?post=165456"},{"taxonomy":"post_tag","embeddable":true,"href":"https:\/\/friss-hirek.hu\/index.php\/wp-json\/wp\/v2\/tags?post=165456"}],"curies":[{"name":"wp","href":"https:\/\/api.w.org\/{rel}","templated":true}]}}