{"id":165459,"date":"2026-04-13T14:23:38","date_gmt":"2026-04-13T14:23:38","guid":{"rendered":"https:\/\/friss-hirek.hu\/index.php\/megneveztek-az-orban-korszak-egyik-kulcsemberet-aki-a-tisza-kormanyzasa-alatt-is-maradhat-a-poziciojaban\/friss-hirek\/"},"modified":"2026-04-13T14:23:38","modified_gmt":"2026-04-13T14:23:38","slug":"megneveztek-az-orban-korszak-egyik-kulcsemberet-aki-a-tisza-kormanyzasa-alatt-is-maradhat-a-poziciojaban","status":"publish","type":"post","link":"https:\/\/friss-hirek.hu\/index.php\/megneveztek-az-orban-korszak-egyik-kulcsemberet-aki-a-tisza-kormanyzasa-alatt-is-maradhat-a-poziciojaban\/uzlet\/","title":{"rendered":"Megnevezt\u00e9k az Orb\u00e1n-korszak egyik kulcsember\u00e9t, aki a Tisza korm\u00e1nyz\u00e1sa alatt is maradhat a poz\u00edci\u00f3j\u00e1ban"},"content":{"rendered":"<p><strong>Magyar P\u00e9ter nemzetk\u00f6zi sajt\u00f3t\u00e1j\u00e9koztat\u00f3n jelentette be, hogy Varga Mih\u00e1lyt nem tervezi elt\u00e1vol\u00edtani a Magyar Nemzeti Bank \u00e9l\u00e9r\u0151l. Ezt azzal indokolta, hogy a jelenlegi gazdas\u00e1gi helyzetben a forint stabilit\u00e1s\u00e1nak \u00e9rdek\u00e9ben sz\u00fcks\u00e9g van a folytonoss\u00e1gra a jegybank \u00e9l\u00e9n.<\/strong><\/p><div id=\"friss-2034708263\" class=\"friss-etarget friss-entity-placement\"><script type=\"text\/javascript\" id=\"etargetScript7a9b589f63cb072bef80df221f46a22b\">function etargetPostloadFunction7a9b589f63cb072bef80df221f46a22b(){var e=\"etargetPostload7a9b589f63cb072bef80df221f46a22b\",t=\"etargetScript7a9b589f63cb072bef80df221f46a22b\",o=document.getElementById(e);if(o){for(var n=o.offsetTop,d=o.offsetLeft,r=o.offsetWidth,a=o.offsetHeight;o.offsetParent;)o=o.offsetParent,n+=o.offsetTop,d+=o.offsetLeft;var i=(n<=window.pageYOffset+window.innerHeight&&d<window.pageXOffset+window.innerWidth&&n+a>window.pageYOffset&&d+r>window.pageXOffset);if(i&&etargetAllowOtherCheck){allowed=!1;var c=document.createElement(\"script\");return c.src=\"\/\/hu.search.etargetnet.com\/generic\/uni.php?g=ref:58661,area:700x210\",void(document.getElementById(t)&&document.getElementById(e)&&(document.getElementById(t).parentNode.appendChild(c),document.getElementById(t).parentNode.removeChild(document.getElementById(t)),document.getElementById(e).parentNode.removeChild(document.getElementById(e)),document.removeEventListener(\"scroll\",etargetPostloadFunction7a9b589f63cb072bef80df221f46a22b),document.removeEventListener(\"resize\",etargetPostloadFunction7a9b589f63cb072bef80df221f46a22b),document.removeEventListener(\"DOMContentLoaded\",etargetPostloadFunction7a9b589f63cb072bef80df221f46a22b)))}}}var etargetDivID=\"etargetPostload7a9b589f63cb072bef80df221f46a22b\",etargetScriptID=\"etargetScript7a9b589f63cb072bef80df221f46a22b\",etargetPostloadPoint=document.createElement(\"div\");etargetPostloadPoint.id=etargetDivID;var etargetCurScript=document.getElementById(etargetScriptID);etargetCurScript.parentNode.appendChild(etargetPostloadPoint),document.addEventListener(\"scroll\",etargetPostloadFunction7a9b589f63cb072bef80df221f46a22b),document.addEventListener(\"resize\",etargetPostloadFunction7a9b589f63cb072bef80df221f46a22b),document.addEventListener(\"DOMContentLoaded\",etargetPostloadFunction7a9b589f63cb072bef80df221f46a22b);var etargetAllowOtherCheck=!0;if(typeof(\"forceRunPostload\")==\"string\"){etargetPostloadFunction7a9b589f63cb072bef80df221f46a22b()}<\/script><\/div>\n<hr class=\"wp-block-separator has-alpha-channel-opacity\" \/>\n<p><strong>Mi t\u00f6rt\u00e9nt?<\/strong> H\u00e9tf\u0151n d\u00e9lut\u00e1n <a href=\"https:\/\/forbes.hu\/hirek\/magyar-peter-az-elso-sajtotajekoztatojan-elmondta-milyen-miniszteriumok-lesznek\/\">nemzetk\u00f6zi sajt\u00f3t\u00e1j\u00e9koztat\u00f3t<\/a> tartott Magyar P\u00e9ter a Tisza P\u00e1rt vas\u00e1rnapi v\u00e1laszt\u00e1si gy\u0151zelme ut\u00e1n. \u00dajs\u00e1g\u00edr\u00f3i k\u00e9rd\u00e9sre kifejtette, hogy sz\u00e1nd\u00e9kosan nem sz\u00f3l\u00edtotta fel t\u00e1voz\u00e1sra a Magyar Nemzeti Bank eln\u00f6k\u00e9t, Varga Mih\u00e1lyt a vas\u00e1rnap esti gy\u0151zelmi besz\u00e9d\u00e9ben.<\/p>\n<p><strong>Mit jelent ez a gyakorlatban? <\/strong>Magyar P\u00e9ter elmondta, hogy a Magyar Nemzeti Bank feladata a forint stabilit\u00e1s\u00e1nak meg\u0151rz\u00e9se: szerinte egy, a jelenlegihez hasonl\u00f3 neh\u00e9z gazdas\u00e1gi helyzetben nem ide\u00e1lis a jegybankeln\u00f6k lev\u00e1lt\u00e1sa. Magyar P\u00e9ter kijelentette, hogy az orsz\u00e1g \u00e9rdeke jelenleg az, hogy Varga Mih\u00e1ly maradjon a poz\u00edci\u00f3j\u00e1ban. Hozz\u00e1tette: f\u00fcggetlen\u00fcl att\u00f3l, hogy ki nevezte ki a jegybank \u00e9l\u00e9re, szerinte Varga Mih\u00e1ly m\u00e1sfajta munk\u00e1t k\u00e9pvisel, olyat, ami a jegybanki t\u00f6rv\u00e9nynek megfelel.<\/p>\n<div class=\"related-post-links\">\n<p>\t\t<span class=\"related-post-links__title minititle\">T\u00f6bb ebb\u0151l<\/span><\/p>\n<div class=\"related-post-links__link-wrapper\">\n\t\t\t\t<a href=\"https:\/\/forbes.hu\/penz\/otp-ner-reszvenyek-valasztas\/\" class=\"related-post-links__link\">\u00d6sszeomlottak a NER-es c\u00e9gek r\u00e9szv\u00e9nyei, az OTP sz\u00e1m\u00e1ra a hat\u00e1r a csillagos \u00e9g. A piac m\u00e1ris \u00edt\u00e9letet mondott a korm\u00e1nyv\u00e1lt\u00e1sr\u00f3l<\/a>\n\t\t\t<\/div>\n<div class=\"related-post-links__link-wrapper\">\n\t\t\t\t<a href=\"https:\/\/forbes.hu\/hirek\/magyar-peter-az-elso-sajtotajekoztatojan-elmondta-milyen-miniszteriumok-lesznek\/\" class=\"related-post-links__link\">Magyar P\u00e9ter a megv\u00e1laszt\u00e1sa ut\u00e1ni els\u0151 sajt\u00f3t\u00e1j\u00e9koztat\u00f3j\u00e1n elmondta, milyen miniszt\u00e9riumok lesznek<\/a>\n\t\t\t<\/div>\n<\/div>\n<p><strong>Kontextus.<\/strong> A Tisza P\u00e1rt eln\u00f6ke a biztos v\u00e1laszt\u00e1si gy\u0151zelem ut\u00e1n tartott <a href=\"https:\/\/forbes.hu\/uzlet\/magyar-peter-minden-magyar-miniszterelnoke-leszek-de-a-rendszer-tartooszlopainak-mennie-kell\/\">besz\u00e9det<\/a> a Batthy\u00e1ny t\u00e9ren. Ekkor lemond\u00e1sra sz\u00f3l\u00edtotta t\u00f6bb \u00e1llami szerv vezet\u0151 tiszts\u00e9gvisel\u0151j\u00e9t: a K\u00faria, az Orsz\u00e1gos B\u00edr\u00f3s\u00e1gi Hivatal eln\u00f6k\u00e9t, a legf\u0151bb \u00fcgy\u00e9szt, az Alkotm\u00e1nyb\u00edr\u00f3s\u00e1g, az \u00c1llami Sz\u00e1mvev\u0151sz\u00e9k, a Gazdas\u00e1gi Versenyhivatal eln\u00f6k\u00e9t, valamint a m\u00e9diahat\u00f3s\u00e1g vezet\u0151j\u00e9t.<\/p>\n<blockquote class=\"wp-block-quote is-layout-flow wp-block-quote-is-layout-flow\">\n<p>T\u00f6bbeknek felt\u0171nt, hogy a Magyar Nemzeti Bank eln\u00f6k\u00e9t ekkor nem eml\u00edtette a leend\u0151 miniszter. Magyar P\u00e9ter h\u00e9tf\u0151n tiszt\u00e1zta ezt a helyzetet.<\/p>\n<\/blockquote>\n<p><strong>V\u00e1laszt\u00e1s. <\/strong>A Tisza P\u00e1rt els\u00f6pr\u0151 v\u00e1laszt\u00e1si gy\u0151zelmet \u00e9rt el \u00e1prilis 12-\u00e9n. K\u00f6zel 99 sz\u00e1zal\u00e9kos feldolgozotts\u00e1g ut\u00e1n az Orsz\u00e1ggy\u0171l\u00e9sben 137 mand\u00e1tumot szerzett a p\u00e1rt, ezzel k\u00e9tharmados felhatalmaz\u00e1shoz jutottak. A Magyar P\u00e9ter vezette Tisza P\u00e1rtnak most harminc nap \u00e1ll rendelkez\u00e9sre a korm\u00e1nyalak\u00edt\u00e1sra, ez id\u0151 alatt a Fidesz-KDNP \u00fcgyvezet\u0151 korm\u00e1nyk\u00e9nt j\u00e1r el.<\/p>\n<p><!-- No email blocks found --><\/p>\n<p>The post <a href=\"https:\/\/forbes.hu\/penz\/magyar-peter-sajtotajekoztato-mnb-jegybank-forint\/\">Megnevezt\u00e9k az Orb\u00e1n-korszak egyik kulcsember\u00e9t, aki a Tisza korm\u00e1nyz\u00e1sa alatt is maradhat a poz\u00edci\u00f3j\u00e1ban<\/a> appeared first on <a href=\"https:\/\/forbes.hu\/\">Forbes.hu<\/a>.<\/p><div id=\"friss-1576127667\" class=\"friss-etarget-cikk-vege friss-entity-placement\"><script type=\"text\/javascript\" id=\"etargetScript7a9b589f63cb072bef80df221f46a22b\">function etargetPostloadFunction7a9b589f63cb072bef80df221f46a22b(){var e=\"etargetPostload7a9b589f63cb072bef80df221f46a22b\",t=\"etargetScript7a9b589f63cb072bef80df221f46a22b\",o=document.getElementById(e);if(o){for(var n=o.offsetTop,d=o.offsetLeft,r=o.offsetWidth,a=o.offsetHeight;o.offsetParent;)o=o.offsetParent,n+=o.offsetTop,d+=o.offsetLeft;var i=(n<=window.pageYOffset+window.innerHeight&&d<window.pageXOffset+window.innerWidth&&n+a>window.pageYOffset&&d+r>window.pageXOffset);if(i&&etargetAllowOtherCheck){allowed=!1;var c=document.createElement(\"script\");return c.src=\"\/\/hu.search.etargetnet.com\/generic\/uni.php?g=ref:58661,area:700x210\",void(document.getElementById(t)&&document.getElementById(e)&&(document.getElementById(t).parentNode.appendChild(c),document.getElementById(t).parentNode.removeChild(document.getElementById(t)),document.getElementById(e).parentNode.removeChild(document.getElementById(e)),document.removeEventListener(\"scroll\",etargetPostloadFunction7a9b589f63cb072bef80df221f46a22b),document.removeEventListener(\"resize\",etargetPostloadFunction7a9b589f63cb072bef80df221f46a22b),document.removeEventListener(\"DOMContentLoaded\",etargetPostloadFunction7a9b589f63cb072bef80df221f46a22b)))}}}var etargetDivID=\"etargetPostload7a9b589f63cb072bef80df221f46a22b\",etargetScriptID=\"etargetScript7a9b589f63cb072bef80df221f46a22b\",etargetPostloadPoint=document.createElement(\"div\");etargetPostloadPoint.id=etargetDivID;var etargetCurScript=document.getElementById(etargetScriptID);etargetCurScript.parentNode.appendChild(etargetPostloadPoint),document.addEventListener(\"scroll\",etargetPostloadFunction7a9b589f63cb072bef80df221f46a22b),document.addEventListener(\"resize\",etargetPostloadFunction7a9b589f63cb072bef80df221f46a22b),document.addEventListener(\"DOMContentLoaded\",etargetPostloadFunction7a9b589f63cb072bef80df221f46a22b);var etargetAllowOtherCheck=!0;if(typeof(\"forceRunPostload\")==\"string\"){etargetPostloadFunction7a9b589f63cb072bef80df221f46a22b()}<\/script><\/div><div id=\"friss-1594897945\" class=\"friss-after-content friss-entity-placement\"><script type=\"text\/javascript\" id=\"etargetScript7a9b589f63cb072bef80df221f46a22b\">function etargetPostloadFunction7a9b589f63cb072bef80df221f46a22b(){var e=\"etargetPostload7a9b589f63cb072bef80df221f46a22b\",t=\"etargetScript7a9b589f63cb072bef80df221f46a22b\",o=document.getElementById(e);if(o){for(var n=o.offsetTop,d=o.offsetLeft,r=o.offsetWidth,a=o.offsetHeight;o.offsetParent;)o=o.offsetParent,n+=o.offsetTop,d+=o.offsetLeft;var i=(n<=window.pageYOffset+window.innerHeight&&d<window.pageXOffset+window.innerWidth&&n+a>window.pageYOffset&&d+r>window.pageXOffset);if(i&&etargetAllowOtherCheck){allowed=!1;var c=document.createElement(\"script\");return c.src=\"\/\/hu.search.etargetnet.com\/generic\/uni.php?g=ref:58661,area:700x210\",void(document.getElementById(t)&&document.getElementById(e)&&(document.getElementById(t).parentNode.appendChild(c),document.getElementById(t).parentNode.removeChild(document.getElementById(t)),document.getElementById(e).parentNode.removeChild(document.getElementById(e)),document.removeEventListener(\"scroll\",etargetPostloadFunction7a9b589f63cb072bef80df221f46a22b),document.removeEventListener(\"resize\",etargetPostloadFunction7a9b589f63cb072bef80df221f46a22b),document.removeEventListener(\"DOMContentLoaded\",etargetPostloadFunction7a9b589f63cb072bef80df221f46a22b)))}}}var etargetDivID=\"etargetPostload7a9b589f63cb072bef80df221f46a22b\",etargetScriptID=\"etargetScript7a9b589f63cb072bef80df221f46a22b\",etargetPostloadPoint=document.createElement(\"div\");etargetPostloadPoint.id=etargetDivID;var etargetCurScript=document.getElementById(etargetScriptID);etargetCurScript.parentNode.appendChild(etargetPostloadPoint),document.addEventListener(\"scroll\",etargetPostloadFunction7a9b589f63cb072bef80df221f46a22b),document.addEventListener(\"resize\",etargetPostloadFunction7a9b589f63cb072bef80df221f46a22b),document.addEventListener(\"DOMContentLoaded\",etargetPostloadFunction7a9b589f63cb072bef80df221f46a22b);var etargetAllowOtherCheck=!0;if(typeof(\"forceRunPostload\")==\"string\"){etargetPostloadFunction7a9b589f63cb072bef80df221f46a22b()}<\/script><\/div><div id=\"friss-2266973393\" class=\"friss-after-content_2 friss-entity-placement\" style=\"clear: both;\"><div class=\"wprss_ajax\" data-id=\"rssabf7ff7aea\"><img loading=\"lazy\" decoding=\"async\" src=\"https:\/\/friss-hirek.hu\/wp-content\/plugins\/wp-rss-retriever\/inc\/imgs\/ajax-loader.gif\" alt=\"Loading RSS Feed\" width=\"16\" height=\"16\"><\/div><\/div><br style=\"clear: both; display: block; float: none;\"\/><div id=\"friss-716185582\" class=\"friss-after-content_3 friss-entity-placement\">https:\/\/www.youtube.com\/watch?v=Pdnw4KiUWp0<\/div>","protected":false},"excerpt":{"rendered":"<p>Magyar P\u00e9ter nemzetk\u00f6zi sajt\u00f3t\u00e1j\u00e9koztat\u00f3n jelentette be, hogy Varga Mih\u00e1lyt nem tervezi elt\u00e1vol\u00edtani a Magyar Nemzeti Bank \u00e9l\u00e9r\u0151l. Ezt azzal indokolta, hogy a jelenlegi gazdas\u00e1gi helyzetben a forint stabilit\u00e1s\u00e1nak \u00e9rdek\u00e9ben sz\u00fcks\u00e9g van a folytonoss\u00e1gra a jegybank \u00e9l\u00e9n. Mi t\u00f6rt\u00e9nt? H\u00e9tf\u0151n d\u00e9lut\u00e1n nemzetk\u00f6zi sajt\u00f3t\u00e1j\u00e9koztat\u00f3t tartott Magyar P\u00e9ter a Tisza P\u00e1rt vas\u00e1rnapi v\u00e1laszt\u00e1si gy\u0151zelme ut\u00e1n. \u00dajs\u00e1g\u00edr\u00f3i k\u00e9rd\u00e9sre kifejtette, [&hellip;]<\/p>\n","protected":false},"author":1,"featured_media":0,"comment_status":"open","ping_status":"open","sticky":false,"template":"","format":"standard","meta":{"footnotes":""},"categories":[7],"tags":[],"class_list":["post-165459","post","type-post","status-publish","format-standard","hentry","category-uzlet"],"amp_enabled":true,"_links":{"self":[{"href":"https:\/\/friss-hirek.hu\/index.php\/wp-json\/wp\/v2\/posts\/165459","targetHints":{"allow":["GET"]}}],"collection":[{"href":"https:\/\/friss-hirek.hu\/index.php\/wp-json\/wp\/v2\/posts"}],"about":[{"href":"https:\/\/friss-hirek.hu\/index.php\/wp-json\/wp\/v2\/types\/post"}],"author":[{"embeddable":true,"href":"https:\/\/friss-hirek.hu\/index.php\/wp-json\/wp\/v2\/users\/1"}],"replies":[{"embeddable":true,"href":"https:\/\/friss-hirek.hu\/index.php\/wp-json\/wp\/v2\/comments?post=165459"}],"version-history":[{"count":0,"href":"https:\/\/friss-hirek.hu\/index.php\/wp-json\/wp\/v2\/posts\/165459\/revisions"}],"wp:attachment":[{"href":"https:\/\/friss-hirek.hu\/index.php\/wp-json\/wp\/v2\/media?parent=165459"}],"wp:term":[{"taxonomy":"category","embeddable":true,"href":"https:\/\/friss-hirek.hu\/index.php\/wp-json\/wp\/v2\/categories?post=165459"},{"taxonomy":"post_tag","embeddable":true,"href":"https:\/\/friss-hirek.hu\/index.php\/wp-json\/wp\/v2\/tags?post=165459"}],"curies":[{"name":"wp","href":"https:\/\/api.w.org\/{rel}","templated":true}]}}