{"id":165474,"date":"2026-04-13T18:25:39","date_gmt":"2026-04-13T18:25:39","guid":{"rendered":"https:\/\/friss-hirek.hu\/index.php\/orban-ujra-megszolalt-elmondta-mire-keszul-a-fidesz\/friss-hirek\/"},"modified":"2026-04-13T18:25:39","modified_gmt":"2026-04-13T18:25:39","slug":"orban-ujra-megszolalt-elmondta-mire-keszul-a-fidesz","status":"publish","type":"post","link":"https:\/\/friss-hirek.hu\/index.php\/orban-ujra-megszolalt-elmondta-mire-keszul-a-fidesz\/uzlet\/","title":{"rendered":"Orb\u00e1n \u00fajra megsz\u00f3lalt, elmondta mire k\u00e9sz\u00fcl a Fidesz"},"content":{"rendered":"<p><strong>Saj\u00e1t politikai k\u00f6z\u00f6ss\u00e9g\u00e9r\u0151l, mint a nemzeti oldalr\u00f3l besz\u00e9lt. <\/strong><\/p><div id=\"friss-1996874049\" class=\"friss-etarget friss-entity-placement\"><script type=\"text\/javascript\" id=\"etargetScript7a9b589f63cb072bef80df221f46a22b\">function etargetPostloadFunction7a9b589f63cb072bef80df221f46a22b(){var e=\"etargetPostload7a9b589f63cb072bef80df221f46a22b\",t=\"etargetScript7a9b589f63cb072bef80df221f46a22b\",o=document.getElementById(e);if(o){for(var n=o.offsetTop,d=o.offsetLeft,r=o.offsetWidth,a=o.offsetHeight;o.offsetParent;)o=o.offsetParent,n+=o.offsetTop,d+=o.offsetLeft;var i=(n<=window.pageYOffset+window.innerHeight&&d<window.pageXOffset+window.innerWidth&&n+a>window.pageYOffset&&d+r>window.pageXOffset);if(i&&etargetAllowOtherCheck){allowed=!1;var c=document.createElement(\"script\");return c.src=\"\/\/hu.search.etargetnet.com\/generic\/uni.php?g=ref:58661,area:700x210\",void(document.getElementById(t)&&document.getElementById(e)&&(document.getElementById(t).parentNode.appendChild(c),document.getElementById(t).parentNode.removeChild(document.getElementById(t)),document.getElementById(e).parentNode.removeChild(document.getElementById(e)),document.removeEventListener(\"scroll\",etargetPostloadFunction7a9b589f63cb072bef80df221f46a22b),document.removeEventListener(\"resize\",etargetPostloadFunction7a9b589f63cb072bef80df221f46a22b),document.removeEventListener(\"DOMContentLoaded\",etargetPostloadFunction7a9b589f63cb072bef80df221f46a22b)))}}}var etargetDivID=\"etargetPostload7a9b589f63cb072bef80df221f46a22b\",etargetScriptID=\"etargetScript7a9b589f63cb072bef80df221f46a22b\",etargetPostloadPoint=document.createElement(\"div\");etargetPostloadPoint.id=etargetDivID;var etargetCurScript=document.getElementById(etargetScriptID);etargetCurScript.parentNode.appendChild(etargetPostloadPoint),document.addEventListener(\"scroll\",etargetPostloadFunction7a9b589f63cb072bef80df221f46a22b),document.addEventListener(\"resize\",etargetPostloadFunction7a9b589f63cb072bef80df221f46a22b),document.addEventListener(\"DOMContentLoaded\",etargetPostloadFunction7a9b589f63cb072bef80df221f46a22b);var etargetAllowOtherCheck=!0;if(typeof(\"forceRunPostload\")==\"string\"){etargetPostloadFunction7a9b589f63cb072bef80df221f46a22b()}<\/script><\/div>\n<p><strong>Mi t\u00f6rt\u00e9nt?<\/strong> R\u00f6vid <a href=\"https:\/\/www.facebook.com\/watch\/?v=981162844384681\">Facebook-vide\u00f3val <\/a>jelentkezett a lek\u00f6sz\u00f6n\u0151 korm\u00e1nyf\u0151, Orb\u00e1n Viktor. Ebben azt mondta, t\u00f6bb mint 2 milli\u00f3 250 ezer szavaz\u00f3 t\u00e1mogatta a Fidesz-KDNP jel\u00f6ltjeit. <strong>\u201e<\/strong>A nemzeti oldal, a mi politikai k\u00f6z\u00f6ss\u00e9g\u00fcnk ma ekkora Magyarorsz\u00e1gon.\u201d Orb\u00e1n ezzel folytatja azt a retorik\u00e1t, amely szerint a Fidesz k\u00e9pviseli a nemzetet. <\/p>\n<p>A korm\u00e1nyf\u0151 megk\u00f6sz\u00f6nte a t\u00e1mogat\u00e1st, azt mondta, 2014-ben ugyanennyi szavaz\u00f3val hatalmas gy\u0151zelmet arattak, <strong>\u201e<\/strong>tegnap ez a tisztes helyt\u00e1ll\u00e1sra, a veres\u00e9gre volt el\u00e9g\u201d. Orb\u00e1n szerint \u00f6v\u00e9k a leg\u00f6sszetart\u00f3bb politikai k\u00f6z\u00f6ss\u00e9g, \u00e9s az a terv\u00fck, hogy a <strong>\u201e<\/strong>szavaz\u00f3inkkal k\u00f6z\u00f6sen megv\u00e9dj\u00fck a nemzeti oldal v\u00edvm\u00e1nyait\u201d. <\/p>\n<p><strong>Mit l\u00e9pnek? <\/strong>Azt is mondta, hogy a k\u00f6vetkez\u0151 hetekben \u00fajraszervezik magukat, elmennek minden v\u00e1laszt\u00f3ker\u00fcletbe, \u00f6sszeh\u00edvj\u00e1k az aktivist\u00e1ikat, az \u00f6nk\u00e9nteseiket, jel\u00f6ltjeiket \u00e9s k\u00e9pvisel\u0151iket. Bejelentette, hogy \u00e1prilis 28-\u00e1n pedig orsz\u00e1gos v\u00e1lasztm\u00e1nyi \u00fcl\u00e9st tartanak majd. Arr\u00f3l egyel\u0151re nem besz\u00e9lt, hogy kit terhel a v\u00e1laszt\u00e1si veres\u00e9g\u00e9rt a felel\u0151ss\u00e9g. <\/p>\n<p><strong>Kontextus<\/strong>. A vas\u00e1rnapi orsz\u00e1ggy\u0171l\u00e9si v\u00e1laszt\u00e1sokon a k\u00e9t \u00e9ve alakult Tisza P\u00e1rt k\u00e9tharmados t\u00f6bbs\u00e9get szerzett, a Fidesz a <a href=\"https:\/\/vtr.valasztas.hu\/ogy2026\">jelenlegi \u00e1ll\u00e1s<\/a> szerint 56 k\u00e9pvisel\u0151t k\u00fcld az \u00faj orsz\u00e1ggy\u0171l\u00e9sbe, 32 \u00e9ve nem volt ilyen kev\u00e9s fideszes a parlamenti patk\u00f3ban. <\/p>\n\n<p><!-- No email blocks found --><\/p>\n<p>The post <a href=\"https:\/\/forbes.hu\/hirek\/orban-ujra-megszolalt-elmondta-mire-keszul-a-fidesz\/\">Orb\u00e1n \u00fajra megsz\u00f3lalt, elmondta mire k\u00e9sz\u00fcl a Fidesz<\/a> appeared first on <a href=\"https:\/\/forbes.hu\/\">Forbes.hu<\/a>.<\/p><div id=\"friss-3123639851\" class=\"friss-etarget-cikk-vege friss-entity-placement\"><script type=\"text\/javascript\" id=\"etargetScript7a9b589f63cb072bef80df221f46a22b\">function etargetPostloadFunction7a9b589f63cb072bef80df221f46a22b(){var e=\"etargetPostload7a9b589f63cb072bef80df221f46a22b\",t=\"etargetScript7a9b589f63cb072bef80df221f46a22b\",o=document.getElementById(e);if(o){for(var n=o.offsetTop,d=o.offsetLeft,r=o.offsetWidth,a=o.offsetHeight;o.offsetParent;)o=o.offsetParent,n+=o.offsetTop,d+=o.offsetLeft;var i=(n<=window.pageYOffset+window.innerHeight&&d<window.pageXOffset+window.innerWidth&&n+a>window.pageYOffset&&d+r>window.pageXOffset);if(i&&etargetAllowOtherCheck){allowed=!1;var c=document.createElement(\"script\");return c.src=\"\/\/hu.search.etargetnet.com\/generic\/uni.php?g=ref:58661,area:700x210\",void(document.getElementById(t)&&document.getElementById(e)&&(document.getElementById(t).parentNode.appendChild(c),document.getElementById(t).parentNode.removeChild(document.getElementById(t)),document.getElementById(e).parentNode.removeChild(document.getElementById(e)),document.removeEventListener(\"scroll\",etargetPostloadFunction7a9b589f63cb072bef80df221f46a22b),document.removeEventListener(\"resize\",etargetPostloadFunction7a9b589f63cb072bef80df221f46a22b),document.removeEventListener(\"DOMContentLoaded\",etargetPostloadFunction7a9b589f63cb072bef80df221f46a22b)))}}}var etargetDivID=\"etargetPostload7a9b589f63cb072bef80df221f46a22b\",etargetScriptID=\"etargetScript7a9b589f63cb072bef80df221f46a22b\",etargetPostloadPoint=document.createElement(\"div\");etargetPostloadPoint.id=etargetDivID;var etargetCurScript=document.getElementById(etargetScriptID);etargetCurScript.parentNode.appendChild(etargetPostloadPoint),document.addEventListener(\"scroll\",etargetPostloadFunction7a9b589f63cb072bef80df221f46a22b),document.addEventListener(\"resize\",etargetPostloadFunction7a9b589f63cb072bef80df221f46a22b),document.addEventListener(\"DOMContentLoaded\",etargetPostloadFunction7a9b589f63cb072bef80df221f46a22b);var etargetAllowOtherCheck=!0;if(typeof(\"forceRunPostload\")==\"string\"){etargetPostloadFunction7a9b589f63cb072bef80df221f46a22b()}<\/script><\/div><div id=\"friss-3046171107\" class=\"friss-after-content friss-entity-placement\"><script type=\"text\/javascript\" id=\"etargetScript7a9b589f63cb072bef80df221f46a22b\">function etargetPostloadFunction7a9b589f63cb072bef80df221f46a22b(){var e=\"etargetPostload7a9b589f63cb072bef80df221f46a22b\",t=\"etargetScript7a9b589f63cb072bef80df221f46a22b\",o=document.getElementById(e);if(o){for(var n=o.offsetTop,d=o.offsetLeft,r=o.offsetWidth,a=o.offsetHeight;o.offsetParent;)o=o.offsetParent,n+=o.offsetTop,d+=o.offsetLeft;var i=(n<=window.pageYOffset+window.innerHeight&&d<window.pageXOffset+window.innerWidth&&n+a>window.pageYOffset&&d+r>window.pageXOffset);if(i&&etargetAllowOtherCheck){allowed=!1;var c=document.createElement(\"script\");return c.src=\"\/\/hu.search.etargetnet.com\/generic\/uni.php?g=ref:58661,area:700x210\",void(document.getElementById(t)&&document.getElementById(e)&&(document.getElementById(t).parentNode.appendChild(c),document.getElementById(t).parentNode.removeChild(document.getElementById(t)),document.getElementById(e).parentNode.removeChild(document.getElementById(e)),document.removeEventListener(\"scroll\",etargetPostloadFunction7a9b589f63cb072bef80df221f46a22b),document.removeEventListener(\"resize\",etargetPostloadFunction7a9b589f63cb072bef80df221f46a22b),document.removeEventListener(\"DOMContentLoaded\",etargetPostloadFunction7a9b589f63cb072bef80df221f46a22b)))}}}var etargetDivID=\"etargetPostload7a9b589f63cb072bef80df221f46a22b\",etargetScriptID=\"etargetScript7a9b589f63cb072bef80df221f46a22b\",etargetPostloadPoint=document.createElement(\"div\");etargetPostloadPoint.id=etargetDivID;var etargetCurScript=document.getElementById(etargetScriptID);etargetCurScript.parentNode.appendChild(etargetPostloadPoint),document.addEventListener(\"scroll\",etargetPostloadFunction7a9b589f63cb072bef80df221f46a22b),document.addEventListener(\"resize\",etargetPostloadFunction7a9b589f63cb072bef80df221f46a22b),document.addEventListener(\"DOMContentLoaded\",etargetPostloadFunction7a9b589f63cb072bef80df221f46a22b);var etargetAllowOtherCheck=!0;if(typeof(\"forceRunPostload\")==\"string\"){etargetPostloadFunction7a9b589f63cb072bef80df221f46a22b()}<\/script><\/div><div id=\"friss-2702783873\" class=\"friss-after-content_2 friss-entity-placement\" style=\"clear: both;\"><div class=\"wprss_ajax\" data-id=\"rssfc4a9d3475\"><img loading=\"lazy\" decoding=\"async\" src=\"https:\/\/friss-hirek.hu\/wp-content\/plugins\/wp-rss-retriever\/inc\/imgs\/ajax-loader.gif\" alt=\"Loading RSS Feed\" width=\"16\" height=\"16\"><\/div><\/div><br style=\"clear: both; display: block; float: none;\"\/><div id=\"friss-3193695055\" class=\"friss-after-content_3 friss-entity-placement\">https:\/\/www.youtube.com\/watch?v=Pdnw4KiUWp0<\/div>","protected":false},"excerpt":{"rendered":"<p>Saj\u00e1t politikai k\u00f6z\u00f6ss\u00e9g\u00e9r\u0151l, mint a nemzeti oldalr\u00f3l besz\u00e9lt. Mi t\u00f6rt\u00e9nt? R\u00f6vid Facebook-vide\u00f3val jelentkezett a lek\u00f6sz\u00f6n\u0151 korm\u00e1nyf\u0151, Orb\u00e1n Viktor. Ebben azt mondta, t\u00f6bb mint 2 milli\u00f3 250 ezer szavaz\u00f3 t\u00e1mogatta a Fidesz-KDNP jel\u00f6ltjeit. \u201eA nemzeti oldal, a mi politikai k\u00f6z\u00f6ss\u00e9g\u00fcnk ma ekkora Magyarorsz\u00e1gon.\u201d Orb\u00e1n ezzel folytatja azt a retorik\u00e1t, amely szerint a Fidesz k\u00e9pviseli a nemzetet. [&hellip;]<\/p>\n","protected":false},"author":1,"featured_media":0,"comment_status":"open","ping_status":"open","sticky":false,"template":"","format":"standard","meta":{"footnotes":""},"categories":[7],"tags":[],"class_list":["post-165474","post","type-post","status-publish","format-standard","hentry","category-uzlet"],"amp_enabled":true,"_links":{"self":[{"href":"https:\/\/friss-hirek.hu\/index.php\/wp-json\/wp\/v2\/posts\/165474","targetHints":{"allow":["GET"]}}],"collection":[{"href":"https:\/\/friss-hirek.hu\/index.php\/wp-json\/wp\/v2\/posts"}],"about":[{"href":"https:\/\/friss-hirek.hu\/index.php\/wp-json\/wp\/v2\/types\/post"}],"author":[{"embeddable":true,"href":"https:\/\/friss-hirek.hu\/index.php\/wp-json\/wp\/v2\/users\/1"}],"replies":[{"embeddable":true,"href":"https:\/\/friss-hirek.hu\/index.php\/wp-json\/wp\/v2\/comments?post=165474"}],"version-history":[{"count":0,"href":"https:\/\/friss-hirek.hu\/index.php\/wp-json\/wp\/v2\/posts\/165474\/revisions"}],"wp:attachment":[{"href":"https:\/\/friss-hirek.hu\/index.php\/wp-json\/wp\/v2\/media?parent=165474"}],"wp:term":[{"taxonomy":"category","embeddable":true,"href":"https:\/\/friss-hirek.hu\/index.php\/wp-json\/wp\/v2\/categories?post=165474"},{"taxonomy":"post_tag","embeddable":true,"href":"https:\/\/friss-hirek.hu\/index.php\/wp-json\/wp\/v2\/tags?post=165474"}],"curies":[{"name":"wp","href":"https:\/\/api.w.org\/{rel}","templated":true}]}}