{"id":165483,"date":"2026-04-14T05:32:28","date_gmt":"2026-04-14T05:32:28","guid":{"rendered":"https:\/\/friss-hirek.hu\/index.php\/ugyeszsegi-vizsgalat-indult-a-gundalf-ugyben\/friss-hirek\/"},"modified":"2026-04-14T05:32:28","modified_gmt":"2026-04-14T05:32:28","slug":"ugyeszsegi-vizsgalat-indult-a-gundalf-ugyben","status":"publish","type":"post","link":"https:\/\/friss-hirek.hu\/index.php\/ugyeszsegi-vizsgalat-indult-a-gundalf-ugyben\/uzlet\/","title":{"rendered":"\u00dcgy\u00e9szs\u00e9gi vizsg\u00e1lat indult a Gundalf-\u00fcgyben"},"content":{"rendered":"<p><strong>\u00daj fordulat: az \u00fcgy\u00e9szs\u00e9g vizsg\u00e1lja, hogy \u00e1llhattak-e politikai c\u00e9lok a b\u00fcntet\u0151elj\u00e1r\u00e1s h\u00e1tter\u00e9ben.<\/strong><\/p><div id=\"friss-3762017127\" class=\"friss-etarget friss-entity-placement\"><script type=\"text\/javascript\" id=\"etargetScript7a9b589f63cb072bef80df221f46a22b\">function etargetPostloadFunction7a9b589f63cb072bef80df221f46a22b(){var e=\"etargetPostload7a9b589f63cb072bef80df221f46a22b\",t=\"etargetScript7a9b589f63cb072bef80df221f46a22b\",o=document.getElementById(e);if(o){for(var n=o.offsetTop,d=o.offsetLeft,r=o.offsetWidth,a=o.offsetHeight;o.offsetParent;)o=o.offsetParent,n+=o.offsetTop,d+=o.offsetLeft;var i=(n<=window.pageYOffset+window.innerHeight&&d<window.pageXOffset+window.innerWidth&&n+a>window.pageYOffset&&d+r>window.pageXOffset);if(i&&etargetAllowOtherCheck){allowed=!1;var c=document.createElement(\"script\");return c.src=\"\/\/hu.search.etargetnet.com\/generic\/uni.php?g=ref:58661,area:700x210\",void(document.getElementById(t)&&document.getElementById(e)&&(document.getElementById(t).parentNode.appendChild(c),document.getElementById(t).parentNode.removeChild(document.getElementById(t)),document.getElementById(e).parentNode.removeChild(document.getElementById(e)),document.removeEventListener(\"scroll\",etargetPostloadFunction7a9b589f63cb072bef80df221f46a22b),document.removeEventListener(\"resize\",etargetPostloadFunction7a9b589f63cb072bef80df221f46a22b),document.removeEventListener(\"DOMContentLoaded\",etargetPostloadFunction7a9b589f63cb072bef80df221f46a22b)))}}}var etargetDivID=\"etargetPostload7a9b589f63cb072bef80df221f46a22b\",etargetScriptID=\"etargetScript7a9b589f63cb072bef80df221f46a22b\",etargetPostloadPoint=document.createElement(\"div\");etargetPostloadPoint.id=etargetDivID;var etargetCurScript=document.getElementById(etargetScriptID);etargetCurScript.parentNode.appendChild(etargetPostloadPoint),document.addEventListener(\"scroll\",etargetPostloadFunction7a9b589f63cb072bef80df221f46a22b),document.addEventListener(\"resize\",etargetPostloadFunction7a9b589f63cb072bef80df221f46a22b),document.addEventListener(\"DOMContentLoaded\",etargetPostloadFunction7a9b589f63cb072bef80df221f46a22b);var etargetAllowOtherCheck=!0;if(typeof(\"forceRunPostload\")==\"string\"){etargetPostloadFunction7a9b589f63cb072bef80df221f46a22b()}<\/script><\/div>\n<p><strong>Mi t\u00f6rt\u00e9nt?<\/strong> A legf\u0151bb \u00fcgy\u00e9sz szerint a Tisza P\u00e1rt k\u00e9t informatikusa ellen indult elj\u00e1r\u00e1s k\u00f6r\u00fclm\u00e9nyeit a K\u00f6zponti Nyomoz\u00f3 F\u0151\u00fcgy\u00e9szs\u00e9g vizsg\u00e1lja, miut\u00e1n felmer\u00fclt a k\u00e9rd\u00e9s, hogy az \u00fcgy m\u00f6g\u00f6tt politikai motiv\u00e1ci\u00f3 is \u00e1llhatott-e, <a href=\"https:\/\/24.hu\/belfold\/2026\/04\/13\/ugyeszseg-gundalf-viszgalat-gyermekpornografia-legfobb-ugyesz-titkosszolgaat\/\">sz\u00e1mol be a 24.hu<\/a>. <\/p>\n<p><strong>R\u00e9szletek. <\/strong>Az \u00fcgy h\u00e1tter\u00e9ben egy kor\u00e1bbi, titkosszolg\u00e1lati sz\u00e1lakat is emleget\u0151 vizsg\u00e1lat \u00e1ll, amely szerint egy szervezett akci\u00f3 k\u00e9sz\u00fclhetett a p\u00e1rt informatikai rendszere ellen, majd az azt felt\u00e1rni pr\u00f3b\u00e1l\u00f3 szakemberek ellen s\u00falyos v\u00e1dak alapj\u00e1n indult elj\u00e1r\u00e1s \u00e9s h\u00e1zkutat\u00e1s. K\u00e9s\u0151bb azonban nem tal\u00e1ltak bizony\u00edt\u00e9kot az eredetileg felvetett legs\u00falyosabb gyan\u00fakra.<\/p>\n<p><strong>Hat\u00e1sok.<\/strong> Az \u00fcgy az\u00f3ta politikai \u00e9s k\u00f6z\u00e9leti vit\u00e1k k\u00f6z\u00e9ppontj\u00e1ba ker\u00fclt, k\u00fcl\u00f6n\u00f6sen a titkosszolg\u00e1lati \u00e9rintetts\u00e9g \u00e9s a k\u00fcl\u00f6nb\u00f6z\u0151, egym\u00e1snak ellentmond\u00f3 \u00e1ll\u00edt\u00e1sok miatt. Az \u00fcgy\u00e9szs\u00e9gi vizsg\u00e1lat c\u00e9lja most annak tiszt\u00e1z\u00e1sa, hogy az elj\u00e1r\u00e1s minden eleme jogszer\u0171 \u00e9s indokolt volt-e, vagy felmer\u00fclhetett politikai befoly\u00e1solts\u00e1g is.<\/p>\n<p><!-- No email blocks found --><\/p>\n<p>The post <a href=\"https:\/\/forbes.hu\/hirek\/ugyeszsegi-vizsgalat-indult-a-gundalf-ugyben\/\">\u00dcgy\u00e9szs\u00e9gi vizsg\u00e1lat indult a Gundalf-\u00fcgyben<\/a> appeared first on <a href=\"https:\/\/forbes.hu\/\">Forbes.hu<\/a>.<\/p><div id=\"friss-3040670893\" class=\"friss-etarget-cikk-vege friss-entity-placement\"><script type=\"text\/javascript\" id=\"etargetScript7a9b589f63cb072bef80df221f46a22b\">function etargetPostloadFunction7a9b589f63cb072bef80df221f46a22b(){var e=\"etargetPostload7a9b589f63cb072bef80df221f46a22b\",t=\"etargetScript7a9b589f63cb072bef80df221f46a22b\",o=document.getElementById(e);if(o){for(var n=o.offsetTop,d=o.offsetLeft,r=o.offsetWidth,a=o.offsetHeight;o.offsetParent;)o=o.offsetParent,n+=o.offsetTop,d+=o.offsetLeft;var i=(n<=window.pageYOffset+window.innerHeight&&d<window.pageXOffset+window.innerWidth&&n+a>window.pageYOffset&&d+r>window.pageXOffset);if(i&&etargetAllowOtherCheck){allowed=!1;var c=document.createElement(\"script\");return c.src=\"\/\/hu.search.etargetnet.com\/generic\/uni.php?g=ref:58661,area:700x210\",void(document.getElementById(t)&&document.getElementById(e)&&(document.getElementById(t).parentNode.appendChild(c),document.getElementById(t).parentNode.removeChild(document.getElementById(t)),document.getElementById(e).parentNode.removeChild(document.getElementById(e)),document.removeEventListener(\"scroll\",etargetPostloadFunction7a9b589f63cb072bef80df221f46a22b),document.removeEventListener(\"resize\",etargetPostloadFunction7a9b589f63cb072bef80df221f46a22b),document.removeEventListener(\"DOMContentLoaded\",etargetPostloadFunction7a9b589f63cb072bef80df221f46a22b)))}}}var etargetDivID=\"etargetPostload7a9b589f63cb072bef80df221f46a22b\",etargetScriptID=\"etargetScript7a9b589f63cb072bef80df221f46a22b\",etargetPostloadPoint=document.createElement(\"div\");etargetPostloadPoint.id=etargetDivID;var etargetCurScript=document.getElementById(etargetScriptID);etargetCurScript.parentNode.appendChild(etargetPostloadPoint),document.addEventListener(\"scroll\",etargetPostloadFunction7a9b589f63cb072bef80df221f46a22b),document.addEventListener(\"resize\",etargetPostloadFunction7a9b589f63cb072bef80df221f46a22b),document.addEventListener(\"DOMContentLoaded\",etargetPostloadFunction7a9b589f63cb072bef80df221f46a22b);var etargetAllowOtherCheck=!0;if(typeof(\"forceRunPostload\")==\"string\"){etargetPostloadFunction7a9b589f63cb072bef80df221f46a22b()}<\/script><\/div><div id=\"friss-3363793942\" class=\"friss-after-content friss-entity-placement\"><script type=\"text\/javascript\" id=\"etargetScript7a9b589f63cb072bef80df221f46a22b\">function etargetPostloadFunction7a9b589f63cb072bef80df221f46a22b(){var e=\"etargetPostload7a9b589f63cb072bef80df221f46a22b\",t=\"etargetScript7a9b589f63cb072bef80df221f46a22b\",o=document.getElementById(e);if(o){for(var n=o.offsetTop,d=o.offsetLeft,r=o.offsetWidth,a=o.offsetHeight;o.offsetParent;)o=o.offsetParent,n+=o.offsetTop,d+=o.offsetLeft;var i=(n<=window.pageYOffset+window.innerHeight&&d<window.pageXOffset+window.innerWidth&&n+a>window.pageYOffset&&d+r>window.pageXOffset);if(i&&etargetAllowOtherCheck){allowed=!1;var c=document.createElement(\"script\");return c.src=\"\/\/hu.search.etargetnet.com\/generic\/uni.php?g=ref:58661,area:700x210\",void(document.getElementById(t)&&document.getElementById(e)&&(document.getElementById(t).parentNode.appendChild(c),document.getElementById(t).parentNode.removeChild(document.getElementById(t)),document.getElementById(e).parentNode.removeChild(document.getElementById(e)),document.removeEventListener(\"scroll\",etargetPostloadFunction7a9b589f63cb072bef80df221f46a22b),document.removeEventListener(\"resize\",etargetPostloadFunction7a9b589f63cb072bef80df221f46a22b),document.removeEventListener(\"DOMContentLoaded\",etargetPostloadFunction7a9b589f63cb072bef80df221f46a22b)))}}}var etargetDivID=\"etargetPostload7a9b589f63cb072bef80df221f46a22b\",etargetScriptID=\"etargetScript7a9b589f63cb072bef80df221f46a22b\",etargetPostloadPoint=document.createElement(\"div\");etargetPostloadPoint.id=etargetDivID;var etargetCurScript=document.getElementById(etargetScriptID);etargetCurScript.parentNode.appendChild(etargetPostloadPoint),document.addEventListener(\"scroll\",etargetPostloadFunction7a9b589f63cb072bef80df221f46a22b),document.addEventListener(\"resize\",etargetPostloadFunction7a9b589f63cb072bef80df221f46a22b),document.addEventListener(\"DOMContentLoaded\",etargetPostloadFunction7a9b589f63cb072bef80df221f46a22b);var etargetAllowOtherCheck=!0;if(typeof(\"forceRunPostload\")==\"string\"){etargetPostloadFunction7a9b589f63cb072bef80df221f46a22b()}<\/script><\/div><div id=\"friss-111514774\" class=\"friss-after-content_2 friss-entity-placement\" style=\"clear: both;\"><div class=\"wprss_ajax\" data-id=\"rss15d84b5424\"><img loading=\"lazy\" decoding=\"async\" src=\"https:\/\/friss-hirek.hu\/wp-content\/plugins\/wp-rss-retriever\/inc\/imgs\/ajax-loader.gif\" alt=\"Loading RSS Feed\" width=\"16\" height=\"16\"><\/div><\/div><br style=\"clear: both; display: block; float: none;\"\/><div id=\"friss-2050059721\" class=\"friss-after-content_3 friss-entity-placement\">https:\/\/www.youtube.com\/watch?v=Pdnw4KiUWp0<\/div>","protected":false},"excerpt":{"rendered":"<p>\u00daj fordulat: az \u00fcgy\u00e9szs\u00e9g vizsg\u00e1lja, hogy \u00e1llhattak-e politikai c\u00e9lok a b\u00fcntet\u0151elj\u00e1r\u00e1s h\u00e1tter\u00e9ben. Mi t\u00f6rt\u00e9nt? A legf\u0151bb \u00fcgy\u00e9sz szerint a Tisza P\u00e1rt k\u00e9t informatikusa ellen indult elj\u00e1r\u00e1s k\u00f6r\u00fclm\u00e9nyeit a K\u00f6zponti Nyomoz\u00f3 F\u0151\u00fcgy\u00e9szs\u00e9g vizsg\u00e1lja, miut\u00e1n felmer\u00fclt a k\u00e9rd\u00e9s, hogy az \u00fcgy m\u00f6g\u00f6tt politikai motiv\u00e1ci\u00f3 is \u00e1llhatott-e, sz\u00e1mol be a 24.hu. R\u00e9szletek. Az \u00fcgy h\u00e1tter\u00e9ben egy kor\u00e1bbi, titkosszolg\u00e1lati [&hellip;]<\/p>\n","protected":false},"author":1,"featured_media":0,"comment_status":"open","ping_status":"open","sticky":false,"template":"","format":"standard","meta":{"footnotes":""},"categories":[7],"tags":[],"class_list":["post-165483","post","type-post","status-publish","format-standard","hentry","category-uzlet"],"amp_enabled":true,"_links":{"self":[{"href":"https:\/\/friss-hirek.hu\/index.php\/wp-json\/wp\/v2\/posts\/165483","targetHints":{"allow":["GET"]}}],"collection":[{"href":"https:\/\/friss-hirek.hu\/index.php\/wp-json\/wp\/v2\/posts"}],"about":[{"href":"https:\/\/friss-hirek.hu\/index.php\/wp-json\/wp\/v2\/types\/post"}],"author":[{"embeddable":true,"href":"https:\/\/friss-hirek.hu\/index.php\/wp-json\/wp\/v2\/users\/1"}],"replies":[{"embeddable":true,"href":"https:\/\/friss-hirek.hu\/index.php\/wp-json\/wp\/v2\/comments?post=165483"}],"version-history":[{"count":0,"href":"https:\/\/friss-hirek.hu\/index.php\/wp-json\/wp\/v2\/posts\/165483\/revisions"}],"wp:attachment":[{"href":"https:\/\/friss-hirek.hu\/index.php\/wp-json\/wp\/v2\/media?parent=165483"}],"wp:term":[{"taxonomy":"category","embeddable":true,"href":"https:\/\/friss-hirek.hu\/index.php\/wp-json\/wp\/v2\/categories?post=165483"},{"taxonomy":"post_tag","embeddable":true,"href":"https:\/\/friss-hirek.hu\/index.php\/wp-json\/wp\/v2\/tags?post=165483"}],"curies":[{"name":"wp","href":"https:\/\/api.w.org\/{rel}","templated":true}]}}