{"id":165511,"date":"2026-04-14T12:37:34","date_gmt":"2026-04-14T12:37:34","guid":{"rendered":"https:\/\/friss-hirek.hu\/index.php\/aprilisban-mar-a-bereket-sem-tudja-majd-kifizetni-a-fovaros-ha-ismet-inkasszal-az-allamkincstar\/friss-hirek\/"},"modified":"2026-04-14T12:37:34","modified_gmt":"2026-04-14T12:37:34","slug":"aprilisban-mar-a-bereket-sem-tudja-majd-kifizetni-a-fovaros-ha-ismet-inkasszal-az-allamkincstar","status":"publish","type":"post","link":"https:\/\/friss-hirek.hu\/index.php\/aprilisban-mar-a-bereket-sem-tudja-majd-kifizetni-a-fovaros-ha-ismet-inkasszal-az-allamkincstar\/uzlet\/","title":{"rendered":"\u00c1prilisban m\u00e1r a b\u00e9reket sem tudja majd kifizetni a f\u0151v\u00e1ros, ha ism\u00e9t inkassz\u00e1l az \u00c1llamkincst\u00e1r"},"content":{"rendered":"<p><strong>Kar\u00e1csony Gergely el\u00e1rulta, a f\u0151v\u00e1ros sz\u00e1ml\u00e1j\u00e1n m\u00ednusz 6,5 milli\u00e1rd forint van, \u00edgy ha ism\u00e9t j\u00f6n az inkassz\u00f3, akkor k\u00e9ptelen helyzetbe ker\u00fcl Budapest.<\/strong><\/p><div id=\"friss-534851554\" class=\"friss-etarget friss-entity-placement\"><script type=\"text\/javascript\" id=\"etargetScript7a9b589f63cb072bef80df221f46a22b\">function etargetPostloadFunction7a9b589f63cb072bef80df221f46a22b(){var e=\"etargetPostload7a9b589f63cb072bef80df221f46a22b\",t=\"etargetScript7a9b589f63cb072bef80df221f46a22b\",o=document.getElementById(e);if(o){for(var n=o.offsetTop,d=o.offsetLeft,r=o.offsetWidth,a=o.offsetHeight;o.offsetParent;)o=o.offsetParent,n+=o.offsetTop,d+=o.offsetLeft;var i=(n<=window.pageYOffset+window.innerHeight&&d<window.pageXOffset+window.innerWidth&&n+a>window.pageYOffset&&d+r>window.pageXOffset);if(i&&etargetAllowOtherCheck){allowed=!1;var c=document.createElement(\"script\");return c.src=\"\/\/hu.search.etargetnet.com\/generic\/uni.php?g=ref:58661,area:700x210\",void(document.getElementById(t)&&document.getElementById(e)&&(document.getElementById(t).parentNode.appendChild(c),document.getElementById(t).parentNode.removeChild(document.getElementById(t)),document.getElementById(e).parentNode.removeChild(document.getElementById(e)),document.removeEventListener(\"scroll\",etargetPostloadFunction7a9b589f63cb072bef80df221f46a22b),document.removeEventListener(\"resize\",etargetPostloadFunction7a9b589f63cb072bef80df221f46a22b),document.removeEventListener(\"DOMContentLoaded\",etargetPostloadFunction7a9b589f63cb072bef80df221f46a22b)))}}}var etargetDivID=\"etargetPostload7a9b589f63cb072bef80df221f46a22b\",etargetScriptID=\"etargetScript7a9b589f63cb072bef80df221f46a22b\",etargetPostloadPoint=document.createElement(\"div\");etargetPostloadPoint.id=etargetDivID;var etargetCurScript=document.getElementById(etargetScriptID);etargetCurScript.parentNode.appendChild(etargetPostloadPoint),document.addEventListener(\"scroll\",etargetPostloadFunction7a9b589f63cb072bef80df221f46a22b),document.addEventListener(\"resize\",etargetPostloadFunction7a9b589f63cb072bef80df221f46a22b),document.addEventListener(\"DOMContentLoaded\",etargetPostloadFunction7a9b589f63cb072bef80df221f46a22b);var etargetAllowOtherCheck=!0;if(typeof(\"forceRunPostload\")==\"string\"){etargetPostloadFunction7a9b589f63cb072bef80df221f46a22b()}<\/script><\/div>\n<p><strong>Mi t\u00f6rt\u00e9nt? <\/strong>\u201eHa megjelenik az \u00c1llamkincst\u00e1r, \u00e9s kihaszn\u00e1lva ezt a politikai \u00e1tmeneti id\u0151szakot, t\u00f6rv\u00e9nytelen\u00fcl inkassz\u00e1lja a v\u00e1ros foly\u00f3sz\u00e1ml\u00e1j\u00e1t, akkor hi\u00e1ba k\u00fczd\u00f6tt\u00fcnk az elm\u00falt hat \u00e9vben az\u00e9rt, hogy a v\u00e1ros m\u0171k\u00f6d\u0151k\u00e9pess\u00e9g\u00e9t meg\u0151rizz\u00fck, m\u00e1r az \u00e1prilisi b\u00e9reket sem fogjuk tudni kifizetni\u201d \u2013 mondta keddi sajt\u00f3t\u00e1j\u00e9koztat\u00f3j\u00e1n Kar\u00e1csony Gergely f\u0151polg\u00e1rmester a <a href=\"https:\/\/telex.hu\/belfold\/2026\/04\/14\/karacsony-gergely-szolidaritasi-hozzajarulas-magyar-allamkincstar-budapest-sajtotajekoztato\">Telex<\/a> tudos\u00edt\u00e1sa szerint, aki lev\u00e9lben fordult a Magyar \u00c1llamkincst\u00e1r vezet\u0151j\u00e9hez k\u00e9r\u00e9s\u00e9vel.<\/p>\n<p><strong>R\u00e9szletek. <\/strong>Kar\u00e1csony Gergely elmondta, jelenleg a F\u0151v\u00e1rosi \u00d6nkorm\u00e1nyzat foly\u00f3sz\u00e1ml\u00e1j\u00e1n m\u00ednusz hat \u00e9s f\u00e9l milli\u00e1rd forint van, \u00edgy ha a M\u00c1K ism\u00e9t megjelenne inkassz\u00e1lni, az ellehetetlen\u00edten\u00e9 m\u00e9g a fizet\u00e9sek kiutal\u00e1s\u00e1t is. A f\u0151polg\u00e1rmester kiemelte: az \u00c1llamkincst\u00e1rnak van m\u00e9rlegel\u00e9si jogk\u00f6re az inkassz\u00f3k ter\u00e9n, hatvan napra ugyanis felf\u00fcggeszthetik a folyamatokat, ha \u00fagy \u00edt\u00e9lik legjobbnak. A M\u00c1K janu\u00e1rban <a href=\"https:\/\/forbes.hu\/penz\/budapest-fovaros-szolidaritasi-hozzajarulas-inkasszo\/\">11,7 milli\u00e1rd forintot vont le a f\u0151v\u00e1ros sz\u00e1ml\u00e1j\u00e1r\u00f3l<\/a>, Kar\u00e1csony szerint ez is jogellenesen t\u00f6rt\u00e9nt.<\/p>\n<p><strong>Kontextus. <\/strong>A f\u0151v\u00e1ros h\u00e1rom \u00e9ve ind\u00edtott pert a szolidarit\u00e1si hozz\u00e1j\u00e1rul\u00e1s ar\u00e1nytalanul jelent\u0151s terhei miatt, a F\u0151v\u00e1rosi T\u00f6rv\u00e9nysz\u00e9k pedig 2025. janu\u00e1rban joger\u0151s \u00edt\u00e9letben mondta ki, hogy a korm\u00e1ny jogellenesen vont le 28,3 milli\u00e1rd forint szolidarit\u00e1si hozz\u00e1j\u00e1rul\u00e1st, illetve tov\u00e1bbi 6 milli\u00e1rd forint kamatot a f\u0151v\u00e1ros sz\u00e1ml\u00e1j\u00e1r\u00f3l. A f\u0151v\u00e1ros ugyanakkor a d\u00f6nt\u00e9s ut\u00e1n sem kapta vissza a neki j\u00e1r\u00f3 p\u00e9nzt, mert a M\u00c1K a K\u00fari\u00e1ig vitte az \u00fcgyet, ahol v\u00e9g\u00fcl szint\u00e9n Budapest kapott igazat, m\u00e9gpedig minden peres k\u00e9rd\u00e9sben. <\/p>\n<p><strong>Hogyan tov\u00e1bb? <\/strong>Magyar P\u00e9ter kor\u00e1bban azt mondta, fel\u00fcl fogj\u00e1k vizsg\u00e1lni a szolidarit\u00e1si hozz\u00e1j\u00e1rul\u00e1s k\u00e9rd\u00e9sk\u00f6r\u00e9t, ennek kapcs\u00e1n most Kar\u00e1csony Gergely kiemelte, rem\u00e9li, az \u00faj korm\u00e1ny miel\u0151bb meg tud majd alakulni. \u201eAzt rem\u00e9lem, hogy \u00e9rv\u00e9nyt tudunk majd szerezni azoknak a v\u00e1laszt\u00e1si \u00edg\u00e9reteknek, amelyek az \u00f6nkorm\u00e1nyzati rendszer helyre\u00e1ll\u00edt\u00e1s\u00e1r\u00f3l sz\u00f3lnak, illetve a Tisza programj\u00e1ban szerepl\u0151, Budapest m\u0171k\u00f6d\u00e9s\u00e9t t\u00f6rv\u00e9nyileg szab\u00e1lyoz\u00f3 meg\u00e1llapod\u00e1st meg tudjuk k\u00f6tni, \u00e9s v\u00e9gre azon tudunk k\u00f6z\u00f6sen dolgozni, a mindenkori magyar korm\u00e1ny \u00e9s a mindenkori f\u0151polg\u00e1rmester, hogy mit tud adni m\u00e9g Budapest az orsz\u00e1gnak\u201d \u2013 mondta a f\u0151polg\u00e1rmester.<\/p>\n<p><!-- No email blocks found --><\/p>\n<p>The post <a href=\"https:\/\/forbes.hu\/hirek\/karacsony-inkasszo\/\">\u00c1prilisban m\u00e1r a b\u00e9reket sem tudja majd kifizetni a f\u0151v\u00e1ros, ha ism\u00e9t inkassz\u00e1l az \u00c1llamkincst\u00e1r<\/a> appeared first on <a href=\"https:\/\/forbes.hu\/\">Forbes.hu<\/a>.<\/p><div id=\"friss-2049704604\" class=\"friss-etarget-cikk-vege friss-entity-placement\"><script type=\"text\/javascript\" id=\"etargetScript7a9b589f63cb072bef80df221f46a22b\">function etargetPostloadFunction7a9b589f63cb072bef80df221f46a22b(){var e=\"etargetPostload7a9b589f63cb072bef80df221f46a22b\",t=\"etargetScript7a9b589f63cb072bef80df221f46a22b\",o=document.getElementById(e);if(o){for(var n=o.offsetTop,d=o.offsetLeft,r=o.offsetWidth,a=o.offsetHeight;o.offsetParent;)o=o.offsetParent,n+=o.offsetTop,d+=o.offsetLeft;var i=(n<=window.pageYOffset+window.innerHeight&&d<window.pageXOffset+window.innerWidth&&n+a>window.pageYOffset&&d+r>window.pageXOffset);if(i&&etargetAllowOtherCheck){allowed=!1;var c=document.createElement(\"script\");return c.src=\"\/\/hu.search.etargetnet.com\/generic\/uni.php?g=ref:58661,area:700x210\",void(document.getElementById(t)&&document.getElementById(e)&&(document.getElementById(t).parentNode.appendChild(c),document.getElementById(t).parentNode.removeChild(document.getElementById(t)),document.getElementById(e).parentNode.removeChild(document.getElementById(e)),document.removeEventListener(\"scroll\",etargetPostloadFunction7a9b589f63cb072bef80df221f46a22b),document.removeEventListener(\"resize\",etargetPostloadFunction7a9b589f63cb072bef80df221f46a22b),document.removeEventListener(\"DOMContentLoaded\",etargetPostloadFunction7a9b589f63cb072bef80df221f46a22b)))}}}var etargetDivID=\"etargetPostload7a9b589f63cb072bef80df221f46a22b\",etargetScriptID=\"etargetScript7a9b589f63cb072bef80df221f46a22b\",etargetPostloadPoint=document.createElement(\"div\");etargetPostloadPoint.id=etargetDivID;var etargetCurScript=document.getElementById(etargetScriptID);etargetCurScript.parentNode.appendChild(etargetPostloadPoint),document.addEventListener(\"scroll\",etargetPostloadFunction7a9b589f63cb072bef80df221f46a22b),document.addEventListener(\"resize\",etargetPostloadFunction7a9b589f63cb072bef80df221f46a22b),document.addEventListener(\"DOMContentLoaded\",etargetPostloadFunction7a9b589f63cb072bef80df221f46a22b);var etargetAllowOtherCheck=!0;if(typeof(\"forceRunPostload\")==\"string\"){etargetPostloadFunction7a9b589f63cb072bef80df221f46a22b()}<\/script><\/div><div id=\"friss-91671425\" class=\"friss-after-content friss-entity-placement\"><script type=\"text\/javascript\" id=\"etargetScript7a9b589f63cb072bef80df221f46a22b\">function etargetPostloadFunction7a9b589f63cb072bef80df221f46a22b(){var e=\"etargetPostload7a9b589f63cb072bef80df221f46a22b\",t=\"etargetScript7a9b589f63cb072bef80df221f46a22b\",o=document.getElementById(e);if(o){for(var n=o.offsetTop,d=o.offsetLeft,r=o.offsetWidth,a=o.offsetHeight;o.offsetParent;)o=o.offsetParent,n+=o.offsetTop,d+=o.offsetLeft;var i=(n<=window.pageYOffset+window.innerHeight&&d<window.pageXOffset+window.innerWidth&&n+a>window.pageYOffset&&d+r>window.pageXOffset);if(i&&etargetAllowOtherCheck){allowed=!1;var c=document.createElement(\"script\");return c.src=\"\/\/hu.search.etargetnet.com\/generic\/uni.php?g=ref:58661,area:700x210\",void(document.getElementById(t)&&document.getElementById(e)&&(document.getElementById(t).parentNode.appendChild(c),document.getElementById(t).parentNode.removeChild(document.getElementById(t)),document.getElementById(e).parentNode.removeChild(document.getElementById(e)),document.removeEventListener(\"scroll\",etargetPostloadFunction7a9b589f63cb072bef80df221f46a22b),document.removeEventListener(\"resize\",etargetPostloadFunction7a9b589f63cb072bef80df221f46a22b),document.removeEventListener(\"DOMContentLoaded\",etargetPostloadFunction7a9b589f63cb072bef80df221f46a22b)))}}}var etargetDivID=\"etargetPostload7a9b589f63cb072bef80df221f46a22b\",etargetScriptID=\"etargetScript7a9b589f63cb072bef80df221f46a22b\",etargetPostloadPoint=document.createElement(\"div\");etargetPostloadPoint.id=etargetDivID;var etargetCurScript=document.getElementById(etargetScriptID);etargetCurScript.parentNode.appendChild(etargetPostloadPoint),document.addEventListener(\"scroll\",etargetPostloadFunction7a9b589f63cb072bef80df221f46a22b),document.addEventListener(\"resize\",etargetPostloadFunction7a9b589f63cb072bef80df221f46a22b),document.addEventListener(\"DOMContentLoaded\",etargetPostloadFunction7a9b589f63cb072bef80df221f46a22b);var etargetAllowOtherCheck=!0;if(typeof(\"forceRunPostload\")==\"string\"){etargetPostloadFunction7a9b589f63cb072bef80df221f46a22b()}<\/script><\/div><div id=\"friss-1681884095\" class=\"friss-after-content_2 friss-entity-placement\" style=\"clear: both;\"><div class=\"wprss_ajax\" data-id=\"rss0d5ce05de3\"><img loading=\"lazy\" decoding=\"async\" src=\"https:\/\/friss-hirek.hu\/wp-content\/plugins\/wp-rss-retriever\/inc\/imgs\/ajax-loader.gif\" alt=\"Loading RSS Feed\" width=\"16\" height=\"16\"><\/div><\/div><br style=\"clear: both; display: block; float: none;\"\/><div id=\"friss-3007595564\" class=\"friss-after-content_3 friss-entity-placement\">https:\/\/www.youtube.com\/watch?v=Pdnw4KiUWp0<\/div>","protected":false},"excerpt":{"rendered":"<p>Kar\u00e1csony Gergely el\u00e1rulta, a f\u0151v\u00e1ros sz\u00e1ml\u00e1j\u00e1n m\u00ednusz 6,5 milli\u00e1rd forint van, \u00edgy ha ism\u00e9t j\u00f6n az inkassz\u00f3, akkor k\u00e9ptelen helyzetbe ker\u00fcl Budapest. Mi t\u00f6rt\u00e9nt? \u201eHa megjelenik az \u00c1llamkincst\u00e1r, \u00e9s kihaszn\u00e1lva ezt a politikai \u00e1tmeneti id\u0151szakot, t\u00f6rv\u00e9nytelen\u00fcl inkassz\u00e1lja a v\u00e1ros foly\u00f3sz\u00e1ml\u00e1j\u00e1t, akkor hi\u00e1ba k\u00fczd\u00f6tt\u00fcnk az elm\u00falt hat \u00e9vben az\u00e9rt, hogy a v\u00e1ros m\u0171k\u00f6d\u0151k\u00e9pess\u00e9g\u00e9t meg\u0151rizz\u00fck, m\u00e1r az [&hellip;]<\/p>\n","protected":false},"author":1,"featured_media":0,"comment_status":"open","ping_status":"open","sticky":false,"template":"","format":"standard","meta":{"footnotes":""},"categories":[7],"tags":[],"class_list":["post-165511","post","type-post","status-publish","format-standard","hentry","category-uzlet"],"amp_enabled":true,"_links":{"self":[{"href":"https:\/\/friss-hirek.hu\/index.php\/wp-json\/wp\/v2\/posts\/165511","targetHints":{"allow":["GET"]}}],"collection":[{"href":"https:\/\/friss-hirek.hu\/index.php\/wp-json\/wp\/v2\/posts"}],"about":[{"href":"https:\/\/friss-hirek.hu\/index.php\/wp-json\/wp\/v2\/types\/post"}],"author":[{"embeddable":true,"href":"https:\/\/friss-hirek.hu\/index.php\/wp-json\/wp\/v2\/users\/1"}],"replies":[{"embeddable":true,"href":"https:\/\/friss-hirek.hu\/index.php\/wp-json\/wp\/v2\/comments?post=165511"}],"version-history":[{"count":0,"href":"https:\/\/friss-hirek.hu\/index.php\/wp-json\/wp\/v2\/posts\/165511\/revisions"}],"wp:attachment":[{"href":"https:\/\/friss-hirek.hu\/index.php\/wp-json\/wp\/v2\/media?parent=165511"}],"wp:term":[{"taxonomy":"category","embeddable":true,"href":"https:\/\/friss-hirek.hu\/index.php\/wp-json\/wp\/v2\/categories?post=165511"},{"taxonomy":"post_tag","embeddable":true,"href":"https:\/\/friss-hirek.hu\/index.php\/wp-json\/wp\/v2\/tags?post=165511"}],"curies":[{"name":"wp","href":"https:\/\/api.w.org\/{rel}","templated":true}]}}