{"id":165512,"date":"2026-04-14T12:37:34","date_gmt":"2026-04-14T12:37:34","guid":{"rendered":"https:\/\/friss-hirek.hu\/index.php\/magyar-petert-meghivtak-a-kozmediaba-szerdan-ket-interjut-is-ad\/friss-hirek\/"},"modified":"2026-04-14T12:37:34","modified_gmt":"2026-04-14T12:37:34","slug":"magyar-petert-meghivtak-a-kozmediaba-szerdan-ket-interjut-is-ad","status":"publish","type":"post","link":"https:\/\/friss-hirek.hu\/index.php\/magyar-petert-meghivtak-a-kozmediaba-szerdan-ket-interjut-is-ad\/uzlet\/","title":{"rendered":"Magyar P\u00e9tert megh\u00edvt\u00e1k a k\u00f6zm\u00e9di\u00e1ba, szerd\u00e1n k\u00e9t interj\u00fat is ad"},"content":{"rendered":"<p><strong>A<\/strong> <strong>leend\u0151 minisztereln\u00f6k szerint ez is azt jelzi, hogy \u00e9ppen most hullik darabjaira a p\u00e1rt\u00e1llam.<\/strong><\/p><div id=\"friss-256865778\" class=\"friss-etarget friss-entity-placement\"><script type=\"text\/javascript\" id=\"etargetScript7a9b589f63cb072bef80df221f46a22b\">function etargetPostloadFunction7a9b589f63cb072bef80df221f46a22b(){var e=\"etargetPostload7a9b589f63cb072bef80df221f46a22b\",t=\"etargetScript7a9b589f63cb072bef80df221f46a22b\",o=document.getElementById(e);if(o){for(var n=o.offsetTop,d=o.offsetLeft,r=o.offsetWidth,a=o.offsetHeight;o.offsetParent;)o=o.offsetParent,n+=o.offsetTop,d+=o.offsetLeft;var i=(n<=window.pageYOffset+window.innerHeight&&d<window.pageXOffset+window.innerWidth&&n+a>window.pageYOffset&&d+r>window.pageXOffset);if(i&&etargetAllowOtherCheck){allowed=!1;var c=document.createElement(\"script\");return c.src=\"\/\/hu.search.etargetnet.com\/generic\/uni.php?g=ref:58661,area:700x210\",void(document.getElementById(t)&&document.getElementById(e)&&(document.getElementById(t).parentNode.appendChild(c),document.getElementById(t).parentNode.removeChild(document.getElementById(t)),document.getElementById(e).parentNode.removeChild(document.getElementById(e)),document.removeEventListener(\"scroll\",etargetPostloadFunction7a9b589f63cb072bef80df221f46a22b),document.removeEventListener(\"resize\",etargetPostloadFunction7a9b589f63cb072bef80df221f46a22b),document.removeEventListener(\"DOMContentLoaded\",etargetPostloadFunction7a9b589f63cb072bef80df221f46a22b)))}}}var etargetDivID=\"etargetPostload7a9b589f63cb072bef80df221f46a22b\",etargetScriptID=\"etargetScript7a9b589f63cb072bef80df221f46a22b\",etargetPostloadPoint=document.createElement(\"div\");etargetPostloadPoint.id=etargetDivID;var etargetCurScript=document.getElementById(etargetScriptID);etargetCurScript.parentNode.appendChild(etargetPostloadPoint),document.addEventListener(\"scroll\",etargetPostloadFunction7a9b589f63cb072bef80df221f46a22b),document.addEventListener(\"resize\",etargetPostloadFunction7a9b589f63cb072bef80df221f46a22b),document.addEventListener(\"DOMContentLoaded\",etargetPostloadFunction7a9b589f63cb072bef80df221f46a22b);var etargetAllowOtherCheck=!0;if(typeof(\"forceRunPostload\")==\"string\"){etargetPostloadFunction7a9b589f63cb072bef80df221f46a22b()}<\/script><\/div>\n<p><strong>Mi t\u00f6rt\u00e9nt? <\/strong>Magyar P\u00e9tert m\u00e1sf\u00e9l \u00e9v hi\u00e1tus ut\u00e1n ism\u00e9t megh\u00edvta m\u0171soraiba a k\u00f6zm\u00e9dia, a k\u00e9tharmados felhatalmaz\u00e1ssal hamarosan korm\u00e1nyt alak\u00edt\u00f3 Tisza-eln\u00f6k posztja szerint szerd\u00e1n 7:33-8:00 k\u00f6z\u00f6tt a Kossuth R\u00e1di\u00f3n, 8:10-t\u0151l 8:37-ig pedig az M1-en ad interj\u00fat.<\/p>\n<p><strong>R\u00e9szletek. <\/strong>\u201e\u201aAhogy mondtam, semmi sem tart \u00f6r\u00f6kk\u00e9. A szem\u00fcnk el\u0151tt hullik darabjaira a p\u00e1rt\u00e1llam. M\u00e1sf\u00e9l \u00e9v ut\u00e1n, holnap a \u201ck\u00f6z\u201dm\u00e9dia vend\u00e9ge leszek\u201d \u2013 <a href=\"https:\/\/www.facebook.com\/peter.magyar.102\/posts\/pfbid0sHYvYMiysv5LGhAGNrS9XDeTzbi9C9qsWewcvAWCF3Y4MgTKKdezXxrtrAmvK5oFl\">komment\u00e1lta<\/a> a h\u00edrt a p\u00e1rteln\u00f6k.<\/p>\n<div class=\"related-post-links\">\n<p>\t\t<span class=\"related-post-links__title minititle\">T\u00f6bb ebb\u0151l<\/span><\/p>\n<div class=\"related-post-links__link-wrapper\">\n\t\t\t\t<a href=\"https:\/\/forbes.hu\/penz\/magyar-peter-sajtotajekoztato-mnb-jegybank-forint\/\" class=\"related-post-links__link\">Megnevezt\u00e9k az Orb\u00e1n-korszak egyik kulcsember\u00e9t, aki a Tisza korm\u00e1nyz\u00e1sa alatt is maradhat a poz\u00edci\u00f3j\u00e1ban<\/a>\n\t\t\t<\/div>\n<div class=\"related-post-links__link-wrapper\">\n\t\t\t\t<a href=\"https:\/\/forbes.hu\/hirek\/magyar-peter-az-elso-sajtotajekoztatojan-elmondta-milyen-miniszteriumok-lesznek\/\" class=\"related-post-links__link\">Magyar P\u00e9ter a megv\u00e1laszt\u00e1sa ut\u00e1ni els\u0151 sajt\u00f3t\u00e1j\u00e9koztat\u00f3j\u00e1n elmondta, milyen miniszt\u00e9riumok lesznek<\/a>\n\t\t\t<\/div>\n<\/div>\n<p><strong>Kontextus. <\/strong>Magyar P\u00e9ter a napokban t\u00f6bbsz\u00f6r is besz\u00e9lt a k\u00f6zm\u00e9dia j\u00f6v\u00f6j\u00e9r\u0151l, nemr\u00e9g \u00fagy fogalmazott: am\u00edg a k\u00f6zm\u00e9dia vezet\u00e9se nem tudja garat\u00e1lni az objekt\u00edv m\u0171k\u00f6d\u00e9st, addig fel fogj\u00e1k f\u00fcggeszteni a csatorna h\u00edrszolg\u00e1ltat\u00e1sait. A Tisza eln\u00f6ke kor\u00e1bban t\u00f6bbsz\u00f6r is s\u00e9relmezte, hogy a k\u00f6zm\u00e9dia a v\u00e1laszt\u00e1si kamp\u00e1nyban sem volt hajland\u00f3 a leger\u0151sebb magyar p\u00e1rt val\u00f3di programj\u00e1val foglalkozni, \u0151t mag\u00e1t pedig egyszer sem h\u00edvt\u00e1k meg a k\u00f6zm\u00e9di\u00e1ba annak k\u00f6zszolg\u00e1lati szerepe ellen\u00e9re sem. \u00c9ppen ez\u00e9rt volt igaz\u00e1n \u00e9rdekes, hogy <a href=\"https:\/\/forbes.hu\/hirek\/magyar-peter-az-elso-sajtotajekoztatojan-elmondta-milyen-miniszteriumok-lesznek\/\">Magyar P\u00e9ter h\u00e9tf\u0151i, k\u00f6zel h\u00e1rom \u00f3r\u00e1s nemzetk\u00f6zi sajt\u00f3t\u00e1j\u00e9koztat\u00f3j\u00e1t<\/a> az M1 \u00e9l\u0151ben k\u00f6zvet\u00edtette, a nemzetk\u00f6zi sajt\u00f3 pedig vil\u00e1gszerte kiemelt figyelmet tulajdon\u00edtott neki. <\/p>\n<p><strong>Hogyan tov\u00e1bb? <\/strong>Magyar P\u00e9ternek szerd\u00e1n, k\u00f6zm\u00e9di\u00e1s szerepl\u00e9se ut\u00e1n <a href=\"https:\/\/forbes.hu\/hirek\/sulyok-tamas-lepett-oket-hivta-meg-szemelyes-talalkozora\/\">a S\u00e1ndor-palot\u00e1ban lesz jelen\u00e9se<\/a>, Sulyok Tam\u00e1s ugyanis 10 \u00f3r\u00e1ra megh\u00edvta a h\u00e1rom \u2013 jelenlegi \u00e1ll\u00e1s szerint \u2013 parlamentbe jut\u00f3 p\u00e1rt vezet\u0151j\u00e9t egy szem\u00e9lyes egyeztet\u00e9sre. A Tisza eln\u00f6ke Toroczkai L\u00e1szl\u00f3 \u00e9s Orb\u00e1n Viktor t\u00e1rsas\u00e1g\u00e1ban egyeztet majd a k\u00f6zt\u00e1rsas\u00e1gi eln\u00f6kkel.<\/p>\n<p><!-- No email blocks found --><\/p>\n<p>The post <a href=\"https:\/\/forbes.hu\/hirek\/magyar-peter-kozmedia\/\">Magyar P\u00e9tert megh\u00edvt\u00e1k a k\u00f6zm\u00e9di\u00e1ba, szerd\u00e1n k\u00e9t interj\u00fat is ad<\/a> appeared first on <a href=\"https:\/\/forbes.hu\/\">Forbes.hu<\/a>.<\/p><div id=\"friss-2985733670\" class=\"friss-etarget-cikk-vege friss-entity-placement\"><script type=\"text\/javascript\" id=\"etargetScript7a9b589f63cb072bef80df221f46a22b\">function etargetPostloadFunction7a9b589f63cb072bef80df221f46a22b(){var e=\"etargetPostload7a9b589f63cb072bef80df221f46a22b\",t=\"etargetScript7a9b589f63cb072bef80df221f46a22b\",o=document.getElementById(e);if(o){for(var n=o.offsetTop,d=o.offsetLeft,r=o.offsetWidth,a=o.offsetHeight;o.offsetParent;)o=o.offsetParent,n+=o.offsetTop,d+=o.offsetLeft;var i=(n<=window.pageYOffset+window.innerHeight&&d<window.pageXOffset+window.innerWidth&&n+a>window.pageYOffset&&d+r>window.pageXOffset);if(i&&etargetAllowOtherCheck){allowed=!1;var c=document.createElement(\"script\");return c.src=\"\/\/hu.search.etargetnet.com\/generic\/uni.php?g=ref:58661,area:700x210\",void(document.getElementById(t)&&document.getElementById(e)&&(document.getElementById(t).parentNode.appendChild(c),document.getElementById(t).parentNode.removeChild(document.getElementById(t)),document.getElementById(e).parentNode.removeChild(document.getElementById(e)),document.removeEventListener(\"scroll\",etargetPostloadFunction7a9b589f63cb072bef80df221f46a22b),document.removeEventListener(\"resize\",etargetPostloadFunction7a9b589f63cb072bef80df221f46a22b),document.removeEventListener(\"DOMContentLoaded\",etargetPostloadFunction7a9b589f63cb072bef80df221f46a22b)))}}}var etargetDivID=\"etargetPostload7a9b589f63cb072bef80df221f46a22b\",etargetScriptID=\"etargetScript7a9b589f63cb072bef80df221f46a22b\",etargetPostloadPoint=document.createElement(\"div\");etargetPostloadPoint.id=etargetDivID;var etargetCurScript=document.getElementById(etargetScriptID);etargetCurScript.parentNode.appendChild(etargetPostloadPoint),document.addEventListener(\"scroll\",etargetPostloadFunction7a9b589f63cb072bef80df221f46a22b),document.addEventListener(\"resize\",etargetPostloadFunction7a9b589f63cb072bef80df221f46a22b),document.addEventListener(\"DOMContentLoaded\",etargetPostloadFunction7a9b589f63cb072bef80df221f46a22b);var etargetAllowOtherCheck=!0;if(typeof(\"forceRunPostload\")==\"string\"){etargetPostloadFunction7a9b589f63cb072bef80df221f46a22b()}<\/script><\/div><div id=\"friss-477247693\" class=\"friss-after-content friss-entity-placement\"><script type=\"text\/javascript\" id=\"etargetScript7a9b589f63cb072bef80df221f46a22b\">function etargetPostloadFunction7a9b589f63cb072bef80df221f46a22b(){var e=\"etargetPostload7a9b589f63cb072bef80df221f46a22b\",t=\"etargetScript7a9b589f63cb072bef80df221f46a22b\",o=document.getElementById(e);if(o){for(var n=o.offsetTop,d=o.offsetLeft,r=o.offsetWidth,a=o.offsetHeight;o.offsetParent;)o=o.offsetParent,n+=o.offsetTop,d+=o.offsetLeft;var i=(n<=window.pageYOffset+window.innerHeight&&d<window.pageXOffset+window.innerWidth&&n+a>window.pageYOffset&&d+r>window.pageXOffset);if(i&&etargetAllowOtherCheck){allowed=!1;var c=document.createElement(\"script\");return c.src=\"\/\/hu.search.etargetnet.com\/generic\/uni.php?g=ref:58661,area:700x210\",void(document.getElementById(t)&&document.getElementById(e)&&(document.getElementById(t).parentNode.appendChild(c),document.getElementById(t).parentNode.removeChild(document.getElementById(t)),document.getElementById(e).parentNode.removeChild(document.getElementById(e)),document.removeEventListener(\"scroll\",etargetPostloadFunction7a9b589f63cb072bef80df221f46a22b),document.removeEventListener(\"resize\",etargetPostloadFunction7a9b589f63cb072bef80df221f46a22b),document.removeEventListener(\"DOMContentLoaded\",etargetPostloadFunction7a9b589f63cb072bef80df221f46a22b)))}}}var etargetDivID=\"etargetPostload7a9b589f63cb072bef80df221f46a22b\",etargetScriptID=\"etargetScript7a9b589f63cb072bef80df221f46a22b\",etargetPostloadPoint=document.createElement(\"div\");etargetPostloadPoint.id=etargetDivID;var etargetCurScript=document.getElementById(etargetScriptID);etargetCurScript.parentNode.appendChild(etargetPostloadPoint),document.addEventListener(\"scroll\",etargetPostloadFunction7a9b589f63cb072bef80df221f46a22b),document.addEventListener(\"resize\",etargetPostloadFunction7a9b589f63cb072bef80df221f46a22b),document.addEventListener(\"DOMContentLoaded\",etargetPostloadFunction7a9b589f63cb072bef80df221f46a22b);var etargetAllowOtherCheck=!0;if(typeof(\"forceRunPostload\")==\"string\"){etargetPostloadFunction7a9b589f63cb072bef80df221f46a22b()}<\/script><\/div><div id=\"friss-2277694664\" class=\"friss-after-content_2 friss-entity-placement\" style=\"clear: both;\"><div class=\"wprss_ajax\" data-id=\"rss89eb9e5ae3\"><img loading=\"lazy\" decoding=\"async\" src=\"https:\/\/friss-hirek.hu\/wp-content\/plugins\/wp-rss-retriever\/inc\/imgs\/ajax-loader.gif\" alt=\"Loading RSS Feed\" width=\"16\" height=\"16\"><\/div><\/div><br style=\"clear: both; display: block; float: none;\"\/><div id=\"friss-4038021403\" class=\"friss-after-content_3 friss-entity-placement\">https:\/\/www.youtube.com\/watch?v=Pdnw4KiUWp0<\/div>","protected":false},"excerpt":{"rendered":"<p>A leend\u0151 minisztereln\u00f6k szerint ez is azt jelzi, hogy \u00e9ppen most hullik darabjaira a p\u00e1rt\u00e1llam. Mi t\u00f6rt\u00e9nt? Magyar P\u00e9tert m\u00e1sf\u00e9l \u00e9v hi\u00e1tus ut\u00e1n ism\u00e9t megh\u00edvta m\u0171soraiba a k\u00f6zm\u00e9dia, a k\u00e9tharmados felhatalmaz\u00e1ssal hamarosan korm\u00e1nyt alak\u00edt\u00f3 Tisza-eln\u00f6k posztja szerint szerd\u00e1n 7:33-8:00 k\u00f6z\u00f6tt a Kossuth R\u00e1di\u00f3n, 8:10-t\u0151l 8:37-ig pedig az M1-en ad interj\u00fat. R\u00e9szletek. \u201e\u201aAhogy mondtam, semmi sem [&hellip;]<\/p>\n","protected":false},"author":1,"featured_media":0,"comment_status":"open","ping_status":"open","sticky":false,"template":"","format":"standard","meta":{"footnotes":""},"categories":[7],"tags":[],"class_list":["post-165512","post","type-post","status-publish","format-standard","hentry","category-uzlet"],"amp_enabled":true,"_links":{"self":[{"href":"https:\/\/friss-hirek.hu\/index.php\/wp-json\/wp\/v2\/posts\/165512","targetHints":{"allow":["GET"]}}],"collection":[{"href":"https:\/\/friss-hirek.hu\/index.php\/wp-json\/wp\/v2\/posts"}],"about":[{"href":"https:\/\/friss-hirek.hu\/index.php\/wp-json\/wp\/v2\/types\/post"}],"author":[{"embeddable":true,"href":"https:\/\/friss-hirek.hu\/index.php\/wp-json\/wp\/v2\/users\/1"}],"replies":[{"embeddable":true,"href":"https:\/\/friss-hirek.hu\/index.php\/wp-json\/wp\/v2\/comments?post=165512"}],"version-history":[{"count":0,"href":"https:\/\/friss-hirek.hu\/index.php\/wp-json\/wp\/v2\/posts\/165512\/revisions"}],"wp:attachment":[{"href":"https:\/\/friss-hirek.hu\/index.php\/wp-json\/wp\/v2\/media?parent=165512"}],"wp:term":[{"taxonomy":"category","embeddable":true,"href":"https:\/\/friss-hirek.hu\/index.php\/wp-json\/wp\/v2\/categories?post=165512"},{"taxonomy":"post_tag","embeddable":true,"href":"https:\/\/friss-hirek.hu\/index.php\/wp-json\/wp\/v2\/tags?post=165512"}],"curies":[{"name":"wp","href":"https:\/\/api.w.org\/{rel}","templated":true}]}}