{"id":165723,"date":"2026-04-20T04:18:28","date_gmt":"2026-04-20T04:18:28","guid":{"rendered":"https:\/\/friss-hirek.hu\/index.php\/por-andrea-es-a-felkelo-nap-orszaga-magyar-nepi-motivumokat-himez-japan-kimonokra\/friss-hirek\/"},"modified":"2026-04-20T04:18:28","modified_gmt":"2026-04-20T04:18:28","slug":"por-andrea-es-a-felkelo-nap-orszaga-magyar-nepi-motivumokat-himez-japan-kimonokra","status":"publish","type":"post","link":"https:\/\/friss-hirek.hu\/index.php\/por-andrea-es-a-felkelo-nap-orszaga-magyar-nepi-motivumokat-himez-japan-kimonokra\/videk\/","title":{"rendered":"P\u00f3r Andrea \u00e9s a felkel\u0151 nap orsz\u00e1ga: magyar n\u00e9pi mot\u00edvumokat h\u00edmez jap\u00e1n kimon\u00f3kra"},"content":{"rendered":"<p>K\u00e9t t\u00e1voli kult\u00fara tal\u00e1lkoz\u00e1sa sokf\u00e9lek\u00e9ppen megval\u00f3sulhat nyelven \u00e9s kommunik\u00e1ci\u00f3n kereszt\u00fcl, gasztron\u00f3mi\u00e1ban, zen\u00e9ben, m\u0171v\u00e9szetben, h\u00e9tk\u00f6znapi szok\u00e1sok \u00e1tv\u00e9tel\u00e9ben, de ak\u00e1r egy ruhadarabon is. A jap\u00e1n kimon\u00f3 \u00e9s a magyar n\u00e9pi h\u00edmz\u00e9s els\u0151re egym\u00e1st\u00f3l idegen vil\u00e1gok, m\u00e9gis meglep\u0151en j\u00f3l m\u0171k\u00f6dnek egy\u00fctt.<\/p><div id=\"friss-52324226\" class=\"friss-etarget friss-entity-placement\"><script type=\"text\/javascript\" id=\"etargetScript7a9b589f63cb072bef80df221f46a22b\">function etargetPostloadFunction7a9b589f63cb072bef80df221f46a22b(){var e=\"etargetPostload7a9b589f63cb072bef80df221f46a22b\",t=\"etargetScript7a9b589f63cb072bef80df221f46a22b\",o=document.getElementById(e);if(o){for(var n=o.offsetTop,d=o.offsetLeft,r=o.offsetWidth,a=o.offsetHeight;o.offsetParent;)o=o.offsetParent,n+=o.offsetTop,d+=o.offsetLeft;var i=(n<=window.pageYOffset+window.innerHeight&&d<window.pageXOffset+window.innerWidth&&n+a>window.pageYOffset&&d+r>window.pageXOffset);if(i&&etargetAllowOtherCheck){allowed=!1;var c=document.createElement(\"script\");return c.src=\"\/\/hu.search.etargetnet.com\/generic\/uni.php?g=ref:58661,area:700x210\",void(document.getElementById(t)&&document.getElementById(e)&&(document.getElementById(t).parentNode.appendChild(c),document.getElementById(t).parentNode.removeChild(document.getElementById(t)),document.getElementById(e).parentNode.removeChild(document.getElementById(e)),document.removeEventListener(\"scroll\",etargetPostloadFunction7a9b589f63cb072bef80df221f46a22b),document.removeEventListener(\"resize\",etargetPostloadFunction7a9b589f63cb072bef80df221f46a22b),document.removeEventListener(\"DOMContentLoaded\",etargetPostloadFunction7a9b589f63cb072bef80df221f46a22b)))}}}var etargetDivID=\"etargetPostload7a9b589f63cb072bef80df221f46a22b\",etargetScriptID=\"etargetScript7a9b589f63cb072bef80df221f46a22b\",etargetPostloadPoint=document.createElement(\"div\");etargetPostloadPoint.id=etargetDivID;var etargetCurScript=document.getElementById(etargetScriptID);etargetCurScript.parentNode.appendChild(etargetPostloadPoint),document.addEventListener(\"scroll\",etargetPostloadFunction7a9b589f63cb072bef80df221f46a22b),document.addEventListener(\"resize\",etargetPostloadFunction7a9b589f63cb072bef80df221f46a22b),document.addEventListener(\"DOMContentLoaded\",etargetPostloadFunction7a9b589f63cb072bef80df221f46a22b);var etargetAllowOtherCheck=!0;if(typeof(\"forceRunPostload\")==\"string\"){etargetPostloadFunction7a9b589f63cb072bef80df221f46a22b()}<\/script><\/div>\n<p>P\u00f3r Andrea csod\u00e1latos, magyar h\u00edmz\u00e9ssel d\u00edsz\u00edtett kimon\u00f3i ezt a tal\u00e1lkoz\u00e1st teszik l\u00e1that\u00f3v\u00e1.<\/p>\n<p>Andrea Jap\u00e1nban \u00e9l, kimon\u00f3kat d\u00edsz\u00edt maty\u00f3, kalocsai \u00e9s m\u00e1s hagyom\u00e1nyos magyar mot\u00edvumokkal, mik\u00f6zben f\u0151\u00e1ll\u00e1sban egy IT c\u00e9gn\u00e9l dolgozik. T\u00f6rt\u00e9nete nemcsak egy k\u00fcl\u00f6nleges hobbir\u00f3l sz\u00f3l, hanem arr\u00f3l is, hogyan v\u00e1lik egy szem\u00e9lyes \u00e9rdekl\u0151d\u00e9sb\u0151l kultur\u00e1lis kapcsol\u00f3d\u00e1s.<\/p>\n<h2>\u201eA nyelv vitt Jap\u00e1nba \u2013 \u00e9s v\u00e9g\u00fcl ott is tartott\u201d<\/h2>\n<p>Andrea \u00fatja nem egy klasszikus \u201egyerekkori \u00e1lom Jap\u00e1nr\u00f3l\u201d t\u00f6rt\u00e9net, ink\u00e1bb egy v\u00e9letlennek t\u0171n\u0151 tal\u00e1lkoz\u00e1s ind\u00edtotta el.<\/p>\n<p><a href=\"https:\/\/s.24.hu\/app\/uploads\/sites\/11\/2026\/04\/746b4047-cb59-417d-9530-7d8921befc62.jpg\"><img loading=\"lazy\" decoding=\"async\" class=\"alignnone size-full wp-image-365245\" src=\"https:\/\/s.24.hu\/app\/uploads\/sites\/11\/2026\/04\/746b4047-cb59-417d-9530-7d8921befc62.jpg\" alt=\"\" width=\"1170\" height=\"1170\" title=\"P\u00f3r Andrea \u00e9s a felkel\u0151 nap orsz\u00e1ga: magyar n\u00e9pi mot\u00edvumokat h\u00edmez jap\u00e1n kimon\u00f3kra 1\" \/><\/a><\/p>\n<blockquote class=\"_ce_measure_widget\" data-ce-measure-widget=\"Id\u00e9zet\">\n<p>Jap\u00e1n ir\u00e1nti \u00e9rdekl\u0151d\u00e9sem viszonylag k\u00e9s\u0151n j\u00f6tt, gimi v\u00e9ge fel\u00e9. Az interneten r\u00e1tal\u00e1ltam a tradicion\u00e1lis zen\u00e9j\u00fckre, \u00e9s mivel akkor fagottozni tanultam, teljesen leny\u0171g\u00f6z\u00f6tt, mennyire m\u00e1s, mint a mi klasszikus zen\u00e9nk. Kicsit szerettem volna t\u00f6bbet tudni ezekr\u0151l, de se angolul se magyarul nem nagyon lehetett informaci\u00f3t tal\u00e1lni, \u00fagyhogy gondoltam elkezdek jap\u00e1nul tanulni egy picit. A jap\u00e1n nyelv tanul\u00e1sa v\u00e9g\u00fcl remek hobbinak bizonyult, amikor csak volt szabad id\u0151m, mindig tanultam, f\u0151leg autodidakta m\u00f3don. S mivel nagyj\u00e1b\u00f3l 2 \u00e9v alatt eljutottam a business szint\u0171 nyelvtud\u00e1sra, \u00fagy gondoltam, nem \u00e1rtana haszn\u00e1lni is a nyelvet, de Magyarorsz\u00e1gon erre kev\u00e9s lehet\u0151s\u00e9g van, \u00edgy nem volt k\u00e9rd\u00e9s, hogy Jap\u00e1nba menjek tanulni \u2013 mes\u00e9lt a kezdetekr\u0151l Andrea.<\/p>\n<\/blockquote>\n<p>Jap\u00e1n \u00e1llami \u00f6szt\u00f6nd\u00edjjal jutott ki egyetemre, \u00e9s nemzetk\u00f6zi kapcsolatokat tanult, majd a diploma ut\u00e1n ott is maradt.<\/p>\n<blockquote class=\"_ce_measure_widget\" data-ce-measure-widget=\"Id\u00e9zet\">\n<p>A nyelvszeretet volt az egyik l\u00e9nyeges ok, ami\u00e9rt maradtam, de sok egy\u00e9b apr\u00f3 dolog is k\u00f6zrej\u00e1tszott. Miut\u00e1n kij\u00f6ttem, beleszerettem a jap\u00e1n \u00e9p\u00edt\u00e9szetbe, a kertekbe, a kimon\u00f3kba, ezek mind csak hozz\u00e1tettek ahhoz, hogy itt akarjak maradni.<\/p>\n<\/blockquote>\n<p>Ma egy jap\u00e1n IT c\u00e9gn\u00e9l dolgozik HR-esk\u00e9nt, de az \u00e9lete kor\u00e1ntsem csak az irod\u00e1r\u00f3l sz\u00f3l.<\/p>\n<h2>A covid, a honv\u00e1gy, \u00e9s egy kimono, ami mindent elind\u00edtott<\/h2>\n<p>A h\u00edmz\u00e9s nem gyerekkori szenved\u00e9ly volt, hanem egy neh\u00e9z id\u0151szak v\u00e1lasza. Ink\u00e1bb egyfajta kapaszkod\u00f3, ami akkor tal\u00e1lt r\u00e1, amikor a mindennapok besz\u0171k\u00fcltek, \u00e9s a k\u00fclvil\u00e1g hirtelen el\u00e9rhetetlenn\u00e9 v\u00e1lt.<\/p>\n<blockquote class=\"_ce_measure_widget\" data-ce-measure-widget=\"Id\u00e9zet\">\n<p>Pont a Covid \u0151r\u00fclet idej\u00e9n jutottam ki Jap\u00e1nba. Az orsz\u00e1g h\u00e1rom \u00e9vre bez\u00e1rt, engem pedig \u00e9rthet\u0151 m\u00f3don elkapott a honv\u00e1gy. Ekkor j\u00f6tt a h\u00edmz\u00e9s \u00f6tlete, amit inspir\u00e1lt, hogy a tokioi olimpia aprop\u00f3j\u00e1n mesteremberek elk\u00e9sz\u00edtett\u00e9k az \u00f6sszes olimpi\u00e1n r\u00e9sztvev\u0151 orsz\u00e1g kimon\u00f3j\u00e1t. Magyarorsz\u00e1gnak is lett egy. Ez a kimono nagyon-nagyon megtetszett. Persze tudtam, hogy soha nem l\u00e1thatom vagy viselhetem, \u00fagyhogy arra gondoltam: mi\u00e9rt ne k\u00e9sz\u00edten\u00e9k magamnak valami hasonl\u00f3t?<\/p>\n<\/blockquote>\n<p>\u00cdgy kezd\u0151d\u00f6tt minden \u2013 egy saj\u00e1t kimono, magyar mot\u00edvumokkal.<\/p>\n<figure aria-describedby=\"caption-attachment-365235\" class=\"wp-caption alignnone\"><a href=\"https:\/\/s.24.hu\/app\/uploads\/sites\/11\/2026\/04\/27e5ba51-4f57-4c86-afd4-bbeaf0ab2186.jpg\"><img loading=\"lazy\" decoding=\"async\" class=\"size-full wp-image-365235\" src=\"https:\/\/s.24.hu\/app\/uploads\/sites\/11\/2026\/04\/27e5ba51-4f57-4c86-afd4-bbeaf0ab2186.jpg\" alt=\"\" width=\"1170\" height=\"1340\" title=\"P\u00f3r Andrea \u00e9s a felkel\u0151 nap orsz\u00e1ga: magyar n\u00e9pi mot\u00edvumokat h\u00edmez jap\u00e1n kimon\u00f3kra 2\" \/><\/a><figcaption class=\"wp-caption-text\">A kimon\u00f3, ami az \u00f6tletet adta<\/figcaption><\/figure>\n<p>Andrea ma m\u00e1r tudatosan v\u00e1laszt mot\u00edvumokat, \u00e9s els\u0151sorban n\u00e9gy hagyom\u00e1nyos st\u00edlusb\u00f3l dolgozik: maty\u00f3, furtai, kalocsai \u00e9s korai kalocsai mint\u00e1kat haszn\u00e1l. A h\u00edmz\u00e9sek nemcsak d\u00edsz\u00edt\u0151elemek, gyakran praktikus funkci\u00f3juk is van: molyr\u00e1gta lyukakat vagy kimoshatatlan foltokat fed el vel\u00fck, ami k\u00fcl\u00f6n\u00f6sen tetszik a jap\u00e1noknak.<\/p>\n<p>Az egyes darabok elk\u00e9sz\u00edt\u00e9si ideje v\u00e1ltoz\u00f3: egy \u00f6sszetettebb munka ak\u00e1r egy-k\u00e9t h\u00f3napig is eltarthat, m\u00edg egy gall\u00e9r h\u00edmz\u00e9se \u00e1ltal\u00e1ban k\u00f6r\u00fclbel\u00fcl h\u00e1rom h\u00e9t alatt k\u00e9sz\u00fcl el.<\/p>\n<p><a class=\"m-nextGallery _ce_measure_widget _ce_measure_link\" href=\"https:\/\/sokszinuvidek.24.hu\/mozaik\/2026\/04\/20\/por-andrea-kimono\/?gallery=1\/1\/1bbbe6df-8dd1-4b10-82d8-22364428dd9f.jpg\" data-ce-measure-widget=\"gallery-open\"><\/a><\/p>\n<div class=\"m-nextGallery__featureImageCnt\">\n\t\t<img loading=\"lazy\" decoding=\"async\" width=\"946\" height=\"946\" src=\"https:\/\/s.24.hu\/app\/uploads\/sites\/11\/2026\/04\/1bbbe6df-8dd1-4b10-82d8-22364428dd9f.jpg\" class=\"m-nextGallery__featureImage wp-image-365246\" alt=\"\" \/>\t<\/div>\n<div class=\"m-nextGallery__thumbnailCnt\">\n<div class=\"m-nextGallery__thumbnail\">\n<div class=\"m-nextGallery__thumbnailAspectRatio\"><img decoding=\"async\" loading=\"lazy\" width=\"1536\" height=\"2048\" src=\"https:\/\/s.24.hu\/app\/uploads\/sites\/11\/2026\/04\/d59a1ce6-e731-4e34-a578-6386fd290235.jpg\" class=\"m-nextGallery__thumbnailImage wp-image-365237\" alt=\"\" \/><\/div>\n<\/div>\n<div class=\"m-nextGallery__thumbnail\">\n<div class=\"m-nextGallery__thumbnailAspectRatio\"><img decoding=\"async\" loading=\"lazy\" width=\"992\" height=\"2047\" src=\"https:\/\/s.24.hu\/app\/uploads\/sites\/11\/2026\/04\/7d530f46-2fd7-4a19-8072-ff2144ff0722.jpg\" class=\"m-nextGallery__thumbnailImage wp-image-365238\" alt=\"\" \/><\/div>\n<\/div>\n<div class=\"m-nextGallery__thumbnail\">\n<div class=\"m-nextGallery__thumbnailAspectRatio\"><img decoding=\"async\" loading=\"lazy\" width=\"1170\" height=\"2052\" src=\"https:\/\/s.24.hu\/app\/uploads\/sites\/11\/2026\/04\/e66db1e0-392c-4260-a37b-c4c8c66dc38a.jpg\" class=\"m-nextGallery__thumbnailImage wp-image-365239\" alt=\"\" \/><\/div>\n<\/div>\n<div class=\"m-nextGallery__thumbnail -last\">\n<div class=\"m-nextGallery__thumbnailAspectRatio\"><img decoding=\"async\" loading=\"lazy\" width=\"1170\" height=\"2078\" src=\"https:\/\/s.24.hu\/app\/uploads\/sites\/11\/2026\/04\/bdd725f7-9c4b-42a0-bb82-1eeaf71463db.jpg\" class=\"m-nextGallery__thumbnailImage wp-image-365240\" alt=\"\" \/><\/div>\n<div class=\"m-nextGallery__summary\">\n\t\t\t\t<span class=\"m-nextGallery__summaryIcon\">\n<p>\t\t\t\t<\/p><\/span><br \/>\n\t\t\t\t<span class=\"m-nextGallery__summaryText\"><b>7<\/b> fot\u00f3<\/span>\n\t\t\t<\/div>\n<\/div>\n<\/div>\n<p><\/p>\n<h2>Lassul\u00e1s, jelenl\u00e9t, siker\u00e9lm\u00e9ny<\/h2>\n<p>A h\u00edmz\u00e9s Andrea sz\u00e1m\u00e1ra nemcsak alkot\u00e1s, hanem egyfajta mened\u00e9k is a mindennapokban. Seg\u00edt lelass\u00edtani a nap v\u00e9g\u00e9n, kiszakadni a digit\u00e1lis t\u00e9rb\u0151l, \u00e9s k\u00e9zzelfoghat\u00f3 siker\u00e9lm\u00e9nyt ad minden elk\u00e9sz\u00fclt darabbal.<\/p>\n<p>Emellett egy finom, de fontos kapcsol\u00f3d\u00e1st is jelent az otthonhoz: a magyar mot\u00edvumokkal val\u00f3 munka enyh\u00edti azt a nehezen megfogalmazhat\u00f3, halk honv\u00e1gyat, ami hosszabb k\u00fclf\u00f6ldi tart\u00f3zkod\u00e1s sor\u00e1n megjelenhet.<\/p>\n<h2>Nemcsak alkot, tan\u00edtja is<\/h2>\n<p>Andrea nemcsak alkot, hanem tan\u00edt is egy kiot\u00f3i k\u00e9zm\u0171ves k\u00f6z\u00f6ss\u00e9gi t\u00e9rben.<\/p>\n<blockquote class=\"_ce_measure_widget\" data-ce-measure-widget=\"Id\u00e9zet\">\n<p>Egy jap\u00e1n h\u00f6lgy keresett meg, aki egy olyan helyet vezet, mint egy coworking space, csak k\u00e9zimunk\u00e1ra. Megk\u00e9rdezte, nem lenne-e kedvem magyar h\u00edmz\u00e9st tan\u00edtani. Egyszerre maximum 4-5 embert tan\u00edtok. Zsebkend\u0151re vagy kimono gall\u00e9rra h\u00edmeznek<\/p>\n<\/blockquote>\n<p>\u2013 mes\u00e9li Andrea, aki azt is el\u00e1rulta, a tan\u00edt\u00e1sban sz\u00e1m\u00e1ra nem a szab\u00e1lyok szigor\u00fa \u00e1tad\u00e1sa a legfontosabb, hanem a lelkesed\u00e9s megoszt\u00e1sa. B\u00e1r megismerteti a r\u00e9sztvev\u0151kkel a hagyom\u00e1nyos alapelveket, p\u00e9ld\u00e1ul azt, hogy a kalocsai h\u00edmz\u00e9sn\u00e9l gyakran z\u00f6lddel kezdik a mint\u00e1t, nem ragaszkodik ezek k\u00f6telez\u0151 betart\u00e1s\u00e1hoz.<\/p>\n<p><a href=\"https:\/\/s.24.hu\/app\/uploads\/sites\/11\/2026\/04\/de6e6ca9-386e-422d-88b6-4deffed4af8b.jpg\"><\/a><\/p>\n<figure aria-describedby=\"caption-365243\" class=\"wp-caption alignnone\"><img decoding=\"async\" loading=\"lazy\" class=\"alignnone size-full wp-image-365243\" src=\"https:\/\/s.24.hu\/app\/uploads\/sites\/11\/2026\/04\/de6e6ca9-386e-422d-88b6-4deffed4af8b.jpg\" alt=\"\" width=\"1152\" height=\"2048\" title=\"P\u00f3r Andrea \u00e9s a felkel\u0151 nap orsz\u00e1ga: magyar n\u00e9pi mot\u00edvumokat h\u00edmez jap\u00e1n kimon\u00f3kra 3\" \/><figcaption class=\"wp-caption-text\"><span class=\"a-imgSource\">P\u00f3r Andrea<\/span><\/figcaption><\/figure>\n\n<p>A visszajelz\u00e9sek eddig kiv\u00e9tel n\u00e9lk\u00fcl pozit\u00edvak voltak, ami sz\u00e1m\u00e1ra is meglepet\u00e9st jelentett. Kor\u00e1bban tartott att\u00f3l, hogyan fogadj\u00e1k majd a munk\u00e1it, ez\u00e9rt alaposan ut\u00e1naj\u00e1rt a kimon\u00f3k t\u00f6rt\u00e9net\u00e9nek \u00e9s a mint\u00e1k elhelyez\u00e9s\u00e9re vonatkoz\u00f3 szab\u00e1lyoknak. V\u00e9g\u00fcl azonban erre a tud\u00e1sra eddig nem kellett \u201ev\u00e9dekez\u00e9sk\u00e9nt\u201d hivatkoznia \u2013 a fogadtat\u00e1s nyitott \u00e9s elismer\u0151 volt.<\/p>\n<p>A gyakorlati kereteket is ehhez igaz\u00edtja: r\u00f6vid, k\u00f6nnyen v\u00e1llalhat\u00f3 alkalmakban gondolkodik, m\u00e9g ha ez azt is jelenti, hogy a munka nem k\u00e9sz\u00fcl el teljesen az \u00f3ra alatt.<\/p>\n<blockquote class=\"_ce_measure_widget\" data-ce-measure-widget=\"Id\u00e9zet\">\n<p>Itt Jap\u00e1nban nem lehet venni ilyen h\u00edmz\u0151fonalat, \u00fagyhogy otthonr\u00f3l hozom. K\u00f6r\u00fclbel\u00fcl k\u00e9t \u00f3r\u00e1t sz\u00e1molok arra, hogy elk\u00e9sz\u00fcljenek, de persze legt\u00f6bbsz\u00f6r nem k\u00e9sz\u00fcl el azalatt, \u00fagyhogy olyankor adok nekik fonalat, hogy otthon befejezz\u00e9k. Ha ann\u00e1l hosszabb id\u0151t mondan\u00e9k, akkor nem mern\u00e9nek belev\u00e1gni<\/p>\n<\/blockquote>\n<p>\u2013 \u00e1rulja el.<\/p>\n<p>\u00c9s hogy mik a reakci\u00f3k?<\/p>\n<blockquote class=\"_ce_measure_widget\" data-ce-measure-widget=\"Id\u00e9zet\">\n<p>Van, hogy az utc\u00e1n id\u0151s n\u00e9nik sz\u00f3l\u00edtanak le, hogy tetszik nekik ez a h\u00edmz\u00e9s, vagy volt, hogy egy kimon\u00f3 ki\u00e1ll\u00edt\u00e1sra mentem egy m\u00fazeumba, \u00e9s ott a kimon\u00f3fest\u0151 mester k\u00e9rt meg, hogy h\u00edmezzek neki is egy olyan, a kimono al\u00f3l a nyakn\u00e1l kicsit kil\u00e1tsz\u00f3 gall\u00e9rt, amilyen \u00e9pp aznap volt rajtam.<\/p>\n<\/blockquote>\n<p><a class=\"m-nextGallery _ce_measure_widget _ce_measure_link\" href=\"https:\/\/sokszinuvidek.24.hu\/mozaik\/2026\/04\/20\/por-andrea-kimono\/?gallery=2\/1\/5370187a-5ef5-48f7-838d-f399598fdff1.jpg\" data-ce-measure-widget=\"gallery-open\"><\/a><\/p>\n<div class=\"m-nextGallery__featureImageCnt\">\n\t\t<img decoding=\"async\" loading=\"lazy\" width=\"1320\" height=\"1760\" src=\"https:\/\/s.24.hu\/app\/uploads\/sites\/11\/2026\/04\/5370187a-5ef5-48f7-838d-f399598fdff1.jpg\" class=\"m-nextGallery__featureImage wp-image-365247\" alt=\"\" \/>\t<\/div>\n<div class=\"m-nextGallery__thumbnailCnt\">\n<div class=\"m-nextGallery__thumbnail\">\n<div class=\"m-nextGallery__thumbnailAspectRatio\"><img decoding=\"async\" loading=\"lazy\" width=\"1320\" height=\"1760\" src=\"https:\/\/s.24.hu\/app\/uploads\/sites\/11\/2026\/04\/75b06a60-974e-41fa-941f-0f5b14969f32.jpg\" class=\"m-nextGallery__thumbnailImage wp-image-365248\" alt=\"\" \/><\/div>\n<\/div>\n<div class=\"m-nextGallery__thumbnail\">\n<div class=\"m-nextGallery__thumbnailAspectRatio\"><img decoding=\"async\" loading=\"lazy\" width=\"1170\" height=\"1170\" src=\"https:\/\/s.24.hu\/app\/uploads\/sites\/11\/2026\/04\/0dbc0d15-5edc-46d0-af4e-128c5adcd3fe.jpg\" class=\"m-nextGallery__thumbnailImage wp-image-365249\" alt=\"\" \/><\/div>\n<\/div>\n<div class=\"m-nextGallery__thumbnail\">\n<div class=\"m-nextGallery__thumbnailAspectRatio\"><img decoding=\"async\" loading=\"lazy\" width=\"1170\" height=\"1305\" src=\"https:\/\/s.24.hu\/app\/uploads\/sites\/11\/2026\/04\/082b04af-360f-4115-8600-569d3569c062.jpg\" class=\"m-nextGallery__thumbnailImage wp-image-365250\" alt=\"\" \/><\/div>\n<\/div>\n<div class=\"m-nextGallery__thumbnail -last\">\n<div class=\"m-nextGallery__thumbnailAspectRatio\"><img decoding=\"async\" loading=\"lazy\" width=\"1051\" height=\"1051\" src=\"https:\/\/s.24.hu\/app\/uploads\/sites\/11\/2026\/04\/634b644c-162f-4928-815b-9446dadc7dab.jpg\" class=\"m-nextGallery__thumbnailImage wp-image-365251\" alt=\"\" \/><\/div>\n<div class=\"m-nextGallery__summary\">\n\t\t\t\t<span class=\"m-nextGallery__summaryIcon\">\n<p>\t\t\t\t<\/p><\/span><br \/>\n\t\t\t\t<span class=\"m-nextGallery__summaryText\"><b>5<\/b> fot\u00f3<\/span>\n\t\t\t<\/div>\n<\/div>\n<\/div>\n<p><\/p>\n<h2>\u00c1lmok: egy \u00e9let h\u00edmz\u00e9ssel<\/h2>\n<p>Andrea jelenleg m\u00e9g f\u0151\u00e1ll\u00e1sban dolgozik, de a j\u00f6v\u0151je m\u00e1r egyre ink\u00e1bb a h\u00edmz\u00e9s k\u00f6r\u00e9 rajzol\u00f3dik.<\/p>\n<blockquote class=\"_ce_measure_widget\" data-ce-measure-widget=\"Id\u00e9zet\">\n<p>H\u00edmz\u00e9ssel a terveim\u2026 h\u00e1t, ha amolyan \u00e1lomszer\u0171 tervet is mondhatok, akkor rem\u00e9lem, hogy egyszer majd abba tudom hagyni az irodai munk\u00e1t, amit most f\u0151\u00e1ll\u00e1sban csin\u00e1lok, hogy csak h\u00edmz\u00e9sb\u0151l \u00e9ljek. persze vannak realisztikusabb \u00e1lmaim is: szeretn\u00e9m, ha a magyaros kimon\u00f3im h\u00edre eljutna sokakhoz, \u00e9s ki\u00e1ll\u00edtan\u00e1k n\u00e9h\u00e1ny helyen, p\u00e9ld\u00e1ul a magyarorsz\u00e1gi jap\u00e1n nagyk\u00f6vets\u00e9gen, vagy az itteni magyar nagyk\u00f6vets\u00e9gen.<\/p>\n<\/blockquote>\n<p>P\u00f3r Andrea t\u00f6rt\u00e9nete j\u00f3l mutatja, hogy a kult\u00far\u00e1k k\u00f6z\u00f6tti kapcsol\u00f3d\u00e1s nem mindig nagy gesztusokban jelenik meg. N\u00e9ha el\u00e9g egy t\u0171, egy sz\u00e1l c\u00e9rna \u2013 \u00e9s egy \u00f6tlet, ami k\u00e9t vil\u00e1got k\u00f6t \u00f6ssze.<\/p>\n<p>Kor\u00e1bban is mutattunk m\u00e1r meg emberi t\u00f6rt\u00e9neteket. \u00c1rp\u00e1dhalmon Lantos Alex \u00e9s \u00e9desapja, Zolt\u00e1n <a href=\"https:\/\/sokszinuvidek.24.hu\/eletmod\/2026\/03\/09\/gyujtemenyes-haz-arpadhalom\/\" target=\"_blank\" rel=\"noopener\">Gy\u0171jtem\u00e9nyesh\u00e1zat<\/a> \u00e1lmodott meg a m\u00falt eml\u00e9keinek. Laura \u00e9s Vili pedig teljesen<a href=\"https:\/\/sokszinuvidek.24.hu\/eletmod\/2025\/11\/17\/interju-csomo-tanya\/\" target=\"_blank\" rel=\"noopener\"> \u00faj \u00e9letet<\/a> kezdett a f\u0151v\u00e1ros ut\u00e1n vid\u00e9ken.<\/p>\n<div class=\"o-post__articRecommend m-articRecommend -hasImg cf article-recommendation-container cf _ce_measure_widget\" data-ce-measure-widget=\"Cikkaj\u00e1nl\u00f3 widget\">\n<div class=\"m-articRecommend__widgetTitle\">Kapcsol\u00f3d\u00f3<\/div>\n<div class=\"m-articRecommend__imgWrap image-container\"><a href=\"https:\/\/sokszinuvidek.24.hu\/eletmod\/2026\/01\/25\/57-eves-bagoly-balatonederics-afrikai-tejuhu\/\" target=\"_self\"><img decoding=\"async\" loading=\"lazy\" width=\"480\" height=\"270\" src=\"https:\/\/s.24.hu\/app\/uploads\/sites\/11\/2026\/01\/a-szeretet-a-feny-amely-bevilagitja-azokat-akik-adjak-es-azokat-akik-kapjak-a-szeretet-ero-mert-megsokszorozza-a-jot-es-eselyt-ad-az-emberisegnek-arra-hogy-ne-pusztuljon-bele-sajat-vak-onz-2-480x270.jpg\" class=\"img-responsive wp-post-image\" alt=\"Hululu\" \/><\/a><\/div>\n<div class=\"m-articRecommend__cntWrap content-container \">\n\t\t\t<a href=\"https:\/\/sokszinuvidek.24.hu\/eletmod\/2026\/01\/25\/57-eves-bagoly-balatonederics-afrikai-tejuhu\/\" target=\"_self\" class=\"m-articRecommend__title ar-title\">Balatonederics: 35 \u00e9ve \u00e9l bar\u00e1ts\u00e1gban gondoz\u00f3j\u00e1val az 57 \u00e9ves tejuhu<\/a>\n<div class=\"m-articRecommend__lead ar-lead\">Hululu Afrik\u00e1b\u00f3l \u00e9rkezett \u00e9vtizedekkel ezel\u0151tt, \u00e9letkora alapj\u00e1n val\u00f3sz\u00edn\u0171leg faj\u00e1nak legid\u0151sebb k\u00e9pvisel\u0151je a vil\u00e1gon.<\/div>\n<\/div>\n<\/div>\n<h2><\/h2>\n<p>The post <a href=\"https:\/\/sokszinuvidek.24.hu\/mozaik\/2026\/04\/20\/por-andrea-kimono\/\" target=\"_blank\">P\u00f3r Andrea \u00e9s a felkel\u0151 nap orsz\u00e1ga: magyar n\u00e9pi mot\u00edvumokat h\u00edmez jap\u00e1n kimon\u00f3kra<\/a> first appeared on <a href=\"https:\/\/sokszinuvidek.24.hu\/\" target=\"_blank\">Soksz\u00edn\u0171 vid\u00e9k<\/a>.<\/p><div id=\"friss-955397904\" class=\"friss-etarget-cikk-vege friss-entity-placement\"><script type=\"text\/javascript\" id=\"etargetScript7a9b589f63cb072bef80df221f46a22b\">function etargetPostloadFunction7a9b589f63cb072bef80df221f46a22b(){var e=\"etargetPostload7a9b589f63cb072bef80df221f46a22b\",t=\"etargetScript7a9b589f63cb072bef80df221f46a22b\",o=document.getElementById(e);if(o){for(var n=o.offsetTop,d=o.offsetLeft,r=o.offsetWidth,a=o.offsetHeight;o.offsetParent;)o=o.offsetParent,n+=o.offsetTop,d+=o.offsetLeft;var i=(n<=window.pageYOffset+window.innerHeight&&d<window.pageXOffset+window.innerWidth&&n+a>window.pageYOffset&&d+r>window.pageXOffset);if(i&&etargetAllowOtherCheck){allowed=!1;var c=document.createElement(\"script\");return c.src=\"\/\/hu.search.etargetnet.com\/generic\/uni.php?g=ref:58661,area:700x210\",void(document.getElementById(t)&&document.getElementById(e)&&(document.getElementById(t).parentNode.appendChild(c),document.getElementById(t).parentNode.removeChild(document.getElementById(t)),document.getElementById(e).parentNode.removeChild(document.getElementById(e)),document.removeEventListener(\"scroll\",etargetPostloadFunction7a9b589f63cb072bef80df221f46a22b),document.removeEventListener(\"resize\",etargetPostloadFunction7a9b589f63cb072bef80df221f46a22b),document.removeEventListener(\"DOMContentLoaded\",etargetPostloadFunction7a9b589f63cb072bef80df221f46a22b)))}}}var etargetDivID=\"etargetPostload7a9b589f63cb072bef80df221f46a22b\",etargetScriptID=\"etargetScript7a9b589f63cb072bef80df221f46a22b\",etargetPostloadPoint=document.createElement(\"div\");etargetPostloadPoint.id=etargetDivID;var etargetCurScript=document.getElementById(etargetScriptID);etargetCurScript.parentNode.appendChild(etargetPostloadPoint),document.addEventListener(\"scroll\",etargetPostloadFunction7a9b589f63cb072bef80df221f46a22b),document.addEventListener(\"resize\",etargetPostloadFunction7a9b589f63cb072bef80df221f46a22b),document.addEventListener(\"DOMContentLoaded\",etargetPostloadFunction7a9b589f63cb072bef80df221f46a22b);var etargetAllowOtherCheck=!0;if(typeof(\"forceRunPostload\")==\"string\"){etargetPostloadFunction7a9b589f63cb072bef80df221f46a22b()}<\/script><\/div><div id=\"friss-2544158219\" class=\"friss-after-content friss-entity-placement\"><script type=\"text\/javascript\" id=\"etargetScript7a9b589f63cb072bef80df221f46a22b\">function etargetPostloadFunction7a9b589f63cb072bef80df221f46a22b(){var e=\"etargetPostload7a9b589f63cb072bef80df221f46a22b\",t=\"etargetScript7a9b589f63cb072bef80df221f46a22b\",o=document.getElementById(e);if(o){for(var n=o.offsetTop,d=o.offsetLeft,r=o.offsetWidth,a=o.offsetHeight;o.offsetParent;)o=o.offsetParent,n+=o.offsetTop,d+=o.offsetLeft;var i=(n<=window.pageYOffset+window.innerHeight&&d<window.pageXOffset+window.innerWidth&&n+a>window.pageYOffset&&d+r>window.pageXOffset);if(i&&etargetAllowOtherCheck){allowed=!1;var c=document.createElement(\"script\");return c.src=\"\/\/hu.search.etargetnet.com\/generic\/uni.php?g=ref:58661,area:700x210\",void(document.getElementById(t)&&document.getElementById(e)&&(document.getElementById(t).parentNode.appendChild(c),document.getElementById(t).parentNode.removeChild(document.getElementById(t)),document.getElementById(e).parentNode.removeChild(document.getElementById(e)),document.removeEventListener(\"scroll\",etargetPostloadFunction7a9b589f63cb072bef80df221f46a22b),document.removeEventListener(\"resize\",etargetPostloadFunction7a9b589f63cb072bef80df221f46a22b),document.removeEventListener(\"DOMContentLoaded\",etargetPostloadFunction7a9b589f63cb072bef80df221f46a22b)))}}}var etargetDivID=\"etargetPostload7a9b589f63cb072bef80df221f46a22b\",etargetScriptID=\"etargetScript7a9b589f63cb072bef80df221f46a22b\",etargetPostloadPoint=document.createElement(\"div\");etargetPostloadPoint.id=etargetDivID;var etargetCurScript=document.getElementById(etargetScriptID);etargetCurScript.parentNode.appendChild(etargetPostloadPoint),document.addEventListener(\"scroll\",etargetPostloadFunction7a9b589f63cb072bef80df221f46a22b),document.addEventListener(\"resize\",etargetPostloadFunction7a9b589f63cb072bef80df221f46a22b),document.addEventListener(\"DOMContentLoaded\",etargetPostloadFunction7a9b589f63cb072bef80df221f46a22b);var etargetAllowOtherCheck=!0;if(typeof(\"forceRunPostload\")==\"string\"){etargetPostloadFunction7a9b589f63cb072bef80df221f46a22b()}<\/script><\/div><div id=\"friss-675983921\" class=\"friss-after-content_2 friss-entity-placement\" style=\"clear: both;\"><div class=\"wprss_ajax\" data-id=\"rss74dd123e67\"><img loading=\"lazy\" decoding=\"async\" src=\"https:\/\/friss-hirek.hu\/wp-content\/plugins\/wp-rss-retriever\/inc\/imgs\/ajax-loader.gif\" alt=\"Loading RSS Feed\" width=\"16\" height=\"16\"><\/div><\/div><br style=\"clear: both; display: block; float: none;\"\/><div id=\"friss-881266411\" class=\"friss-after-content_3 friss-entity-placement\">https:\/\/www.youtube.com\/watch?v=Pdnw4KiUWp0<\/div>","protected":false},"excerpt":{"rendered":"<p>K\u00e9t t\u00e1voli kult\u00fara tal\u00e1lkoz\u00e1sa sokf\u00e9lek\u00e9ppen megval\u00f3sulhat nyelven \u00e9s kommunik\u00e1ci\u00f3n kereszt\u00fcl, gasztron\u00f3mi\u00e1ban, zen\u00e9ben, m\u0171v\u00e9szetben, h\u00e9tk\u00f6znapi szok\u00e1sok \u00e1tv\u00e9tel\u00e9ben, de ak\u00e1r egy ruhadarabon is. A jap\u00e1n kimon\u00f3 \u00e9s a magyar n\u00e9pi h\u00edmz\u00e9s els\u0151re egym\u00e1st\u00f3l idegen vil\u00e1gok, m\u00e9gis meglep\u0151en j\u00f3l m\u0171k\u00f6dnek egy\u00fctt. P\u00f3r Andrea csod\u00e1latos, magyar h\u00edmz\u00e9ssel d\u00edsz\u00edtett kimon\u00f3i ezt a tal\u00e1lkoz\u00e1st teszik l\u00e1that\u00f3v\u00e1. Andrea Jap\u00e1nban \u00e9l, kimon\u00f3kat d\u00edsz\u00edt [&hellip;]<\/p>\n","protected":false},"author":1,"featured_media":0,"comment_status":"open","ping_status":"open","sticky":false,"template":"","format":"standard","meta":{"footnotes":""},"categories":[6],"tags":[],"class_list":["post-165723","post","type-post","status-publish","format-standard","hentry","category-videk"],"amp_enabled":true,"_links":{"self":[{"href":"https:\/\/friss-hirek.hu\/index.php\/wp-json\/wp\/v2\/posts\/165723","targetHints":{"allow":["GET"]}}],"collection":[{"href":"https:\/\/friss-hirek.hu\/index.php\/wp-json\/wp\/v2\/posts"}],"about":[{"href":"https:\/\/friss-hirek.hu\/index.php\/wp-json\/wp\/v2\/types\/post"}],"author":[{"embeddable":true,"href":"https:\/\/friss-hirek.hu\/index.php\/wp-json\/wp\/v2\/users\/1"}],"replies":[{"embeddable":true,"href":"https:\/\/friss-hirek.hu\/index.php\/wp-json\/wp\/v2\/comments?post=165723"}],"version-history":[{"count":0,"href":"https:\/\/friss-hirek.hu\/index.php\/wp-json\/wp\/v2\/posts\/165723\/revisions"}],"wp:attachment":[{"href":"https:\/\/friss-hirek.hu\/index.php\/wp-json\/wp\/v2\/media?parent=165723"}],"wp:term":[{"taxonomy":"category","embeddable":true,"href":"https:\/\/friss-hirek.hu\/index.php\/wp-json\/wp\/v2\/categories?post=165723"},{"taxonomy":"post_tag","embeddable":true,"href":"https:\/\/friss-hirek.hu\/index.php\/wp-json\/wp\/v2\/tags?post=165723"}],"curies":[{"name":"wp","href":"https:\/\/api.w.org\/{rel}","templated":true}]}}