{"id":165989,"date":"2026-04-25T03:45:41","date_gmt":"2026-04-25T03:45:41","guid":{"rendered":"https:\/\/friss-hirek.hu\/index.php\/kritikus-nyar-elott-a-velencei-to-rekordalacsony-a-vizallas\/friss-hirek\/"},"modified":"2026-04-25T03:45:41","modified_gmt":"2026-04-25T03:45:41","slug":"kritikus-nyar-elott-a-velencei-to-rekordalacsony-a-vizallas","status":"publish","type":"post","link":"https:\/\/friss-hirek.hu\/index.php\/kritikus-nyar-elott-a-velencei-to-rekordalacsony-a-vizallas\/videk\/","title":{"rendered":"Kritikus ny\u00e1r el\u0151tt a Velencei-t\u00f3: rekordalacsony a v\u00edz\u00e1ll\u00e1s"},"content":{"rendered":"<p>H\u00e9t elej\u00e9n mind\u00f6ssze 73 centim\u00e9tert mutatott a Velencei-t\u00f3 v\u00edzszintj\u00e9t m\u00e9r\u0151 m\u0171szer Ag\u00e1rdn\u00e1l, ami komoly aggodalomra ad okot az idei szezon el\u0151tt. B\u00e1r az elm\u00falt \u00e9vsz\u00e1zadban el\u0151fordult, hogy a tavaszi csapad\u00e9k jelent\u0151sen jav\u00edtott a helyzeten, ennek es\u00e9lye napr\u00f3l napra cs\u00f6kken. Ha nem \u00e9rkezik sz\u00e1mottev\u0151 ut\u00e1np\u00f3tl\u00e1s, \u00e9s a p\u00e1rolg\u00e1si vesztes\u00e9g az elm\u00falt \u00e9vekhez hasonl\u00f3an alakul, \u0151szre ak\u00e1r a 2022-es negat\u00edv rekord, az 53 centim\u00e9teres v\u00edz\u00e1ll\u00e1s is megd\u0151lhet.<\/p><div id=\"friss-3538015445\" class=\"friss-etarget friss-entity-placement\"><script type=\"text\/javascript\" id=\"etargetScript7a9b589f63cb072bef80df221f46a22b\">function etargetPostloadFunction7a9b589f63cb072bef80df221f46a22b(){var e=\"etargetPostload7a9b589f63cb072bef80df221f46a22b\",t=\"etargetScript7a9b589f63cb072bef80df221f46a22b\",o=document.getElementById(e);if(o){for(var n=o.offsetTop,d=o.offsetLeft,r=o.offsetWidth,a=o.offsetHeight;o.offsetParent;)o=o.offsetParent,n+=o.offsetTop,d+=o.offsetLeft;var i=(n<=window.pageYOffset+window.innerHeight&&d<window.pageXOffset+window.innerWidth&&n+a>window.pageYOffset&&d+r>window.pageXOffset);if(i&&etargetAllowOtherCheck){allowed=!1;var c=document.createElement(\"script\");return c.src=\"\/\/hu.search.etargetnet.com\/generic\/uni.php?g=ref:58661,area:700x210\",void(document.getElementById(t)&&document.getElementById(e)&&(document.getElementById(t).parentNode.appendChild(c),document.getElementById(t).parentNode.removeChild(document.getElementById(t)),document.getElementById(e).parentNode.removeChild(document.getElementById(e)),document.removeEventListener(\"scroll\",etargetPostloadFunction7a9b589f63cb072bef80df221f46a22b),document.removeEventListener(\"resize\",etargetPostloadFunction7a9b589f63cb072bef80df221f46a22b),document.removeEventListener(\"DOMContentLoaded\",etargetPostloadFunction7a9b589f63cb072bef80df221f46a22b)))}}}var etargetDivID=\"etargetPostload7a9b589f63cb072bef80df221f46a22b\",etargetScriptID=\"etargetScript7a9b589f63cb072bef80df221f46a22b\",etargetPostloadPoint=document.createElement(\"div\");etargetPostloadPoint.id=etargetDivID;var etargetCurScript=document.getElementById(etargetScriptID);etargetCurScript.parentNode.appendChild(etargetPostloadPoint),document.addEventListener(\"scroll\",etargetPostloadFunction7a9b589f63cb072bef80df221f46a22b),document.addEventListener(\"resize\",etargetPostloadFunction7a9b589f63cb072bef80df221f46a22b),document.addEventListener(\"DOMContentLoaded\",etargetPostloadFunction7a9b589f63cb072bef80df221f46a22b);var etargetAllowOtherCheck=!0;if(typeof(\"forceRunPostload\")==\"string\"){etargetPostloadFunction7a9b589f63cb072bef80df221f46a22b()}<\/script><\/div>\n<p>P\u00e1link\u00e1s Imre, a Magyar Orsz\u00e1gos Horg\u00e1sz Sz\u00f6vets\u00e9g Velencei-tavi Kirendelts\u00e9g\u00e9nek vezet\u0151je szerint az 1930-as \u00e9vekt\u0151l rendelkez\u00e9sre \u00e1ll\u00f3 adatok alapj\u00e1n janu\u00e1r 1-je \u00f3ta folyamatosan rekordalacsony v\u00edz\u00e1ll\u00e1sokat m\u00e9rnek a t\u00f3n\u00e1l, \u00edrta meg a <a href=\"https:\/\/www.feol.hu\/helyi-kozelet\/2026\/04\/velencei-to-vizszint-vizhiany-mohosz\" target=\"_blank\" rel=\"noopener\">feol.hu<\/a>.<\/p>\n<p>20\u201330 centim\u00e9teres szintn\u00e9l a t\u00f3 gyakorlatilag kisz\u00e1radtnak lenne tekinthet\u0151, m\u00e9g akkor is, ha a kim\u00e9ly\u00edtett mederr\u00e9szekben marad v\u00edz.<\/p>\n<blockquote class=\"_ce_measure_widget\" data-ce-measure-widget=\"Id\u00e9zet\">\n<p>A t\u00f6rt\u00e9nelmi feljegyz\u00e9sek szerint a t\u00f3 nagyj\u00e1b\u00f3l m\u00e1sf\u00e9l \u00e9vsz\u00e1zadonk\u00e9nt kisz\u00e1radt, vagy annak k\u00f6zeli \u00e1llapot\u00e1ba ker\u00fclt \u2013 nem tudjuk, hogy pontosan mit jelentett anno a kisz\u00e1radtnak nyilv\u00e1n\u00edt\u00e1s. Ez k\u00f6vetkezik a t\u00f3 v\u00edzgy\u0171jt\u0151 ter\u00fclet\u00e9nek elhelyezked\u00e9s\u00e9b\u0151l, saj\u00e1tos mikrokl\u00edm\u00e1j\u00e1b\u00f3l \u00e9s a t\u00f3 szikes term\u00e9szet\u00e9b\u0151l. Azonban ma l\u00e9tezik turizmus, horg\u00e1szat \u00e9s vannak tov\u00e1bbi gazdas\u00e1gi szempontok, amelyek miatt tudom\u00e1sul kell venni, hogy ha szeretn\u00e9nk ezt a v\u00edzter\u00fcletet \u00e1lland\u00f3 v\u00edzbor\u00edtotts\u00e1g\u00fa t\u00f3k\u00e9nt l\u00e1tni a j\u00f6v\u0151ben, akkor k\u00e9zenfekv\u0151v\u00e9 v\u00e1lik a v\u00edzp\u00f3tl\u00e1si rendszer kialak\u00edt\u00e1s\u00e1nak ig\u00e9nye<\/p>\n<\/blockquote>\n<p>\u2013 mondta el a szakember.<\/p>\n<p>A Velencei-t\u00f3n\u00e1l rendk\u00edv\u00fcl sz\u0171k a mozg\u00e1st\u00e9r az ide\u00e1lis \u00e9s a m\u00e1r kritikusnak sz\u00e1m\u00edt\u00f3 v\u00edzszint k\u00f6z\u00f6tt: ak\u00e1r egyetlen sz\u00e1raz \u00e9v is el\u00e9g lehet ahhoz, hogy a kedvez\u0151 \u00e1llapot gyorsan vesz\u00e9lyess\u00e9 v\u00e1ljon a hal\u00e1llom\u00e1ny \u00e9s a t\u00f3 hasznos\u00edt\u00e1sa szempontj\u00e1b\u00f3l. Ha pedig n\u00e9h\u00e1ny \u00e9ven bel\u00fcl \u00fajabb, \u00f6t-t\u00edz \u00e9vig tart\u00f3 asz\u00e1lyos id\u0151szak k\u00f6vetkezik, ism\u00e9t komoly pusztul\u00e1ssal \u00e9s k\u00e1rokkal kell sz\u00e1molni. Ez a kisz\u00e1m\u00edthatatlan, nehezen kezelhet\u0151 helyzet nemcsak gazdas\u00e1gi \u00e9s turisztikai szempontb\u00f3l jelent s\u00falyos vesztes\u00e9get, hanem a t\u00f3 megl\u00e9v\u0151 term\u00e9szeti \u00e9rt\u00e9keinek meg\u0151rz\u00e9s\u00e9t is komoly vesz\u00e9lybe sodorja.<\/p>\n<p>P\u00e1link\u00e1s Imre \u00fagy v\u00e9li, a jelenlegihez hasonl\u00f3 kritikus v\u00edz\u00e1ll\u00e1sok csak akkor ker\u00fclhet\u0151k el a j\u00f6v\u0151ben, ha stabil v\u00edzp\u00f3tl\u00f3 rendszer \u00e9p\u00fcl ki a t\u00f3n\u00e1l. \u00c1ll\u00e1spontja megegyezik a MOHOSZ \u00e9vek \u00f3ta hangoztatott v\u00e9lem\u00e9ny\u00e9vel: a Velencei-t\u00f3 j\u00f6v\u0151je tart\u00f3san csak v\u00edzp\u00f3tl\u00e1ssal biztos\u00edthat\u00f3. Erre jelenleg \u2013 ahogyan m\u00e1r 1991-ben is felmer\u00fclt \u2013 egyetlen racion\u00e1lis \u00e9s hossz\u00fa t\u00e1von fenntarthat\u00f3 megold\u00e1st l\u00e1tnak: a Dun\u00e1b\u00f3l t\u00f6rt\u00e9n\u0151 v\u00edzp\u00f3tl\u00e1st. Ennek lehet\u0151s\u00e9g\u00e9r\u0151l miel\u0151bb t\u00e1rgyal\u00e1sokat kellene kezdeni.<\/p>\n<h2>Folyamatos monitoring<\/h2>\n<p>A szakember szerint a Velencei-t\u00f3n\u00e1l elengedhetetlen a folyamatos monitoring, ugyanakkor egy ekkora v\u00edzter\u00fcleten, k\u00fcl\u00f6n\u00f6sen v\u00e9dett szikes t\u00f3k\u00e9nt, csak korl\u00e1tozott beavatkoz\u00e1si lehet\u0151s\u00e9gek \u00e1llnak rendelkez\u00e9sre.<\/p>\n<blockquote class=\"_ce_measure_widget\" data-ce-measure-widget=\"Id\u00e9zet\">\n<p>Az orsz\u00e1gban els\u0151k\u00e9nt telep\u00edtett a MOHOSZ okosb\u00f3j\u00e1t a Velencei-t\u00f3ra, ami egy nagyon fontos el\u0151jelz\u0151 k\u00e9sz\u00fcl\u00e9k. Az eszk\u00f6z adatait folyamatosan elemezz\u00fck. A b\u00f3jaadatok mellett a N\u00c9BIH-el \u00e9s az illet\u00e9kes korm\u00e1nyhivatallal k\u00f6z\u00f6sen rendszeres v\u00edzmin\u0151s\u00e9g monitoring is zajlik, melynek keret\u00e9ben k\u00e9thetes gyakoris\u00e1ggal figyelemmel k\u00eds\u00e9rj\u00fck a t\u00f3 \u00e1llapot\u00e1t. Az eddigi idei vizsg\u00e1lati eredm\u00e9nyek azt mutatj\u00e1k, hogy a rekord alacsony v\u00edz\u00e1ll\u00e1s ellen\u00e9re mag\u00e1val a v\u00edz min\u0151s\u00e9g\u00e9vel nincs probl\u00e9ma, a vizsg\u00e1lt param\u00e9terek b\u0151ven hat\u00e1r\u00e9rt\u00e9ken bel\u00fcl mozognak<\/p>\n<\/blockquote>\n<p>\u2013 mondta el P\u00e1link\u00e1s Imre.<\/p>\n<p>A kor\u00e1bbi \u00e9vtizedek \u00e1tlag\u00e1hoz k\u00e9pest ma m\u00e1r j\u00f3val kevesebb horg\u00e1sz van a Velencei-t\u00f3n\u00e1l, de az \u00e9let nem t\u0171nt el teljesen a partr\u00f3l. Az elm\u00falt hetekben valamelyest \u00e9l\u00e9nk\u00fclt a horg\u00e1szat. B\u00e1r a ragadoz\u00f3halas horg\u00e1szat helyzete kedvez\u0151tlen, akadnak eredm\u00e9nyes napok. Vannak olyan peri\u00f3dusok, amikor a halak kap\u00f3kedve kifejezetten javul, \u00e9s a horg\u00e1szok jelent\u0151s r\u00e9sze fog\u00e1s\u00e9lm\u00e9nnyel t\u00e1vozhat.<\/p>\n<p>Kor\u00e1bban t\u00f6bbsz\u00f6r is foglalkoztunk a <a href=\"https:\/\/sokszinuvidek.24.hu\/viragzo-videkunk\/2025\/10\/08\/velencei-to-dramai-vizcsokkenes\/\" target=\"_blank\" rel=\"noopener\">Velencei-t\u00f3 \u00e1llapot\u00e1val<\/a>. Dr\u00e1mai fot\u00f3sorozaton azt is bemutattuk, <a href=\"https:\/\/sokszinuvidek.24.hu\/mozaik\/2025\/10\/27\/fotosorozat-velencei-to\/\" target=\"_blank\" rel=\"noopener\">hogyan t\u0171nik el a v\u00edz<\/a>.<\/p>\n<div class=\"o-post__articRecommend m-articRecommend -hasImg cf article-recommendation-container cf _ce_measure_widget\" data-ce-measure-widget=\"Cikkaj\u00e1nl\u00f3 widget\">\n<div class=\"m-articRecommend__widgetTitle\">Kapcsol\u00f3d\u00f3<\/div>\n<div class=\"m-articRecommend__imgWrap image-container\"><a href=\"https:\/\/sokszinuvidek.24.hu\/viragzo-videkunk\/2026\/02\/19\/velencei-to-megmentese-palyazat\/\" target=\"_self\"><img loading=\"lazy\" decoding=\"async\" width=\"480\" height=\"270\" src=\"https:\/\/s.24.hu\/app\/uploads\/sites\/11\/2026\/02\/jakk-480x270.jpg\" class=\"img-responsive wp-post-image\" alt=\"\" \/><\/a><\/div>\n<div class=\"m-articRecommend__cntWrap content-container \">\n\t\t\t<a href=\"https:\/\/sokszinuvidek.24.hu\/viragzo-videkunk\/2026\/02\/19\/velencei-to-megmentese-palyazat\/\" target=\"_self\" class=\"m-articRecommend__title ar-title\">\u00cdgy menten\u00e9 meg G\u00e1rdony a Velencei-tavat<\/a>\n<div class=\"m-articRecommend__lead ar-lead\">P\u00e1ly\u00e1zat seg\u00edts\u00e9g\u00e9vel szeretn\u00e9k biztos\u00edtani a t\u00f3 viz\u00e9nek ut\u00e1np\u00f3tl\u00e1s\u00e1t.<\/div>\n<\/div>\n<\/div>\n<p>The post <a href=\"https:\/\/sokszinuvidek.24.hu\/viragzo-videkunk\/2026\/04\/25\/velencei-to-vizallas-kritikus-nyar\/\" target=\"_blank\">Kritikus ny\u00e1r el\u0151tt a Velencei-t\u00f3: rekordalacsony a v\u00edz\u00e1ll\u00e1s<\/a> first appeared on <a href=\"https:\/\/sokszinuvidek.24.hu\/\" target=\"_blank\">Soksz\u00edn\u0171 vid\u00e9k<\/a>.<\/p><div id=\"friss-2829145890\" class=\"friss-etarget-cikk-vege friss-entity-placement\"><script type=\"text\/javascript\" id=\"etargetScript7a9b589f63cb072bef80df221f46a22b\">function etargetPostloadFunction7a9b589f63cb072bef80df221f46a22b(){var e=\"etargetPostload7a9b589f63cb072bef80df221f46a22b\",t=\"etargetScript7a9b589f63cb072bef80df221f46a22b\",o=document.getElementById(e);if(o){for(var n=o.offsetTop,d=o.offsetLeft,r=o.offsetWidth,a=o.offsetHeight;o.offsetParent;)o=o.offsetParent,n+=o.offsetTop,d+=o.offsetLeft;var i=(n<=window.pageYOffset+window.innerHeight&&d<window.pageXOffset+window.innerWidth&&n+a>window.pageYOffset&&d+r>window.pageXOffset);if(i&&etargetAllowOtherCheck){allowed=!1;var c=document.createElement(\"script\");return c.src=\"\/\/hu.search.etargetnet.com\/generic\/uni.php?g=ref:58661,area:700x210\",void(document.getElementById(t)&&document.getElementById(e)&&(document.getElementById(t).parentNode.appendChild(c),document.getElementById(t).parentNode.removeChild(document.getElementById(t)),document.getElementById(e).parentNode.removeChild(document.getElementById(e)),document.removeEventListener(\"scroll\",etargetPostloadFunction7a9b589f63cb072bef80df221f46a22b),document.removeEventListener(\"resize\",etargetPostloadFunction7a9b589f63cb072bef80df221f46a22b),document.removeEventListener(\"DOMContentLoaded\",etargetPostloadFunction7a9b589f63cb072bef80df221f46a22b)))}}}var etargetDivID=\"etargetPostload7a9b589f63cb072bef80df221f46a22b\",etargetScriptID=\"etargetScript7a9b589f63cb072bef80df221f46a22b\",etargetPostloadPoint=document.createElement(\"div\");etargetPostloadPoint.id=etargetDivID;var etargetCurScript=document.getElementById(etargetScriptID);etargetCurScript.parentNode.appendChild(etargetPostloadPoint),document.addEventListener(\"scroll\",etargetPostloadFunction7a9b589f63cb072bef80df221f46a22b),document.addEventListener(\"resize\",etargetPostloadFunction7a9b589f63cb072bef80df221f46a22b),document.addEventListener(\"DOMContentLoaded\",etargetPostloadFunction7a9b589f63cb072bef80df221f46a22b);var etargetAllowOtherCheck=!0;if(typeof(\"forceRunPostload\")==\"string\"){etargetPostloadFunction7a9b589f63cb072bef80df221f46a22b()}<\/script><\/div><div id=\"friss-3605122085\" class=\"friss-after-content friss-entity-placement\"><script type=\"text\/javascript\" id=\"etargetScript7a9b589f63cb072bef80df221f46a22b\">function etargetPostloadFunction7a9b589f63cb072bef80df221f46a22b(){var e=\"etargetPostload7a9b589f63cb072bef80df221f46a22b\",t=\"etargetScript7a9b589f63cb072bef80df221f46a22b\",o=document.getElementById(e);if(o){for(var n=o.offsetTop,d=o.offsetLeft,r=o.offsetWidth,a=o.offsetHeight;o.offsetParent;)o=o.offsetParent,n+=o.offsetTop,d+=o.offsetLeft;var i=(n<=window.pageYOffset+window.innerHeight&&d<window.pageXOffset+window.innerWidth&&n+a>window.pageYOffset&&d+r>window.pageXOffset);if(i&&etargetAllowOtherCheck){allowed=!1;var c=document.createElement(\"script\");return c.src=\"\/\/hu.search.etargetnet.com\/generic\/uni.php?g=ref:58661,area:700x210\",void(document.getElementById(t)&&document.getElementById(e)&&(document.getElementById(t).parentNode.appendChild(c),document.getElementById(t).parentNode.removeChild(document.getElementById(t)),document.getElementById(e).parentNode.removeChild(document.getElementById(e)),document.removeEventListener(\"scroll\",etargetPostloadFunction7a9b589f63cb072bef80df221f46a22b),document.removeEventListener(\"resize\",etargetPostloadFunction7a9b589f63cb072bef80df221f46a22b),document.removeEventListener(\"DOMContentLoaded\",etargetPostloadFunction7a9b589f63cb072bef80df221f46a22b)))}}}var etargetDivID=\"etargetPostload7a9b589f63cb072bef80df221f46a22b\",etargetScriptID=\"etargetScript7a9b589f63cb072bef80df221f46a22b\",etargetPostloadPoint=document.createElement(\"div\");etargetPostloadPoint.id=etargetDivID;var etargetCurScript=document.getElementById(etargetScriptID);etargetCurScript.parentNode.appendChild(etargetPostloadPoint),document.addEventListener(\"scroll\",etargetPostloadFunction7a9b589f63cb072bef80df221f46a22b),document.addEventListener(\"resize\",etargetPostloadFunction7a9b589f63cb072bef80df221f46a22b),document.addEventListener(\"DOMContentLoaded\",etargetPostloadFunction7a9b589f63cb072bef80df221f46a22b);var etargetAllowOtherCheck=!0;if(typeof(\"forceRunPostload\")==\"string\"){etargetPostloadFunction7a9b589f63cb072bef80df221f46a22b()}<\/script><\/div><div id=\"friss-1331200450\" class=\"friss-after-content_2 friss-entity-placement\" style=\"clear: both;\"><div class=\"wprss_ajax\" data-id=\"rssdaf8f67ff2\"><img loading=\"lazy\" decoding=\"async\" src=\"https:\/\/friss-hirek.hu\/wp-content\/plugins\/wp-rss-retriever\/inc\/imgs\/ajax-loader.gif\" alt=\"Loading RSS Feed\" width=\"16\" height=\"16\"><\/div><\/div><br style=\"clear: both; display: block; float: none;\"\/><div id=\"friss-1193115412\" class=\"friss-after-content_3 friss-entity-placement\">https:\/\/www.youtube.com\/watch?v=Pdnw4KiUWp0<\/div>","protected":false},"excerpt":{"rendered":"<p>H\u00e9t elej\u00e9n mind\u00f6ssze 73 centim\u00e9tert mutatott a Velencei-t\u00f3 v\u00edzszintj\u00e9t m\u00e9r\u0151 m\u0171szer Ag\u00e1rdn\u00e1l, ami komoly aggodalomra ad okot az idei szezon el\u0151tt. B\u00e1r az elm\u00falt \u00e9vsz\u00e1zadban el\u0151fordult, hogy a tavaszi csapad\u00e9k jelent\u0151sen jav\u00edtott a helyzeten, ennek es\u00e9lye napr\u00f3l napra cs\u00f6kken. Ha nem \u00e9rkezik sz\u00e1mottev\u0151 ut\u00e1np\u00f3tl\u00e1s, \u00e9s a p\u00e1rolg\u00e1si vesztes\u00e9g az elm\u00falt \u00e9vekhez hasonl\u00f3an alakul, \u0151szre ak\u00e1r [&hellip;]<\/p>\n","protected":false},"author":1,"featured_media":0,"comment_status":"open","ping_status":"open","sticky":false,"template":"","format":"standard","meta":{"footnotes":""},"categories":[6],"tags":[],"class_list":["post-165989","post","type-post","status-publish","format-standard","hentry","category-videk"],"amp_enabled":true,"_links":{"self":[{"href":"https:\/\/friss-hirek.hu\/index.php\/wp-json\/wp\/v2\/posts\/165989","targetHints":{"allow":["GET"]}}],"collection":[{"href":"https:\/\/friss-hirek.hu\/index.php\/wp-json\/wp\/v2\/posts"}],"about":[{"href":"https:\/\/friss-hirek.hu\/index.php\/wp-json\/wp\/v2\/types\/post"}],"author":[{"embeddable":true,"href":"https:\/\/friss-hirek.hu\/index.php\/wp-json\/wp\/v2\/users\/1"}],"replies":[{"embeddable":true,"href":"https:\/\/friss-hirek.hu\/index.php\/wp-json\/wp\/v2\/comments?post=165989"}],"version-history":[{"count":0,"href":"https:\/\/friss-hirek.hu\/index.php\/wp-json\/wp\/v2\/posts\/165989\/revisions"}],"wp:attachment":[{"href":"https:\/\/friss-hirek.hu\/index.php\/wp-json\/wp\/v2\/media?parent=165989"}],"wp:term":[{"taxonomy":"category","embeddable":true,"href":"https:\/\/friss-hirek.hu\/index.php\/wp-json\/wp\/v2\/categories?post=165989"},{"taxonomy":"post_tag","embeddable":true,"href":"https:\/\/friss-hirek.hu\/index.php\/wp-json\/wp\/v2\/tags?post=165989"}],"curies":[{"name":"wp","href":"https:\/\/api.w.org\/{rel}","templated":true}]}}