{"id":165990,"date":"2026-04-25T04:46:29","date_gmt":"2026-04-25T04:46:29","guid":{"rendered":"https:\/\/friss-hirek.hu\/index.php\/magyarorszag-kincsei-fejer-varmegye-bakancslistas-latnivaloi\/friss-hirek\/"},"modified":"2026-04-25T04:46:29","modified_gmt":"2026-04-25T04:46:29","slug":"magyarorszag-kincsei-fejer-varmegye-bakancslistas-latnivaloi","status":"publish","type":"post","link":"https:\/\/friss-hirek.hu\/index.php\/magyarorszag-kincsei-fejer-varmegye-bakancslistas-latnivaloi\/videk\/","title":{"rendered":"Magyarorsz\u00e1g kincsei: Fej\u00e9r v\u00e1rmegye bakancslist\u00e1s l\u00e1tnival\u00f3i"},"content":{"rendered":"<p>Ha azt mondjuk Bory-v\u00e1r, N\u00e1dasdy-kast\u00e9ly, Cs\u00f3kak\u0151i v\u00e1r, Alcs\u00fati Arbor\u00e9tum, G\u00e1nti Bauxitf\u00f6ldtani Park vagy Galya-szurdok, mindenkinek azonnal Fej\u00e9r v\u00e1rmegye jut esz\u00e9be. Nem v\u00e9letlen\u00fcl: az orsz\u00e1g sz\u00edv\u00e9ben fekv\u0151 vid\u00e9k b\u0151velkedik a l\u00e1tv\u00e1nyos t\u00f6rt\u00e9nelmi eml\u00e9kekben \u00e9s term\u00e9szeti sz\u00e9ps\u00e9gekben, \u00edgy t\u00f6k\u00e9letes v\u00e1laszt\u00e1s egy tartalmas kir\u00e1ndul\u00e1shoz.<\/p><div id=\"friss-3843970101\" class=\"friss-etarget friss-entity-placement\"><script type=\"text\/javascript\" id=\"etargetScript7a9b589f63cb072bef80df221f46a22b\">function etargetPostloadFunction7a9b589f63cb072bef80df221f46a22b(){var e=\"etargetPostload7a9b589f63cb072bef80df221f46a22b\",t=\"etargetScript7a9b589f63cb072bef80df221f46a22b\",o=document.getElementById(e);if(o){for(var n=o.offsetTop,d=o.offsetLeft,r=o.offsetWidth,a=o.offsetHeight;o.offsetParent;)o=o.offsetParent,n+=o.offsetTop,d+=o.offsetLeft;var i=(n<=window.pageYOffset+window.innerHeight&&d<window.pageXOffset+window.innerWidth&&n+a>window.pageYOffset&&d+r>window.pageXOffset);if(i&&etargetAllowOtherCheck){allowed=!1;var c=document.createElement(\"script\");return c.src=\"\/\/hu.search.etargetnet.com\/generic\/uni.php?g=ref:58661,area:700x210\",void(document.getElementById(t)&&document.getElementById(e)&&(document.getElementById(t).parentNode.appendChild(c),document.getElementById(t).parentNode.removeChild(document.getElementById(t)),document.getElementById(e).parentNode.removeChild(document.getElementById(e)),document.removeEventListener(\"scroll\",etargetPostloadFunction7a9b589f63cb072bef80df221f46a22b),document.removeEventListener(\"resize\",etargetPostloadFunction7a9b589f63cb072bef80df221f46a22b),document.removeEventListener(\"DOMContentLoaded\",etargetPostloadFunction7a9b589f63cb072bef80df221f46a22b)))}}}var etargetDivID=\"etargetPostload7a9b589f63cb072bef80df221f46a22b\",etargetScriptID=\"etargetScript7a9b589f63cb072bef80df221f46a22b\",etargetPostloadPoint=document.createElement(\"div\");etargetPostloadPoint.id=etargetDivID;var etargetCurScript=document.getElementById(etargetScriptID);etargetCurScript.parentNode.appendChild(etargetPostloadPoint),document.addEventListener(\"scroll\",etargetPostloadFunction7a9b589f63cb072bef80df221f46a22b),document.addEventListener(\"resize\",etargetPostloadFunction7a9b589f63cb072bef80df221f46a22b),document.addEventListener(\"DOMContentLoaded\",etargetPostloadFunction7a9b589f63cb072bef80df221f46a22b);var etargetAllowOtherCheck=!0;if(typeof(\"forceRunPostload\")==\"string\"){etargetPostloadFunction7a9b589f63cb072bef80df221f46a22b()}<\/script><\/div>\n<p>\u00c1m a legismertebb l\u00e1tnival\u00f3k csak a kezdetet jelentik, hiszen Fej\u00e9r v\u00e1rmegye sz\u00e1mos kev\u00e9sb\u00e9 ismert, m\u00e9gis k\u00fcl\u00f6nleges helyet is rejt. V\u00e1rak, kast\u00e9lyok, kil\u00e1t\u00f3k \u00e9s hangulatos term\u00e9szeti csod\u00e1k mellett igazi kuri\u00f3zumokra is bukkanhatunk errefel\u00e9, \u00edgy azoknak is b\u0151ven tartogat meglepet\u00e9seket, akik m\u00e1r azt hiszik, mindent l\u00e1ttak.<\/p>\n<p>Fej\u00e9r v\u00e1rmegye \u00e9ppen att\u00f3l izgalmas, hogy a nagy nevek m\u00f6g\u00f6tt \u00fajabb \u00e9s \u00fajabb kincsek v\u00e1rnak felfedez\u00e9sre.<\/p>\n<h2>Iszkaszentgy\u00f6rgy \u2013 az orsz\u00e1g egyetlen k\u0151piramisa<\/h2>\n<p>Iszkaszentgy\u00f6rgy sz\u00e9l\u00e9n, csendes, nyugodt k\u00f6rnyezetben b\u00fajik meg a Piramita-hegy, melynek\u00a0 tetej\u00e9n \u00e1ll az orsz\u00e1g egyetlen k\u0151piramisa, amit egykor Pappenheim Szigfrid gr\u00f3f emeltetett.<\/p>\n<p>A legenda szerint a 10 m\u00e9ter magas piramis egy el\u0151kel\u0151 sz\u00e1rmaz\u00e1s\u00fa rokon eml\u00e9k\u00e9t \u0151rzi, aki beleszeretett egy csel\u00e9dl\u00e1nyba. A f\u0151\u00fari csal\u00e1d azonban nem fogadta el ezt a kapcsolatot, a f\u00e9rfi pedig a beteljes\u00fcletlen szerelem miatt saj\u00e1t kez\u00e9vel vetett v\u00e9get \u00e9let\u00e9nek. A t\u00f6rt\u00e9net szerint a piramis \u00e9ppen azon a helyen \u00e9p\u00fclt fel, ahol eld\u00f6rd\u00fclt a hal\u00e1los l\u00f6v\u00e9s.<\/p>\n<p>Az eredeti \u00e9p\u00edtm\u00e9ny az 1960-as \u00e9vek elej\u00e9ig \u00e1llt, \u00e1m k\u00f6veit k\u00e9s\u0151bb a k\u00f6rny\u00e9kbeliek \u00e9p\u00edt\u0151anyagk\u00e9nt hordt\u00e1k el. A ma l\u00e1that\u00f3 m\u00e1solat 2014-ben k\u00e9sz\u00fclt el, \u00edgy a k\u00fcl\u00f6nleges eml\u00e9khelyet ma is felkereshetik a kir\u00e1ndul\u00f3k.<\/p>\n<p>A piramisr\u00f3l, \u00e9s a k\u00f6zel\u00e9ben tal\u00e1lhat\u00f3 Amad\u00e9\u2013Bajz\u00e1th\u2013Pappenheim-kast\u00e9lyr\u00f3l<a href=\"https:\/\/sokszinuvidek.24.hu\/viragzo-videkunk\/2019\/01\/29\/magyarorszag-piramisa-iszkaszentgyorgy-kastely\/\" target=\"_blank\" rel=\"noopener\"> itt \u00edrtunk<\/a> kor\u00e1bban.<\/p>\n<p><a class=\"m-nextGallery _ce_measure_widget _ce_measure_link\" href=\"https:\/\/sokszinuvidek.24.hu\/viragzo-videkunk\/2026\/04\/25\/magyarorszag-kincsei-fejer-megye\/?gallery=1\/1\/3bea032e-9c9f-4d73-afe1-6978faefa268.jpg\" data-ce-measure-widget=\"gallery-open\"><\/a><\/p>\n<div class=\"m-nextGallery__featureImageCnt\">\n\t\t<img loading=\"lazy\" decoding=\"async\" width=\"1536\" height=\"2048\" src=\"https:\/\/s.24.hu\/app\/uploads\/sites\/11\/2026\/04\/3bea032e-9c9f-4d73-afe1-6978faefa268.jpg\" class=\"m-nextGallery__featureImage wp-image-365611\" alt=\"\" \/>\t<\/div>\n<div class=\"m-nextGallery__thumbnailCnt\">\n<div class=\"m-nextGallery__thumbnail\">\n<div class=\"m-nextGallery__thumbnailAspectRatio\"><img loading=\"lazy\" decoding=\"async\" width=\"1536\" height=\"2048\" src=\"https:\/\/s.24.hu\/app\/uploads\/sites\/11\/2026\/04\/50d409e4-0b85-47b4-ad60-05378011ef04.jpg\" class=\"m-nextGallery__thumbnailImage wp-image-365612\" alt=\"\" \/><\/div>\n<\/div>\n<div class=\"m-nextGallery__thumbnail\">\n<div class=\"m-nextGallery__thumbnailAspectRatio\"><img loading=\"lazy\" decoding=\"async\" width=\"1536\" height=\"2048\" src=\"https:\/\/s.24.hu\/app\/uploads\/sites\/11\/2026\/04\/4ed84517-1795-4eb6-b733-715d83ff62e2.jpg\" class=\"m-nextGallery__thumbnailImage wp-image-365615\" alt=\"\" \/><\/div>\n<\/div>\n<div class=\"m-nextGallery__thumbnail\">\n<div class=\"m-nextGallery__thumbnailAspectRatio\"><img decoding=\"async\" loading=\"lazy\" width=\"1536\" height=\"2048\" src=\"https:\/\/s.24.hu\/app\/uploads\/sites\/11\/2026\/04\/b7cedb32-8167-446e-b035-7c1b900a7960.jpg\" class=\"m-nextGallery__thumbnailImage wp-image-365616\" alt=\"\" \/><\/div>\n<\/div>\n<div class=\"m-nextGallery__thumbnail -last\">\n<div class=\"m-nextGallery__thumbnailAspectRatio\"><img decoding=\"async\" loading=\"lazy\" width=\"1536\" height=\"2048\" src=\"https:\/\/s.24.hu\/app\/uploads\/sites\/11\/2026\/04\/dbe55848-7228-4b8e-a5a1-d8710a4de100.jpg\" class=\"m-nextGallery__thumbnailImage wp-image-365614\" alt=\"\" \/><\/div>\n<div class=\"m-nextGallery__summary\">\n\t\t\t\t<span class=\"m-nextGallery__summaryIcon\">\n<p>\t\t\t\t<\/p><\/span><br \/>\n\t\t\t\t<span class=\"m-nextGallery__summaryText\"><b>5<\/b> fot\u00f3<\/span>\n\t\t\t<\/div>\n<\/div>\n<\/div>\n<p><\/p>\n<h2>Feh\u00e9rv\u00e1rcsurg\u00f3 \u2013 K\u00e1rolyi-kast\u00e9ly<\/h2>\n<p>Ha a piramist m\u00e1r megcsod\u00e1ltuk, egy r\u00f6vid aut\u00f3\u00fat ut\u00e1n Feh\u00e9rv\u00e1rcsurg\u00f3n a v\u00e1rmegye egyik kev\u00e9sb\u00e9 ismert, m\u00e9gis igaz\u00e1n impoz\u00e1ns kast\u00e9ly\u00e1t fedezhetj\u00fck fel. A K\u00e1rolyi-kast\u00e9ly a 19. sz\u00e1zadban \u00e9p\u00fclt klasszicista \u00e9s eklektikus st\u00edlusban, Henrich Koch tervei alapj\u00e1n. Az \u00e9vtizedek sor\u00e1n t\u00f6bb tulajdonosa is volt, a h\u00e1bor\u00fa idej\u00e9n katon\u00e1k haszn\u00e1lt\u00e1k, az \u00e1llamos\u00edt\u00e1s ut\u00e1n pedig \u00fcd\u00fcl\u0151k\u00e9nt, majd gyermekotthonk\u00e9nt m\u0171k\u00f6d\u00f6tt. 1979-ben leromlott \u00e1llapota miatt ki\u00fcr\u00edtett\u00e9k.<\/p>\n<p>Ma m\u00e1r eg\u00e9sz \u00e9vben l\u00e1togathat\u00f3, termeiben \u00e1lland\u00f3 \u00e9s id\u0151szaki ki\u00e1ll\u00edt\u00e1sok v\u00e1rj\u00e1k az \u00e9rdekl\u0151d\u0151ket, tavasszal pedig itt rendezik meg az Eur\u00f3pai D\u00edszn\u00f6v\u00e9ny \u00e9s Kertm\u0171v\u00e9szeti Napokat is.<\/p>\n<p>A kast\u00e9lyt 50 hekt\u00e1ros \u0151sf\u00e1s park \u00f6leli k\u00f6r\u00fcl, ahol hatalmas feny\u0151k, h\u00e1rsak, t\u00f6lgyek \u00e9s gesztenyef\u00e1k k\u00f6z\u00f6tt barangolhatunk. Az itt tal\u00e1lhat\u00f3 t\u00f3 k\u00f6r\u00fcl s\u00e9tautak vezetnek, a kis fahidak, a padok \u00e9s a v\u00edzililiomokkal tark\u00edtott v\u00edzpart igaz\u00e1n b\u00e9k\u00e9s, romantikus hangulatot \u00e1rasztanak.<\/p>\n<p>A kast\u00e9lyr\u00f3l b\u0151vebben \u00edrtunk <a href=\"https:\/\/sokszinuvidek.24.hu\/viragzo-videkunk\/2019\/09\/15\/kastelyok-fejer-megye\/?fbclid=IwY2xjawRO1RZleHRuA2FlbQIxMQBicmlkETBoVlk3ZW5sQ045ZklDVTBzc3J0YwZhcHBfaWQQMjIyMDM5MTc4ODIwMDg5MgABHnpIYa2xRtVQl7WRe0GAZj1wArmth7t5I4jezuJWkepXISVlvvIU-ChmebGO_aem_dtt19mVzAH2mhWtzhAsscQ\" target=\"_blank\" rel=\"noopener\">itt<\/a>, de \u00e9rdemes elolvasni a kast\u00e9lyt\u00f3l csak egy karny\u00fajt\u00e1snyira tal\u00e1lhat\u00f3<a href=\"https:\/\/sokszinuvidek.24.hu\/viragzo-videkunk\/2020\/08\/27\/fejer-megye-csokako-var\/\" target=\"_blank\" rel=\"noopener\"> Cs\u00f3kak\u0151i v\u00e1rr\u00f3l<\/a> k\u00e9sz\u00fclt \u00edr\u00e1sunkat is.<\/p>\n<p><a class=\"m-nextGallery _ce_measure_widget _ce_measure_link\" href=\"https:\/\/sokszinuvidek.24.hu\/viragzo-videkunk\/2026\/04\/25\/magyarorszag-kincsei-fejer-megye\/?gallery=2\/1\/653825124_1508328787970550_1084598836692255227_n.jpg\" data-ce-measure-widget=\"gallery-open\"><\/a><\/p>\n<div class=\"m-nextGallery__featureImageCnt\">\n\t\t<img decoding=\"async\" loading=\"lazy\" width=\"2048\" height=\"1365\" src=\"https:\/\/s.24.hu\/app\/uploads\/sites\/11\/2026\/04\/653825124_1508328787970550_1084598836692255227_n.jpg\" class=\"m-nextGallery__featureImage wp-image-365463\" alt=\"\" \/>\t<\/div>\n<div class=\"m-nextGallery__thumbnailCnt\">\n<div class=\"m-nextGallery__thumbnail\">\n<div class=\"m-nextGallery__thumbnailAspectRatio\"><img decoding=\"async\" loading=\"lazy\" width=\"1440\" height=\"1080\" src=\"https:\/\/s.24.hu\/app\/uploads\/sites\/11\/2026\/04\/502717682_1244315254371906_1095563868784581582_n.jpg\" class=\"m-nextGallery__thumbnailImage wp-image-365464\" alt=\"\" \/><\/div>\n<\/div>\n<div class=\"m-nextGallery__thumbnail\">\n<div class=\"m-nextGallery__thumbnailAspectRatio\"><img decoding=\"async\" loading=\"lazy\" width=\"2322\" height=\"2296\" src=\"https:\/\/s.24.hu\/app\/uploads\/sites\/11\/2026\/04\/20180521_153506.jpg\" class=\"m-nextGallery__thumbnailImage wp-image-365465\" alt=\"\" \/><\/div>\n<\/div>\n<div class=\"m-nextGallery__thumbnail\">\n<div class=\"m-nextGallery__thumbnailAspectRatio\"><img decoding=\"async\" loading=\"lazy\" width=\"4128\" height=\"2322\" src=\"https:\/\/s.24.hu\/app\/uploads\/sites\/11\/2026\/04\/20180521_151457.jpg\" class=\"m-nextGallery__thumbnailImage wp-image-365466\" alt=\"\" \/><\/div>\n<\/div>\n<div class=\"m-nextGallery__thumbnail -last\">\n<div class=\"m-nextGallery__thumbnailAspectRatio\"><img decoding=\"async\" loading=\"lazy\" width=\"3000\" height=\"4000\" src=\"https:\/\/s.24.hu\/app\/uploads\/sites\/11\/2026\/04\/20240329_152616-rotated.jpg\" class=\"m-nextGallery__thumbnailImage wp-image-365467\" alt=\"\" \/><\/div>\n<div class=\"m-nextGallery__summary\">\n\t\t\t\t<span class=\"m-nextGallery__summaryIcon\">\n<p>\t\t\t\t<\/p><\/span><br \/>\n\t\t\t\t<span class=\"m-nextGallery__summaryText\"><b>6<\/b> fot\u00f3<\/span>\n\t\t\t<\/div>\n<\/div>\n<\/div>\n<p><\/p>\n<h2>V\u00e9rteskozma<\/h2>\n<p>A G\u00e1nthoz tartoz\u00f3 V\u00e9rteskozma egy apr\u00f3cska zs\u00e1kfalu. Ugyan nem cs\u00e1b\u00edt v\u00e1rakkal vagy kast\u00e9lyokkal, m\u00e9gis meg\u00e9r egy l\u00e1togat\u00e1st. A megb\u00fav\u00f3 apr\u00f3 telep\u00fcl\u00e9s gondosan fel\u00faj\u00edtott sv\u00e1b h\u00e1zaival, \u00e1csolt ker\u00edt\u00e9seivel \u00e9s kerekes k\u00fatjaival olyan hangulatot \u00e1raszt, mintha egy skanzenben j\u00e1rn\u00e1nk. A t\u00f6bb \u00e9vsz\u00e1zados n\u00e9met paraszth\u00e1zak t\u00f6bbs\u00e9g\u00e9t ma m\u00e1r nyaral\u00f3k\u00e9nt haszn\u00e1lj\u00e1k, a falu nyugalma \u00e9s szinte \u00e9rintetlen sz\u00e9ps\u00e9ge pedig k\u00fcl\u00f6n\u00f6sen vonz\u00f3 a term\u00e9szetkedvel\u0151k sz\u00e1m\u00e1ra. V\u00e9rteskozma igazi k\u00fcl\u00f6nlegess\u00e9ge \u00e9ppen az, hogy egyszer\u0171s\u00e9g\u00e9vel \u00e9s id\u0151tlen b\u00e1j\u00e1val ragadja meg az embert.<\/p>\n<p>V\u00e9rteskozm\u00e1t <a href=\"https:\/\/sokszinuvidek.24.hu\/viragzo-videkunk\/2024\/12\/15\/verteskozma-magyarorszag-legszebb-zsakfalujaba-fotokon\/\" target=\"_blank\" rel=\"noopener\">ebben a cikk\u00fcnkben<\/a> mutattuk meg b\u0151vebben.<\/p>\n<p><a class=\"m-nextGallery _ce_measure_widget _ce_measure_link\" href=\"https:\/\/sokszinuvidek.24.hu\/viragzo-videkunk\/2026\/04\/25\/magyarorszag-kincsei-fejer-megye\/?gallery=3\/1\/vert2-e1734108642240-1024x576-1.jpg\" data-ce-measure-widget=\"gallery-open\"><\/a><\/p>\n<div class=\"m-nextGallery__featureImageCnt\">\n\t\t<img decoding=\"async\" loading=\"lazy\" width=\"1024\" height=\"576\" src=\"https:\/\/s.24.hu\/app\/uploads\/sites\/11\/2026\/04\/vert2-e1734108642240-1024x576-1.jpg\" class=\"m-nextGallery__featureImage wp-image-365469\" alt=\"\" \/>\t<\/div>\n<div class=\"m-nextGallery__thumbnailCnt\">\n<div class=\"m-nextGallery__thumbnail\">\n<div class=\"m-nextGallery__thumbnailAspectRatio\"><img decoding=\"async\" loading=\"lazy\" width=\"1140\" height=\"760\" src=\"https:\/\/s.24.hu\/app\/uploads\/sites\/11\/2026\/04\/vert8-1140x760-1.jpg\" class=\"m-nextGallery__thumbnailImage wp-image-365470\" alt=\"\" \/><\/div>\n<\/div>\n<div class=\"m-nextGallery__thumbnail\">\n<div class=\"m-nextGallery__thumbnailAspectRatio\"><img decoding=\"async\" loading=\"lazy\" width=\"1184\" height=\"1674\" src=\"https:\/\/s.24.hu\/app\/uploads\/sites\/11\/2026\/04\/149f1015-9acd-485f-941a-3d32b0b8090a.jpg\" class=\"m-nextGallery__thumbnailImage wp-image-365586\" alt=\"\" \/><\/div>\n<\/div>\n<div class=\"m-nextGallery__thumbnail\">\n<div class=\"m-nextGallery__thumbnailAspectRatio\"><img decoding=\"async\" loading=\"lazy\" width=\"1536\" height=\"2048\" src=\"https:\/\/s.24.hu\/app\/uploads\/sites\/11\/2026\/04\/7102ee0c-e35b-49cd-9f79-418423d1aa98.jpg\" class=\"m-nextGallery__thumbnailImage wp-image-365587\" alt=\"\" \/><\/div>\n<\/div>\n<div class=\"m-nextGallery__thumbnail -last\">\n<div class=\"m-nextGallery__thumbnailAspectRatio\"><img decoding=\"async\" loading=\"lazy\" width=\"1295\" height=\"1632\" src=\"https:\/\/s.24.hu\/app\/uploads\/sites\/11\/2026\/04\/f2cd6f7d-931c-4314-83c3-751ff0200b13.jpg\" class=\"m-nextGallery__thumbnailImage wp-image-365588\" alt=\"\" \/><\/div>\n<div class=\"m-nextGallery__summary\">\n\t\t\t\t<span class=\"m-nextGallery__summaryIcon\">\n<p>\t\t\t\t<\/p><\/span><br \/>\n\t\t\t\t<span class=\"m-nextGallery__summaryText\"><b>18<\/b> fot\u00f3<\/span>\n\t\t\t<\/div>\n<\/div>\n<\/div>\n<p><\/p>\n<h2>Vit\u00e1nyv\u00e1r<\/h2>\n<p>A V\u00e9rtes hegys\u00e9g \u00e9szaki lejt\u0151j\u00e9n, a Nyerges-hegy k\u00f6zel\u00e9ben b\u00fajnak meg Vit\u00e1nyv\u00e1r romjai. A keskeny hegygerincre \u00e9p\u00fclt er\u0151d\u00edtm\u00e9nyt val\u00f3sz\u00edn\u0171leg a 13. sz\u00e1zadban emelt\u00e9k, \u00e9s a t\u00f6rt\u00e9nelem sor\u00e1n t\u00f6bb nemesi csal\u00e1d is birtokolta. A t\u00f6r\u00f6k id\u0151kben t\u00f6bbsz\u00f6r gazd\u00e1t cser\u00e9lt, v\u00e9g\u00fcl 1598-ban a magyar csapatok robbantott\u00e1k fel, hogy ne ker\u00fclhessen \u00fajra ellens\u00e9ges k\u00e9zre.<\/p>\n<p>A romos v\u00e1r k\u00e9s\u0151bb elvesz\u00edtette jelent\u0151s\u00e9g\u00e9t, k\u00f6veinek nagy r\u00e9sz\u00e9t pedig a k\u00f6rny\u00e9k \u00e9p\u00edtkez\u00e9seihez hordt\u00e1k el. Ennek ellen\u00e9re a g\u00f3tikus bels\u0151tornyos v\u00e1r falai ma is helyenk\u00e9nt impoz\u00e1ns magass\u00e1gba emelkednek, a romokt\u00f3l pedig sz\u00e9p kil\u00e1t\u00e1s ny\u00edlik a k\u00f6rny\u00e9kre. A v\u00e1r az Orsz\u00e1gos K\u00e9kt\u00fara \u00fatvonal\u00e1r\u00f3l is el\u00e9rhet\u0151.<\/p>\n<p><a href=\"https:\/\/s.24.hu\/app\/uploads\/sites\/11\/2026\/04\/671663031_26426194947001370_1797939295659306520_n.jpg\"><\/a><\/p>\n<figure aria-describedby=\"caption-365472\" class=\"wp-caption alignnone\"><img decoding=\"async\" loading=\"lazy\" class=\"alignnone size-full wp-image-365472\" src=\"https:\/\/s.24.hu\/app\/uploads\/sites\/11\/2026\/04\/671663031_26426194947001370_1797939295659306520_n.jpg\" alt=\"\" width=\"2048\" height=\"1536\" title=\"Magyarorsz\u00e1g kincsei: Fej\u00e9r v\u00e1rmegye bakancslist\u00e1s l\u00e1tnival\u00f3i 1\" \/><figcaption class=\"wp-caption-text\"><span class=\"a-imgSource\">Facebook<\/span><\/figcaption><\/figure>\n\n<h2>Dinny\u00e9s \u2013 V\u00e1rpark<\/h2>\n<p>A Velencei-t\u00f3 k\u00f6rny\u00e9k\u00e9n is b\u0151ven akadnak izgalmas l\u00e1tnival\u00f3k, ezek k\u00f6z\u00fcl az egyik legk\u00fcl\u00f6nlegesebb a dinny\u00e9si V\u00e1rpark. A 2014-ben megny\u00edlt, mintegy 24 ezer n\u00e9gyzetm\u00e9teres t\u00f6rt\u00e9nelmi l\u00e1tv\u00e1nypark igazi kuri\u00f3zumnak sz\u00e1m\u00edt: k\u00f6z\u00e9pkori magyar v\u00e1rak kicsiny\u00edtett, anyagh\u0171 m\u00e1solatai sorakoznak benne, amelyek f\u00e1b\u00f3l \u00e9s k\u0151b\u0151l k\u00e9sz\u00fcltek. A makettek nemcsak kidolgozotts\u00e1guk miatt leny\u0171g\u00f6z\u0151k, hanem az\u00e9rt is, mert a parkban nagyj\u00e1b\u00f3l az eredeti f\u00f6ldrajzi elhelyezked\u00e9s\u00fcknek megfelel\u0151en kaptak helyet.<\/p>\n<p>A n\u00e9gy Guinness-rekorddal is b\u00fcszk\u00e9lked\u0151 park Alekszi Zolt\u00e1n munk\u00e1j\u00e1t dics\u00e9ri, \u00e9s k\u00e9nyelmes s\u00e9t\u00e1val minden koroszt\u00e1ly sz\u00e1m\u00e1ra bej\u00e1rhat\u00f3. A v\u00e1rmakettek mellett egy \u00c1rp\u00e1d-kori skanzen is v\u00e1rja a l\u00e1togat\u00f3kat.<\/p>\n<p>Az idei szezon egyik legjelent\u0151sebb \u00fajdons\u00e1ga a kisvas\u00fat fejleszt\u00e9se: a p\u00e1ly\u00e1n m\u00e1r egy fedett szerelv\u00e9ny is k\u00f6zlekedik, amely 24 utas sz\u00e1ll\u00edt\u00e1s\u00e1ra alkalmas. Emellett gyermekvas\u00fati program is indult, ahol a gyerekek j\u00e1t\u00e9kos form\u00e1ban ismerkedhetnek meg a vasutas munka feladataival. \u00c9ppen ez adja a V\u00e1rpark egyik legnagyobb vonzerej\u00e9t: a t\u00f6rt\u00e9nelmi hangulat itt interakt\u00edv, csal\u00e1dbar\u00e1t \u00e9lm\u00e9nyekkel p\u00e1rosul, \u00edgy a l\u00e1togat\u00e1s egyszerre lehet sz\u00f3rakoztat\u00f3 \u00e9s ismeretterjeszt\u0151.<\/p>\n<p>A V\u00e1rparkr\u00f3l sz\u00e1mtalan fot\u00f3t tekinthetsz meg egy <a href=\"https:\/\/sokszinuvidek.24.hu\/viragzo-videkunk\/2023\/04\/15\/dinnyes-varpark\/\" target=\"_blank\" rel=\"noopener\">kor\u00e1bbi cikk\u00fcnkben<\/a>.<\/p>\n<p><a class=\"m-nextGallery _ce_measure_widget _ce_measure_link\" href=\"https:\/\/sokszinuvidek.24.hu\/viragzo-videkunk\/2026\/04\/25\/magyarorszag-kincsei-fejer-megye\/?gallery=4\/1\/20230326_145724-e1680037238891-1024x576-1.jpg\" data-ce-measure-widget=\"gallery-open\"><\/a><\/p>\n<div class=\"m-nextGallery__featureImageCnt\">\n\t\t<img decoding=\"async\" loading=\"lazy\" width=\"1024\" height=\"576\" src=\"https:\/\/s.24.hu\/app\/uploads\/sites\/11\/2026\/04\/20230326_145724-e1680037238891-1024x576-1.jpg\" class=\"m-nextGallery__featureImage wp-image-365477\" alt=\"\" \/>\t<\/div>\n<div class=\"m-nextGallery__thumbnailCnt\">\n<div class=\"m-nextGallery__thumbnail\">\n<div class=\"m-nextGallery__thumbnailAspectRatio\"><img decoding=\"async\" loading=\"lazy\" width=\"2048\" height=\"1365\" src=\"https:\/\/s.24.hu\/app\/uploads\/sites\/11\/2026\/04\/656841409_1369502105216287_3900550648189711410_n.jpg\" class=\"m-nextGallery__thumbnailImage wp-image-365478\" alt=\"\" \/><\/div>\n<\/div>\n<div class=\"m-nextGallery__thumbnail\">\n<div class=\"m-nextGallery__thumbnailAspectRatio\"><img decoding=\"async\" loading=\"lazy\" width=\"2048\" height=\"1365\" src=\"https:\/\/s.24.hu\/app\/uploads\/sites\/11\/2026\/04\/654298288_1364779305688567_7752533515882675225_n.jpg\" class=\"m-nextGallery__thumbnailImage wp-image-365479\" alt=\"\" \/><\/div>\n<\/div>\n<div class=\"m-nextGallery__thumbnail\">\n<div class=\"m-nextGallery__thumbnailAspectRatio\"><img decoding=\"async\" loading=\"lazy\" width=\"2048\" height=\"1365\" src=\"https:\/\/s.24.hu\/app\/uploads\/sites\/11\/2026\/04\/649235229_1355881599911671_2623841142232440607_n.jpg\" class=\"m-nextGallery__thumbnailImage wp-image-365480\" alt=\"\" \/><\/div>\n<\/div>\n<div class=\"m-nextGallery__thumbnail -last\">\n<div class=\"m-nextGallery__thumbnailAspectRatio\"><img decoding=\"async\" loading=\"lazy\" width=\"2048\" height=\"1536\" src=\"https:\/\/s.24.hu\/app\/uploads\/sites\/11\/2026\/04\/595210509_1279864700846695_887145452010758080_n.jpg\" class=\"m-nextGallery__thumbnailImage wp-image-365481\" alt=\"\" \/><\/div>\n<div class=\"m-nextGallery__summary\">\n\t\t\t\t<span class=\"m-nextGallery__summaryIcon\">\n<p>\t\t\t\t<\/p><\/span><br \/>\n\t\t\t\t<span class=\"m-nextGallery__summaryText\"><b>6<\/b> fot\u00f3<\/span>\n\t\t\t<\/div>\n<\/div>\n<\/div>\n<p><\/p>\n<h2>P\u00e1kozd \u2013 Ing\u00f3k\u00f6vek<\/h2>\n<p>A Velencei-hegys\u00e9g egyik legk\u00fcl\u00f6nlegesebb l\u00e1tnival\u00f3ja k\u00e9ts\u00e9gtelen\u00fcl a p\u00e1kozdi ing\u00f3k\u00f6vek vil\u00e1ga. A P\u00e1kozd \u00e9s Sukor\u00f3 k\u00f6zigazgat\u00e1si ter\u00fclet\u00e9n fekv\u0151, 44 hekt\u00e1ros term\u00e9szetv\u00e9delmi ter\u00fcleten eg\u00e9szen k\u00fcl\u00f6nleges sziklaform\u00e1ci\u00f3k emelkednek ki a t\u00e1jb\u00f3l, amelyek els\u0151 pillant\u00e1sra \u00fagy hatnak, mintha valaki j\u00e1t\u00e9kosan egym\u00e1sra egyens\u00falyozta volna \u0151ket. Nem v\u00e9letlen, hogy a n\u00e9pnyelv ing\u00f3k\u00f6veknek nevezte el ezeket a k\u00fcl\u00f6n\u00f6s alakzatokat, \u00e1m a l\u00e1tszat csal: a hatalmas gr\u00e1nitt\u00f6mb\u00f6k val\u00f3j\u00e1ban rendk\u00edv\u00fcl stabilak, \u00e9s m\u00e1r \u00e9vmilli\u00f3k \u00f3ta dacolnak az id\u0151j\u00e1r\u00e1ssal.<\/p>\n<p>A hegys\u00e9get alkot\u00f3 gr\u00e1nit mintegy 300 milli\u00f3 \u00e9ve keletkezett, \u00e9s Magyarorsz\u00e1gon csak k\u00e9t helyen, itt \u00e9s a Keleti Mecsekben lehet a gr\u00e1nitot k\u00f6zvetlen\u00fcl a felsz\u00ednen tanulm\u00e1nyozni. Az er\u00f3zi\u00f3nak ellen\u00e1ll\u00f3 k\u0151t\u00f6mb\u00f6k az id\u0151k sor\u00e1n lekerek\u00edtett \u00e9l\u0171, egym\u00e1sra tornyosul\u00f3 sziklacsoportokk\u00e1 form\u00e1l\u00f3dtak, amelyek ma a k\u00f6rny\u00e9k legizgalmasabb term\u00e9szeti \u00e9rt\u00e9kei k\u00f6z\u00e9 tartoznak.<\/p>\n<p>A P\u00e1kozd k\u00f6zpontj\u00e1b\u00f3l indul\u00f3 k\u00f6rt\u00fara remek lehet\u0151s\u00e9get k\u00edn\u00e1l arra, hogy a legismertebb ing\u00f3k\u00f6veket is felfedezz\u00fck, r\u00e1ad\u00e1sul ez a program a gyerekek sz\u00e1m\u00e1ra is \u00e9lvezetes lehet. Egyes szikl\u00e1kra, p\u00e9ld\u00e1ul a Pog\u00e1ny-k\u0151re, biztons\u00e1gosan fel lehet m\u00e1szni, ahonnan sz\u00e9p kil\u00e1t\u00e1s ny\u00edlik a k\u00f6rny\u00e9kre, m\u00edg m\u00e1s form\u00e1ci\u00f3kn\u00e1l, p\u00e9ld\u00e1ul a Pand\u00far-k\u0151n\u00e9l, \u00e9rdemes fokozott \u00f3vatoss\u00e1ggal k\u00f6zlekedni.<\/p>\n<p>Az ing\u00f3k\u00f6vekr\u0151l, \u00e9s m\u00e1s term\u00e9szeti csod\u00e1r\u00f3l<a href=\"https:\/\/sokszinuvidek.24.hu\/viragzo-videkunk\/2020\/06\/11\/erdekes-magyarorszagi-kepzodmenyek\/\" target=\"_blank\" rel=\"noopener\"> itt \u00edrtunk<\/a> r\u00e9szletesen.<\/p>\n<p><a href=\"https:\/\/s.24.hu\/app\/uploads\/sites\/11\/2026\/04\/1496080777-1024x768-1.jpg\"><\/a><\/p>\n<figure aria-describedby=\"caption-365483\" class=\"wp-caption alignnone\"><img decoding=\"async\" loading=\"lazy\" class=\"alignnone size-full wp-image-365483\" src=\"https:\/\/s.24.hu\/app\/uploads\/sites\/11\/2026\/04\/1496080777-1024x768-1.jpg\" alt=\"\" width=\"1024\" height=\"768\" title=\"Magyarorsz\u00e1g kincsei: Fej\u00e9r v\u00e1rmegye bakancslist\u00e1s l\u00e1tnival\u00f3i 2\" \/><figcaption class=\"wp-caption-text\"><span class=\"a-imgSource\">P\u00e1kozdi ing\u00f3k\u00f6vek \u2013 Kocka-k\u0151 Fot\u00f3: Orsz\u00e1galbum\/Juh\u00e1szJ<\/span><\/figcaption><\/figure>\n\n<h2>Sukor\u00f3 \u2013 Likas k\u0151<\/h2>\n<p>Az ing\u00f3k\u00f6vek ut\u00e1n \u00e9rdemes felkeresni a k\u00f6zelben tal\u00e1lhat\u00f3 Likas-k\u00f6vet is, amely a Velencei-hegys\u00e9g egyik legl\u00e1tv\u00e1nyosabb f\u00f6ldtani k\u00e9pz\u0151dm\u00e9nye. A Sukor\u00f3 f\u00f6l\u00f6tti erd\u0151kben, a Meleg-hegy k\u00f6zel\u00e9ben emelked\u0151 k\u00fcl\u00f6nleges sziklaalakzat anyaga nem gr\u00e1nit, hanem kvarcit, amely az \u00e9vmilli\u00f3k sor\u00e1n az er\u00f3zi\u00f3 hat\u00e1s\u00e1ra form\u00e1l\u00f3dott ilyen egyediv\u00e9.<\/p>\n<p>A Likas-k\u0151 leg\u00e9rdekesebb r\u00e9sze a k\u00f6zep\u00e9n t\u00e1tong\u00f3 ny\u00edl\u00e1s, amelyr\u0151l a nev\u00e9t is kapta. A hatalmas szikla teljesen k\u00f6rbej\u00e1rhat\u00f3, \u00edgy minden ir\u00e1nyb\u00f3l megcsod\u00e1lhat\u00f3. K\u00fcl\u00f6n \u00e9rdekess\u00e9g, hogy m\u00e1r egy 1295-ben kelt oklev\u00e9l is eml\u00edti, akkoriban hat\u00e1rjelk\u00e9nt szolg\u00e1lt. A term\u00e9szetj\u00e1r\u00f3k sz\u00e1m\u00e1ra ma is kedvelt c\u00e9lpont, amely t\u00f6bb \u00fatvonalon is megk\u00f6zel\u00edthet\u0151 Sukor\u00f3 fel\u0151l.<\/p>\n<p><a class=\"m-nextGallery _ce_measure_widget _ce_measure_link\" href=\"https:\/\/sokszinuvidek.24.hu\/viragzo-videkunk\/2026\/04\/25\/magyarorszag-kincsei-fejer-megye\/?gallery=5\/1\/504067456_24629206746667393_2863148967561708270_n.jpg\" data-ce-measure-widget=\"gallery-open\"><\/a><\/p>\n<div class=\"m-nextGallery__featureImageCnt\">\n\t\t<img decoding=\"async\" loading=\"lazy\" width=\"2048\" height=\"1536\" src=\"https:\/\/s.24.hu\/app\/uploads\/sites\/11\/2026\/04\/504067456_24629206746667393_2863148967561708270_n.jpg\" class=\"m-nextGallery__featureImage wp-image-365484\" alt=\"\" \/>\t<\/div>\n<div class=\"m-nextGallery__thumbnailCnt\">\n<div class=\"m-nextGallery__thumbnail\">\n<div class=\"m-nextGallery__thumbnailAspectRatio\"><img decoding=\"async\" loading=\"lazy\" width=\"2048\" height=\"1536\" src=\"https:\/\/s.24.hu\/app\/uploads\/sites\/11\/2026\/04\/504935109_24629206763334058_6939971282892700772_n.jpg\" class=\"m-nextGallery__thumbnailImage wp-image-365485\" alt=\"\" \/><\/div>\n<\/div>\n<div class=\"m-nextGallery__thumbnail\">\n<div class=\"m-nextGallery__thumbnailAspectRatio\"><img decoding=\"async\" loading=\"lazy\" width=\"2048\" height=\"1536\" src=\"https:\/\/s.24.hu\/app\/uploads\/sites\/11\/2026\/04\/504638023_24629206620000739_2049761623136949412_n.jpg\" class=\"m-nextGallery__thumbnailImage wp-image-365486\" alt=\"\" \/><\/div>\n<\/div>\n<div class=\"m-nextGallery__thumbnail\">\n<div class=\"m-nextGallery__thumbnailAspectRatio\"><img decoding=\"async\" loading=\"lazy\" width=\"2048\" height=\"1536\" src=\"https:\/\/s.24.hu\/app\/uploads\/sites\/11\/2026\/04\/504165182_24629206663334068_1464955635982331250_n.jpg\" class=\"m-nextGallery__thumbnailImage wp-image-365487\" alt=\"\" \/><\/div>\n<\/div>\n<div class=\"m-nextGallery__thumbnail -last\">\n<div class=\"m-nextGallery__thumbnailAspectRatio\"><img decoding=\"async\" loading=\"lazy\" width=\"2048\" height=\"1536\" src=\"https:\/\/s.24.hu\/app\/uploads\/sites\/11\/2026\/04\/504061611_24629206676667400_4035916277699400575_n.jpg\" class=\"m-nextGallery__thumbnailImage wp-image-365488\" alt=\"\" \/><\/div>\n<div class=\"m-nextGallery__summary\">\n\t\t\t\t<span class=\"m-nextGallery__summaryIcon\">\n<p>\t\t\t\t<\/p><\/span><br \/>\n\t\t\t\t<span class=\"m-nextGallery__summaryText\"><b>5<\/b> fot\u00f3<\/span>\n\t\t\t<\/div>\n<\/div>\n<\/div>\n<p><\/p>\n<h2>Nadap \u2013 Szintez\u00e9si \u0150sjegy<\/h2>\n<p>Nadap l\u00e1tv\u00e1nyos szikl\u00e1inak k\u00f6zel\u00e9ben tal\u00e1lhat\u00f3 a nadapi szintez\u00e9si \u0151sjegy, haz\u00e1nk egykori legf\u0151bb t\u00e9rk\u00e9p\u00e9szeti \u00e9s \u00e9p\u00edt\u00e9szeti viszony\u00edt\u00e1si pontja. Az 1888-ban l\u00e9trehozott pontot k\u00e9s\u0151bb az orsz\u00e1gos szintez\u00e9si h\u00e1l\u00f3zat f\u0151alappontj\u00e1v\u00e1 nyilv\u00e1n\u00edtott\u00e1k, \u00edgy hossz\u00fa id\u0151n \u00e1t meghat\u00e1roz\u00f3 szerepet j\u00e1tszott a magyarorsz\u00e1gi magass\u00e1gm\u00e9r\u00e9sekben. K\u00fcl\u00f6n \u00e9rdekess\u00e9g, hogy itt egym\u00e1s k\u00f6zel\u00e9ben az adriai \u00e9s a balti alapszinthez kapcsol\u00f3d\u00f3 pont is megtal\u00e1lhat\u00f3. Az adriai k\u00f6z\u00e9ptengerszinthez viszony\u00edtott relat\u00edv magass\u00e1ga 173,8385 m, a balti alapszinthez viszony\u00edtott magass\u00e1ga pedig 173,1638 m.<\/p>\n<p>A hely nemcsak tudom\u00e1nyt\u00f6rt\u00e9neti szempontb\u00f3l izgalmas, hanem kir\u00e1ndul\u00f3helyk\u00e9nt is remek \u00fati c\u00e9l. Sz\u00e9p term\u00e9szeti k\u00f6rnyezetben fekszik, turistajelz\u00e9s vezet hozz\u00e1, r\u00e1ad\u00e1sul k\u00f6nnyen megk\u00f6zel\u00edthet\u0151 \u00e9s j\u00f3l ki is van t\u00e1bl\u00e1zva. Nadap ezen k\u00fcl\u00f6nleges pontja \u00edgy egyszerre k\u00edn\u00e1l \u00e9rdekes t\u00f6rt\u00e9neti h\u00e1tteret \u00e9s kellemes szabadt\u00e9ri programot.<\/p>\n<p>Kor\u00e1bban is \u00edrtunk m\u00e1r err\u0151l a helyr\u0151l, <a href=\"https:\/\/sokszinuvidek.24.hu\/viragzo-videkunk\/2018\/09\/30\/nadapi-szintezesi-osjegy\/?fbclid=IwY2xjawRPgJhleHRuA2FlbQIxMQBicmlkETBoVlk3ZW5sQ045ZklDVTBzc3J0YwZhcHBfaWQQMjIyMDM5MTc4ODIwMDg5MgABHoROqYXM-mkfCazgM7Vhe_Cv7UNK8c6jFlA2Egfj42QhKDGnwvjGG7akczIN_aem_kpA3fMcPKO8CblVGJpqaQw\" target=\"_blank\" rel=\"noopener\">itt<\/a> olvashatod.<\/p>\n<p><a href=\"https:\/\/s.24.hu\/app\/uploads\/sites\/11\/2026\/04\/szintezesi_osjegy_nadap_-_panoramio.jpg\"><\/a><\/p>\n<figure aria-describedby=\"caption-365490\" class=\"wp-caption alignnone\"><img decoding=\"async\" loading=\"lazy\" class=\"alignnone size-full wp-image-365490\" src=\"https:\/\/s.24.hu\/app\/uploads\/sites\/11\/2026\/04\/szintezesi_osjegy_nadap_-_panoramio.jpg\" alt=\"\" width=\"1280\" height=\"857\" title=\"Magyarorsz\u00e1g kincsei: Fej\u00e9r v\u00e1rmegye bakancslist\u00e1s l\u00e1tnival\u00f3i 3\" \/><figcaption class=\"wp-caption-text\"><span class=\"a-imgSource\">Wikimedia Commons<\/span><\/figcaption><\/figure>\n\n<h2>T\u00e1c \u2013 Gorsium R\u00e9g\u00e9szeti Park<\/h2>\n<p>Sz\u00e9kesfeh\u00e9rv\u00e1rt\u00f3l mintegy 10 kilom\u00e9terre d\u00e9lre, T\u00e1c k\u00f6zel\u00e9ben tal\u00e1lhat\u00f3 a Gorsium R\u00e9g\u00e9szeti Park, amely haz\u00e1nk egyik legjelent\u0151sebb, m\u00e9gis kev\u00e9sb\u00e9 ismert r\u00f3mai kori romter\u00fclete. Az egykori telep\u00fcl\u00e9s hely\u00e9n Kr. u. 46\u201349 k\u00f6z\u00f6tt katonai t\u00e1bor \u00e1llt, amely k\u00e9s\u0151bb Pannonia egyik legnagyobb \u00e9s leggazdagabb v\u00e1ros\u00e1v\u00e1 fejl\u0151d\u00f6tt.<\/p>\n<p>A II\u2013IV. sz\u00e1zadban vir\u00e1gkor\u00e1t \u00e9l\u0151 Gorsium ma az orsz\u00e1g legnagyobb r\u00e9g\u00e9szeti parkjak\u00e9nt v\u00e1rja a l\u00e1togat\u00f3kat. A felt\u00e1rt romok \u00e9s a legfontosabb leletek \u00e1lland\u00f3 ki\u00e1ll\u00edt\u00e1son is megtekinthet\u0151k, a s\u00e9ta sor\u00e1n pedig \u00e9rdemes felkeresni a Fresk\u00f3s-h\u00e1zat, a lakomatermet \u00e9s a test\u0151rs\u00e9gi laktany\u00e1t is. A rekonstru\u00e1lt er\u0151dfal tetej\u00e9re fel lehet menni, ahonnan kil\u00e1t\u00e1s is ny\u00edlik a romter\u00fcletre.<\/p>\n<p><a class=\"m-nextGallery _ce_measure_widget _ce_measure_link\" href=\"https:\/\/sokszinuvidek.24.hu\/viragzo-videkunk\/2026\/04\/25\/magyarorszag-kincsei-fejer-megye\/?gallery=6\/1\/518411518_24990771537177577_2048394142857217055_n.jpg\" data-ce-measure-widget=\"gallery-open\"><\/a><\/p>\n<div class=\"m-nextGallery__featureImageCnt\">\n\t\t<img decoding=\"async\" loading=\"lazy\" width=\"2048\" height=\"1536\" src=\"https:\/\/s.24.hu\/app\/uploads\/sites\/11\/2026\/04\/518411518_24990771537177577_2048394142857217055_n.jpg\" class=\"m-nextGallery__featureImage wp-image-365491\" alt=\"\" \/>\t<\/div>\n<div class=\"m-nextGallery__thumbnailCnt\">\n<div class=\"m-nextGallery__thumbnail\">\n<div class=\"m-nextGallery__thumbnailAspectRatio\"><img decoding=\"async\" loading=\"lazy\" width=\"2048\" height=\"1536\" src=\"https:\/\/s.24.hu\/app\/uploads\/sites\/11\/2026\/04\/520273983_24990793117175419_8167663408220577887_n.jpg\" class=\"m-nextGallery__thumbnailImage wp-image-365492\" alt=\"\" \/><\/div>\n<\/div>\n<div class=\"m-nextGallery__thumbnail\">\n<div class=\"m-nextGallery__thumbnailAspectRatio\"><img decoding=\"async\" loading=\"lazy\" width=\"2048\" height=\"1536\" src=\"https:\/\/s.24.hu\/app\/uploads\/sites\/11\/2026\/04\/518380305_24990771913844206_8971578622203419916_n.jpg\" class=\"m-nextGallery__thumbnailImage wp-image-365493\" alt=\"\" \/><\/div>\n<\/div>\n<div class=\"m-nextGallery__thumbnail\">\n<div class=\"m-nextGallery__thumbnailAspectRatio\"><img decoding=\"async\" loading=\"lazy\" width=\"2048\" height=\"1536\" src=\"https:\/\/s.24.hu\/app\/uploads\/sites\/11\/2026\/04\/519544779_24990799283841469_5841459006910409681_n.jpg\" class=\"m-nextGallery__thumbnailImage wp-image-365494\" alt=\"\" \/><\/div>\n<\/div>\n<div class=\"m-nextGallery__thumbnail -last\">\n<div class=\"m-nextGallery__thumbnailAspectRatio\"><img decoding=\"async\" loading=\"lazy\" width=\"2048\" height=\"1536\" src=\"https:\/\/s.24.hu\/app\/uploads\/sites\/11\/2026\/04\/518411171_24990795443841853_4467424785232630573_n.jpg\" class=\"m-nextGallery__thumbnailImage wp-image-365495\" alt=\"\" \/><\/div>\n<div class=\"m-nextGallery__summary\">\n\t\t\t\t<span class=\"m-nextGallery__summaryIcon\">\n<p>\t\t\t\t<\/p><\/span><br \/>\n\t\t\t\t<span class=\"m-nextGallery__summaryText\"><b>12<\/b> fot\u00f3<\/span>\n\t\t\t<\/div>\n<\/div>\n<\/div>\n<p><\/p>\n<h2>V\u00e1l \u2013 Szerelemszobor<\/h2>\n<p>A monument\u00e1lis, Szerelem c\u00edm\u0171 szobor V\u00e1l k\u00fclter\u00fclet\u00e9n, a Haraszthy pinc\u00e9szet birtok\u00e1n \u00e1ll, a sz\u0151l\u0151k k\u00f6z\u00f6tt, egy dombtet\u0151n, ahonnan gy\u00f6ny\u00f6r\u0171 kil\u00e1t\u00e1s ny\u00edlik a k\u00f6rny\u00e9kre. Az alkot\u00e1st Alexander Milov k\u00e9sz\u00edtette 2015-ben az amerikai Burning Man fesztiv\u00e1lra, majd 2017-ben ker\u00fclt Magyarorsz\u00e1gra.<\/p>\n<p>A csaknem 10 m\u00e9ter magas \u00e9s 16 m\u00e9ter sz\u00e9les szobor egy f\u00e9rfi \u00e9s egy n\u0151 k\u00f6z\u00f6tti konfliktust jelen\u00edt meg. A h\u00e1ttal \u00fcl\u0151, dr\u00f3tb\u00f3l form\u00e1lt alakok a fesz\u00fclts\u00e9get \u00e9s az elt\u00e1volod\u00e1st szimboliz\u00e1lj\u00e1k, m\u00edg a belsej\u00fckben egym\u00e1s fel\u00e9 fordul\u00f3 gyermekfigur\u00e1k a szeretetet, az \u00f6lel\u00e9s ir\u00e1nti v\u00e1gyat \u00e9s a rem\u00e9nyt fejezik ki. S\u00f6t\u00e9ted\u00e9s ut\u00e1n a bels\u0151 alakok feh\u00e9r f\u00e9nyben vil\u00e1g\u00edtanak, ami a tisztas\u00e1got, az \u00e1rtatlans\u00e1got \u00e9s az egym\u00e1sba kapaszkod\u00e1s erej\u00e9t jelk\u00e9pezi.<\/p>\n<p>A szobor az elm\u00falt \u00e9vekben n\u00e9pszer\u0171 kir\u00e1ndul\u00f3helly\u00e9 v\u00e1lt, k\u00fcl\u00f6n\u00f6sen a pand\u00e9mia idej\u00e9n kerest\u00e9k fel sokan. A megn\u00f6vekedett \u00e9rdekl\u0151d\u00e9s miatt a helysz\u00ednen parkol\u00f3t, mosd\u00f3kat \u00e9s b\u00fcf\u00e9t is kialak\u00edtottak. A birtok legk\u00f6nnyebben aut\u00f3val k\u00f6zel\u00edthet\u0151 meg, de t\u00f6megk\u00f6zleked\u00e9ssel is el\u00e9rhet\u0151, igaz, ebben az esetben egy r\u00f6videbb s\u00e9t\u00e1ra is sz\u00e1m\u00edtani kell.<\/p>\n<p><a class=\"m-nextGallery _ce_measure_widget _ce_measure_link\" href=\"https:\/\/sokszinuvidek.24.hu\/viragzo-videkunk\/2026\/04\/25\/magyarorszag-kincsei-fejer-megye\/?gallery=7\/1\/b0c6120c-0f48-465f-889d-d1cfe7785104.jpg\" data-ce-measure-widget=\"gallery-open\"><\/a><\/p>\n<div class=\"m-nextGallery__featureImageCnt\">\n\t\t<img decoding=\"async\" loading=\"lazy\" width=\"2048\" height=\"1536\" src=\"https:\/\/s.24.hu\/app\/uploads\/sites\/11\/2026\/04\/b0c6120c-0f48-465f-889d-d1cfe7785104.jpg\" class=\"m-nextGallery__featureImage wp-image-365602\" alt=\"\" \/>\t<\/div>\n<div class=\"m-nextGallery__thumbnailCnt\">\n<div class=\"m-nextGallery__thumbnail\">\n<div class=\"m-nextGallery__thumbnailAspectRatio\"><img decoding=\"async\" loading=\"lazy\" width=\"2048\" height=\"1536\" src=\"https:\/\/s.24.hu\/app\/uploads\/sites\/11\/2026\/04\/ce7b5256-177e-4432-8ca0-72208491d8ca.jpg\" class=\"m-nextGallery__thumbnailImage wp-image-365603\" alt=\"\" \/><\/div>\n<\/div>\n<div class=\"m-nextGallery__thumbnail\">\n<div class=\"m-nextGallery__thumbnailAspectRatio\"><img decoding=\"async\" loading=\"lazy\" width=\"1536\" height=\"2048\" src=\"https:\/\/s.24.hu\/app\/uploads\/sites\/11\/2026\/04\/983cd8c9-d0b1-4ce6-96ef-92be835dcff0.jpg\" class=\"m-nextGallery__thumbnailImage wp-image-365604\" alt=\"\" \/><\/div>\n<\/div>\n<div class=\"m-nextGallery__thumbnail\">\n<div class=\"m-nextGallery__thumbnailAspectRatio\"><img decoding=\"async\" loading=\"lazy\" width=\"1004\" height=\"1634\" src=\"https:\/\/s.24.hu\/app\/uploads\/sites\/11\/2026\/04\/760cf151-3492-404a-ae86-0d87f966872c.jpg\" class=\"m-nextGallery__thumbnailImage wp-image-365605\" alt=\"\" \/><\/div>\n<\/div>\n<div class=\"m-nextGallery__thumbnail -last\">\n<div class=\"m-nextGallery__thumbnailAspectRatio\"><img decoding=\"async\" loading=\"lazy\" width=\"2048\" height=\"1536\" src=\"https:\/\/s.24.hu\/app\/uploads\/sites\/11\/2026\/04\/ef93a181-d4a0-411e-85b0-21ddc579ded6.jpg\" class=\"m-nextGallery__thumbnailImage wp-image-365606\" alt=\"\" \/><\/div>\n<div class=\"m-nextGallery__summary\">\n\t\t\t\t<span class=\"m-nextGallery__summaryIcon\">\n<p>\t\t\t\t<\/p><\/span><br \/>\n\t\t\t\t<span class=\"m-nextGallery__summaryText\"><b>9<\/b> fot\u00f3<\/span>\n\t\t\t<\/div>\n<\/div>\n<\/div>\n<p><\/p>\n<p>Sorozatunk el\u0151z\u0151 r\u00e9szeiben \u00edrtunk <a href=\"https:\/\/sokszinuvidek.24.hu\/viragzo-videkunk\/2026\/04\/11\/nograd-varmegye-turizmus-kirandulas\/\" target=\"_blank\" rel=\"noopener\">N\u00f3gr\u00e1d v\u00e1rmegye 10 p\u00e1ratlanul sz\u00e9p l\u00e1tnival\u00f3j\u00e1r\u00f3l<\/a>, bemutattuk <a href=\"https:\/\/sokszinuvidek.24.hu\/viragzo-videkunk\/2026\/03\/21\/komarom-esztergom-megye-varmegye-10-alig-ismert-latnivaloja\/\" target=\"_blank\" rel=\"noopener\">Kom\u00e1rom-Esztergom v\u00e1rmegye 10 alig ismert l\u00e1tnival\u00f3j\u00e1t<\/a>, <a href=\"https:\/\/sokszinuvidek.24.hu\/viragzo-videkunk\/2026\/03\/28\/magyarorszag-kincsei-heves-varmegye-latnivalok\/\" target=\"_blank\" rel=\"noopener\">Heves v\u00e1rmegye kincseit<\/a> \u00e9s <a href=\"https:\/\/sokszinuvidek.24.hu\/viragzo-videkunk\/2026\/04\/18\/gyor-moson-sopron-varmegye-gyor-ssopron-ferto-taj-ravazd-nyul-pannonhalma-lebeny-tura-kirandulas\/\" target=\"_blank\" rel=\"noopener\">Gy\u0151r-Moson-Sopron v\u00e1rmegye 10 izgalmas l\u00e1tnival\u00f3j\u00e1t<\/a> is.<\/p>\n<div class=\"o-post__articRecommend m-articRecommend -hasImg cf article-recommendation-container cf _ce_measure_widget\" data-ce-measure-widget=\"Cikkaj\u00e1nl\u00f3 widget\">\n<div class=\"m-articRecommend__widgetTitle\">Kapcsol\u00f3d\u00f3<\/div>\n<div class=\"m-articRecommend__imgWrap image-container\"><a href=\"https:\/\/sokszinuvidek.24.hu\/viragzo-videkunk\/2017\/09\/25\/emleket-allit-a-hitvesi-szeretetnek-a-magyar-tadzs-mahal\/\" target=\"_self\"><img decoding=\"async\" loading=\"lazy\" width=\"480\" height=\"269\" src=\"https:\/\/s.24.hu\/app\/uploads\/sites\/11\/2017\/09\/50-e1506268686406-480x269.jpg\" class=\"img-responsive wp-post-image\" alt=\"\" \/><\/a><\/div>\n<div class=\"m-articRecommend__cntWrap content-container \">\n\t\t\t<a href=\"https:\/\/sokszinuvidek.24.hu\/viragzo-videkunk\/2017\/09\/25\/emleket-allit-a-hitvesi-szeretetnek-a-magyar-tadzs-mahal\/\" target=\"_self\" class=\"m-articRecommend__title ar-title\">Eml\u00e9ket \u00e1ll\u00edt a hitvesi szeretetnek a magyar T\u00e1dzs Mahal<\/a>\n<div class=\"m-articRecommend__lead ar-lead\">Ezt a kincset mindenkinek \u00e9rdemes megl\u00e1togatnia.<\/div>\n<\/div>\n<\/div>\n<p>The post <a href=\"https:\/\/sokszinuvidek.24.hu\/viragzo-videkunk\/2026\/04\/25\/magyarorszag-kincsei-fejer-megye\/\" target=\"_blank\">Magyarorsz\u00e1g kincsei: Fej\u00e9r v\u00e1rmegye bakancslist\u00e1s l\u00e1tnival\u00f3i<\/a> first appeared on <a href=\"https:\/\/sokszinuvidek.24.hu\/\" target=\"_blank\">Soksz\u00edn\u0171 vid\u00e9k<\/a>.<\/p><div id=\"friss-113627417\" class=\"friss-etarget-cikk-vege friss-entity-placement\"><script type=\"text\/javascript\" id=\"etargetScript7a9b589f63cb072bef80df221f46a22b\">function etargetPostloadFunction7a9b589f63cb072bef80df221f46a22b(){var e=\"etargetPostload7a9b589f63cb072bef80df221f46a22b\",t=\"etargetScript7a9b589f63cb072bef80df221f46a22b\",o=document.getElementById(e);if(o){for(var n=o.offsetTop,d=o.offsetLeft,r=o.offsetWidth,a=o.offsetHeight;o.offsetParent;)o=o.offsetParent,n+=o.offsetTop,d+=o.offsetLeft;var i=(n<=window.pageYOffset+window.innerHeight&&d<window.pageXOffset+window.innerWidth&&n+a>window.pageYOffset&&d+r>window.pageXOffset);if(i&&etargetAllowOtherCheck){allowed=!1;var c=document.createElement(\"script\");return c.src=\"\/\/hu.search.etargetnet.com\/generic\/uni.php?g=ref:58661,area:700x210\",void(document.getElementById(t)&&document.getElementById(e)&&(document.getElementById(t).parentNode.appendChild(c),document.getElementById(t).parentNode.removeChild(document.getElementById(t)),document.getElementById(e).parentNode.removeChild(document.getElementById(e)),document.removeEventListener(\"scroll\",etargetPostloadFunction7a9b589f63cb072bef80df221f46a22b),document.removeEventListener(\"resize\",etargetPostloadFunction7a9b589f63cb072bef80df221f46a22b),document.removeEventListener(\"DOMContentLoaded\",etargetPostloadFunction7a9b589f63cb072bef80df221f46a22b)))}}}var etargetDivID=\"etargetPostload7a9b589f63cb072bef80df221f46a22b\",etargetScriptID=\"etargetScript7a9b589f63cb072bef80df221f46a22b\",etargetPostloadPoint=document.createElement(\"div\");etargetPostloadPoint.id=etargetDivID;var etargetCurScript=document.getElementById(etargetScriptID);etargetCurScript.parentNode.appendChild(etargetPostloadPoint),document.addEventListener(\"scroll\",etargetPostloadFunction7a9b589f63cb072bef80df221f46a22b),document.addEventListener(\"resize\",etargetPostloadFunction7a9b589f63cb072bef80df221f46a22b),document.addEventListener(\"DOMContentLoaded\",etargetPostloadFunction7a9b589f63cb072bef80df221f46a22b);var etargetAllowOtherCheck=!0;if(typeof(\"forceRunPostload\")==\"string\"){etargetPostloadFunction7a9b589f63cb072bef80df221f46a22b()}<\/script><\/div><div id=\"friss-2039638511\" class=\"friss-after-content friss-entity-placement\"><script type=\"text\/javascript\" id=\"etargetScript7a9b589f63cb072bef80df221f46a22b\">function etargetPostloadFunction7a9b589f63cb072bef80df221f46a22b(){var e=\"etargetPostload7a9b589f63cb072bef80df221f46a22b\",t=\"etargetScript7a9b589f63cb072bef80df221f46a22b\",o=document.getElementById(e);if(o){for(var n=o.offsetTop,d=o.offsetLeft,r=o.offsetWidth,a=o.offsetHeight;o.offsetParent;)o=o.offsetParent,n+=o.offsetTop,d+=o.offsetLeft;var i=(n<=window.pageYOffset+window.innerHeight&&d<window.pageXOffset+window.innerWidth&&n+a>window.pageYOffset&&d+r>window.pageXOffset);if(i&&etargetAllowOtherCheck){allowed=!1;var c=document.createElement(\"script\");return c.src=\"\/\/hu.search.etargetnet.com\/generic\/uni.php?g=ref:58661,area:700x210\",void(document.getElementById(t)&&document.getElementById(e)&&(document.getElementById(t).parentNode.appendChild(c),document.getElementById(t).parentNode.removeChild(document.getElementById(t)),document.getElementById(e).parentNode.removeChild(document.getElementById(e)),document.removeEventListener(\"scroll\",etargetPostloadFunction7a9b589f63cb072bef80df221f46a22b),document.removeEventListener(\"resize\",etargetPostloadFunction7a9b589f63cb072bef80df221f46a22b),document.removeEventListener(\"DOMContentLoaded\",etargetPostloadFunction7a9b589f63cb072bef80df221f46a22b)))}}}var etargetDivID=\"etargetPostload7a9b589f63cb072bef80df221f46a22b\",etargetScriptID=\"etargetScript7a9b589f63cb072bef80df221f46a22b\",etargetPostloadPoint=document.createElement(\"div\");etargetPostloadPoint.id=etargetDivID;var etargetCurScript=document.getElementById(etargetScriptID);etargetCurScript.parentNode.appendChild(etargetPostloadPoint),document.addEventListener(\"scroll\",etargetPostloadFunction7a9b589f63cb072bef80df221f46a22b),document.addEventListener(\"resize\",etargetPostloadFunction7a9b589f63cb072bef80df221f46a22b),document.addEventListener(\"DOMContentLoaded\",etargetPostloadFunction7a9b589f63cb072bef80df221f46a22b);var etargetAllowOtherCheck=!0;if(typeof(\"forceRunPostload\")==\"string\"){etargetPostloadFunction7a9b589f63cb072bef80df221f46a22b()}<\/script><\/div><div id=\"friss-1027078771\" class=\"friss-after-content_2 friss-entity-placement\" style=\"clear: both;\"><div class=\"wprss_ajax\" data-id=\"rsseb76be4b99\"><img loading=\"lazy\" decoding=\"async\" src=\"https:\/\/friss-hirek.hu\/wp-content\/plugins\/wp-rss-retriever\/inc\/imgs\/ajax-loader.gif\" alt=\"Loading RSS Feed\" width=\"16\" height=\"16\"><\/div><\/div><br style=\"clear: both; display: block; float: none;\"\/><div id=\"friss-954654326\" class=\"friss-after-content_3 friss-entity-placement\">https:\/\/www.youtube.com\/watch?v=Pdnw4KiUWp0<\/div>","protected":false},"excerpt":{"rendered":"<p>Ha azt mondjuk Bory-v\u00e1r, N\u00e1dasdy-kast\u00e9ly, Cs\u00f3kak\u0151i v\u00e1r, Alcs\u00fati Arbor\u00e9tum, G\u00e1nti Bauxitf\u00f6ldtani Park vagy Galya-szurdok, mindenkinek azonnal Fej\u00e9r v\u00e1rmegye jut esz\u00e9be. Nem v\u00e9letlen\u00fcl: az orsz\u00e1g sz\u00edv\u00e9ben fekv\u0151 vid\u00e9k b\u0151velkedik a l\u00e1tv\u00e1nyos t\u00f6rt\u00e9nelmi eml\u00e9kekben \u00e9s term\u00e9szeti sz\u00e9ps\u00e9gekben, \u00edgy t\u00f6k\u00e9letes v\u00e1laszt\u00e1s egy tartalmas kir\u00e1ndul\u00e1shoz. \u00c1m a legismertebb l\u00e1tnival\u00f3k csak a kezdetet jelentik, hiszen Fej\u00e9r v\u00e1rmegye sz\u00e1mos kev\u00e9sb\u00e9 ismert, [&hellip;]<\/p>\n","protected":false},"author":1,"featured_media":0,"comment_status":"open","ping_status":"open","sticky":false,"template":"","format":"standard","meta":{"footnotes":""},"categories":[6],"tags":[],"class_list":["post-165990","post","type-post","status-publish","format-standard","hentry","category-videk"],"amp_enabled":true,"_links":{"self":[{"href":"https:\/\/friss-hirek.hu\/index.php\/wp-json\/wp\/v2\/posts\/165990","targetHints":{"allow":["GET"]}}],"collection":[{"href":"https:\/\/friss-hirek.hu\/index.php\/wp-json\/wp\/v2\/posts"}],"about":[{"href":"https:\/\/friss-hirek.hu\/index.php\/wp-json\/wp\/v2\/types\/post"}],"author":[{"embeddable":true,"href":"https:\/\/friss-hirek.hu\/index.php\/wp-json\/wp\/v2\/users\/1"}],"replies":[{"embeddable":true,"href":"https:\/\/friss-hirek.hu\/index.php\/wp-json\/wp\/v2\/comments?post=165990"}],"version-history":[{"count":0,"href":"https:\/\/friss-hirek.hu\/index.php\/wp-json\/wp\/v2\/posts\/165990\/revisions"}],"wp:attachment":[{"href":"https:\/\/friss-hirek.hu\/index.php\/wp-json\/wp\/v2\/media?parent=165990"}],"wp:term":[{"taxonomy":"category","embeddable":true,"href":"https:\/\/friss-hirek.hu\/index.php\/wp-json\/wp\/v2\/categories?post=165990"},{"taxonomy":"post_tag","embeddable":true,"href":"https:\/\/friss-hirek.hu\/index.php\/wp-json\/wp\/v2\/tags?post=165990"}],"curies":[{"name":"wp","href":"https:\/\/api.w.org\/{rel}","templated":true}]}}