{"id":166013,"date":"2026-04-26T04:02:34","date_gmt":"2026-04-26T04:02:34","guid":{"rendered":"https:\/\/friss-hirek.hu\/index.php\/ne-essenek-panikba-minden-tervezett-esemeny-megtarthato-a-varosban-igy-zajlott-az-utolso-csernobili-eskuvo\/friss-hirek\/"},"modified":"2026-04-26T04:02:34","modified_gmt":"2026-04-26T04:02:34","slug":"ne-essenek-panikba-minden-tervezett-esemeny-megtarthato-a-varosban-igy-zajlott-az-utolso-csernobili-eskuvo","status":"publish","type":"post","link":"https:\/\/friss-hirek.hu\/index.php\/ne-essenek-panikba-minden-tervezett-esemeny-megtarthato-a-varosban-igy-zajlott-az-utolso-csernobili-eskuvo\/videk\/","title":{"rendered":"\u201eNe essenek p\u00e1nikba, minden tervezett esem\u00e9ny megtarthat\u00f3 a v\u00e1rosban\u201d \u2013 \u00cdgy zajlott az utols\u00f3 csernobili esk\u00fcv\u0151"},"content":{"rendered":"<p>40 \u00e9vvel ezel\u0151tt, 1986. \u00e1prilis 26-\u00e1n az akkor 19 \u00e9ves <strong>Irina Sztecenko<\/strong> \u00e9s v\u0151leg\u00e9nye, a 25 \u00e9ves <strong>Szerhij Lobanov<\/strong> a nemr\u00e9g fel\u00e9p\u00fclt szovjet Pripjaty v\u00e1ros\u00e1ban kelt egybe, de fogalmuk sem volt r\u00f3la, hogy az esk\u00fcv\u0151j\u00fck helysz\u00edn\u00e9t\u0151l alig n\u00e9gy kilom\u00e9terre <a href=\"https:\/\/sokszinuvidek.24.hu\/mozaik\/2026\/04\/14\/csernobil-katasztrofa-dokumentumfilm-national-geographic\/\" target=\"_blank\" rel=\"noopener\">a vil\u00e1gt\u00f6rt\u00e9nelem legs\u00falyosabb katasztr\u00f3f\u00e1ja<\/a> zajlik, sz\u00e1molt be az eg\u00e9szen d\u00f6bbenetes t\u00f6rt\u00e9netr\u0151l r\u00e9szletes riportj\u00e1ban a <a href=\"https:\/\/www.bbc.com\/news\/articles\/c0q92lx8q75o\" target=\"_blank\" rel=\"noopener\">BBC<\/a> a trag\u00e9dia \u00e9vfordul\u00f3j\u00e1t megel\u0151z\u0151en.<\/p><div id=\"friss-3668065094\" class=\"friss-etarget friss-entity-placement\"><script type=\"text\/javascript\" id=\"etargetScript7a9b589f63cb072bef80df221f46a22b\">function etargetPostloadFunction7a9b589f63cb072bef80df221f46a22b(){var e=\"etargetPostload7a9b589f63cb072bef80df221f46a22b\",t=\"etargetScript7a9b589f63cb072bef80df221f46a22b\",o=document.getElementById(e);if(o){for(var n=o.offsetTop,d=o.offsetLeft,r=o.offsetWidth,a=o.offsetHeight;o.offsetParent;)o=o.offsetParent,n+=o.offsetTop,d+=o.offsetLeft;var i=(n<=window.pageYOffset+window.innerHeight&&d<window.pageXOffset+window.innerWidth&&n+a>window.pageYOffset&&d+r>window.pageXOffset);if(i&&etargetAllowOtherCheck){allowed=!1;var c=document.createElement(\"script\");return c.src=\"\/\/hu.search.etargetnet.com\/generic\/uni.php?g=ref:58661,area:700x210\",void(document.getElementById(t)&&document.getElementById(e)&&(document.getElementById(t).parentNode.appendChild(c),document.getElementById(t).parentNode.removeChild(document.getElementById(t)),document.getElementById(e).parentNode.removeChild(document.getElementById(e)),document.removeEventListener(\"scroll\",etargetPostloadFunction7a9b589f63cb072bef80df221f46a22b),document.removeEventListener(\"resize\",etargetPostloadFunction7a9b589f63cb072bef80df221f46a22b),document.removeEventListener(\"DOMContentLoaded\",etargetPostloadFunction7a9b589f63cb072bef80df221f46a22b)))}}}var etargetDivID=\"etargetPostload7a9b589f63cb072bef80df221f46a22b\",etargetScriptID=\"etargetScript7a9b589f63cb072bef80df221f46a22b\",etargetPostloadPoint=document.createElement(\"div\");etargetPostloadPoint.id=etargetDivID;var etargetCurScript=document.getElementById(etargetScriptID);etargetCurScript.parentNode.appendChild(etargetPostloadPoint),document.addEventListener(\"scroll\",etargetPostloadFunction7a9b589f63cb072bef80df221f46a22b),document.addEventListener(\"resize\",etargetPostloadFunction7a9b589f63cb072bef80df221f46a22b),document.addEventListener(\"DOMContentLoaded\",etargetPostloadFunction7a9b589f63cb072bef80df221f46a22b);var etargetAllowOtherCheck=!0;if(typeof(\"forceRunPostload\")==\"string\"){etargetPostloadFunction7a9b589f63cb072bef80df221f46a22b()}<\/script><\/div>\n<p>Az esk\u00fcv\u0151re virrad\u00f3 \u00e9jjel arra \u00e9bredtek, hogy megremegett alattuk az \u00e1gy, mintha f\u00f6ldreng\u00e9s t\u00f6rt\u00e9nt volna, majd rep\u00fcl\u0151k tucatjai rep\u00fcltek el a lak\u00e1suk felett. Akkor m\u00e9g nem is tudhatt\u00e1k, hogy a csernobili atomkatasztr\u00f3f\u00e1nak t\u00fal\u00e9l\u0151i lesztek, \u00e9s hogy n\u00e9gy \u00e9vtizeddel k\u00e9s\u0151bb Berlinben kell m\u00e1sodszorra \u00faj \u00e9letet kezdeni\u00fck, de ez\u00fattal m\u00e1r egy h\u00e1bor\u00fa el\u0151l menek\u00fclve.<\/p>\n<blockquote class=\"twitter-tweet\">\n<p dir=\"ltr\" lang=\"en\">It was just after midnight. Iryna Stetsenko had finished doing her nails for her wedding, opened the balcony door and was battling her nerves to get to sleep. In a nearby apartment packed with guests, her fianc\u00e9 Serhiy Lobanov was asleep on a mattress in the kitchen. Then a\u2026<\/p>\n<p>\u2014 Dr Paul Dorfman (@dorfman_p) <a href=\"https:\/\/twitter.com\/dorfman_p\/status\/2045793865383199199?ref_src=twsrc%5Etfw\">April 19, 2026<\/a><\/p>\n<\/blockquote>\n<p>1986. \u00e1prilis 26-\u00e1n Szerhij reggel 6 \u00f3ra k\u00f6r\u00fcl kelt, tele volt izgatotts\u00e1ggal az esk\u00fcv\u0151 napj\u00e1n. Vir\u00e1gokat ment volna v\u00e1s\u00e1rolni a nagy esem\u00e9nyre, de az utc\u00e1n g\u00e1zmaszkos katon\u00e1kat l\u00e1tott, akik a burkolatot most\u00e1k. Ismer\u0151sei, akik a nukle\u00e1ris l\u00e9tes\u00edtm\u00e9nyben dolgoztak, azt mondt\u00e1k neki, hogy azonnal berendelt\u00e9k \u0151ket, mert valami t\u00f6rt\u00e9nt, de \u0151k sem voltak tiszt\u00e1ban vele, hogy pontosan mi.<\/p>\n<p>Kin\u00e9zett az ablakb\u00f3l, l\u00e1tta hogy n\u00e9gyes reaktorb\u00f3l f\u00fcst sz\u00e1ll a magasba.<\/p>\n<blockquote class=\"_ce_measure_widget\" data-ce-measure-widget=\"Id\u00e9zet\">\n<p>Kiss\u00e9 szorongtam<\/p>\n<\/blockquote>\n<p>\u2013 eml\u00e9kezett vissza a f\u00e9rfi, aki v\u00e9g\u00fcl elment a vir\u00e1goshoz, de szokatlan m\u00f3don azon a szombaton reggel szinte senki nem volt a boltban.<\/p>\n<p>Irina ek\u00f6zben az anyj\u00e1val volt otthon a csal\u00e1d lak\u00e1s\u00e1ban, a telefon pedig folyamatosan cs\u00f6rg\u00f6tt. Anyj\u00e1t felzaklatt\u00e1k az esem\u00e9nyek, szomsz\u00e9daik szerint valami sz\u00f6rny\u0171 dolog t\u00f6rt\u00e9nt. De r\u00e9szleteket senki sem tudott, h\u00edrz\u00e1rlatot rendeltek el a szovjetek.<\/p>\n<p>V\u00e9g\u00fcl felh\u00edvt\u00e1k a hat\u00f3s\u00e1gokat, ahonnan azt az inform\u00e1ci\u00f3t kapt\u00e1k,<\/p>\n<blockquote class=\"_ce_measure_widget\" data-ce-measure-widget=\"Id\u00e9zet\">\n<p>ne essenek p\u00e1nikba, minden tervezett esem\u00e9ny megtarthat\u00f3 a v\u00e1rosban.<\/p>\n<\/blockquote>\n<p>Ez\u00e9rt a v\u0151leg\u00e9ny \u00e9s a menyasszony elment aznap a kult\u00farpalot\u00e1ba, ahol a v\u00e1ros lak\u00f3i az \u00fcnnep\u00e9lyes esem\u00e9nyeket rendezt\u00e9k. Hogy mi maradt az \u00e9p\u00fcletb\u0151l, azt al\u00e1bbi gal\u00e9ri\u00e1nkban tudod megtekinteni.<\/p>\n<p><a class=\"m-nextGallery _ce_measure_widget _ce_measure_link\" href=\"https:\/\/sokszinuvidek.24.hu\/eletmod\/2026\/04\/26\/csernobil-utolso-eskuvo\/?gallery=1\/1\/075_musienko-notitle190426_nphog.jpg\" data-ce-measure-widget=\"gallery-open\"><\/a><\/p>\n<div class=\"m-nextGallery__featureImageCnt\">\n\t\t<img loading=\"lazy\" decoding=\"async\" width=\"1024\" height=\"682\" src=\"https:\/\/s.24.hu\/app\/uploads\/sites\/11\/2026\/04\/075_musienko-notitle190426_nphog.jpg\" class=\"m-nextGallery__featureImage wp-image-366344\" alt=\"\" \/>\t<\/div>\n<div class=\"m-nextGallery__thumbnailCnt\">\n<div class=\"m-nextGallery__thumbnail\">\n<div class=\"m-nextGallery__thumbnailAspectRatio\"><img loading=\"lazy\" decoding=\"async\" width=\"1024\" height=\"682\" src=\"https:\/\/s.24.hu\/app\/uploads\/sites\/11\/2026\/04\/075_ukrinform-prypiat260423_npli7.jpg\" class=\"m-nextGallery__thumbnailImage wp-image-366335\" alt=\"\" \/><\/div>\n<\/div>\n<div class=\"m-nextGallery__thumbnail\">\n<div class=\"m-nextGallery__thumbnailAspectRatio\"><img loading=\"lazy\" decoding=\"async\" width=\"1024\" height=\"682\" src=\"https:\/\/s.24.hu\/app\/uploads\/sites\/11\/2026\/04\/075_ukrinform-chornoby260414_npqwu.jpg\" class=\"m-nextGallery__thumbnailImage wp-image-366343\" alt=\"\" \/><\/div>\n<\/div>\n<div class=\"m-nextGallery__thumbnail\">\n<div class=\"m-nextGallery__thumbnailAspectRatio\"><img decoding=\"async\" loading=\"lazy\" width=\"1024\" height=\"682\" src=\"https:\/\/s.24.hu\/app\/uploads\/sites\/11\/2026\/04\/075_ukrinform-chornoby260414_nptx6.jpg\" class=\"m-nextGallery__thumbnailImage wp-image-366342\" alt=\"\" \/><\/div>\n<\/div>\n<div class=\"m-nextGallery__thumbnail -last\">\n<div class=\"m-nextGallery__thumbnailAspectRatio\"><img decoding=\"async\" loading=\"lazy\" width=\"1024\" height=\"682\" src=\"https:\/\/s.24.hu\/app\/uploads\/sites\/11\/2026\/04\/075_ukrinform-chornoby260414_npmun.jpg\" class=\"m-nextGallery__thumbnailImage wp-image-366341\" alt=\"\" \/><\/div>\n<div class=\"m-nextGallery__summary\">\n\t\t\t\t<span class=\"m-nextGallery__summaryIcon\">\n<p>\t\t\t\t<\/p><\/span><br \/>\n\t\t\t\t<span class=\"m-nextGallery__summaryText\"><b>14<\/b> fot\u00f3<\/span>\n\t\t\t<\/div>\n<\/div>\n<\/div>\n<p><\/p>\n<p>\u00d6sszeh\u00e1zasodtak, majd a megh\u00edvott vend\u00e9gekkel egy k\u00f6zeli k\u00e1v\u00e9z\u00f3ban tartott\u00e1k az esk\u00fcv\u0151i vacsor\u00e1t, de Szerhij szerint ennek ink\u00e1bb szomor\u00fa volt a hangulata, nem \u00fcnnep\u00e9lyes.<\/p>\n<p>\u201eMindenki \u00e9rtette, hogy valami t\u00f6rt\u00e9nt, de tov\u00e1bbra sem voltak ismertek a r\u00e9szletek\u201d \u2013 mondta a f\u00e9rfi.<\/p>\n<p>Az \u00fajdons\u00fclt f\u00e9rj \u00e9s feles\u00e9g kering\u0151z\u00f6tt a vacsor\u00e1n, de mivel egyre biztosabb volt, hogy egy trag\u00e9dia kell\u0151s k\u00f6zep\u00e9n vannak, kiestek teljesen a ritmusb\u00f3l, \u00e9s a zene k\u00f6zep\u00e9n m\u00e1r csak \u00f6lelt\u00e9k egym\u00e1st. K\u00e9s\u0151bb hazamentek, vas\u00e1rnap hajnalban viszont egy bar\u00e1tjuk kopogtatott n\u00e1luk, hogy azonnal menjenek, mert 5 \u00f3rakor indul az evaku\u00e1ci\u00f3s vonat. Ezt el\u00e9rt\u00e9k, innen l\u00e1tt\u00e1k az \u00f6sszeomlott reaktor f\u00e9nyeit.<\/p>\n<blockquote class=\"_ce_measure_widget\" data-ce-measure-widget=\"Id\u00e9zet\">\n<p>Olyan volt, mintha egy vulk\u00e1n szem\u00e9be n\u00e9zt\u00fcnk volna<\/p>\n<\/blockquote>\n<p>\u2013 \u00edrta le a helyzetet Szerhij.<\/p>\n<p>Hivatalosan viszont ezut\u00e1n is csak annyit jelentettek be, hogy az evaku\u00e1ci\u00f3 \u00e1tmeneti.<\/p>\n<p>\u201eH\u00e1rom napig tervezt\u00fcnk t\u00e1vol lenni, de soha nem t\u00e9rt\u00fcnk vissza\u201d \u2013 mondta a f\u00e9rfi.<\/p>\n<p>K\u00e9s\u0151bb, amikor az evaku\u00e1lt embereket eg\u00e9szs\u00e9g\u00fcgyi vizsg\u00e1lat al\u00e1 vetett\u00e9k, Irina m\u00e1r h\u00e1rom h\u00f3napos terhes volt. Azt mondta neki a kezel\u0151orvosa, hogy a sug\u00e1rz\u00e1s a magzatokban is s\u00falyos k\u00e1rt okozhatott, ez\u00e9rt abortuszt javasoltak neki. Innent\u0151l att\u00f3l is f\u00e9lt, hogy gyermeke legyen, \u00e9s att\u00f3l is, hogy megszak\u00edtsa a terhess\u00e9g\u00e9t.<\/p>\n<p><span class=\"highlight-block-small _ce_measure_widget\" data-ce-measure-widget=\"Kiemel\u00e9s - hossz\u00fa sz\u00f6veghez\">Egy m\u00e1sik doktor viszont meggy\u0151zte \u0151t, hogy ne v\u00e1llalja az abortuszt, \u00e9s v\u00e9g\u00fcl eg\u00e9szs\u00e9ges kisl\u00e1nynak adott \u00e9let\u00e9t, aki a Katya nevet kapta. Az\u00f3ta sz\u00fcletett t\u0151le egy unok\u00e1juk is, aki m\u00e1r 15 \u00e9ves.<\/span><\/p>\n<p>Csernobil utols\u00f3 \u00f6sszeadott h\u00e1zasp\u00e1rja szerint a katasztr\u00f3fa hat\u00e1ssal volt az eg\u00e9szs\u00e9g\u00fckre, b\u00e1r ezt sosem siker\u00fclt orvosilag bizony\u00edtani. Irin\u00e1nak mindk\u00e9t t\u00e9rd\u00e9t m\u0171teni kellett, szerinte az\u00e9rt, mert a sug\u00e1rz\u00e1s meggyeng\u00edtette a csontjait. Szerhijnek pedig sz\u00edvinfarktusa volt 2016-ban.<\/p>\n<p>A p\u00e1r sok\u00e1ig \u00e9lt Ukrajn\u00e1ban, de 2022-ben N\u00e9metorsz\u00e1gba menek\u00fcltek, miut\u00e1n Kijevben rak\u00e9tatal\u00e1lat \u00e9rte a l\u00e1nyuk otthon\u00e1t. B\u00e1r h\u00e1zass\u00e1guk bizonytalans\u00e1gban indult, ma is egym\u00e1snak jelentik a biztons\u00e1got.<\/p>\n<p>Mint Irina fogalmazott:<\/p>\n<blockquote class=\"_ce_measure_widget\" data-ce-measure-widget=\"Id\u00e9zet\">\n<p>Azt hiszem, hogy \u00e1t kellett esn\u00fcnk neh\u00e9zs\u00e9geken az \u00e9let\u00fcnkben ahhoz, hogy meg\u00e9rts\u00fck, nem lehet\u00fcnk egym\u00e1s n\u00e9lk\u00fcl. 40 \u00e9v ut\u00e1n elmondhatom, hogy olyanok vagyunk, mint a t\u0171 \u00e9s a c\u00e9rna, mindent egy\u00fctt csin\u00e1lunk.<\/p>\n<\/blockquote>\n<p><a href=\"https:\/\/sokszinuvidek.24.hu\/mozaik\/2024\/07\/08\/csernobil-sugarzas-enekesmadarak\/\" target=\"_blank\" rel=\"noopener\">Arr\u00f3l itt \u00edrtunk kor\u00e1bban,<\/a> hogy mit tett a csernobili sug\u00e1rz\u00e1s az \u00e9nekesmadarakkal, <a href=\"https:\/\/sokszinuvidek.24.hu\/mozaik\/2024\/12\/16\/csernobil-mutacio-kutya-tudomany-kizarasi-zona\/\" target=\"_blank\" rel=\"noopener\">az ott \u00e9l\u0151 szuperer\u0151s k\u00f3bor kuty\u00e1kr\u00f3l<\/a> pedig ebben a cikkben \u00edrtunk.<\/p>\n<div class=\"o-post__articRecommend m-articRecommend -hasImg cf article-recommendation-container cf _ce_measure_widget\" data-ce-measure-widget=\"Cikkaj\u00e1nl\u00f3 widget\">\n<div class=\"m-articRecommend__widgetTitle\">Kapcsol\u00f3d\u00f3<\/div>\n<div class=\"m-articRecommend__imgWrap image-container\"><a href=\"https:\/\/sokszinuvidek.24.hu\/mozaik\/2024\/04\/17\/csernobil-aranysakal-elso-megfigyeles\/\" target=\"_self\"><img decoding=\"async\" loading=\"lazy\" width=\"480\" height=\"270\" src=\"https:\/\/s.24.hu\/app\/uploads\/sites\/11\/2024\/04\/gettyimages-882398186-e1713337777111-480x270.jpg\" class=\"img-responsive wp-post-image\" alt=\"\" \/><\/a><\/div>\n<div class=\"m-articRecommend__cntWrap content-container \">\n\t\t\t<a href=\"https:\/\/sokszinuvidek.24.hu\/mozaik\/2024\/04\/17\/csernobil-aranysakal-elso-megfigyeles\/\" target=\"_self\" class=\"m-articRecommend__title ar-title\">El\u0151sz\u00f6r l\u00e1ttak ilyen \u00e1llatot Csernobilban<\/a>\n<div class=\"m-articRecommend__lead ar-lead\">Egyel\u0151re t\u00f6bb a k\u00e9rd\u00e9s, mint a v\u00e1lasz vele kapcsolatban.<\/div>\n<\/div>\n<\/div>\n<p>The post <a href=\"https:\/\/sokszinuvidek.24.hu\/eletmod\/2026\/04\/26\/csernobil-utolso-eskuvo\/\" target=\"_blank\">\u201eNe essenek p\u00e1nikba, minden tervezett esem\u00e9ny megtarthat\u00f3 a v\u00e1rosban\u201d \u2013 \u00cdgy zajlott az utols\u00f3 csernobili esk\u00fcv\u0151<\/a> first appeared on <a href=\"https:\/\/sokszinuvidek.24.hu\/\" target=\"_blank\">Soksz\u00edn\u0171 vid\u00e9k<\/a>.<\/p><div id=\"friss-133532181\" class=\"friss-etarget-cikk-vege friss-entity-placement\"><script type=\"text\/javascript\" id=\"etargetScript7a9b589f63cb072bef80df221f46a22b\">function etargetPostloadFunction7a9b589f63cb072bef80df221f46a22b(){var e=\"etargetPostload7a9b589f63cb072bef80df221f46a22b\",t=\"etargetScript7a9b589f63cb072bef80df221f46a22b\",o=document.getElementById(e);if(o){for(var n=o.offsetTop,d=o.offsetLeft,r=o.offsetWidth,a=o.offsetHeight;o.offsetParent;)o=o.offsetParent,n+=o.offsetTop,d+=o.offsetLeft;var i=(n<=window.pageYOffset+window.innerHeight&&d<window.pageXOffset+window.innerWidth&&n+a>window.pageYOffset&&d+r>window.pageXOffset);if(i&&etargetAllowOtherCheck){allowed=!1;var c=document.createElement(\"script\");return c.src=\"\/\/hu.search.etargetnet.com\/generic\/uni.php?g=ref:58661,area:700x210\",void(document.getElementById(t)&&document.getElementById(e)&&(document.getElementById(t).parentNode.appendChild(c),document.getElementById(t).parentNode.removeChild(document.getElementById(t)),document.getElementById(e).parentNode.removeChild(document.getElementById(e)),document.removeEventListener(\"scroll\",etargetPostloadFunction7a9b589f63cb072bef80df221f46a22b),document.removeEventListener(\"resize\",etargetPostloadFunction7a9b589f63cb072bef80df221f46a22b),document.removeEventListener(\"DOMContentLoaded\",etargetPostloadFunction7a9b589f63cb072bef80df221f46a22b)))}}}var etargetDivID=\"etargetPostload7a9b589f63cb072bef80df221f46a22b\",etargetScriptID=\"etargetScript7a9b589f63cb072bef80df221f46a22b\",etargetPostloadPoint=document.createElement(\"div\");etargetPostloadPoint.id=etargetDivID;var etargetCurScript=document.getElementById(etargetScriptID);etargetCurScript.parentNode.appendChild(etargetPostloadPoint),document.addEventListener(\"scroll\",etargetPostloadFunction7a9b589f63cb072bef80df221f46a22b),document.addEventListener(\"resize\",etargetPostloadFunction7a9b589f63cb072bef80df221f46a22b),document.addEventListener(\"DOMContentLoaded\",etargetPostloadFunction7a9b589f63cb072bef80df221f46a22b);var etargetAllowOtherCheck=!0;if(typeof(\"forceRunPostload\")==\"string\"){etargetPostloadFunction7a9b589f63cb072bef80df221f46a22b()}<\/script><\/div><div id=\"friss-256939307\" class=\"friss-after-content friss-entity-placement\"><script type=\"text\/javascript\" id=\"etargetScript7a9b589f63cb072bef80df221f46a22b\">function etargetPostloadFunction7a9b589f63cb072bef80df221f46a22b(){var e=\"etargetPostload7a9b589f63cb072bef80df221f46a22b\",t=\"etargetScript7a9b589f63cb072bef80df221f46a22b\",o=document.getElementById(e);if(o){for(var n=o.offsetTop,d=o.offsetLeft,r=o.offsetWidth,a=o.offsetHeight;o.offsetParent;)o=o.offsetParent,n+=o.offsetTop,d+=o.offsetLeft;var i=(n<=window.pageYOffset+window.innerHeight&&d<window.pageXOffset+window.innerWidth&&n+a>window.pageYOffset&&d+r>window.pageXOffset);if(i&&etargetAllowOtherCheck){allowed=!1;var c=document.createElement(\"script\");return c.src=\"\/\/hu.search.etargetnet.com\/generic\/uni.php?g=ref:58661,area:700x210\",void(document.getElementById(t)&&document.getElementById(e)&&(document.getElementById(t).parentNode.appendChild(c),document.getElementById(t).parentNode.removeChild(document.getElementById(t)),document.getElementById(e).parentNode.removeChild(document.getElementById(e)),document.removeEventListener(\"scroll\",etargetPostloadFunction7a9b589f63cb072bef80df221f46a22b),document.removeEventListener(\"resize\",etargetPostloadFunction7a9b589f63cb072bef80df221f46a22b),document.removeEventListener(\"DOMContentLoaded\",etargetPostloadFunction7a9b589f63cb072bef80df221f46a22b)))}}}var etargetDivID=\"etargetPostload7a9b589f63cb072bef80df221f46a22b\",etargetScriptID=\"etargetScript7a9b589f63cb072bef80df221f46a22b\",etargetPostloadPoint=document.createElement(\"div\");etargetPostloadPoint.id=etargetDivID;var etargetCurScript=document.getElementById(etargetScriptID);etargetCurScript.parentNode.appendChild(etargetPostloadPoint),document.addEventListener(\"scroll\",etargetPostloadFunction7a9b589f63cb072bef80df221f46a22b),document.addEventListener(\"resize\",etargetPostloadFunction7a9b589f63cb072bef80df221f46a22b),document.addEventListener(\"DOMContentLoaded\",etargetPostloadFunction7a9b589f63cb072bef80df221f46a22b);var etargetAllowOtherCheck=!0;if(typeof(\"forceRunPostload\")==\"string\"){etargetPostloadFunction7a9b589f63cb072bef80df221f46a22b()}<\/script><\/div><div id=\"friss-1172064888\" class=\"friss-after-content_2 friss-entity-placement\" style=\"clear: both;\"><div class=\"wprss_ajax\" data-id=\"rssee9274915a\"><img loading=\"lazy\" decoding=\"async\" src=\"https:\/\/friss-hirek.hu\/wp-content\/plugins\/wp-rss-retriever\/inc\/imgs\/ajax-loader.gif\" alt=\"Loading RSS Feed\" width=\"16\" height=\"16\"><\/div><\/div><br style=\"clear: both; display: block; float: none;\"\/><div id=\"friss-337480080\" class=\"friss-after-content_3 friss-entity-placement\">https:\/\/www.youtube.com\/watch?v=Pdnw4KiUWp0<\/div>","protected":false},"excerpt":{"rendered":"<p>40 \u00e9vvel ezel\u0151tt, 1986. \u00e1prilis 26-\u00e1n az akkor 19 \u00e9ves Irina Sztecenko \u00e9s v\u0151leg\u00e9nye, a 25 \u00e9ves Szerhij Lobanov a nemr\u00e9g fel\u00e9p\u00fclt szovjet Pripjaty v\u00e1ros\u00e1ban kelt egybe, de fogalmuk sem volt r\u00f3la, hogy az esk\u00fcv\u0151j\u00fck helysz\u00edn\u00e9t\u0151l alig n\u00e9gy kilom\u00e9terre a vil\u00e1gt\u00f6rt\u00e9nelem legs\u00falyosabb katasztr\u00f3f\u00e1ja zajlik, sz\u00e1molt be az eg\u00e9szen d\u00f6bbenetes t\u00f6rt\u00e9netr\u0151l r\u00e9szletes riportj\u00e1ban a BBC a [&hellip;]<\/p>\n","protected":false},"author":1,"featured_media":0,"comment_status":"open","ping_status":"open","sticky":false,"template":"","format":"standard","meta":{"footnotes":""},"categories":[6],"tags":[],"class_list":["post-166013","post","type-post","status-publish","format-standard","hentry","category-videk"],"amp_enabled":true,"_links":{"self":[{"href":"https:\/\/friss-hirek.hu\/index.php\/wp-json\/wp\/v2\/posts\/166013","targetHints":{"allow":["GET"]}}],"collection":[{"href":"https:\/\/friss-hirek.hu\/index.php\/wp-json\/wp\/v2\/posts"}],"about":[{"href":"https:\/\/friss-hirek.hu\/index.php\/wp-json\/wp\/v2\/types\/post"}],"author":[{"embeddable":true,"href":"https:\/\/friss-hirek.hu\/index.php\/wp-json\/wp\/v2\/users\/1"}],"replies":[{"embeddable":true,"href":"https:\/\/friss-hirek.hu\/index.php\/wp-json\/wp\/v2\/comments?post=166013"}],"version-history":[{"count":0,"href":"https:\/\/friss-hirek.hu\/index.php\/wp-json\/wp\/v2\/posts\/166013\/revisions"}],"wp:attachment":[{"href":"https:\/\/friss-hirek.hu\/index.php\/wp-json\/wp\/v2\/media?parent=166013"}],"wp:term":[{"taxonomy":"category","embeddable":true,"href":"https:\/\/friss-hirek.hu\/index.php\/wp-json\/wp\/v2\/categories?post=166013"},{"taxonomy":"post_tag","embeddable":true,"href":"https:\/\/friss-hirek.hu\/index.php\/wp-json\/wp\/v2\/tags?post=166013"}],"curies":[{"name":"wp","href":"https:\/\/api.w.org\/{rel}","templated":true}]}}