{"id":166017,"date":"2026-04-26T07:04:30","date_gmt":"2026-04-26T07:04:30","guid":{"rendered":"https:\/\/friss-hirek.hu\/index.php\/magas-noveny-az-alacsony-melle-igy-segithet-az-arnyek-a-vetemenyesben\/friss-hirek\/"},"modified":"2026-04-26T07:04:30","modified_gmt":"2026-04-26T07:04:30","slug":"magas-noveny-az-alacsony-melle-igy-segithet-az-arnyek-a-vetemenyesben","status":"publish","type":"post","link":"https:\/\/friss-hirek.hu\/index.php\/magas-noveny-az-alacsony-melle-igy-segithet-az-arnyek-a-vetemenyesben\/videk\/","title":{"rendered":"Magas n\u00f6v\u00e9ny az alacsony mell\u00e9: \u00edgy seg\u00edthet az \u00e1rny\u00e9k a vetem\u00e9nyesben"},"content":{"rendered":"<p>Sokan \u00fagy gondolj\u00e1k, hogy a vetem\u00e9nyesben min\u00e9l t\u00f6bb a naps\u00fct\u00e9s, ann\u00e1l jobb. Ez r\u00e9szben igaz is, hiszen sz\u00e1mos z\u00f6lds\u00e9gf\u00e9le f\u00e9nyig\u00e9nyes, a ny\u00e1ri h\u00f3napokban azonban a t\u00fal er\u0151s napsug\u00e1rz\u00e1s m\u00e1r nem minden n\u00f6v\u00e9nynek kedvez. A sal\u00e1ta, a spen\u00f3t vagy a retek p\u00e9ld\u00e1ul k\u00f6nnyen megperzsel\u0151dhet, gyorsabban felmagzik, illetve hamarabb vesz\u00edt a min\u0151s\u00e9g\u00e9b\u0151l, ha eg\u00e9sz nap t\u0171z\u0151 napon \u00e1ll.<\/p><div id=\"friss-2348357884\" class=\"friss-etarget friss-entity-placement\"><script type=\"text\/javascript\" id=\"etargetScript7a9b589f63cb072bef80df221f46a22b\">function etargetPostloadFunction7a9b589f63cb072bef80df221f46a22b(){var e=\"etargetPostload7a9b589f63cb072bef80df221f46a22b\",t=\"etargetScript7a9b589f63cb072bef80df221f46a22b\",o=document.getElementById(e);if(o){for(var n=o.offsetTop,d=o.offsetLeft,r=o.offsetWidth,a=o.offsetHeight;o.offsetParent;)o=o.offsetParent,n+=o.offsetTop,d+=o.offsetLeft;var i=(n<=window.pageYOffset+window.innerHeight&&d<window.pageXOffset+window.innerWidth&&n+a>window.pageYOffset&&d+r>window.pageXOffset);if(i&&etargetAllowOtherCheck){allowed=!1;var c=document.createElement(\"script\");return c.src=\"\/\/hu.search.etargetnet.com\/generic\/uni.php?g=ref:58661,area:700x210\",void(document.getElementById(t)&&document.getElementById(e)&&(document.getElementById(t).parentNode.appendChild(c),document.getElementById(t).parentNode.removeChild(document.getElementById(t)),document.getElementById(e).parentNode.removeChild(document.getElementById(e)),document.removeEventListener(\"scroll\",etargetPostloadFunction7a9b589f63cb072bef80df221f46a22b),document.removeEventListener(\"resize\",etargetPostloadFunction7a9b589f63cb072bef80df221f46a22b),document.removeEventListener(\"DOMContentLoaded\",etargetPostloadFunction7a9b589f63cb072bef80df221f46a22b)))}}}var etargetDivID=\"etargetPostload7a9b589f63cb072bef80df221f46a22b\",etargetScriptID=\"etargetScript7a9b589f63cb072bef80df221f46a22b\",etargetPostloadPoint=document.createElement(\"div\");etargetPostloadPoint.id=etargetDivID;var etargetCurScript=document.getElementById(etargetScriptID);etargetCurScript.parentNode.appendChild(etargetPostloadPoint),document.addEventListener(\"scroll\",etargetPostloadFunction7a9b589f63cb072bef80df221f46a22b),document.addEventListener(\"resize\",etargetPostloadFunction7a9b589f63cb072bef80df221f46a22b),document.addEventListener(\"DOMContentLoaded\",etargetPostloadFunction7a9b589f63cb072bef80df221f46a22b);var etargetAllowOtherCheck=!0;if(typeof(\"forceRunPostload\")==\"string\"){etargetPostloadFunction7a9b589f63cb072bef80df221f46a22b()}<\/script><\/div>\n<p>\u00c9ppen ez\u00e9rt \u00e9rdemes a kertben tudatosan kihaszn\u00e1lni a magasabb n\u00f6v\u00e9nyek \u00e1rny\u00e9k\u00e1t. A kukorica, a paradicsom, a napraforg\u00f3 vagy a fut\u00f3bab nemcsak term\u00e9st adhat, hanem olyan v\u00e9dettebb mikrokl\u00edm\u00e1t is kialak\u00edthat maga k\u00f6r\u00fcl, amelyben az alacsonyabb, \u00e9rz\u00e9kenyebb n\u00f6v\u00e9nyek tov\u00e1bb maradhatnak j\u00f3 \u00e1llapotban, \u00edrja a <a href=\"https:\/\/hobbikert.hu\/magazin\/ultess-magasat-az-alacsony-melle-a-kert-sajat-arnyekaval-is-lehet-okosan-termest-novelni.html\" target=\"_blank\" rel=\"noopener\">hobbikert.hu<\/a>.<\/p>\n<h2>Nem minden \u00e1rny\u00e9k h\u00e1tr\u00e1ny<\/h2>\n<p>A kertben az \u00e1rny\u00e9k nem felt\u00e9tlen\u00fcl jelent probl\u00e9m\u00e1t. A l\u00e9nyeg nem az, hogy a n\u00f6v\u00e9nyeket teljesen elz\u00e1rjuk a f\u00e9nyt\u0151l, hanem az, hogy a leger\u0151sebb, legmelegebb \u00f3r\u00e1kban kapjanak n\u00e9mi v\u00e9delmet. Egy magasabb n\u00f6v\u00e9ny lombja vagy sz\u00e1rai mellett kialakul\u00f3 r\u00e9szleges \u00e1rny\u00e9k cs\u00f6kkentheti a talaj felmeleged\u00e9s\u00e9t, lass\u00edthatja a kisz\u00e1rad\u00e1st, \u00e9s m\u00e9rs\u00e9kelheti a h\u0151stresszt.<\/p>\n<p>Ez k\u00fcl\u00f6n\u00f6sen ny\u00e1ron lehet hasznos, amikor nem a f\u00e9ny hi\u00e1nya, hanem a t\u00falzott h\u0151s\u00e9g \u00e9s p\u00e1rolg\u00e1s okozza a legt\u00f6bb gondot. Ha az alacsonyabb n\u00f6v\u00e9ny reggel \u00e9s d\u00e9lel\u0151tt elegend\u0151 napf\u00e9nyt kap, a d\u00e9lut\u00e1ni enyhe \u00e1rny\u00e9kol\u00e1s sok esetben ink\u00e1bb el\u0151ny, mint h\u00e1tr\u00e1ny.<\/p>\n<h2>Mi\u00e9rt m\u0171k\u00f6dhet j\u00f3l a magas \u00e9s alacsony n\u00f6v\u00e9nyek t\u00e1rs\u00edt\u00e1sa?<\/h2>\n<p>A k\u00fcl\u00f6nb\u00f6z\u0151 n\u00f6v\u00e9nyek elt\u00e9r\u0151en haszn\u00e1lj\u00e1k a teret. Vannak, amelyek f\u00f6lfel\u00e9 n\u0151nek, m\u00e1sok a talaj k\u00f6zel\u00e9ben maradnak. Egyes fajok m\u00e9lyebbre gy\u00f6kereznek, m\u00edg m\u00e1sok ink\u00e1bb a fels\u0151 talajr\u00e9tegb\u0151l veszik fel a vizet \u00e9s a t\u00e1panyagokat. Ha ezeket tudatosan kombin\u00e1ljuk, ugyanaz az \u00e1gy\u00e1s t\u00f6bb szinten is hasznos\u00edthat\u00f3.<\/p>\n<blockquote class=\"_ce_measure_widget\" data-ce-measure-widget=\"Id\u00e9zet\">\n<p>A m\u00f3dszer nem puszt\u00e1n helytakar\u00e9koss\u00e1got jelent. A j\u00f3l megv\u00e1lasztott p\u00e1ros\u00edt\u00e1s jav\u00edthatja a n\u00f6v\u00e9nyek k\u00f6r\u00fcli mikrokl\u00edm\u00e1t, cs\u00f6kkentheti a talaj kisz\u00e1rad\u00e1s\u00e1t, \u00e9s seg\u00edthet abban, hogy a h\u0171v\u00f6sebb k\u00f6rnyezetet kedvel\u0151 z\u00f6lds\u00e9gek tov\u00e1bb termeszthet\u0151k maradjanak.<\/p>\n<\/blockquote>\n<h2><\/h2>\n<p><a href=\"https:\/\/s.24.hu\/app\/uploads\/sites\/11\/2026\/04\/gettyimages-520793328.jpg\"><\/a><\/p>\n<figure aria-describedby=\"caption-366205\" class=\"wp-caption alignnone\"><img loading=\"lazy\" decoding=\"async\" class=\"alignnone size-full wp-image-366205\" src=\"https:\/\/s.24.hu\/app\/uploads\/sites\/11\/2026\/04\/gettyimages-520793328.jpg\" alt=\"\" width=\"2121\" height=\"1414\" title=\"Magas n\u00f6v\u00e9ny az alacsony mell\u00e9: \u00edgy seg\u00edthet az \u00e1rny\u00e9k a vetem\u00e9nyesben 1\" \/><figcaption class=\"wp-caption-text\"><span class=\"a-imgSource\">Getty Images<\/span><\/figcaption><\/figure>\n\n<h2>J\u00f3l m\u0171k\u00f6d\u0151 n\u00f6v\u00e9nyt\u00e1rs\u00edt\u00e1sok<\/h2>\n<p><strong>Kukorica \u00e9s sal\u00e1ta<\/strong><br \/>\nA kukorica magasra n\u0151, j\u00f3l t\u0171ri a napos fekv\u00e9st, m\u00edg a sal\u00e1ta a nagy ny\u00e1ri melegben k\u00f6nnyen szenvedni kezd. Ha a sal\u00e1ta a kukoricasorok k\u00f6zel\u00e9be ker\u00fcl, a r\u00e9szleges \u00e1rny\u00e9k m\u00e9rs\u00e9kelheti a h\u0151s\u00e9get, \u00edgy a n\u00f6v\u00e9ny kev\u00e9sb\u00e9 fonnyad, \u00e9s k\u00e9s\u0151bb indulhat felmagz\u00e1snak.<\/p>\n<p>Ez a t\u00e1rs\u00edt\u00e1s k\u00fcl\u00f6n\u00f6sen a kora ny\u00e1ri id\u0151szakban lehet hasznos, amikor a sal\u00e1ta m\u00e9g sz\u00e9pen fejl\u0151dik, de a h\u0151s\u00e9g m\u00e1r egyre nagyobb terhel\u00e9st jelent sz\u00e1m\u00e1ra.<\/p>\n<p><strong>Paradicsom \u00e9s spen\u00f3t<\/strong><br \/>\nA paradicsom a szezon elej\u00e9n m\u00e9g kev\u00e9s \u00e1rny\u00e9kot ad, k\u00e9s\u0151bb azonban er\u0151sebb lombot fejleszt. A spen\u00f3t gyorsan n\u00f6v\u0151, alacsony n\u00f6v\u00e9ny, amely nehezen viseli a t\u00fal meleg k\u00f6rnyezetet. A k\u00e9t n\u00f6v\u00e9ny az\u00e9rt illeszthet\u0151 j\u00f3l egym\u00e1s mell\u00e9, mert elt\u00e9r\u0151 ritmusban fejl\u0151dnek.<\/p>\n<p>Mire a paradicsom nagyobb teret foglal el, a spen\u00f3t m\u00e1r r\u00e9szben vagy teljesen betakar\u00edthat\u00f3. \u00cdgy az \u00e1gy\u00e1s id\u0151ben \u00e9s t\u00e9rben is jobban kihaszn\u00e1lhat\u00f3.<\/p>\n<p><strong>Napraforg\u00f3 \u00e9s bors\u00f3<\/strong><br \/>\nA napraforg\u00f3 er\u0151s, magas sz\u00e1r\u00e1val szerkezetet adhat az \u00e1gy\u00e1snak, \u00e9s r\u00e9szleges \u00e1rny\u00e9kot is biztos\u00edthat. A bors\u00f3 ezzel szemben m\u00e1s m\u00f3don hasznos\u00edtja a teret, \u00e9s k\u00fasz\u00f3 habitusa miatt j\u00f3l kapcsol\u00f3dhat a f\u00fcgg\u0151leges elemekhez.<\/p>\n<p>A p\u00e1ros\u00edt\u00e1s f\u0151 el\u0151nye, hogy a kert nemcsak v\u00edzszintesen, hanem f\u00fcgg\u0151legesen is jobban kihaszn\u00e1lhat\u00f3. A napraforg\u00f3 l\u00e1tv\u00e1nyos h\u00e1tt\u00e9rn\u00f6v\u00e9nyk\u00e9nt is m\u0171k\u00f6dik, mik\u00f6zben a bors\u00f3 alacsonyabb szinten adhat term\u00e9st.<\/p>\n<p><strong>Fut\u00f3bab \u00e9s retek<\/strong><br \/>\nA retek r\u00f6vid teny\u00e9szidej\u0171 n\u00f6v\u00e9ny, amely gyorsan fejl\u0151dik, de a melegben hamar romolhat a min\u0151s\u00e9ge. Egy fut\u00f3bab vagy m\u00e1s felfel\u00e9 n\u00f6v\u0151 n\u00f6v\u00e9ny k\u00f6zel\u00e9ben a k\u00e9s\u0151bb kialakul\u00f3 r\u00e9szleges \u00e1rny\u00e9k kedvez\u0151bb k\u00f6rnyezetet teremthet sz\u00e1m\u00e1ra.<\/p>\n<p>Itt is fontos az id\u0151z\u00edt\u00e9s: a retek hamar betakar\u00edthat\u00f3, a bab pedig k\u00e9s\u0151bb kezd igaz\u00e1n nagyra n\u0151ni. \u00cdgy a k\u00e9t n\u00f6v\u00e9ny nem felt\u00e9tlen\u00fcl zavarja egym\u00e1st, hanem egym\u00e1st k\u00f6vetve haszn\u00e1lja ugyanazt a ter\u00fcletet.<\/p>\n<p><a href=\"https:\/\/s.24.hu\/app\/uploads\/sites\/11\/2026\/04\/gettyimages-998097790.jpg\"><\/a><\/p>\n<figure aria-describedby=\"caption-366207\" class=\"wp-caption alignnone\"><img loading=\"lazy\" decoding=\"async\" class=\"alignnone size-full wp-image-366207\" src=\"https:\/\/s.24.hu\/app\/uploads\/sites\/11\/2026\/04\/gettyimages-998097790.jpg\" alt=\"\" width=\"3135\" height=\"2065\" title=\"Magas n\u00f6v\u00e9ny az alacsony mell\u00e9: \u00edgy seg\u00edthet az \u00e1rny\u00e9k a vetem\u00e9nyesben 2\" \/><figcaption class=\"wp-caption-text\"><span class=\"a-imgSource\">Getty Images<\/span><\/figcaption><\/figure>\n\n<h2>A siker kulcsa a t\u00e1jol\u00e1s<\/h2>\n<p>Ahhoz, hogy a magasabb n\u00f6v\u00e9nyek \u00e1rny\u00e9ka val\u00f3ban seg\u00edtsen, figyelni kell a kert fekv\u00e9s\u00e9re \u00e9s a nap j\u00e1r\u00e1s\u00e1ra. Nem mindegy, hogy a magasabb n\u00f6v\u00e9ny melyik oldalra ker\u00fcl, hiszen az \u00e1rny\u00e9k ir\u00e1nya napszakonk\u00e9nt v\u00e1ltozik. Ny\u00e1ron k\u00fcl\u00f6n\u00f6sen a d\u00e9lut\u00e1ni, er\u0151sebb naps\u00fct\u00e9s elleni v\u00e9delem lehet \u00e9rt\u00e9kes.<\/p>\n<p><span class=\"highlight-block-small _ce_measure_widget\" data-ce-measure-widget=\"Kiemel\u00e9s - hossz\u00fa sz\u00f6veghez\">A c\u00e9l nem az, hogy az alacsonyabb n\u00f6v\u00e9ny eg\u00e9sz nap \u00e1rny\u00e9kban legyen. Sokkal ink\u00e1bb az, hogy a legmelegebb \u00f3r\u00e1kban kapjon enyh\u00fcl\u00e9st, mik\u00f6zben a nap t\u00f6bbi r\u00e9sz\u00e9ben elegend\u0151 f\u00e9nyhez jut.<\/span><\/p>\n<h2>A gy\u00f6k\u00e9rzetre is figyelni kell<\/h2>\n<p>A j\u00f3 t\u00e1rs\u00edt\u00e1s nemcsak a n\u00f6v\u00e9nyek magass\u00e1g\u00e1r\u00f3l sz\u00f3l. Fontos az is, hogyan gy\u00f6kereznek. Ha k\u00e9t n\u00f6v\u00e9ny ugyanabb\u00f3l a talajr\u00e9tegb\u0151l veszi fel a vizet \u00e9s a t\u00e1panyagokat, k\u00f6nnyen versengeni kezdenek egym\u00e1ssal. Ha viszont elt\u00e9r\u0151 m\u00e9lys\u00e9gben vagy elt\u00e9r\u0151 m\u00f3don haszn\u00e1lj\u00e1k a talajt, kisebb lehet a konkurencia.<\/p>\n<p>Ez\u00e9rt \u00e9rdemes olyan p\u00e1ros\u00edt\u00e1sokat v\u00e1lasztani, amelyek nem ugyanazt az er\u0151forr\u00e1st ig\u00e9nylik ugyanolyan intenzit\u00e1ssal. \u00cdgy a n\u00f6v\u00e9nyek nemcsak elf\u00e9rnek egym\u00e1s mellett, hanem jobban ki is eg\u00e9sz\u00edthetik egym\u00e1st.<\/p>\n<h2>Gyakori hib\u00e1k, amelyeket \u00e9rdemes elker\u00fclni<\/h2>\n<p>Az egyik leggyakoribb hiba a <strong>t\u00fal s\u0171r\u0171 \u00fcltet\u00e9s<\/strong>. A n\u00f6v\u00e9nyt\u00e1rs\u00edt\u00e1s nem azt jelenti, hogy minden szabad helyre ker\u00fclj\u00f6n valami. A n\u00f6v\u00e9nyeknek tov\u00e1bbra is sz\u00fcks\u00e9g\u00fck van leveg\u0151re, f\u00e9nyre \u00e9s elegend\u0151 t\u00e9rre.<\/p>\n<p>Szint\u00e9n gondot okozhat, ha <strong>nem vessz\u00fck figyelembe a nap ir\u00e1ny\u00e1t<\/strong>. Rosszul elhelyezve a magasabb n\u00f6v\u00e9ny nem a megfelel\u0151 id\u0151ben \u00e1rny\u00e9kol, vagy \u00e9ppen t\u00fal sok f\u00e9nyt vesz el az alacsonyabbt\u00f3l.<\/p>\n<p>Az<strong> id\u0151z\u00edt\u00e9s is l\u00e9nyeges<\/strong>. Sok t\u00e1rs\u00edt\u00e1s az\u00e9rt m\u0171k\u00f6dik, mert az egyik n\u00f6v\u00e9ny gyorsabban fejl\u0151dik \u00e9s hamarabb betakar\u00edthat\u00f3, m\u00edg a m\u00e1sik k\u00e9s\u0151bb foglalja el a hely\u00e9t. Ha ezt nem vessz\u00fck sz\u00e1m\u00edt\u00e1sba, a n\u00f6v\u00e9nyek k\u00f6nnyen egym\u00e1s rov\u00e1s\u00e1ra n\u0151hetnek.<\/p>\n<h2>Tudatosabb t\u00e9rhaszn\u00e1lattal jobb eredm\u00e9ny \u00e9rhet\u0151 el<\/h2>\n<blockquote class=\"_ce_measure_widget\" data-ce-measure-widget=\"Id\u00e9zet\">\n<p>A vetem\u00e9nyest nemcsak sorokban \u00e9rdemes megtervezni, hanem magass\u00e1gban \u00e9s f\u00e9nyviszonyokban is. A magasabb n\u00f6v\u00e9nyek \u00e1rny\u00e9ka megfelel\u0151 elhelyez\u00e9ssel hasznos eszk\u00f6z lehet a kertben: cs\u00f6kkentheti a h\u0151terhel\u00e9st, lass\u00edthatja a talaj kisz\u00e1rad\u00e1s\u00e1t, \u00e9s seg\u00edthet abban, hogy bizonyos z\u00f6lds\u00e9gek tov\u00e1bb maradjanak j\u00f3 \u00e1llapotban.<\/p>\n<\/blockquote>\n<p>A jobb term\u00e9shez teh\u00e1t nem mindig t\u00f6bb helyre van sz\u00fcks\u00e9g. Sokszor az is el\u00e9g, ha a megl\u00e9v\u0151 ter\u00fcletet okosabban haszn\u00e1ljuk ki, \u00e9s a kert saj\u00e1t \u00e1rny\u00e9k\u00e1t is a n\u00f6v\u00e9nyek szolg\u00e1lat\u00e1ba \u00e1ll\u00edtjuk.<\/p>\n<p>Kor\u00e1bban m\u00e1r \u00edrtunk arr\u00f3l, melyik n\u00f6v\u00e9nyszomsz\u00e9dokkal jobb lesz a <a href=\"https:\/\/sokszinuvidek.24.hu\/kertunk-portank\/2026\/04\/24\/szamoca-eper-novenytarsitas\/\" target=\"_blank\" rel=\"noopener\">szam\u00f3caterm\u00e9s<\/a>. A profi kert\u00e9szek titk\u00e1t is megosztottuk: ha ezt a <a href=\"https:\/\/sokszinuvidek.24.hu\/kertunk-portank\/2026\/04\/23\/uborka-termes-duplazasa\/\" target=\"_blank\" rel=\"noopener\">drasztikus l\u00e9p\u00e9st elv\u00e9gzed<\/a>, dupla annyi term\u00e9st hoz az uborka.\n\t<\/p>\n<div class=\"o-post__articRecommend m-articRecommend -hasImg cf article-recommendation-container cf _ce_measure_widget\" data-ce-measure-widget=\"Cikkaj\u00e1nl\u00f3 widget\">\n<div class=\"m-articRecommend__widgetTitle\">Kapcsol\u00f3d\u00f3<\/div>\n<div class=\"m-articRecommend__imgWrap image-container\"><a href=\"https:\/\/sokszinuvidek.24.hu\/kertunk-portank\/2026\/03\/06\/novenytarsitas-vetemenyesben\/\" target=\"_self\"><img loading=\"lazy\" decoding=\"async\" width=\"480\" height=\"270\" src=\"https:\/\/s.24.hu\/app\/uploads\/sites\/11\/2026\/02\/artellliii72-cucumbers-7322966_1280-e1772221916318-480x270.jpg\" class=\"img-responsive wp-post-image\" alt=\"n\u00f6v\u00e9nyt\u00e1rs\u00edt\u00e1s\" \/><\/a><\/div>\n<div class=\"m-articRecommend__cntWrap content-container \">\n\t\t\t<a href=\"https:\/\/sokszinuvidek.24.hu\/kertunk-portank\/2026\/03\/06\/novenytarsitas-vetemenyesben\/\" target=\"_self\" class=\"m-articRecommend__title ar-title\">N\u00f6v\u00e9nyt\u00e1rs\u00edt\u00e1s a vetem\u00e9nyesben: n\u00f6v\u00e9nyek, amelyek seg\u00edtik egym\u00e1s n\u00f6veked\u00e9s\u00e9t<\/a>\n<div class=\"m-articRecommend__lead ar-lead\">Bev\u00e1lt n\u00f6v\u00e9nyp\u00e1rok, amelyek t\u00f6bb term\u00e9st, kevesebb k\u00e1rtev\u0151t \u00e9s eg\u00e9szs\u00e9gesebb vetem\u00e9nyest eredm\u00e9nyeznek.<\/div>\n<\/div>\n<\/div>\n<p>The post <a href=\"https:\/\/sokszinuvidek.24.hu\/kertunk-portank\/2026\/04\/26\/magas-noveny-az-alacsony-melle-novenytarsitas\/\" target=\"_blank\">Magas n\u00f6v\u00e9ny az alacsony mell\u00e9: \u00edgy seg\u00edthet az \u00e1rny\u00e9k a vetem\u00e9nyesben<\/a> first appeared on <a href=\"https:\/\/sokszinuvidek.24.hu\/\" target=\"_blank\">Soksz\u00edn\u0171 vid\u00e9k<\/a>.<\/p><div id=\"friss-2188625371\" class=\"friss-etarget-cikk-vege friss-entity-placement\"><script type=\"text\/javascript\" id=\"etargetScript7a9b589f63cb072bef80df221f46a22b\">function etargetPostloadFunction7a9b589f63cb072bef80df221f46a22b(){var e=\"etargetPostload7a9b589f63cb072bef80df221f46a22b\",t=\"etargetScript7a9b589f63cb072bef80df221f46a22b\",o=document.getElementById(e);if(o){for(var n=o.offsetTop,d=o.offsetLeft,r=o.offsetWidth,a=o.offsetHeight;o.offsetParent;)o=o.offsetParent,n+=o.offsetTop,d+=o.offsetLeft;var i=(n<=window.pageYOffset+window.innerHeight&&d<window.pageXOffset+window.innerWidth&&n+a>window.pageYOffset&&d+r>window.pageXOffset);if(i&&etargetAllowOtherCheck){allowed=!1;var c=document.createElement(\"script\");return c.src=\"\/\/hu.search.etargetnet.com\/generic\/uni.php?g=ref:58661,area:700x210\",void(document.getElementById(t)&&document.getElementById(e)&&(document.getElementById(t).parentNode.appendChild(c),document.getElementById(t).parentNode.removeChild(document.getElementById(t)),document.getElementById(e).parentNode.removeChild(document.getElementById(e)),document.removeEventListener(\"scroll\",etargetPostloadFunction7a9b589f63cb072bef80df221f46a22b),document.removeEventListener(\"resize\",etargetPostloadFunction7a9b589f63cb072bef80df221f46a22b),document.removeEventListener(\"DOMContentLoaded\",etargetPostloadFunction7a9b589f63cb072bef80df221f46a22b)))}}}var etargetDivID=\"etargetPostload7a9b589f63cb072bef80df221f46a22b\",etargetScriptID=\"etargetScript7a9b589f63cb072bef80df221f46a22b\",etargetPostloadPoint=document.createElement(\"div\");etargetPostloadPoint.id=etargetDivID;var etargetCurScript=document.getElementById(etargetScriptID);etargetCurScript.parentNode.appendChild(etargetPostloadPoint),document.addEventListener(\"scroll\",etargetPostloadFunction7a9b589f63cb072bef80df221f46a22b),document.addEventListener(\"resize\",etargetPostloadFunction7a9b589f63cb072bef80df221f46a22b),document.addEventListener(\"DOMContentLoaded\",etargetPostloadFunction7a9b589f63cb072bef80df221f46a22b);var etargetAllowOtherCheck=!0;if(typeof(\"forceRunPostload\")==\"string\"){etargetPostloadFunction7a9b589f63cb072bef80df221f46a22b()}<\/script><\/div><div id=\"friss-3001463677\" class=\"friss-after-content friss-entity-placement\"><script type=\"text\/javascript\" id=\"etargetScript7a9b589f63cb072bef80df221f46a22b\">function etargetPostloadFunction7a9b589f63cb072bef80df221f46a22b(){var e=\"etargetPostload7a9b589f63cb072bef80df221f46a22b\",t=\"etargetScript7a9b589f63cb072bef80df221f46a22b\",o=document.getElementById(e);if(o){for(var n=o.offsetTop,d=o.offsetLeft,r=o.offsetWidth,a=o.offsetHeight;o.offsetParent;)o=o.offsetParent,n+=o.offsetTop,d+=o.offsetLeft;var i=(n<=window.pageYOffset+window.innerHeight&&d<window.pageXOffset+window.innerWidth&&n+a>window.pageYOffset&&d+r>window.pageXOffset);if(i&&etargetAllowOtherCheck){allowed=!1;var c=document.createElement(\"script\");return c.src=\"\/\/hu.search.etargetnet.com\/generic\/uni.php?g=ref:58661,area:700x210\",void(document.getElementById(t)&&document.getElementById(e)&&(document.getElementById(t).parentNode.appendChild(c),document.getElementById(t).parentNode.removeChild(document.getElementById(t)),document.getElementById(e).parentNode.removeChild(document.getElementById(e)),document.removeEventListener(\"scroll\",etargetPostloadFunction7a9b589f63cb072bef80df221f46a22b),document.removeEventListener(\"resize\",etargetPostloadFunction7a9b589f63cb072bef80df221f46a22b),document.removeEventListener(\"DOMContentLoaded\",etargetPostloadFunction7a9b589f63cb072bef80df221f46a22b)))}}}var etargetDivID=\"etargetPostload7a9b589f63cb072bef80df221f46a22b\",etargetScriptID=\"etargetScript7a9b589f63cb072bef80df221f46a22b\",etargetPostloadPoint=document.createElement(\"div\");etargetPostloadPoint.id=etargetDivID;var etargetCurScript=document.getElementById(etargetScriptID);etargetCurScript.parentNode.appendChild(etargetPostloadPoint),document.addEventListener(\"scroll\",etargetPostloadFunction7a9b589f63cb072bef80df221f46a22b),document.addEventListener(\"resize\",etargetPostloadFunction7a9b589f63cb072bef80df221f46a22b),document.addEventListener(\"DOMContentLoaded\",etargetPostloadFunction7a9b589f63cb072bef80df221f46a22b);var etargetAllowOtherCheck=!0;if(typeof(\"forceRunPostload\")==\"string\"){etargetPostloadFunction7a9b589f63cb072bef80df221f46a22b()}<\/script><\/div><div id=\"friss-1957169921\" class=\"friss-after-content_2 friss-entity-placement\" style=\"clear: both;\"><div class=\"wprss_ajax\" data-id=\"rssc8a506292d\"><img loading=\"lazy\" decoding=\"async\" src=\"https:\/\/friss-hirek.hu\/wp-content\/plugins\/wp-rss-retriever\/inc\/imgs\/ajax-loader.gif\" alt=\"Loading RSS Feed\" width=\"16\" height=\"16\"><\/div><\/div><br style=\"clear: both; display: block; float: none;\"\/><div id=\"friss-3929034068\" class=\"friss-after-content_3 friss-entity-placement\">https:\/\/www.youtube.com\/watch?v=Pdnw4KiUWp0<\/div>","protected":false},"excerpt":{"rendered":"<p>Sokan \u00fagy gondolj\u00e1k, hogy a vetem\u00e9nyesben min\u00e9l t\u00f6bb a naps\u00fct\u00e9s, ann\u00e1l jobb. Ez r\u00e9szben igaz is, hiszen sz\u00e1mos z\u00f6lds\u00e9gf\u00e9le f\u00e9nyig\u00e9nyes, a ny\u00e1ri h\u00f3napokban azonban a t\u00fal er\u0151s napsug\u00e1rz\u00e1s m\u00e1r nem minden n\u00f6v\u00e9nynek kedvez. A sal\u00e1ta, a spen\u00f3t vagy a retek p\u00e9ld\u00e1ul k\u00f6nnyen megperzsel\u0151dhet, gyorsabban felmagzik, illetve hamarabb vesz\u00edt a min\u0151s\u00e9g\u00e9b\u0151l, ha eg\u00e9sz nap t\u0171z\u0151 napon [&hellip;]<\/p>\n","protected":false},"author":1,"featured_media":0,"comment_status":"open","ping_status":"open","sticky":false,"template":"","format":"standard","meta":{"footnotes":""},"categories":[6],"tags":[],"class_list":["post-166017","post","type-post","status-publish","format-standard","hentry","category-videk"],"amp_enabled":true,"_links":{"self":[{"href":"https:\/\/friss-hirek.hu\/index.php\/wp-json\/wp\/v2\/posts\/166017","targetHints":{"allow":["GET"]}}],"collection":[{"href":"https:\/\/friss-hirek.hu\/index.php\/wp-json\/wp\/v2\/posts"}],"about":[{"href":"https:\/\/friss-hirek.hu\/index.php\/wp-json\/wp\/v2\/types\/post"}],"author":[{"embeddable":true,"href":"https:\/\/friss-hirek.hu\/index.php\/wp-json\/wp\/v2\/users\/1"}],"replies":[{"embeddable":true,"href":"https:\/\/friss-hirek.hu\/index.php\/wp-json\/wp\/v2\/comments?post=166017"}],"version-history":[{"count":0,"href":"https:\/\/friss-hirek.hu\/index.php\/wp-json\/wp\/v2\/posts\/166017\/revisions"}],"wp:attachment":[{"href":"https:\/\/friss-hirek.hu\/index.php\/wp-json\/wp\/v2\/media?parent=166017"}],"wp:term":[{"taxonomy":"category","embeddable":true,"href":"https:\/\/friss-hirek.hu\/index.php\/wp-json\/wp\/v2\/categories?post=166017"},{"taxonomy":"post_tag","embeddable":true,"href":"https:\/\/friss-hirek.hu\/index.php\/wp-json\/wp\/v2\/tags?post=166017"}],"curies":[{"name":"wp","href":"https:\/\/api.w.org\/{rel}","templated":true}]}}