{"id":166023,"date":"2026-04-26T09:05:28","date_gmt":"2026-04-26T09:05:28","guid":{"rendered":"https:\/\/friss-hirek.hu\/index.php\/egy-szent-gral-kerulhet-piacra-jovore-johet-az-elso-tabletta-a-legrosszabb-alvassal-kapcsolatos-betegsegre\/friss-hirek\/"},"modified":"2026-04-26T09:05:28","modified_gmt":"2026-04-26T09:05:28","slug":"egy-szent-gral-kerulhet-piacra-jovore-johet-az-elso-tabletta-a-legrosszabb-alvassal-kapcsolatos-betegsegre","status":"publish","type":"post","link":"https:\/\/friss-hirek.hu\/index.php\/egy-szent-gral-kerulhet-piacra-jovore-johet-az-elso-tabletta-a-legrosszabb-alvassal-kapcsolatos-betegsegre\/uzlet\/","title":{"rendered":"Egy \u201eszent gr\u00e1l\u201d ker\u00fclhet piacra: j\u00f6v\u0151re j\u00f6het az els\u0151 tabletta a legrosszabb, alv\u00e1ssal kapcsolatos betegs\u00e9gre"},"content":{"rendered":"<p><strong>Vil\u00e1gszerte k\u00f6zel 1 milli\u00e1rd embert \u00e9rinthet az alv\u00e1si apno\u00e9, m\u00e9gis meglep\u0151en kevesen kezelik megfelel\u0151en. Most egy bostoni biotech c\u00e9g arra k\u00e9sz\u00fcl, hogy beny\u00fajtsa az amerikai gy\u00f3gyszerhat\u00f3s\u00e1ghoz az els\u0151, kifejezetten erre a betegs\u00e9gre fejlesztett tablett\u00e1s k\u00e9sz\u00edtm\u00e9ny enged\u00e9lyeztet\u00e9s\u00e9t. Ha sikerrel j\u00e1rnak, az nemcsak betegek milli\u00f3inak \u00e9let\u00e9t v\u00e1ltoztathatja meg, hanem t\u00f6bb milli\u00e1rd doll\u00e1ros \u00faj piacot is nyithat.<\/strong><\/p><div id=\"friss-11516534\" class=\"friss-etarget friss-entity-placement\"><script type=\"text\/javascript\" id=\"etargetScript7a9b589f63cb072bef80df221f46a22b\">function etargetPostloadFunction7a9b589f63cb072bef80df221f46a22b(){var e=\"etargetPostload7a9b589f63cb072bef80df221f46a22b\",t=\"etargetScript7a9b589f63cb072bef80df221f46a22b\",o=document.getElementById(e);if(o){for(var n=o.offsetTop,d=o.offsetLeft,r=o.offsetWidth,a=o.offsetHeight;o.offsetParent;)o=o.offsetParent,n+=o.offsetTop,d+=o.offsetLeft;var i=(n<=window.pageYOffset+window.innerHeight&&d<window.pageXOffset+window.innerWidth&&n+a>window.pageYOffset&&d+r>window.pageXOffset);if(i&&etargetAllowOtherCheck){allowed=!1;var c=document.createElement(\"script\");return c.src=\"\/\/hu.search.etargetnet.com\/generic\/uni.php?g=ref:58661,area:700x210\",void(document.getElementById(t)&&document.getElementById(e)&&(document.getElementById(t).parentNode.appendChild(c),document.getElementById(t).parentNode.removeChild(document.getElementById(t)),document.getElementById(e).parentNode.removeChild(document.getElementById(e)),document.removeEventListener(\"scroll\",etargetPostloadFunction7a9b589f63cb072bef80df221f46a22b),document.removeEventListener(\"resize\",etargetPostloadFunction7a9b589f63cb072bef80df221f46a22b),document.removeEventListener(\"DOMContentLoaded\",etargetPostloadFunction7a9b589f63cb072bef80df221f46a22b)))}}}var etargetDivID=\"etargetPostload7a9b589f63cb072bef80df221f46a22b\",etargetScriptID=\"etargetScript7a9b589f63cb072bef80df221f46a22b\",etargetPostloadPoint=document.createElement(\"div\");etargetPostloadPoint.id=etargetDivID;var etargetCurScript=document.getElementById(etargetScriptID);etargetCurScript.parentNode.appendChild(etargetPostloadPoint),document.addEventListener(\"scroll\",etargetPostloadFunction7a9b589f63cb072bef80df221f46a22b),document.addEventListener(\"resize\",etargetPostloadFunction7a9b589f63cb072bef80df221f46a22b),document.addEventListener(\"DOMContentLoaded\",etargetPostloadFunction7a9b589f63cb072bef80df221f46a22b);var etargetAllowOtherCheck=!0;if(typeof(\"forceRunPostload\")==\"string\"){etargetPostloadFunction7a9b589f63cb072bef80df221f46a22b()}<\/script><\/div>\n<p>2016 november\u00e9ben Luigi Taranto Montemurro a Brigham and Women\u2019s Hospital alv\u00e1slaborj\u00e1ban figyelt egy k\u00f6z\u00e9pkor\u00fa beteget, aki obstrukt\u00edv alv\u00e1si apno\u00e9val k\u00fczd\u00f6tt. A f\u00e9rfi test\u00e9re szenzorokat kapcsoltak, hogy m\u00e9rj\u00e9k, h\u00e1nyszor \u00e1ll le a l\u00e9gz\u00e9se \u00e9jszaka. A kutat\u00f3 k\u00e9t m\u00e1r ismert gy\u00f3gyszer kombin\u00e1ci\u00f3j\u00e1t tesztelte rajta, de \u00e1tt\u00f6r\u00e9sre nem sz\u00e1m\u00edtott. \u00c9vtizedek \u00f3ta pr\u00f3b\u00e1lkoztak ugyanis azzal, hogy gy\u00f3gyszeresen kezelj\u00e9k az alv\u00e1si apno\u00e9t, \u00e1m minden kor\u00e1bbi k\u00eds\u00e9rlet kudarcot vallott.<\/p>\n<h2 class=\"wp-block-heading\">Azt\u00e1n valami szokatlan t\u00f6rt\u00e9nt: a beteg norm\u00e1lisan l\u00e9legzett \u00e1lm\u00e1ban. <\/h2>\n<p>Montemurro el\u0151sz\u00f6r azt hitte, hogy elromlott a m\u0171szer vagy rosszul csatlakoztatt\u00e1k a vezet\u00e9keket, de minden rendben volt. A gy\u00f3gyszerkombin\u00e1ci\u00f3 val\u00f3ban m\u0171k\u00f6d\u00f6tt. K\u00e9s\u0151bb \u00fagy id\u00e9zte fel a pillanatot, hogy alig hitt a szem\u00e9nek.<\/p>\n<div class=\"post-content-soft-paywall\">\n<p>Kilenc \u00e9vvel k\u00e9s\u0151bb a massachusettsi Cambridge-ben m\u0171k\u00f6d\u0151 Apnimed, amely megszerezte a Harvardt\u00f3l a fejleszt\u00e9si jogokat, m\u00e1r az az enged\u00e9lyeztet\u00e9sre, az FDA-beadv\u00e1nyra k\u00e9sz\u00fcl (<em>az FDA az Egyes\u00fclt \u00c1llamok \u00c9lelmiszer- \u00e9s Gy\u00f3gyszer\u00fcgyi Hat\u00f3s\u00e1ga<\/em>). Ha a folyamat a tervek szerint halad, 2027 els\u0151 fel\u00e9ben piacra ker\u00fclhet az els\u0151 esti tabletta, amely c\u00e9lzottan kezeli az alv\u00e1si apno\u00e9t.<\/p>\n<p>A betegs\u00e9g sor\u00e1n a torok alv\u00e1s k\u00f6zben id\u0151szakosan elz\u00e1r\u00f3dik, a l\u00e9gz\u00e9s ak\u00e1r t\u00f6bbsz\u00f6r is le\u00e1llhat, az oxig\u00e9nszint leeshet, a szervezet pedig folyamatos stressz alatt \u00e1ll. Az alv\u00e1si apno\u00e9 ez\u00e9rt j\u00f3val t\u00f6bb egyszer\u0171 horkol\u00e1sn\u00e1l: n\u00f6veli a sz\u00edvbetegs\u00e9gek \u00e9s a stroke kock\u00e1zat\u00e1t, \u00e9s kutat\u00e1sok szerint kapcsolatba hozhat\u00f3 neurodegenerat\u00edv betegs\u00e9gekkel is. M\u00e9gis rengetegen maradnak kezel\u00e9s n\u00e9lk\u00fcl.<\/p>\n<p>Jelenleg a legelterjedtebb ter\u00e1pia a CPAP k\u00e9sz\u00fcl\u00e9k, amely maszkon kereszt\u00fcl leveg\u0151t nyom a torokba, hogy nyitva tartsa a l\u00e9gutakat. Hat\u00e9kony megold\u00e1s, de sok beteg nehezen viseli, sokan pedig m\u00e1r a kivizsg\u00e1l\u00e1st is halogatj\u00e1k att\u00f3l tartva, hogy g\u00e9ppel kell majd aludniuk. Egy k\u00f6nnyebben elfogadhat\u00f3, tablett\u00e1s kezel\u00e9s ez\u00e9rt alapjaiban \u00edrhatja \u00e1t a piacot. <\/p>\n<h2 class=\"wp-block-heading\">Andrew Wellman harvardi kutat\u00f3 szerint az alv\u00e1si apno\u00e9-tabletta r\u00e9g\u00f3ta a szakma szent gr\u00e1lja.<\/h2>\n<p>Az Apnimed k\u00e9sz\u00edtm\u00e9nye leegyszer\u0171s\u00edtve \u00fagy m\u0171k\u00f6dik, hogy stimul\u00e1lja az agyt\u00f6rzset, ezzel seg\u00edt fenntartani a l\u00e9gutak izomt\u00f3nus\u00e1t, mik\u00f6zben az agy t\u00f6bbi r\u00e9sze tov\u00e1bb pihenhet alv\u00e1s k\u00f6zben. Vagyis nem fel\u00e9breszti a beteget, hanem megel\u0151zi a teljes izomelernyed\u00e9st a torokban. \u00c9ppen ezen a ponton buktak el kor\u00e1bban m\u00e1s fejleszt\u00e9sek.<\/p>\n<figure class=\"wp-block-image size-large\">\n<div class=\"photo-credit-wrapper\"><img decoding=\"async\" width=\"1440\" height=\"961\" loading=\"lazy\" src=\"https:\/\/cdn.forbes.hu\/uploads\/2026\/04\/apnoe_02.webp?r=eyJ3IjoxNTAwLCJxIjo5MCwicyI6IndlYnAifQ%3D%3D\" alt=\"\" class=\"wp-image-762727\" \/><\/div><figcaption class=\"wp-element-caption\">Az Apnimed t\u00e1rsalap\u00edt\u00f3ja \u00e9s tudom\u00e1nyos igazgat\u00f3ja, Luigi Taranto Montemurro: \u201eAz alv\u00e1s az agy\u00e9rt van. Ha nem alszol j\u00f3l, az agyad sem m\u0171k\u00f6dik j\u00f3l.\u201d Fot\u00f3: <small>Albie Colantonio \/ Forbes USA<\/small><\/figcaption><\/figure>\n<p>A v\u00e1llalat klasszikus korai f\u00e1zis\u00fa biotech c\u00e9g: m\u00e9g nincs \u00e1rbev\u00e9tele, vesztes\u00e9gesen m\u0171k\u00f6dik, ennek ellen\u00e9re m\u00e1r 260 milli\u00f3 doll\u00e1rt, vagyis jelenlegi \u00e1rfolyamon nagyj\u00e1b\u00f3l 93 milli\u00e1rd forintot vont be befektet\u0151kt\u0151l. A finansz\u00edroz\u00f3k k\u00f6z\u00f6tt szerepel a Alpha Wave Global, a Morningside \u00e9s a Sectoral Asset Management. A c\u00e9g \u00e9rt\u00e9kelts\u00e9ge k\u00f6r\u00fclbel\u00fcl 400 milli\u00f3 doll\u00e1rra, vagyis mintegy 143 milli\u00e1rd forintra tehet\u0151.<\/p>\n<p>Larry Miller vez\u00e9rigazgat\u00f3 szerint a potenci\u00e1lis betegsz\u00e1m \u00f3ri\u00e1si, \u00e9s milli\u00f3k haszn\u00e1lhatj\u00e1k majd a gy\u00f3gyszert. Ha csak az \u00e9rintettek kisebb r\u00e9sze kezdi el szedni, az is \u00e9vi t\u00f6bb milli\u00e1rd doll\u00e1ros forgalmat jelenthet, vagyis blockbuster kateg\u00f3ri\u00e1s term\u00e9k sz\u00fclethet.<\/p>\n<p>Az alv\u00e1sgy\u00f3gy\u00e1szat sok\u00e1ig perif\u00e9rikus ter\u00fcletnek sz\u00e1m\u00edtott. A technol\u00f3giai vil\u00e1g ink\u00e1bb az okosmatracokra, alv\u00e1sfigyel\u0151 k\u00fcty\u00fckre \u00e9s teljes\u00edtm\u00e9nyoptimaliz\u00e1l\u00f3 eszk\u00f6z\u00f6kre koncentr\u00e1lt, mik\u00f6zben maga az alv\u00e1si apno\u00e9 h\u00e1tt\u00e9rben maradt. <\/p>\n<h2 class=\"wp-block-heading\">Miller szerint ez egyszer\u0171en az\u00e9rt is van, mert nem sz\u00e1m\u00edt \u201eizgalmas\u201d betegs\u00e9gnek, szemben p\u00e9ld\u00e1ul az Alzheimer-k\u00f3rral, amely sokkal ink\u00e1bb megragadja a k\u00f6zv\u00e9lem\u00e9ny figyelm\u00e9t.<\/h2>\n<p>A tavaly lez\u00e1rt f\u00e1zis 3 klinikai vizsg\u00e1latok szerint a k\u00e9sz\u00edtm\u00e9ny az egyik legfontosabb m\u00e9r\u0151sz\u00e1mban, az \u00fagynevezett apnea-hypopnea indexben 47 sz\u00e1zal\u00e9kos javul\u00e1st hozott 26 h\u00e9t alatt, mik\u00f6zben a placebo csak 7 sz\u00e1zal\u00e9kot \u00e9rt el. S\u00falyos mell\u00e9khat\u00e1st nem jelentettek, a leggyakoribb panaszok az enyhe sz\u00e1jsz\u00e1razs\u00e1g \u00e9s az \u00e1lmatlans\u00e1g voltak.<\/p>\n<p>R\u00e9szben m\u00e1r l\u00e9tezik konkurencia is. 2024 v\u00e9g\u00e9n az Eli Lilly fogyaszt\u00f3szere, a Zepbound megkapta az FDA-j\u00f3v\u00e1hagy\u00e1st k\u00f6zepes vagy s\u00falyos alv\u00e1si apno\u00e9ra elh\u00edzott feln\u0151ttekn\u00e9l. Ez azonban tests\u00falycs\u00f6kkent\u00e9ssel jav\u00edtja az \u00e1llapotot, nem k\u00f6zvetlen\u00fcl a betegs\u00e9get kezeli, \u00e9s nem minden p\u00e1ciens sz\u00e1m\u00e1ra megold\u00e1s. Az Apnimed gy\u00f3gyszere ezzel szemben k\u00f6zvetlen, c\u00e9lzott ter\u00e1piak\u00e9nt pozicion\u00e1lja mag\u00e1t.<\/p>\n<p>A v\u00e1llalat szerint a legnagyobb \u00fczleti lehet\u0151s\u00e9g a kezeletlen t\u00f6megekben rejlik. Saj\u00e1t \u00f6t\u00e9ves biztos\u00edt\u00e1si adatb\u00e1zisuk alapj\u00e1n 23 milli\u00f3 embern\u00e9l diagnosztiz\u00e1ltak alv\u00e1si apno\u00e9t, de k\u00f6z\u00fcl\u00fck csak 6,5 milli\u00f3 kapott t\u00e9nyleges kezel\u00e9st. Graham Goodrich szerint a diagnosztiz\u00e1lt betegek t\u00f6bbs\u00e9ge sincs kezelve, \u00e9s ez az ipar\u00e1g alapvet\u0151 abszurdit\u00e1sa. Befektet\u0151i szemmel ez azt jelenti, hogy a piac nem tel\u00edtett, hanem gyakorlatilag felt\u00e1ratlan.<\/p>\n<p>Az Apnimed m\u00e1r most biztos\u00edt\u00f3kkal t\u00e1rgyal a j\u00f6v\u0151beni t\u00e1mogat\u00e1sr\u00f3l, mik\u00f6zben tov\u00e1bbi molekul\u00e1kat is fejleszt a jap\u00e1n Shionogi partners\u00e9g\u00e9vel.<\/p>\n<p>Ha a c\u00e9g val\u00f3ban piacra viszi a k\u00e9sz\u00edtm\u00e9nyt, az nem csup\u00e1n egy \u00faj gy\u00f3gyszer megjelen\u00e9s\u00e9t jelenti majd. Sokkal ink\u00e1bb annak bizony\u00edt\u00e9k\u00e1t, hogy egy \u00e9vtizedek \u00f3ta alulkezelt, stigmatiz\u00e1lt \u00e9s k\u00e9nyelmetlen\u00fcl kezelhet\u0151 betegs\u00e9gb\u0151l is lehet \u00faj, t\u00f6meges gy\u00f3gyszerpiacot \u00e9p\u00edteni. Ugyanez t\u00f6rt\u00e9nt kor\u00e1bban a magas v\u00e9rnyom\u00e1s, az asztma vagy \u00fajabban az elh\u00edz\u00e1s kezel\u00e9s\u00e9ben. Most k\u00f6nnyen lehet, hogy az alv\u00e1s k\u00f6vetkezik.<\/p>\n<p><em>Ez a cikk el\u0151sz\u00f6r az <a href=\"https:\/\/www.forbes.com\/sites\/amyfeldman\/2026\/01\/12\/a-holy-grail-sleep-apnea-pill-could-be-on-the-market-next-year\/?utm_campaign=ForbesMainFB&amp;utm_source=ForbesMainFacebook&amp;utm_medium=social&amp;fbclid=IwY2xjawRSHoZleHRuA2FlbQIxMABicmlkETBBd2tzcG11VkppNmxCU25oc3J0YwZhcHBfaWQQMjIyMDM5MTc4ODIwMDg5MgABHhlUGH6HTvtKakvzRtKQRghUU92YygbHZXIwc6oyiy3XG__fLbQp1wm871l6_aem_caoWEhVKcyjuinUmt4gwiw\">amerikai Forbesban<\/a> jelent meg. <\/em><\/p>\n<\/div>\n<div><\/div>\n<div class=\"premium-blocker premium-blocker--hu\" data-needed=\"authenticated\" data-current='[\"free\"]'>\n<div data-needed=\"authenticated\"><\/div>\n<\/div>\n<p>\t\t<!-- No email blocks found --><\/p>\n<p>The post <a href=\"https:\/\/forbes.hu\/uzlet\/egy-szent-gral-kerulhet-piacra-jovore-johet-az-elso-tabletta-a-legrosszabb-alvassal-kapcsolatos-betegsegre\/\">Egy \u201eszent gr\u00e1l\u201d ker\u00fclhet piacra: j\u00f6v\u0151re j\u00f6het az els\u0151 tabletta a legrosszabb, alv\u00e1ssal kapcsolatos betegs\u00e9gre<\/a> appeared first on <a href=\"https:\/\/forbes.hu\/\">Forbes.hu<\/a>.<\/p><div id=\"friss-4121254884\" class=\"friss-etarget-cikk-vege friss-entity-placement\"><script type=\"text\/javascript\" id=\"etargetScript7a9b589f63cb072bef80df221f46a22b\">function etargetPostloadFunction7a9b589f63cb072bef80df221f46a22b(){var e=\"etargetPostload7a9b589f63cb072bef80df221f46a22b\",t=\"etargetScript7a9b589f63cb072bef80df221f46a22b\",o=document.getElementById(e);if(o){for(var n=o.offsetTop,d=o.offsetLeft,r=o.offsetWidth,a=o.offsetHeight;o.offsetParent;)o=o.offsetParent,n+=o.offsetTop,d+=o.offsetLeft;var i=(n<=window.pageYOffset+window.innerHeight&&d<window.pageXOffset+window.innerWidth&&n+a>window.pageYOffset&&d+r>window.pageXOffset);if(i&&etargetAllowOtherCheck){allowed=!1;var c=document.createElement(\"script\");return c.src=\"\/\/hu.search.etargetnet.com\/generic\/uni.php?g=ref:58661,area:700x210\",void(document.getElementById(t)&&document.getElementById(e)&&(document.getElementById(t).parentNode.appendChild(c),document.getElementById(t).parentNode.removeChild(document.getElementById(t)),document.getElementById(e).parentNode.removeChild(document.getElementById(e)),document.removeEventListener(\"scroll\",etargetPostloadFunction7a9b589f63cb072bef80df221f46a22b),document.removeEventListener(\"resize\",etargetPostloadFunction7a9b589f63cb072bef80df221f46a22b),document.removeEventListener(\"DOMContentLoaded\",etargetPostloadFunction7a9b589f63cb072bef80df221f46a22b)))}}}var etargetDivID=\"etargetPostload7a9b589f63cb072bef80df221f46a22b\",etargetScriptID=\"etargetScript7a9b589f63cb072bef80df221f46a22b\",etargetPostloadPoint=document.createElement(\"div\");etargetPostloadPoint.id=etargetDivID;var etargetCurScript=document.getElementById(etargetScriptID);etargetCurScript.parentNode.appendChild(etargetPostloadPoint),document.addEventListener(\"scroll\",etargetPostloadFunction7a9b589f63cb072bef80df221f46a22b),document.addEventListener(\"resize\",etargetPostloadFunction7a9b589f63cb072bef80df221f46a22b),document.addEventListener(\"DOMContentLoaded\",etargetPostloadFunction7a9b589f63cb072bef80df221f46a22b);var etargetAllowOtherCheck=!0;if(typeof(\"forceRunPostload\")==\"string\"){etargetPostloadFunction7a9b589f63cb072bef80df221f46a22b()}<\/script><\/div><div id=\"friss-1370767228\" class=\"friss-after-content friss-entity-placement\"><script type=\"text\/javascript\" id=\"etargetScript7a9b589f63cb072bef80df221f46a22b\">function etargetPostloadFunction7a9b589f63cb072bef80df221f46a22b(){var e=\"etargetPostload7a9b589f63cb072bef80df221f46a22b\",t=\"etargetScript7a9b589f63cb072bef80df221f46a22b\",o=document.getElementById(e);if(o){for(var n=o.offsetTop,d=o.offsetLeft,r=o.offsetWidth,a=o.offsetHeight;o.offsetParent;)o=o.offsetParent,n+=o.offsetTop,d+=o.offsetLeft;var i=(n<=window.pageYOffset+window.innerHeight&&d<window.pageXOffset+window.innerWidth&&n+a>window.pageYOffset&&d+r>window.pageXOffset);if(i&&etargetAllowOtherCheck){allowed=!1;var c=document.createElement(\"script\");return c.src=\"\/\/hu.search.etargetnet.com\/generic\/uni.php?g=ref:58661,area:700x210\",void(document.getElementById(t)&&document.getElementById(e)&&(document.getElementById(t).parentNode.appendChild(c),document.getElementById(t).parentNode.removeChild(document.getElementById(t)),document.getElementById(e).parentNode.removeChild(document.getElementById(e)),document.removeEventListener(\"scroll\",etargetPostloadFunction7a9b589f63cb072bef80df221f46a22b),document.removeEventListener(\"resize\",etargetPostloadFunction7a9b589f63cb072bef80df221f46a22b),document.removeEventListener(\"DOMContentLoaded\",etargetPostloadFunction7a9b589f63cb072bef80df221f46a22b)))}}}var etargetDivID=\"etargetPostload7a9b589f63cb072bef80df221f46a22b\",etargetScriptID=\"etargetScript7a9b589f63cb072bef80df221f46a22b\",etargetPostloadPoint=document.createElement(\"div\");etargetPostloadPoint.id=etargetDivID;var etargetCurScript=document.getElementById(etargetScriptID);etargetCurScript.parentNode.appendChild(etargetPostloadPoint),document.addEventListener(\"scroll\",etargetPostloadFunction7a9b589f63cb072bef80df221f46a22b),document.addEventListener(\"resize\",etargetPostloadFunction7a9b589f63cb072bef80df221f46a22b),document.addEventListener(\"DOMContentLoaded\",etargetPostloadFunction7a9b589f63cb072bef80df221f46a22b);var etargetAllowOtherCheck=!0;if(typeof(\"forceRunPostload\")==\"string\"){etargetPostloadFunction7a9b589f63cb072bef80df221f46a22b()}<\/script><\/div><div id=\"friss-3985826676\" class=\"friss-after-content_2 friss-entity-placement\" style=\"clear: both;\"><div class=\"wprss_ajax\" data-id=\"rss09dca9f1ad\"><img loading=\"lazy\" decoding=\"async\" src=\"https:\/\/friss-hirek.hu\/wp-content\/plugins\/wp-rss-retriever\/inc\/imgs\/ajax-loader.gif\" alt=\"Loading RSS Feed\" width=\"16\" height=\"16\"><\/div><\/div><br style=\"clear: both; display: block; float: none;\"\/><div id=\"friss-3323473078\" class=\"friss-after-content_3 friss-entity-placement\">https:\/\/www.youtube.com\/watch?v=Pdnw4KiUWp0<\/div>","protected":false},"excerpt":{"rendered":"<p>Vil\u00e1gszerte k\u00f6zel 1 milli\u00e1rd embert \u00e9rinthet az alv\u00e1si apno\u00e9, m\u00e9gis meglep\u0151en kevesen kezelik megfelel\u0151en. Most egy bostoni biotech c\u00e9g arra k\u00e9sz\u00fcl, hogy beny\u00fajtsa az amerikai gy\u00f3gyszerhat\u00f3s\u00e1ghoz az els\u0151, kifejezetten erre a betegs\u00e9gre fejlesztett tablett\u00e1s k\u00e9sz\u00edtm\u00e9ny enged\u00e9lyeztet\u00e9s\u00e9t. Ha sikerrel j\u00e1rnak, az nemcsak betegek milli\u00f3inak \u00e9let\u00e9t v\u00e1ltoztathatja meg, hanem t\u00f6bb milli\u00e1rd doll\u00e1ros \u00faj piacot is nyithat. 2016 [&hellip;]<\/p>\n","protected":false},"author":1,"featured_media":0,"comment_status":"open","ping_status":"open","sticky":false,"template":"","format":"standard","meta":{"footnotes":""},"categories":[7],"tags":[],"class_list":["post-166023","post","type-post","status-publish","format-standard","hentry","category-uzlet"],"amp_enabled":true,"_links":{"self":[{"href":"https:\/\/friss-hirek.hu\/index.php\/wp-json\/wp\/v2\/posts\/166023","targetHints":{"allow":["GET"]}}],"collection":[{"href":"https:\/\/friss-hirek.hu\/index.php\/wp-json\/wp\/v2\/posts"}],"about":[{"href":"https:\/\/friss-hirek.hu\/index.php\/wp-json\/wp\/v2\/types\/post"}],"author":[{"embeddable":true,"href":"https:\/\/friss-hirek.hu\/index.php\/wp-json\/wp\/v2\/users\/1"}],"replies":[{"embeddable":true,"href":"https:\/\/friss-hirek.hu\/index.php\/wp-json\/wp\/v2\/comments?post=166023"}],"version-history":[{"count":0,"href":"https:\/\/friss-hirek.hu\/index.php\/wp-json\/wp\/v2\/posts\/166023\/revisions"}],"wp:attachment":[{"href":"https:\/\/friss-hirek.hu\/index.php\/wp-json\/wp\/v2\/media?parent=166023"}],"wp:term":[{"taxonomy":"category","embeddable":true,"href":"https:\/\/friss-hirek.hu\/index.php\/wp-json\/wp\/v2\/categories?post=166023"},{"taxonomy":"post_tag","embeddable":true,"href":"https:\/\/friss-hirek.hu\/index.php\/wp-json\/wp\/v2\/tags?post=166023"}],"curies":[{"name":"wp","href":"https:\/\/api.w.org\/{rel}","templated":true}]}}