{"id":166036,"date":"2026-04-27T04:17:32","date_gmt":"2026-04-27T04:17:32","guid":{"rendered":"https:\/\/friss-hirek.hu\/index.php\/azahriah-is-felfigyelt-ra-a-21-eves-oszi-most-megis-a-dronos-vedelem-fele-fordul-allami-befektetessel\/friss-hirek\/"},"modified":"2026-04-27T04:17:32","modified_gmt":"2026-04-27T04:17:32","slug":"azahriah-is-felfigyelt-ra-a-21-eves-oszi-most-megis-a-dronos-vedelem-fele-fordul-allami-befektetessel","status":"publish","type":"post","link":"https:\/\/friss-hirek.hu\/index.php\/azahriah-is-felfigyelt-ra-a-21-eves-oszi-most-megis-a-dronos-vedelem-fele-fordul-allami-befektetessel\/uzlet\/","title":{"rendered":"Azahriah is felfigyelt r\u00e1, a 21 \u00e9ves Oszi most m\u00e9gis a dr\u00f3nos v\u00e9delem fel\u00e9 fordul  \u2013 \u00e1llami befektet\u00e9ssel"},"content":{"rendered":"<p><strong>Hajnal h\u00e1romkor versenyezni K\u00edn\u00e1ban, \u00e9l\u0151ben k\u00f6zvet\u00edteni a magyar zeneipar rekordkoncertj\u00e9t, huszonegy \u00e9vesen hatvanmilli\u00f3 forintos befektet\u00e9si k\u00f6rt z\u00e1rni \u2013 mind olyan \u00e9lm\u00e9nyek, amelyek k\u00f6nnyen elker\u00fclhett\u00e9k volna Babics Oszk\u00e1rt, ha tizen\u00e9vesen nem dr\u00f3n\u00e9p\u00edt\u0151 tartalmakra akad r\u00e1 az interneten. K\u00f6zel t\u00edz \u00e9ve hajtja a rep\u00fcl\u00e9s, az \u00e9rz\u00e9s sosem lankadt, mindig csak \u00e1talakult: orsz\u00e1gos bajnoki c\u00edmeit vil\u00e1gm\u00e1rk\u00e1s produkci\u00f3kra cser\u00e9lte, startupj\u00e1val viszont ink\u00e1bb m\u00e1r az \u00e9p\u00edt\u00e9sre f\u00f3kusz\u00e1lna.<\/strong><\/p><div id=\"friss-1725180640\" class=\"friss-etarget friss-entity-placement\"><script type=\"text\/javascript\" id=\"etargetScript7a9b589f63cb072bef80df221f46a22b\">function etargetPostloadFunction7a9b589f63cb072bef80df221f46a22b(){var e=\"etargetPostload7a9b589f63cb072bef80df221f46a22b\",t=\"etargetScript7a9b589f63cb072bef80df221f46a22b\",o=document.getElementById(e);if(o){for(var n=o.offsetTop,d=o.offsetLeft,r=o.offsetWidth,a=o.offsetHeight;o.offsetParent;)o=o.offsetParent,n+=o.offsetTop,d+=o.offsetLeft;var i=(n<=window.pageYOffset+window.innerHeight&&d<window.pageXOffset+window.innerWidth&&n+a>window.pageYOffset&&d+r>window.pageXOffset);if(i&&etargetAllowOtherCheck){allowed=!1;var c=document.createElement(\"script\");return c.src=\"\/\/hu.search.etargetnet.com\/generic\/uni.php?g=ref:58661,area:700x210\",void(document.getElementById(t)&&document.getElementById(e)&&(document.getElementById(t).parentNode.appendChild(c),document.getElementById(t).parentNode.removeChild(document.getElementById(t)),document.getElementById(e).parentNode.removeChild(document.getElementById(e)),document.removeEventListener(\"scroll\",etargetPostloadFunction7a9b589f63cb072bef80df221f46a22b),document.removeEventListener(\"resize\",etargetPostloadFunction7a9b589f63cb072bef80df221f46a22b),document.removeEventListener(\"DOMContentLoaded\",etargetPostloadFunction7a9b589f63cb072bef80df221f46a22b)))}}}var etargetDivID=\"etargetPostload7a9b589f63cb072bef80df221f46a22b\",etargetScriptID=\"etargetScript7a9b589f63cb072bef80df221f46a22b\",etargetPostloadPoint=document.createElement(\"div\");etargetPostloadPoint.id=etargetDivID;var etargetCurScript=document.getElementById(etargetScriptID);etargetCurScript.parentNode.appendChild(etargetPostloadPoint),document.addEventListener(\"scroll\",etargetPostloadFunction7a9b589f63cb072bef80df221f46a22b),document.addEventListener(\"resize\",etargetPostloadFunction7a9b589f63cb072bef80df221f46a22b),document.addEventListener(\"DOMContentLoaded\",etargetPostloadFunction7a9b589f63cb072bef80df221f46a22b);var etargetAllowOtherCheck=!0;if(typeof(\"forceRunPostload\")==\"string\"){etargetPostloadFunction7a9b589f63cb072bef80df221f46a22b()}<\/script><\/div>\n<p class=\"has-drop-cap\">\u201eAz \u00e9p\u00edteni val\u00f3 v\u00e1gy, \u00e9s az ig\u00e9ny, hogy valami maradand\u00f3t alkossak\u201d \u2013 foglalja \u00f6ssze Babics Oszk\u00e1r, szerinte mi k\u00f6z\u00f6s benne \u00e9s a t\u00edz \u00e9vvel ezel\u0151tti Osziban. \u201eAmi biztos megv\u00e1ltozott, az a kapcsolatom a dr\u00f3nokkal. R\u00e9gen a hobbi, most ink\u00e1bb a munka jut r\u00f3la eszembe\u201d \u2013 fogalmaz.<\/p>\n<p>Ut\u00f3bbi nem v\u00e9letlen, ma m\u00e1r k\u00e9t multikopteres v\u00e1llalkoz\u00e1st is visz: a Fly Above Kft.-t tizenh\u00e9t \u00e9vesen alap\u00edtotta, versenydr\u00f3nos vide\u00f3felv\u00e9telei miatt. Nagy szerepe volt ebben a YouTube-nak: 2019-ben Oszi egy bar\u00e1tj\u00e1val \u00fagy d\u00f6nt\u00f6tt, csin\u00e1lnak egy FPV-dr\u00f3nos (versenydr\u00f3nos \u2013 <em>a szerk.<\/em>) vide\u00f3t Budapestr\u0151l. A tartalom egy akkor m\u00e9g nulla feliratkoz\u00f3s csatorn\u00e1ra ker\u00fclt fel, nem sz\u00e1m\u00edtottak komoly visszhangra.<\/p>\n<p>\u201eEgy informatika\u00f3r\u00e1n posztoltuk ki, d\u00e9lben. Est\u00e9re m\u00e1r t\u00edzezer megtekint\u00e9sen volt, t\u00f6bb h\u00edrport\u00e1l is lehozta. Teljesen megd\u00f6bbent\u00fcnk\u201d \u2013 eml\u00e9kszik vissza. A vide\u00f3 m\u00e1ra 150 ezer megtekint\u00e9s felett j\u00e1r. B\u00e1r Oszi akkor m\u00e9g nem tudta, de az els\u0151 gratul\u00e1l\u00e1sok \u00e9s \u00fczenetek k\u00e9s\u0151bbi \u00fcgyfeleit\u0151l j\u00f6ttek.<\/p>\n<p>2025-ben alap\u00edtotta m\u00e1sodik c\u00e9g\u00e9t, a Feral Drones Kft.-t, mentor\u00e1val, Farkas Csab\u00e1val. K\u00f6z\u00f6s t\u00f6rt\u00e9net\u00fck j\u00f3val kor\u00e1bbr\u00f3l indul: a magyar dr\u00f3nversenyek berkeiben tal\u00e1lkoztak, Csaba volt az, aki megmutatta Oszinak a dr\u00f3n\u00e9p\u00edt\u00e9s alapjait. Startupukkal olyan dr\u00f3nalap\u00fa objektumv\u00e9delmi rendszereket fejlesztenek, melyek nagy kiterjed\u00e9s\u0171 ter\u00fcletek \u00e9s hossz\u00fa nyomvonalas l\u00e9tes\u00edtm\u00e9nyek (\u00e9rtsd: b\u00e1ny\u00e1k, nagyobb gy\u00e1rak, olajvezet\u00e9kek) \u0151rz\u00e9s-v\u00e9delm\u00e9t v\u00e9gezn\u00e9k. Ennek ki\u00e9p\u00edt\u00e9s\u00e9hez most hatvanmilli\u00f3 forintot kapnak, az \u00f6tletbe az \u00e1llami-piaci h\u00e1tter\u0171 inkub\u00e1tor, a Startup Campus sz\u00e1llt be.<\/p>\n<div class=\"related-post-links\">\n<p>\t\t<span class=\"related-post-links__title minititle\">T\u00f6bb ebb\u0151l<\/span><\/p>\n<div class=\"related-post-links__link-wrapper\">\n\t\t\t\t<a href=\"https:\/\/forbes.hu\/uzlet\/resoloon-startup-kertesz-domokos-ballonok\/\" class=\"related-post-links__link\">\u00d6szt\u00f6nd\u00edjat kaptam c\u00e9gvezet\u00e9sre \u2013\u00a0mondja a 20 \u00e9ves Domi. C\u00e9ge 200 milli\u00f3b\u00f3l h\u00f3d\u00edtan\u00e1 meg a glob\u00e1lis v\u00e9delmi ipart<\/a>\n\t\t\t<\/div>\n<div class=\"related-post-links__link-wrapper\">\n\t\t\t\t<a href=\"https:\/\/forbes.hu\/uzlet\/aira-health-fazekas-levente-forbes-sztori\/\" class=\"related-post-links__link\">K\u00f6zel k\u00e9tmilli\u00f3 doll\u00e1rt vont be a 26 \u00e9ves magyar sr\u00e1c c\u00e9ge, hogy a betegekhez id\u0151ben eljussanak a gy\u00f3gyszerek. A leggazdagabb magyar is besz\u00e1llt<\/a>\n\t\t\t<\/div>\n<\/div>\n<h2 class=\"wp-block-heading\"><strong>H\u00e1romdimenzi\u00f3s Formula-1<\/strong><\/h2>\n<p class=\"has-drop-cap\">M\u00e1r \u00e1ltal\u00e1nos iskol\u00e1sk\u00e9nt Arduino starter kitet k\u00e9rt kar\u00e1csonyra, b\u00e1r bevallja, p\u00e1r \u00e9vig ink\u00e1bb csak szemezett vele, mint haszn\u00e1lta. Az igazi motiv\u00e1ci\u00f3t a dr\u00f3nos YouTube-vide\u00f3k hozt\u00e1k. Leny\u0171g\u00f6zte, hogy valaki otthoni k\u00f6r\u00fclm\u00e9nyek k\u00f6z\u00f6tt is k\u00e9pes egy ilyen bonyolult eszk\u00f6z l\u00e9trehoz\u00e1s\u00e1ra. \u201eH\u00f3napokig, napi n\u00e9gy-\u00f6t \u00f3r\u00e1n \u00e1t n\u00e9ztem ilyen tartalmakat. Minden l\u00e9tez\u0151 tud\u00e1sanyagot pr\u00f3b\u00e1ltam felkeresni\u201d \u2013 mes\u00e9li Oszi. Sz\u00fclei tudt\u00e1k t\u00e1mogatni hobbij\u00e1ban, sz\u00fclinapi \u00e9s kar\u00e1csonyi aj\u00e1nd\u00e9kokb\u00f3l pedig egy id\u0151 ut\u00e1n \u00f6ssze\u00e1llt a sz\u00fcks\u00e9ges eszk\u00f6zt\u00e1r.<\/p>\n<p>A k\u00f6vetkez\u0151 nagy l\u00e9pcs\u0151fok a magyar versenydr\u00f3nk\u00f6z\u00f6ss\u00e9gre val\u00f3 r\u00e1tal\u00e1l\u00e1s volt, mes\u00e9li. \u201eEl\u0151sz\u00f6r csak n\u00e9zni mentem. M\u00e1sodj\u00e1ra m\u00e1r \u00fagy, hogy valamennyire meg\u00e9p\u00edtettem a saj\u00e1t dr\u00f3nomat. Ez persze m\u00e9g nem m\u0171k\u00f6d\u00f6tt\u201d \u2013 mondja nevetve. Ekkor tal\u00e1lkozott Csab\u00e1val, aki seg\u00edtett abban, hogy tizenn\u00e9gy \u00e9vesen elk\u00e9sz\u00fclhessen az els\u0151 saj\u00e1t multikoptere.<\/p>\n<p>A hazai versenydr\u00f3noz\u00e1si szc\u00e9na 50-60 f\u0151b\u0151l \u00e1ll, de v\u00e1ltoz\u00f3, h\u00e1nyan m\u00e9rettetik meg magukat egy-egy versenyen. \u201eAhogy k\u00f6zeledik a t\u00e9l, m\u00e1r kevesebben j\u00f6nnek ki, mint ny\u00e1ron\u201d \u2013 jegyzi meg viccel\u0151dve. A versenyek helysz\u00edne \u00e1ltal\u00e1ban v\u00e1ltozik, de t\u00f6bbnyire a Hungaroring ad otthont nekik. Oszi a sport\u00e1g jellemz\u00e9s\u00e9n\u00e9l is Formula-1-es p\u00e1rhuzammal \u00e9l: \u201eolyan, mint az aut\u00f3versenyz\u00e9s, csak h\u00e1rom dimenzi\u00f3ban.\u201d<\/p>\n<figure class=\"wp-block-image size-full\">\n<div class=\"photo-credit-wrapper\"><img decoding=\"async\" width=\"1707\" height=\"2560\" loading=\"lazy\" src=\"https:\/\/cdn.forbes.hu\/uploads\/2026\/04\/SL0_9114-scaled.jpg\" alt=\"\" class=\"wp-image-762628\" \/>\n<div class=\"photo-credit\">\n            <img decoding=\"async\" loading=\"lazy\" class=\"photo-credit__icon\" src=\"https:\/\/forbes.hu\/wp-content\/themes\/frontend\/atoms\/photo-credit\/icon-info.svg\" alt=\"info\" \/><br \/>\n            <span class=\"photo-credit__label\">Fot\u00f3: Sebesty\u00e9n L\u00e1szl\u00f3 \/\/ Forbes<\/span>\n        <\/div>\n<\/div><figcaption class=\"wp-element-caption\">Babics Oszk\u00e1r k\u00e9tszeres orsz\u00e1gos versenydr\u00f3n-bajnok, a megm\u00e9rettet\u00e9seket azonban vide\u00f3z\u00e1sra cser\u00e9lte. Fot\u00f3: Sebesty\u00e9n L\u00e1szl\u00f3 \/\/ Forbes<\/figcaption><\/figure>\n<div class=\"highlighted-text\">\n<p>\t\t<span class=\"highlighted-text__title minititle\">Mi a versenydr\u00f3n \u00e9s sima dr\u00f3n k\u00f6zti k\u00fcl\u00f6nbs\u00e9g?<\/span><\/p>\n<div class=\"highlighted-text__content\">\n<p>M\u00edg az FPV-dr\u00f3nok m\u0171k\u00f6d\u00e9s\u00e9ben a gyorsas\u00e1g \u00e9s a hirtelen ir\u00e1nyv\u00e1lt\u00e1sok, man\u0151verek a legfontosabb elemek, addig a klasszikus dr\u00f3nok stabil, lassabb rep\u00fcl\u00e9sre lettek tervezve. A vez\u00e9rl\u00e9s is teljesen m\u00e1s: a sima, bolti dr\u00f3nok GPS ir\u00e1nyt\u0171vel \u00e9s barom\u00e9terrel vannak felszerelve, \u00edgy akkor is egyhelyben lebegnek, ha pil\u00f3t\u00e1juk elengedi a t\u00e1vir\u00e1ny\u00edt\u00f3t. A versenyre sz\u00e1nt t\u00edpusok navig\u00e1l\u00e1sa sokkal \u00e9rz\u00e9kenyebb, ezeket folyamatosan ir\u00e1ny\u00edtani kell, k\u00fcl\u00f6nben lezuhanhatnak.<\/p>\n<p>A sebess\u00e9gk\u00fcl\u00f6nbs\u00e9g \u00e9rz\u00e9keltet\u00e9se v\u00e9gett: a bolti dr\u00f3nok maxim\u00e1lis sebess\u00e9ge \u00e1ltal\u00e1ban nem \u00e9ri el a 100 km\/h-t. Egyes versenydr\u00f3nok m\u00e1sf\u00e9l m\u00e1sodperc alatt gyorsulnak fel eddig.<\/p>\n<\/div>\n<\/div>\n\n<p>Kapuk, z\u00e1szl\u00f3k, l\u00e9tr\u00e1k \u2013 p\u00e9ld\u00e1ul ilyen akad\u00e1lyokat kell megker\u00fclni, \u00e1tugratni, vagy \u00e9ppen mozgatni. A versenynapokat a motorsportokhoz hasonl\u00f3an itt is kvalifik\u00e1ci\u00f3s nap el\u0151zi meg, a futamon pedig n\u00e9gyen indulnak egyszerre. Azt, hogy ki milyen dr\u00f3nnal versenyezhet, a FAI (F\u00e9d\u00e9ration A\u00e9ronautique Internationale, vagyis a Nemzetk\u00f6zi L\u00e9gisport Sz\u00f6vets\u00e9g \u2013 <em>a szerk.<\/em>) szabja meg: motor- \u00e9s propellerm\u00e9ret, az akkumul\u00e1tor er\u0151ss\u00e9ge \u00e9s a dr\u00f3n \u00f6sszs\u00falya is szempont.<\/p>\n<p>\u201eNagyon izgalmas, de rettent\u0151en nehezen k\u00f6zvet\u00edthet\u0151 sport: teny\u00e9rnyi m\u00e9ret\u0171 t\u00e1rgyak rep\u00fclnek egym\u00e1s mellett 180 kilom\u00e9ter per \u00f3r\u00e1val\u201d \u2013 magyar\u00e1zza Oszi.<\/p>\n<blockquote class=\"wp-block-quote is-layout-flow wp-block-quote-is-layout-flow\">\n<p>K\u00e9tszeres orsz\u00e1gos bajnok lett itthon, 2019-ben pedig Ningboban, K\u00edn\u00e1ban k\u00e9pviselte Magyarorsz\u00e1got.<\/p>\n<\/blockquote>\n<p>Itt junior kateg\u00f3ri\u00e1ban 26., m\u00edg \u00f6sszes\u00edtettben 45. helyen v\u00e9gzett, amely b\u00e1r el\u0151kel\u0151 poz\u00edci\u00f3, nem teljesen el\u00e9gedett vele. \u201eA tud\u00e1som indokolta volna, hogy egy t\u00edz hellyel el\u0151r\u00e9bb legyek. Nagyon izgultam, val\u00f3sz\u00edn\u0171leg ez\u00e9rt sem j\u00f6tt ki minden\u201d \u2013 fogalmaz. J\u00f3 \u00e9lm\u00e9nyk\u00e9nt tekint vissza a v\u00e9b\u00e9re, pedig voltak hib\u00e1i: az id\u0151m\u00e9r\u0151 rendszer meghib\u00e1sod\u00e1sa miatt cs\u00fasztak a futamok, emiatt volt olyan, ami csak hajnal h\u00e1romkor tudott elkezd\u0151dni.<\/p>\n<p>Ekkor m\u00e9g nem tudta, de ez volt els\u0151 \u00e9s utols\u00f3 vil\u00e1gbajnoks\u00e1ga is egyben. K\u00e9t \u00e9v folyamatos versenyz\u00e9se kif\u00e1rasztotta, nem maradt motiv\u00e1ci\u00f3ja folytatni. A k\u00ednai v\u00e9b\u00e9 decemberben volt, n\u00e9h\u00e1ny h\u00f3nappal kor\u00e1bban ker\u00fclt ki a sz\u00e1z\u00f6tvenezer n\u00e9z\u0151ig felk\u00fasz\u00f3 budapesti kisfilm. \u00dagy \u00e9rezte, a sz\u00edve m\u00e1r nem a versenyp\u00e1ly\u00e1n van.<\/p>\n<figure class=\"wp-block-image size-full\">\n<div class=\"photo-credit-wrapper\"><img decoding=\"async\" width=\"2560\" height=\"1707\" loading=\"lazy\" src=\"https:\/\/cdn.forbes.hu\/uploads\/2026\/04\/SL0_9053-scaled.jpg\" alt=\"\" class=\"wp-image-762613\" \/>\n<div class=\"photo-credit\">\n            <img decoding=\"async\" loading=\"lazy\" class=\"photo-credit__icon\" src=\"https:\/\/forbes.hu\/wp-content\/themes\/frontend\/atoms\/photo-credit\/icon-info.svg\" alt=\"info\" \/><br \/>\n            <span class=\"photo-credit__label\">Fot\u00f3: Sebesty\u00e9n L\u00e1szl\u00f3 \/\/ Forbes<\/span>\n        <\/div>\n<\/div><figcaption class=\"wp-element-caption\">\u201eR\u00e9gen a hobbi, most ink\u00e1bb a munka jut r\u00f3la eszembe\u201d \u2013 mondja Babics Oszk\u00e1r a dr\u00f3noz\u00e1sr\u00f3l. B\u00e1r csak 21 \u00e9ves, a multikopterek \u2013 valamilyen form\u00e1ban \u2013 t\u00f6bb mint t\u00edz \u00e9ve jelen vannak \u00e9let\u00e9ben. Fot\u00f3: Sebesty\u00e9n L\u00e1szl\u00f3 \/\/ Forbes<\/figcaption><\/figure>\n<h2 class=\"wp-block-heading\">Nem kell minden r\u00e9sen \u00e1trep\u00fclni<\/h2>\n<p class=\"has-drop-cap\">Kezdetben produkci\u00f3s c\u00e9gek helyett ink\u00e1bb vide\u00f3s szakemberek kerest\u00e9k, akik el tudt\u00e1k k\u00e9pzelni dr\u00f3nfelv\u00e9teleit projektj\u00fckben. M\u00e1r akkor is megtal\u00e1lt\u00e1k a munk\u00e1k, amikor saj\u00e1t egy\u00e9ni v\u00e1llalkoz\u00e1sa sem lehetett \u00e9letkora miatt. Kezdetekben emiatt \u00e9desapja seg\u00edtett neki sz\u00e1ml\u00e1zni \u00e9s szerz\u0151dni. \u201e\u0150 adta \u00e1t a v\u00e1llalkoz\u00e1s alapjait\u201d \u2013 eml\u00e9kszik vissza.<\/p>\n<div class=\"post-content-soft-paywall\">\n<p>Els\u0151 munk\u00e1i k\u00f6z\u00f6tt a BMW egy p\u00e1lyanapj\u00e1t eml\u00edti, ahol \u00f6sszefoglal\u00f3 vide\u00f3t gy\u00e1rtottak. Az els\u0151 \u201ecs\u00edpj meg\u201d \u00e9lm\u00e9ny viszont m\u00e1r egy TV2-s felk\u00e9r\u00e9shez kapcsol\u00f3dik: a Totem (v\u00e9g\u00fcl egy \u00e9vadot meg\u00e9lt) c\u00edm\u0171 t\u00fal\u00e9l\u0151-reality m\u0171sor\u00e1nak kreat\u00edv producere kereste Facebookon a 16 \u00e9ves Oszit, miut\u00e1n l\u00e1tta budapesti vide\u00f3j\u00e1t.<\/p>\n<blockquote class=\"wp-block-quote is-layout-flow wp-block-quote-is-layout-flow\">\n<p>\u201e\u00c9ppen a Balatonon nyaraltunk, amikor h\u00edvtak. Azt mondt\u00e1k, holnap ott k\u00e9ne lennem egy Zala megyei telep\u00fcl\u00e9sen, megmutatni, mit tudok\u201d \u2013 mes\u00e9li.<\/p>\n<\/blockquote>\n<p>Oszi szerencs\u00e9je az volt, hogy nyaral\u00e1s\u00e1ra is vitte mag\u00e1val eszk\u00f6zeit \u2013 ahogy \u0151 fogalmaz: \u201eha esetleg l\u00e1t valami sz\u00e9pet, megrep\u00fcli\u201d \u2013, \u00edgy igent tudott mondani. M\u00e1snap j\u00f6tt \u00e9rte egy aut\u00f3, ami elvitte a forgat\u00e1sra. V\u00e9g\u00fcl meg\u00e9rte az akci\u00f3, a st\u00e1bnak tetszett a felv\u00e9tel, fel is haszn\u00e1lt\u00e1k a sorozatban. \u201eM\u00e1r tudom, hogy ebben nem volt semmi kir\u00edv\u00f3, de tizenhat \u00e9ves fejjel sz\u00fcrre\u00e1lis volt, hogy ez t\u00f6rt\u00e9nik velem\u201d \u2013 nevet.<\/p>\n<p>De mi olyan k\u00fcl\u00f6n\u00f6s ezekben a vide\u00f3kban? Hiszen a dr\u00f3nfelv\u00e9telek lassan k\u00e9t \u00e9vtizede vel\u00fcnk vannak, nem egyszer alkalmazt\u00e1k m\u00e1r t\u00e9v\u00e9s produkci\u00f3kban. Oszi a dr\u00f3nok k\u00f6zti k\u00fcl\u00f6nbs\u00e9geket hangs\u00falyozza: \u201eA versenydr\u00f3nokn\u00e1l nagyon meredek a tanul\u00e1si g\u00f6rbe, sokan feladj\u00e1k a gyakorl\u00e1st, miel\u0151tt igaz\u00e1n ki tudn\u00e1k hozni az el\u0151nyeit.\u201d Az FPV-dr\u00f3nok sebess\u00e9ge, gyorsabb ir\u00e1nyv\u00e1lt\u00e1sa el\u0151nynek bizonyult a k\u00e9palkot\u00e1sban is \u2013 \u00faj perspekt\u00edv\u00e1t hozott a piacon.<\/p>\n<figure class=\"wp-block-image size-full\">\n<div class=\"photo-credit-wrapper\"><img decoding=\"async\" width=\"2560\" height=\"1707\" loading=\"lazy\" src=\"https:\/\/cdn.forbes.hu\/uploads\/2026\/04\/SL0_9115-scaled.jpg\" alt=\"\" class=\"wp-image-762632\" \/>\n<div class=\"photo-credit\">\n            <img decoding=\"async\" loading=\"lazy\" class=\"photo-credit__icon\" src=\"https:\/\/forbes.hu\/wp-content\/themes\/frontend\/atoms\/photo-credit\/icon-info.svg\" alt=\"info\" \/><br \/>\n            <span class=\"photo-credit__label\">Fot\u00f3: Sebesty\u00e9n L\u00e1szl\u00f3 \/\/ Forbes<\/span>\n        <\/div>\n<\/div><figcaption class=\"wp-element-caption\">Oszihoz olyan kor\u00e1n be\u00e9rkeztek az els\u0151 vide\u00f3s felk\u00e9r\u00e9s\u00e9k, hogy m\u00e9g saj\u00e1t egy\u00e9ni v\u00e1llalkoz\u00e1st sem tudott ind\u00edtani. Fot\u00f3: Sebesty\u00e9n L\u00e1szl\u00f3 \/\/ Forbes<\/figcaption><\/figure>\n<p>\u201eA klasszikus dr\u00f3nvide\u00f3kat egy lassabb, \u00fasz\u00f3s vezet\u00e9s jellemzi, m\u00edg az FPV olyan, mintha egy mini-vad\u00e1szrep\u00fcl\u0151b\u0151l n\u00e9zn\u00e9d a jelenetet\u201d \u2013 magyar\u00e1z. A m\u00e9ret \u00e9s s\u00faly is seg\u00edt, sokkal kisebb helyeken f\u00e9r \u00e1t a FPV-dr\u00f3n, t\u00e1g\u00edtva a kreat\u00edv dimenzi\u00f3kat.<\/p>\n<p>Az elm\u00falt \u00e9vekben sokat v\u00e1ltozott a piac, Oszi is \u00fagy l\u00e1tja, elterjedt a versenydr\u00f3noz\u00e1s. Sokszor azonban az a tapasztalata, hogy csak az\u00e9rt haszn\u00e1lnak FPV-t, mert ott van az eszk\u00f6zt\u00e1rban, pedig a mes\u00e9lt t\u00f6rt\u00e9nethez val\u00f3j\u00e1ban nem ad hozz\u00e1. \u201eKezd\u00fcnk \u00e1tesni a l\u00f3 t\u00fals\u00f3 oldal\u00e1ra. Bizonyos jelenetekben jobban meg\u00e1llja a hely\u00e9t egy sima dr\u00f3nos felv\u00e9tel. Nem kell minden r\u00e9sen \u00e1trep\u00fclni\u201d \u2013 magyar\u00e1z.<\/p>\n<p>Saj\u00e1t munk\u00e1iban is pr\u00f3b\u00e1l figyelni arra, hogy ne er\u0151ltesse t\u00fal az ef\u00e9le pl\u00e1nokat. \u201eMindig azt k\u00e9rdezem a rendez\u0151kt\u0151l, szerint\u00fck mennyit ad mindez hozz\u00e1 a t\u00f6rt\u00e9nethez?\u201d Minden munk\u00e1j\u00e1t megel\u0151z\u0151en keresi a megrendel\u0151ket, pr\u00f3b\u00e1l min\u00e9l jobban belefolyni a tervez\u00e9si folyamatokba, hogy ne a forgat\u00e1si napon \u00e9rj\u00e9k kellemetlen meglepet\u00e9sek.<\/p>\n<p>Ez az\u00e9rt is fontos, mert a dr\u00f3nos forgat\u00e1sokhoz eseti l\u00e9gt\u00e9renged\u00e9lyre van sz\u00fcks\u00e9g, melyet a magyarorsz\u00e1gi jogszab\u00e1lyok szerint legal\u00e1bb harminc nappal a tervezett ig\u00e9nybev\u00e9telt megel\u0151z\u0151en kell elk\u00fcldeni a katonai l\u00e9g\u00fcgyi hat\u00f3s\u00e1gnak. A produkci\u00f3k d\u00f6nt\u00e9shozatala azonban sokszor lassabb enn\u00e9l, vagy becs\u00faszik egy k\u00e9s\u0151bbi v\u00e1ltoztat\u00e1s: <\/p>\n<blockquote class=\"wp-block-quote is-layout-flow wp-block-quote-is-layout-flow\">\n<p>ebben az esetben megpr\u00f3b\u00e1lj\u00e1k olyan ter\u00fcletre terelni a forgat\u00e1st, ahol m\u00e1r van \u00e9rv\u00e9nyes enged\u00e9ly\u00fck.<\/p>\n<\/blockquote>\n<p>Ahogy gyarapodtak a felk\u00e9r\u00e9sek, egyre t\u00f6bb lett az eszk\u00f6zbeszerz\u00e9s \u2013 az enged\u00e9lyeztet\u00e9sekr\u0151l nem is besz\u00e9lve \u2013, elj\u00f6tt az id\u0151 c\u00e9get alap\u00edtani. Ez lett a Fly Above Kft., amelyet ugyanazzal a bar\u00e1tj\u00e1val kezdett, akivel az omin\u00f3zus budapesti vide\u00f3t is gy\u00e1rtotta. K\u00e9s\u0151bb kij\u00f6ttek a k\u00fcl\u00f6nbs\u00e9gek abban, merre akarnak menni, \u00edgy Oszi kiv\u00e1s\u00e1rolta tulajdonr\u00e9sz\u00e9t.<\/p>\n<p>A v\u00e1llalat 2023-ban 19,8, 2024-ben 14,6 milli\u00f3s bev\u00e9telt hozott \u2013 minim\u00e1lis profit mellett. El\u00e1rulja: 2025-ben siker\u00fclt ezt megdupl\u00e1zni, tavaly m\u00e1r 38 milli\u00f3 forintos \u00e9vet z\u00e1rtak. Ehhez sz\u00e1zh\u00fasz-sz\u00e1zharminc vide\u00f3s munka kellett, f\u0151leg a ny\u00e1ri id\u0151szakban: a fesztiv\u00e1lok \u00e9s koncertek mellett ekkor forog a legt\u00f6bb rekl\u00e1m- \u00e9s j\u00e1t\u00e9kfilm is, a hosszabb nappalok miatt. A hazai filmes nagykuty\u00e1knak sz\u00e1m\u00edt\u00f3 Topshot \u00e9s Drone Media Studio-n kereszt\u00fcl nemzetk\u00f6zi produkci\u00f3kban is r\u00e9szt vett, dolgozott p\u00e9ld\u00e1ul Johnny Deppel \u00e9s Jenna Orteg\u00e1val is.<\/p>\n<p>Az \u00e1rbev\u00e9tel-dupl\u00e1z\u00e1shoz hozz\u00e1j\u00e1rult az is, hogy a l\u00e9g\u00fcgyi hat\u00f3s\u00e1g \u2013 egy hossz\u00fa \u00e9s bonyodalmas folyamat ut\u00e1n \u2013 elfogadta Oszi m\u0171veleti enged\u00e9ly\u00e9t. Ez azt jelenti, hogy mostant\u00f3l embert\u00f6meg felett is vide\u00f3zhatnak, ami sok, eddig kulcsra z\u00e1rt kaput nyit ki. A dr\u00f3noz\u00e1s keretrendszer\u00e9t egy 2021-es, uni\u00f3s hat\u00e1rozat szab\u00e1lyozta le. Oszi szerint az\u00f3ta kevesen vannak, akik teljesen feh\u00e9r m\u0171veleteket hajtanak v\u00e9gre, az ellen\u0151rz\u00e9s hi\u00e1ny miatt sok a sz\u00fcrke, esetleg fekete megold\u00e1s. \u201eEgy j\u00f3 p\u00e9lda a Budapest Park, \u0151k \u00e9len j\u00e1rnak abban, hogy megfogj\u00e1k, ki pr\u00f3b\u00e1lkozik f\u00e9lig leg\u00e1lis m\u0171veletekkel.\u201d<\/p>\n<p>\u201eNagy sz\u00edvf\u00e1jdalmam, hogy van egy szigor\u00fa jogi keretrendszer\u00fcnk, amit pr\u00f3b\u00e1lunk betartani, de nagyon kevesen ellen\u0151rzik\u201d \u2013 mondja. \u00dagy l\u00e1tja, j\u00f3val k\u00f6lts\u00e9gesebb \u00e9s bonyolultabb \u00edgy m\u0171k\u00f6dni, ez\u00e9rt azok a versenyt\u00e1rsak, akik a sz\u00fcrkez\u00f3n\u00e1ban mozognak, el\u0151nyt szereznek. Konkr\u00e9t szerepl\u0151ket nem nevez meg.<\/p>\n<blockquote class=\"wp-block-quote is-layout-flow wp-block-quote-is-layout-flow\">\n<p>\u201eSzorgalmazom, hogy vagy legyen jobban ellen\u0151rizve, vagy ir\u00e1ny\u00edtsuk \u00fagy a jogi k\u00f6rnyezetet, hogy betarthat\u00f3 \u00e9s ellen\u0151rizhet\u0151 is legyen.\u201d\u00a0 \u00a0<\/p>\n<\/blockquote>\n<figure class=\"wp-block-image size-large\">\n<div class=\"photo-credit-wrapper\"><img decoding=\"async\" loading=\"lazy\" src=\"https:\/\/cdn.forbes.hu\/uploads\/2026\/04\/SL0_9105-scaled.webp?r=eyJ3IjoxNTAwLCJxIjo5MCwicyI6ImpwZyJ9\" alt=\"\" class=\"wp-image-762647\" \/><\/div><figcaption class=\"wp-element-caption\">Babics Oszk\u00e1r: \u201eKezd\u00fcnk \u00e1tesni a l\u00f3 t\u00fals\u00f3 oldal\u00e1ra. Bizonyos jelenetekben jobban meg\u00e1llja a hely\u00e9t egy sima dr\u00f3nos felv\u00e9tel is.\u201d\u00a0Fot\u00f3: Sebesty\u00e9n L\u00e1szl\u00f3 \/\/ Forbes<\/figcaption><\/figure>\n<h2 class=\"wp-block-heading\">Tripla Pusk\u00e1st\u00f3l az eszk\u00f6zgy\u00e1rt\u00e1sig<\/h2>\n<p class=\"has-drop-cap\">Kisebb forgat\u00e1sokon egyed\u00fcl dolgozik, nagyobb produkci\u00f3k eset\u00e9n t\u00f6bbf\u0151s a csapat. Oszi alv\u00e1llalkoz\u00f3ja, Benner Beli\u00e1n megy vele \u00e1ltal\u00e1ban, s\u0151t, olyan is volt, amikor helyettes\u00edtette \u0151t. De mi a helyzet, ha a magyar zenet\u00f6rt\u00e9nelem legnagyobb showm\u0171sor\u00e1ra h\u00edvnak? Oszi\u00e9k ezt is megtapasztalhatt\u00e1k, 2024-ben \u00e9l\u0151 k\u00f6zvet\u00edt\u00e9st \u00e9s koncertfilmet is csin\u00e1ltak Azahriah tripla Pusk\u00e1s-koncertjein.<\/p>\n<p>A Final Productions kereste meg \u0151ket a feladattal, v\u00e9g\u00fcl Oszi egy h\u00e1romf\u0151s csapatot koordin\u00e1lt a koncertek alatt. \u201eSzakmailag ez volt az egyik legnagyobb kih\u00edv\u00e1sunk\u201d \u2013 fogalmaz, majd hozz\u00e1teszi: m\u00e9g nemzetk\u00f6zi szinten is ritka versenydr\u00f3nt l\u00e1tni \u00e9l\u0151 k\u00f6zvet\u00edt\u00e9sen, hatvanezer ember el\u0151tt.<\/p>\n<p>A m\u00e1sik, j\u00f3val aktu\u00e1lisabb nagymunka a Pamkutya h\u00e9tszeres MVM Dome koncertsorozat\u00e1hoz kapcsol\u00f3dik. Oszit tavaly decemberben kereste meg a Supermanagement azzal, hogy rep\u00fcl\u0151 aut\u00f3t kell \u00e9p\u00edteni. Nem is ak\u00e1rmilyet \u2013 a Pamkutya YouTube-csatorna par\u00f3diakorszak\u00e1nak visszat\u00e9r\u0151 kocsij\u00e1t, egy Opel G Astr\u00e1t.<\/p>\n<blockquote class=\"wp-block-quote is-layout-flow wp-block-quote-is-layout-flow\">\n<p>\u201eHatalmas ugr\u00f3deszka volt, hogy sikeresen vett\u00fck ezt az akad\u00e1lyt. Ez nagyon sok ipar\u00e1g tal\u00e1lkoz\u00e1sa volt, mi pedig megmutattuk, hogy n\u00e1lunk van a megfelel\u0151 know-how\u201d \u2013 v\u00e9li Oszi. <\/p>\n<\/blockquote>\n<p>K\u00e9sz\u00edtettek egy speci\u00e1lis karbon alv\u00e1zat, amin helyet kapott hat motor, rep\u00fcl\u00e9svez\u00e9rl\u0151 \u00e9s egy m\u00f3dos\u00edtott vez\u00e9rl\u0151szoftver is, erre helyezkedett az Opel-form\u00e1j\u00fa h\u00e9liumos ballontest. \u201eNagy kih\u00edv\u00e1s volt olyan ballontestet gy\u00e1rtani, ami h\u00e9liumz\u00e1r\u00f3, ezt a megfelel\u0151 dr\u00f3nelektronik\u00e1val felruh\u00e1zni, majd szoftvert r\u00e1tenni. Egy n\u00e9gyf\u0151s csapat h\u00e1romhavi munk\u00e1ja volt benne\u201d \u2013 foglalja \u00f6ssze Oszi. Viszont ami neki a legfontosabb: v\u00e9gre kipr\u00f3b\u00e1lhatta mag\u00e1t a sz\u00edv\u00e9nek legink\u00e1bb kedves ter\u00fcleten, a dr\u00f3nfejleszt\u00e9sben.<\/p>\n<p>\u201eA koncertjeink kapcs\u00e1n dolgoztam egy\u00fctt el\u0151sz\u00f6r Oszk\u00e1rral, viszont ebb\u0151l az egy projektb\u0151l is l\u00e1tom, hogy mennyire sz\u00edv\u00e9n viseli a munk\u00e1j\u00e1t\u201d \u2013 mondta megkeres\u00e9s\u00fcnkre Osb\u00e1th M\u00e1rk. \u00dagy l\u00e1tja, egy hazai zeneiparban eddig p\u00e9ld\u00e1tlan feladattal kerest\u00e9k meg, a v\u00e9geredm\u00e9ny azonban bizony\u00edtotta \u0151ket. \u201eId\u0151t \u00e9s energi\u00e1t nem sp\u00f3rolva, h\u00f3napokon kereszt\u00fcl dolgoztak ezen a lehetetlen k\u00fcldet\u00e9sen. A legmagasabb szint\u0171 elhivatotts\u00e1g \u00e9s kitart\u00e1s n\u00e9lk\u00fcl ez nem val\u00f3sulhatott volna meg, nagyon h\u00e1l\u00e1s vagyok nekik!<\/p>\n<p>Ig\u00e9ny az ir\u00e1nyv\u00e1lt\u00e1sra, frusztr\u00e1ci\u00f3 az enged\u00e9lyez\u00e9ssel, t\u00f6bb potenci\u00e1l \u2013 list\u00e1zza az okokat, mi\u00e9rt kacsintgat ma m\u00e1r jobban a multikopterek fejleszt\u00e9se ir\u00e1ny\u00e1ba. \u201eAmit itt csin\u00e1lunk, az k\u00e9zzelfoghat\u00f3. \u00dagy tudunk l\u00e1tv\u00e1nyos eredm\u00e9nyeket el\u00e9rni, hogy nem azon agg\u00f3dnom, megkapom-e id\u0151ben az enged\u00e9lyt\u201d \u2013 fogalmaz. Nem z\u00e1rk\u00f3zik el a vide\u00f3s projektekt\u0151l sem, de a k\u00f6vetkez\u0151 id\u0151szakot a rep\u00fcl\u0151 szerkezetek alkot\u00e1s\u00e1ra sz\u00e1nja.<\/p>\n<p>Itt j\u00f6n k\u00e9pbe a Feral Drones \u00e9s \u0151rz\u00e9s-v\u00e9delem. A projektet m\u00e9g Farkas Csaba kezdte el a Hungarian Startup University Program (HSUP) program keretein bel\u00fcl, az \u00d3budai Egyetem hallgat\u00f3jak\u00e9nt. Ebb\u0151l az id\u0151szakb\u00f3l sz\u00e1rmazik a Feral dokkol\u00f3- \u00e9s dr\u00f3nkoncepci\u00f3ja is. 2024 nyar\u00e1n Csaba egy Demo Day keretein bel\u00fcl prezent\u00e1lta az \u00f6tletet. <\/p>\n<blockquote class=\"wp-block-quote is-layout-flow wp-block-quote-is-layout-flow\">\n<p>\u201eB\u00fcszk\u00e9k vagyunk arra, hogy az \u00f6tlet m\u00e1r ekkor piack\u00e9pes volt, \u00e9s ez az\u00f3ta sem v\u00e1ltozott\u201d \u2013 mondja Oszi.<\/p>\n<\/blockquote>\n<h2 class=\"wp-block-heading\">Nig\u00e9ri\u00e1t\u00f3l M\u00e1lt\u00e1ig<\/h2>\n<p class=\"has-drop-cap\">Miut\u00e1n a projekt kiesett a HSUP keretrendszer\u00e9b\u0151l, a csapattagok lemorzsol\u00f3dtak, Csaba Oszihoz fordult. \u201eEffekt\u00edvebb fejleszt\u00e9sbe kezdt\u00fcnk, emellett minden l\u00e9tez\u0151 esem\u00e9nyre igyekezt\u00fcnk elmenni\u201d \u2013 fogalmaz. Nem minden volt mag\u00e1t\u00f3l \u00e9rtet\u0151d\u0151, vallja \u0151szint\u00e9n. A v\u00e1llalat\u00e9p\u00edt\u00e9s tanul\u00e1si folyamat\u00e1nak elej\u00e9n j\u00e1rtak, olyan dolgokat is el kellett saj\u00e1t\u00edtaniuk, minthogy hogyan \u00edrj olyan \u00fczleti tervet, ami mindenki sz\u00e1m\u00e1ra \u00e9rthet\u0151 \u00e9s \u00e9rdekes.<\/p>\n<p>Oszi \u00e9s Csaba mellett n\u00e9gyen dolgoznak most a Feraln\u00e1l, van felel\u0151se az \u00e9rt\u00e9kes\u00edt\u00e9snek \u00e9s a k\u00fclf\u00f6ldi kapcsolatoknak is. Tov\u00e1bbi fejleszt\u0151t jelenleg k\u00fcls\u0151sk\u00e9nt tudnak alkalmazni, f\u0151leg t\u0151kehi\u00e1ny miatt, de szeretn\u00e9nek b\u0151v\u00edteni ilyen t\u00e9ren. A szervezeti strukt\u00far\u00e1n m\u00e9g most is dolgoznak, Oszinak h\u00fasz sz\u00e1zal\u00e9kos tulajdonr\u00e9sze van a c\u00e9gben.<\/p>\n<p>Dr\u00f3njaikat \u00e9s dokkol\u00f3ikat csak polg\u00e1ri \u00e9s v\u00e9delmi c\u00e9lokra \u00e9rt\u00e9kes\u00edten\u00e9k, fogalmaz. \u201eAlapvet\u0151en minden olyan felhaszn\u00e1l\u00e1st keres\u00fcnk, ami dr\u00f3nnal a legoptim\u00e1lisabb, \u00edgy er\u0151forr\u00e1sokat tudunk felszabad\u00edtani.\u201d A v\u00f6r\u00f6s vonalat a dr\u00f3nok t\u00e1mad\u00f3 jelleg\u0171 felhaszn\u00e1l\u00e1s\u00e1n\u00e1l h\u00fazza meg. \u201eHa az orsz\u00e1g v\u00e9delm\u00e9r\u0151l van sz\u00f3, sz\u00edvesen seg\u00edt\u00fcnk, minden m\u00e1st elutas\u00edtunk\u201d \u2013 mondja.<\/p>\n<blockquote class=\"wp-block-quote is-layout-flow wp-block-quote-is-layout-flow\">\n<p>A Feral f\u00f3kusz\u00e1ban \u00edgy \u2013 egyel\u0151re \u2013 a nagy kiterjed\u00e9s\u0171 ter\u00fcletek \u00e9s hossz\u00fa nyomvonalas l\u00e9tes\u00edtm\u00e9nyek v\u00e9delme marad.<\/p>\n<\/blockquote>\n<p>2025 augusztus\u00e1ban indult a diskurzus a Startup Campussal. Eddigre m\u00e1r sok VC-s besz\u00e9lget\u00e9st tudtak a h\u00e1tuk m\u00f6g\u00f6tt, de a legt\u00f6bb helyr\u0151l azt kapt\u00e1k: j\u00f3 a projekt, de f\u00e9lnek a dr\u00f3nok k\u00e9tes felhaszn\u00e1l\u00e1s\u00e1t\u00f3l. \u201eAmennyiben egy dr\u00f3nt a mi \u00e9rt\u00e9keinkt\u0151l ellent\u00e9tesen haszn\u00e1ln\u00e1nak, akkor azt b\u00e1rhol a vil\u00e1gon ki tudjuk kapcsolni \u2013 m\u0171holdon kereszt\u00fcl\u201d \u2013 v\u00e1laszolja Oszi erre a kritik\u00e1ra. \u00dagy \u00e9rzi, a Startup Campussal folytatott besz\u00e9lget\u00e9sek sor\u00e1n err\u0151l meggy\u0151z\u0151en tudtak kommunik\u00e1lni.<\/p>\n<p>A befektet\u00e9s a Nemzeti Kutat\u00e1si, Fejleszt\u00e9si \u00e9s Innov\u00e1ci\u00f3s Hivatal Startup Factory programj\u00e1nak keret\u00e9ben val\u00f3sul meg: szakmai mentor\u00e1ci\u00f3 \u00e9s piacra l\u00e9p\u00e9si t\u00e1mogat\u00e1s mellett hatvanmilli\u00f3 forint befektet\u00e9st kapnak, ennek h\u00fasz sz\u00e1zal\u00e9ka mag\u00e1nt\u0151ke. A Feral tizen\u00f6t sz\u00e1zal\u00e9k alatti r\u00e9szesed\u00e9st biztos\u00edt az inkub\u00e1tor sz\u00e1m\u00e1ra,  tudtuk meg az \u00e1llami p\u00e9nzekkel s\u00e1f\u00e1rkod\u00f3 befektet\u0151t\u0151l.<\/p>\n<blockquote class=\"wp-block-quote is-layout-flow wp-block-quote-is-layout-flow\">\n<p>\u201eA befektet\u00e9ssel egy olyan profit\u00e1bilis dr\u00f3nfejleszt\u0151 \u00e9s szolg\u00e1ltat\u00f3 c\u00e9g fel\u00e9p\u00edt\u00e9se a c\u00e9l, amely stabil m\u0171k\u00f6d\u00e9s mellett 5\u20138 \u00e9ven bel\u00fcl r\u00e9gi\u00f3s szinten is meghat\u00e1roz\u00f3 szerepl\u0151v\u00e9 v\u00e1lhat a saj\u00e1t ipar\u00e1g\u00e1ban\u201d \u2013 \u00edrta megkeres\u00e9s\u00fcnkre Kov\u00e1cs Zsolt, a Startup Campus vez\u00e9rigazgat\u00f3ja.<\/p>\n<\/blockquote>\n<p> \u201eAz alap\u00edt\u00f3kban \u2013 \u00edgy Oszk\u00e1rban is \u2013 megvan az a tehets\u00e9g, kreativit\u00e1s \u00e9s \u00e9p\u00edtkez\u00e9si szeml\u00e9let, amelyre hossz\u00fa t\u00e1von v\u00e1llalat \u00e9p\u00edthet\u0151. A c\u00e9lunk, hogy ebben a folyamatban akt\u00edvan t\u00e1mogassuk \u0151ket, \u00e9s seg\u00edts\u00fcnk kihozni a maximumot a tehets\u00e9g\u00fckb\u0151l, a k\u00f6z\u00f6s munk\u00e1b\u00f3l\u201d \u2013 tette hozz\u00e1.<\/p>\n<figure class=\"wp-block-image size-large\">\n<div class=\"photo-credit-wrapper\"><img decoding=\"async\" loading=\"lazy\" src=\"https:\/\/cdn.forbes.hu\/uploads\/2026\/04\/SL0_9131-1-scaled.webp?r=eyJ3IjoxNTAwLCJxIjo5MCwicyI6ImpwZyJ9\" alt=\"\" class=\"wp-image-762746\" \/><\/div><figcaption class=\"wp-element-caption\">Dr\u00f3n a szerel\u0151asztalon \u2013 mindennapos jelenet Oszi\u00e9k m\u0171hely\u00e9ben. Fot\u00f3: Sebesty\u00e9n L\u00e1szl\u00f3 \/\/ Forbes<\/figcaption><\/figure>\n<p>Nem riadnak vissza az \u00e1llami p\u00e9nzt\u0151l, Oszi szerint az innov\u00e1ci\u00f3 t\u00e1mogat\u00e1sa \u00e1llami feladatk\u00f6r is. \u201eA dr\u00f3nokkal foglalkoz\u00f3 startupok rizik\u00f3sak. Ami rep\u00fcl, az le is tud esni\u201d \u2013 fogalmaz. \u201eHa hib\u00e1zol, az mindig dr\u00e1ga. Azt gondolom, nem rossz, ha egy \u00e1llam viseli a h\u00e1t\u00e1n, hogy t\u00fal legy\u00fcnk az els\u0151 befektet\u00e9si k\u00f6r\u00f6n, \u00e9s megmutassuk a piacnak, mire vagyunk k\u00e9pesek.\u201d<\/p>\n<p>A p\u00e9nzb\u0151l egy val\u00f3di MVP-t (Minimum Viable Productot, vagyis a leggyorsabban elk\u00e9sz\u00edthet\u0151 els\u0151 \u00fczemk\u00e9pes protot\u00edpust \u2013 a szerk.) szeretn\u00e9nek k\u00e9sz\u00edteni, amivel el tudj\u00e1k kezdeni a teszt\u00e9rt\u00e9kes\u00edt\u00e9st. Ehhez legink\u00e1bb eszk\u00f6zparkjukat b\u0151v\u00edten\u00e9k, m\u0171hely\u00fcket fejleszten\u00e9k. \u201eHosszabb teszteket is szeretn\u00e9nk. Ha h\u00e1rom napra kint tudunk hagyni egy dokkol\u00f3rendszert, ami id\u0151j\u00e1r\u00e1s\u00e1ll\u00f3an, automatikusan m\u0171k\u00f6dik, \u00e9n m\u00e1r boldog leszek\u201d \u2013 mondja Oszi, aki hozz\u00e1teszi: azt sem z\u00e1rja ki, hogy ak\u00e1r egyh\u00f3napos tesztekig is rep\u00edtheti \u0151ket a befektet\u00e9s.<\/p>\n<p>Egy dr\u00f3ndokkol\u00f3 k\u00f6z\u00e9pmodell \u00e1ra 47 ezer doll\u00e1r (k\u00f6r\u00fclbel\u00fcl 15 milli\u00f3 forint), terveik szerint az els\u0151 \u00e9vben ilyen elad\u00e1sukb\u00f3l \u00f6t darab is lehet. \u201eEz nagyban fog f\u00fcggeni att\u00f3l is, milyen gyorsan k\u00e9sz\u00fcl\u00fcnk el az MVP-vel, vagy lesznek-e nem v\u00e1rt probl\u00e9m\u00e1k az \u00faton\u201d \u2013 fogalmaz. Jelenleg is t\u00f6bb \u00fcgyf\u00e9llel besz\u00e9lgetnek, p\u00e9ld\u00e1ul M\u00e1lt\u00e1n \u00e9s Tenerif\u00e9n. Kisebb \u00e9rt\u00e9kes\u00edt\u00e9s\u00fck is volt m\u00e1r: Nig\u00e9ri\u00e1ban adtak el egy t\u00e9rk\u00e9pez\u0151 \u00e9s k\u00e9t permetez\u0151 dr\u00f3nt.<\/p>\n<p>\u201e\u00c9n nagyon szeretn\u00e9m megtartani a c\u00e9get a polg\u00e1ri felhaszn\u00e1l\u00e1s vonal\u00e1n. Rengeteg olyan probl\u00e9ma van, amire nem is gondoln\u00e1l, \u00e9s a dr\u00f3nok seg\u00edthetnek benne\u201d \u2013 mondja. Nem csak ipari, mez\u0151gazdas\u00e1gi probl\u00e9m\u00e1k is erny\u0151j\u00fck al\u00e1 tartozhatnak, ilyen p\u00e9ld\u00e1ul a halastavak \u0151rz\u00e9s-v\u00e9delme. \u201eA kormor\u00e1nok \u00e9s m\u00e1s halev\u0151 madarak k\u00f6zel t\u00edzmilli\u00e1rdos k\u00e1rokat okoznak Magyarorsz\u00e1gon. Ilyen esetekben is seg\u00edten\u00e9nk.\u201d<\/p>\n<p>\u201e\u00dagy fogalmazn\u00e9k, hogy egyel\u0151re m\u00e9g nem a piac, hanem az innov\u00e1ci\u00f3 ig\u00e9nye valid\u00e1lt minket\u201d \u2013 reflekt\u00e1l Oszi. <\/p>\n<blockquote class=\"wp-block-quote is-layout-flow wp-block-quote-is-layout-flow\">\n<p>\u201eUgyanakkor azt gondolom, hogy ez az innov\u00e1ci\u00f3 nagyon hamar piacilag valid\u00e1lt term\u00e9kk\u00e9 tud v\u00e1lni. Most azon az \u00faton kell elindulnunk, hogy egy hossz\u00fa t\u00e1von fenntarthat\u00f3, dinamikusan sk\u00e1l\u00e1zhat\u00f3 startup legy\u00fcnk.\u201d<\/p>\n<\/blockquote>\n\n<\/div>\n<div><\/div>\n<div class=\"premium-blocker premium-blocker--hu\" data-needed=\"authenticated\" data-current='[\"free\"]'>\n<div data-needed=\"authenticated\"><\/div>\n<\/div>\n<p>\t\t<!-- No email blocks found --><\/p>\n<p>The post <a href=\"https:\/\/forbes.hu\/uzlet\/babics-oszkar-dronok-flyabove-feral\/\">Azahriah is felfigyelt r\u00e1, a 21 \u00e9ves Oszi most m\u00e9gis a dr\u00f3nos v\u00e9delem fel\u00e9 fordul  \u2013 \u00e1llami befektet\u00e9ssel<\/a> appeared first on <a href=\"https:\/\/forbes.hu\/\">Forbes.hu<\/a>.<\/p><div id=\"friss-751768583\" class=\"friss-etarget-cikk-vege friss-entity-placement\"><script type=\"text\/javascript\" id=\"etargetScript7a9b589f63cb072bef80df221f46a22b\">function etargetPostloadFunction7a9b589f63cb072bef80df221f46a22b(){var e=\"etargetPostload7a9b589f63cb072bef80df221f46a22b\",t=\"etargetScript7a9b589f63cb072bef80df221f46a22b\",o=document.getElementById(e);if(o){for(var n=o.offsetTop,d=o.offsetLeft,r=o.offsetWidth,a=o.offsetHeight;o.offsetParent;)o=o.offsetParent,n+=o.offsetTop,d+=o.offsetLeft;var i=(n<=window.pageYOffset+window.innerHeight&&d<window.pageXOffset+window.innerWidth&&n+a>window.pageYOffset&&d+r>window.pageXOffset);if(i&&etargetAllowOtherCheck){allowed=!1;var c=document.createElement(\"script\");return c.src=\"\/\/hu.search.etargetnet.com\/generic\/uni.php?g=ref:58661,area:700x210\",void(document.getElementById(t)&&document.getElementById(e)&&(document.getElementById(t).parentNode.appendChild(c),document.getElementById(t).parentNode.removeChild(document.getElementById(t)),document.getElementById(e).parentNode.removeChild(document.getElementById(e)),document.removeEventListener(\"scroll\",etargetPostloadFunction7a9b589f63cb072bef80df221f46a22b),document.removeEventListener(\"resize\",etargetPostloadFunction7a9b589f63cb072bef80df221f46a22b),document.removeEventListener(\"DOMContentLoaded\",etargetPostloadFunction7a9b589f63cb072bef80df221f46a22b)))}}}var etargetDivID=\"etargetPostload7a9b589f63cb072bef80df221f46a22b\",etargetScriptID=\"etargetScript7a9b589f63cb072bef80df221f46a22b\",etargetPostloadPoint=document.createElement(\"div\");etargetPostloadPoint.id=etargetDivID;var etargetCurScript=document.getElementById(etargetScriptID);etargetCurScript.parentNode.appendChild(etargetPostloadPoint),document.addEventListener(\"scroll\",etargetPostloadFunction7a9b589f63cb072bef80df221f46a22b),document.addEventListener(\"resize\",etargetPostloadFunction7a9b589f63cb072bef80df221f46a22b),document.addEventListener(\"DOMContentLoaded\",etargetPostloadFunction7a9b589f63cb072bef80df221f46a22b);var etargetAllowOtherCheck=!0;if(typeof(\"forceRunPostload\")==\"string\"){etargetPostloadFunction7a9b589f63cb072bef80df221f46a22b()}<\/script><\/div><div id=\"friss-1769990044\" class=\"friss-after-content friss-entity-placement\"><script type=\"text\/javascript\" id=\"etargetScript7a9b589f63cb072bef80df221f46a22b\">function etargetPostloadFunction7a9b589f63cb072bef80df221f46a22b(){var e=\"etargetPostload7a9b589f63cb072bef80df221f46a22b\",t=\"etargetScript7a9b589f63cb072bef80df221f46a22b\",o=document.getElementById(e);if(o){for(var n=o.offsetTop,d=o.offsetLeft,r=o.offsetWidth,a=o.offsetHeight;o.offsetParent;)o=o.offsetParent,n+=o.offsetTop,d+=o.offsetLeft;var i=(n<=window.pageYOffset+window.innerHeight&&d<window.pageXOffset+window.innerWidth&&n+a>window.pageYOffset&&d+r>window.pageXOffset);if(i&&etargetAllowOtherCheck){allowed=!1;var c=document.createElement(\"script\");return c.src=\"\/\/hu.search.etargetnet.com\/generic\/uni.php?g=ref:58661,area:700x210\",void(document.getElementById(t)&&document.getElementById(e)&&(document.getElementById(t).parentNode.appendChild(c),document.getElementById(t).parentNode.removeChild(document.getElementById(t)),document.getElementById(e).parentNode.removeChild(document.getElementById(e)),document.removeEventListener(\"scroll\",etargetPostloadFunction7a9b589f63cb072bef80df221f46a22b),document.removeEventListener(\"resize\",etargetPostloadFunction7a9b589f63cb072bef80df221f46a22b),document.removeEventListener(\"DOMContentLoaded\",etargetPostloadFunction7a9b589f63cb072bef80df221f46a22b)))}}}var etargetDivID=\"etargetPostload7a9b589f63cb072bef80df221f46a22b\",etargetScriptID=\"etargetScript7a9b589f63cb072bef80df221f46a22b\",etargetPostloadPoint=document.createElement(\"div\");etargetPostloadPoint.id=etargetDivID;var etargetCurScript=document.getElementById(etargetScriptID);etargetCurScript.parentNode.appendChild(etargetPostloadPoint),document.addEventListener(\"scroll\",etargetPostloadFunction7a9b589f63cb072bef80df221f46a22b),document.addEventListener(\"resize\",etargetPostloadFunction7a9b589f63cb072bef80df221f46a22b),document.addEventListener(\"DOMContentLoaded\",etargetPostloadFunction7a9b589f63cb072bef80df221f46a22b);var etargetAllowOtherCheck=!0;if(typeof(\"forceRunPostload\")==\"string\"){etargetPostloadFunction7a9b589f63cb072bef80df221f46a22b()}<\/script><\/div><div id=\"friss-3174966094\" class=\"friss-after-content_2 friss-entity-placement\" style=\"clear: both;\"><div class=\"wprss_ajax\" data-id=\"rss6338ce5eb2\"><img loading=\"lazy\" decoding=\"async\" src=\"https:\/\/friss-hirek.hu\/wp-content\/plugins\/wp-rss-retriever\/inc\/imgs\/ajax-loader.gif\" alt=\"Loading RSS Feed\" width=\"16\" height=\"16\"><\/div><\/div><br style=\"clear: both; display: block; float: none;\"\/><div id=\"friss-3974412023\" class=\"friss-after-content_3 friss-entity-placement\">https:\/\/www.youtube.com\/watch?v=Pdnw4KiUWp0<\/div>","protected":false},"excerpt":{"rendered":"<p>Hajnal h\u00e1romkor versenyezni K\u00edn\u00e1ban, \u00e9l\u0151ben k\u00f6zvet\u00edteni a magyar zeneipar rekordkoncertj\u00e9t, huszonegy \u00e9vesen hatvanmilli\u00f3 forintos befektet\u00e9si k\u00f6rt z\u00e1rni \u2013 mind olyan \u00e9lm\u00e9nyek, amelyek k\u00f6nnyen elker\u00fclhett\u00e9k volna Babics Oszk\u00e1rt, ha tizen\u00e9vesen nem dr\u00f3n\u00e9p\u00edt\u0151 tartalmakra akad r\u00e1 az interneten. K\u00f6zel t\u00edz \u00e9ve hajtja a rep\u00fcl\u00e9s, az \u00e9rz\u00e9s sosem lankadt, mindig csak \u00e1talakult: orsz\u00e1gos bajnoki c\u00edmeit vil\u00e1gm\u00e1rk\u00e1s produkci\u00f3kra cser\u00e9lte, [&hellip;]<\/p>\n","protected":false},"author":1,"featured_media":0,"comment_status":"open","ping_status":"open","sticky":false,"template":"","format":"standard","meta":{"footnotes":""},"categories":[7],"tags":[],"class_list":["post-166036","post","type-post","status-publish","format-standard","hentry","category-uzlet"],"amp_enabled":true,"_links":{"self":[{"href":"https:\/\/friss-hirek.hu\/index.php\/wp-json\/wp\/v2\/posts\/166036","targetHints":{"allow":["GET"]}}],"collection":[{"href":"https:\/\/friss-hirek.hu\/index.php\/wp-json\/wp\/v2\/posts"}],"about":[{"href":"https:\/\/friss-hirek.hu\/index.php\/wp-json\/wp\/v2\/types\/post"}],"author":[{"embeddable":true,"href":"https:\/\/friss-hirek.hu\/index.php\/wp-json\/wp\/v2\/users\/1"}],"replies":[{"embeddable":true,"href":"https:\/\/friss-hirek.hu\/index.php\/wp-json\/wp\/v2\/comments?post=166036"}],"version-history":[{"count":0,"href":"https:\/\/friss-hirek.hu\/index.php\/wp-json\/wp\/v2\/posts\/166036\/revisions"}],"wp:attachment":[{"href":"https:\/\/friss-hirek.hu\/index.php\/wp-json\/wp\/v2\/media?parent=166036"}],"wp:term":[{"taxonomy":"category","embeddable":true,"href":"https:\/\/friss-hirek.hu\/index.php\/wp-json\/wp\/v2\/categories?post=166036"},{"taxonomy":"post_tag","embeddable":true,"href":"https:\/\/friss-hirek.hu\/index.php\/wp-json\/wp\/v2\/tags?post=166036"}],"curies":[{"name":"wp","href":"https:\/\/api.w.org\/{rel}","templated":true}]}}