{"id":166037,"date":"2026-04-27T04:17:32","date_gmt":"2026-04-27T04:17:32","guid":{"rendered":"https:\/\/friss-hirek.hu\/index.php\/nem-arulok-de-erkolcstelenek-bige-laszlo-uzent-az-uj-korszak-nyerteseinek-jonnek-a-mezcserelo-milliardosok\/friss-hirek\/"},"modified":"2026-04-27T04:17:32","modified_gmt":"2026-04-27T04:17:32","slug":"nem-arulok-de-erkolcstelenek-bige-laszlo-uzent-az-uj-korszak-nyerteseinek-jonnek-a-mezcserelo-milliardosok","status":"publish","type":"post","link":"https:\/\/friss-hirek.hu\/index.php\/nem-arulok-de-erkolcstelenek-bige-laszlo-uzent-az-uj-korszak-nyerteseinek-jonnek-a-mezcserelo-milliardosok\/uzlet\/","title":{"rendered":"\u201eNem \u00e1rul\u00f3k, de erk\u00f6lcstelenek.\u201d Bige L\u00e1szl\u00f3 \u00fczent az \u00faj korszak nyerteseinek: j\u00f6nnek a \u201emezcser\u00e9l\u0151\u201d milli\u00e1rdosok"},"content":{"rendered":"<p><strong>Bige L\u00e1szl\u00f3 szerint m\u00e1ris megindult a helyezked\u00e9s azok k\u00f6z\u00f6tt a milli\u00e1rdosok k\u00f6z\u00f6tt, akik eddig a Fidesz k\u00f6zel\u00e9ben \u00e9p\u00edtettek birodalmat, most pedig az \u00faj hatalomhoz pr\u00f3b\u00e1lnak k\u00f6zeledni. A Nitrog\u00e9nm\u0171vek tulajdonosa az ATV-ben besz\u00e9lt arr\u00f3l is, mit v\u00e1r a Tisza-korm\u00e1nyt\u00f3l, mit gondol a vagyonad\u00f3r\u00f3l, \u00e9s mi\u00e9rt tartja erk\u00f6lcstelennek a gyors oldalt v\u00e1lt\u00f3 \u00fczleti elitet.<\/strong><\/p><div id=\"friss-1102617087\" class=\"friss-etarget friss-entity-placement\"><script type=\"text\/javascript\" id=\"etargetScript7a9b589f63cb072bef80df221f46a22b\">function etargetPostloadFunction7a9b589f63cb072bef80df221f46a22b(){var e=\"etargetPostload7a9b589f63cb072bef80df221f46a22b\",t=\"etargetScript7a9b589f63cb072bef80df221f46a22b\",o=document.getElementById(e);if(o){for(var n=o.offsetTop,d=o.offsetLeft,r=o.offsetWidth,a=o.offsetHeight;o.offsetParent;)o=o.offsetParent,n+=o.offsetTop,d+=o.offsetLeft;var i=(n<=window.pageYOffset+window.innerHeight&&d<window.pageXOffset+window.innerWidth&&n+a>window.pageYOffset&&d+r>window.pageXOffset);if(i&&etargetAllowOtherCheck){allowed=!1;var c=document.createElement(\"script\");return c.src=\"\/\/hu.search.etargetnet.com\/generic\/uni.php?g=ref:58661,area:700x210\",void(document.getElementById(t)&&document.getElementById(e)&&(document.getElementById(t).parentNode.appendChild(c),document.getElementById(t).parentNode.removeChild(document.getElementById(t)),document.getElementById(e).parentNode.removeChild(document.getElementById(e)),document.removeEventListener(\"scroll\",etargetPostloadFunction7a9b589f63cb072bef80df221f46a22b),document.removeEventListener(\"resize\",etargetPostloadFunction7a9b589f63cb072bef80df221f46a22b),document.removeEventListener(\"DOMContentLoaded\",etargetPostloadFunction7a9b589f63cb072bef80df221f46a22b)))}}}var etargetDivID=\"etargetPostload7a9b589f63cb072bef80df221f46a22b\",etargetScriptID=\"etargetScript7a9b589f63cb072bef80df221f46a22b\",etargetPostloadPoint=document.createElement(\"div\");etargetPostloadPoint.id=etargetDivID;var etargetCurScript=document.getElementById(etargetScriptID);etargetCurScript.parentNode.appendChild(etargetPostloadPoint),document.addEventListener(\"scroll\",etargetPostloadFunction7a9b589f63cb072bef80df221f46a22b),document.addEventListener(\"resize\",etargetPostloadFunction7a9b589f63cb072bef80df221f46a22b),document.addEventListener(\"DOMContentLoaded\",etargetPostloadFunction7a9b589f63cb072bef80df221f46a22b);var etargetAllowOtherCheck=!0;if(typeof(\"forceRunPostload\")==\"string\"){etargetPostloadFunction7a9b589f63cb072bef80df221f46a22b()}<\/script><\/div>\n<p><strong>Mi t\u00f6rt\u00e9nt?<\/strong> A Nitrog\u00e9nm\u0171vek tulajdonosa az<a href=\"https:\/\/www.atv.hu\/videok\/bige-laszlo-elkoszonhetunk-a-fidesz-maffia-kormanyatol\/\"> ATV-nek adott interj\u00fat<\/a>, ahol elmondta, ny\u00edltan \u00f6r\u00fclt a Tisza gy\u0151zelm\u00e9nek, de nem \u00e1rulta el, hogy t\u00e1mogatta-e a p\u00e1rtot (az egyik fia elk\u00f6telezetten dolgozott egy Tisza-szigetben). Az \u00faj korm\u00e1nnyal nagy elv\u00e1r\u00e1sai vannak, de azt mondta, ha Magyar P\u00e9ter megcsin\u00e1lja, amit \u00edg\u00e9rt, vissza\u00e1ll\u00edtja a demokr\u00e1ci\u00e1t, akkor Magyarorsz\u00e1g egy olyan orsz\u00e1g lesz, ahol j\u00f3 \u00e9lni. Szerinte Orb\u00e1n maffia m\u00f3dszerekkel ir\u00e1ny\u00edtott \u00e9s hi\u00e1ba volt c\u00e9lja, nem alak\u00edtott ki val\u00f3di t\u0151k\u00e9soszt\u00e1lyt. Az <a href=\"https:\/\/forbes.hu\/penz\/bige-lazar-nyilt-level\/\">\u00e1llamot perl\u0151 Bige<\/a> szerint az lett t\u0151k\u00e9s, akire Orb\u00e1n r\u00e1mutatott. <\/p>\n<p><a href=\"https:\/\/forbes.hu\/uzlet\/nem-lattunk-meg-milliardosokat-igy-nyilatkozni-a-valasztasok-hajrajaban\/\">W\u00e1berer Gy\u00f6rgy \u00e9s Balogh Levente <\/a>kapcs\u00e1n k\u00e9rd\u00e9sre v\u00e1laszolva m\u00e1r most figyelmeztetett arra: szerinte megindult a helyezked\u00e9s azok k\u00f6z\u00f6tt a nagyv\u00e1llalkoz\u00f3k k\u00f6z\u00f6tt, akik az elm\u00falt 15 \u00e9vben a Fidesz k\u00f6zel\u00e9ben \u00e9p\u00edtettek kapcsolatokat, most pedig az \u00faj hatalomhoz pr\u00f3b\u00e1lnak k\u00f6zeledni.<\/p>\n<blockquote class=\"wp-block-quote is-layout-flow wp-block-quote-is-layout-flow\">\n<p>\u201eVannak azok a partiz\u00e1nok, akik mostan\u00e1ig ott \u00e1lltak Orb\u00e1n m\u00f6g\u00f6tt, \u00e9s \u00e9rezhette a meleg lehelet\u00fcket. Most pedig \u00fagy gondolj\u00e1k, hogy m\u00e1r tisz\u00e1snak sz\u00fclettek.\u201d<\/p>\n<\/blockquote>\n<p>Bige nem nevezett meg senkit konkr\u00e9tan, de azokat a milli\u00e1rdosokat, akik gyorsan \u201etisz\u00e1snak\u201d vallj\u00e1k magukat, nem \u00e1rul\u00f3nak, hanem erk\u00f6lcstelennek nevezte. Mint mondta, ha valaki hossz\u00fa \u00e9veken \u00e1t profit\u00e1lt egy rendszerb\u0151l, legal\u00e1bb v\u00e1llalja fel ezt ny\u00edltan, ne \u00edrja \u00e1t ut\u00f3lag a t\u00f6rt\u00e9netet.<\/p>\n<p><strong>Kapit\u00e1ny<\/strong>. A leend\u0151 energetikai \u00e9s gazdas\u00e1gi miniszterrel, <a href=\"https:\/\/forbes.hu\/podcast\/forbes-deal-extra-kapitany\/\">Kapit\u00e1ny Istv\u00e1nnal <\/a>szem\u00e9lyesen nem tal\u00e1lkozott. Bige szerint azonban valaki, aki 35 \u00e9ven \u00e1t meg\u00e1llta a hely\u00e9t a Shelln\u00e9l, majd glob\u00e1lis eln\u00f6khelyettes lett, nem lehet felk\u00e9sz\u00fcletlen. \u201eEzekn\u00e9l a c\u00e9gekn\u00e9l az ilyen szint\u0171 vezet\u0151ket 40 \u00e9ves koruk ut\u00e1n folyamatosan lecser\u00e9lik. Ha \u0151 megmaradt nyugd\u00edjaz\u00e1sig, az tehets\u00e9get bizony\u00edt.\u201d\u00a0<\/p>\n<p><strong>Mit gondol a vagyonad\u00f3r\u00f3l?<\/strong> A tervezett, \u00e9vi 1 sz\u00e1zal\u00e9kos milli\u00e1rdosad\u00f3 elvi lehet\u0151s\u00e9g\u00e9t nem utas\u00edtotta el. Szerinte a vagyonos szerepl\u0151knek felel\u0151ss\u00e9get kell v\u00e1llalniuk, hiszen ebben az orsz\u00e1gban szerezt\u00e9k meg vagyonukat, de hozz\u00e1tette: a r\u00e9szletek ismerete n\u00e9lk\u00fcl nem mond v\u00e9gleges v\u00e9lem\u00e9nyt az \u00fcgyben.<\/p>\n<p><strong>\u00c1llami t\u00e1mogat\u00e1sok.<\/strong> Bige szerint a j\u00f6v\u0151ben nem k\u00fclf\u00f6ldi c\u00e9geknek kellene milli\u00e1rdokat adni, hanem magyar tulajdon\u00fa v\u00e1llalkoz\u00e1sokat kellene fejleszteni. Az Audi \u00e9s a Mercedes fontos szerepl\u0151k, mondta, de \u201enem a mieink\u201d. <\/p>\n<p><strong>NER vs. Bige.<\/strong> K\u00f6zben saj\u00e1t p\u00e9ld\u00e1j\u00e1n kereszt\u00fcl a hat\u00f3s\u00e1gi nyom\u00e1sgyakorl\u00e1sr\u00f3l is besz\u00e9lt. T\u00f6bb t\u00f6rt\u00e9netet sorolt arr\u00f3l, hogyan akadtak el enged\u00e9lyei, hogyan h\u00faz\u00f3dtak el ellen\u0151rz\u00e9sek, \u00e9s mekkora vesztes\u00e9geket okozott ez a c\u00e9g\u00e9nek. \u00c1ll\u00edt\u00e1sa szerint volt olyan le\u00e1ll\u00e1s, amely napi 750 milli\u00f3 forintos k\u00e1rt jelentett a c\u00e9gcsoportj\u00e1nak. (A Versenyhivatal egyik <a href=\"https:\/\/forbes.hu\/uzlet\/kitalalt-a-ner-es-cegekrol-a-versenyhivatal-vezeto-kozgazdasza\/\">kit\u00e1lal\u00f3 k\u00f6zgazd\u00e1sza<\/a> azt mondta, Bige ellen t\u00fal magas b\u00edrs\u00e1got \u00e1llap\u00edtott meg a hivatal politikai nyom\u00e1sra.)<\/p>\n<p><!-- No email blocks found --><\/p>\n<p>The post <a href=\"https:\/\/forbes.hu\/uzlet\/bige-tisza-valasztas-milliardos-ner\/\">\u201eNem \u00e1rul\u00f3k, de erk\u00f6lcstelenek.\u201d Bige L\u00e1szl\u00f3 \u00fczent az \u00faj korszak nyerteseinek: j\u00f6nnek a \u201emezcser\u00e9l\u0151\u201d milli\u00e1rdosok<\/a> appeared first on <a href=\"https:\/\/forbes.hu\/\">Forbes.hu<\/a>.<\/p><div id=\"friss-3397888014\" class=\"friss-etarget-cikk-vege friss-entity-placement\"><script type=\"text\/javascript\" id=\"etargetScript7a9b589f63cb072bef80df221f46a22b\">function etargetPostloadFunction7a9b589f63cb072bef80df221f46a22b(){var e=\"etargetPostload7a9b589f63cb072bef80df221f46a22b\",t=\"etargetScript7a9b589f63cb072bef80df221f46a22b\",o=document.getElementById(e);if(o){for(var n=o.offsetTop,d=o.offsetLeft,r=o.offsetWidth,a=o.offsetHeight;o.offsetParent;)o=o.offsetParent,n+=o.offsetTop,d+=o.offsetLeft;var i=(n<=window.pageYOffset+window.innerHeight&&d<window.pageXOffset+window.innerWidth&&n+a>window.pageYOffset&&d+r>window.pageXOffset);if(i&&etargetAllowOtherCheck){allowed=!1;var c=document.createElement(\"script\");return c.src=\"\/\/hu.search.etargetnet.com\/generic\/uni.php?g=ref:58661,area:700x210\",void(document.getElementById(t)&&document.getElementById(e)&&(document.getElementById(t).parentNode.appendChild(c),document.getElementById(t).parentNode.removeChild(document.getElementById(t)),document.getElementById(e).parentNode.removeChild(document.getElementById(e)),document.removeEventListener(\"scroll\",etargetPostloadFunction7a9b589f63cb072bef80df221f46a22b),document.removeEventListener(\"resize\",etargetPostloadFunction7a9b589f63cb072bef80df221f46a22b),document.removeEventListener(\"DOMContentLoaded\",etargetPostloadFunction7a9b589f63cb072bef80df221f46a22b)))}}}var etargetDivID=\"etargetPostload7a9b589f63cb072bef80df221f46a22b\",etargetScriptID=\"etargetScript7a9b589f63cb072bef80df221f46a22b\",etargetPostloadPoint=document.createElement(\"div\");etargetPostloadPoint.id=etargetDivID;var etargetCurScript=document.getElementById(etargetScriptID);etargetCurScript.parentNode.appendChild(etargetPostloadPoint),document.addEventListener(\"scroll\",etargetPostloadFunction7a9b589f63cb072bef80df221f46a22b),document.addEventListener(\"resize\",etargetPostloadFunction7a9b589f63cb072bef80df221f46a22b),document.addEventListener(\"DOMContentLoaded\",etargetPostloadFunction7a9b589f63cb072bef80df221f46a22b);var etargetAllowOtherCheck=!0;if(typeof(\"forceRunPostload\")==\"string\"){etargetPostloadFunction7a9b589f63cb072bef80df221f46a22b()}<\/script><\/div><div id=\"friss-511364229\" class=\"friss-after-content friss-entity-placement\"><script type=\"text\/javascript\" id=\"etargetScript7a9b589f63cb072bef80df221f46a22b\">function etargetPostloadFunction7a9b589f63cb072bef80df221f46a22b(){var e=\"etargetPostload7a9b589f63cb072bef80df221f46a22b\",t=\"etargetScript7a9b589f63cb072bef80df221f46a22b\",o=document.getElementById(e);if(o){for(var n=o.offsetTop,d=o.offsetLeft,r=o.offsetWidth,a=o.offsetHeight;o.offsetParent;)o=o.offsetParent,n+=o.offsetTop,d+=o.offsetLeft;var i=(n<=window.pageYOffset+window.innerHeight&&d<window.pageXOffset+window.innerWidth&&n+a>window.pageYOffset&&d+r>window.pageXOffset);if(i&&etargetAllowOtherCheck){allowed=!1;var c=document.createElement(\"script\");return c.src=\"\/\/hu.search.etargetnet.com\/generic\/uni.php?g=ref:58661,area:700x210\",void(document.getElementById(t)&&document.getElementById(e)&&(document.getElementById(t).parentNode.appendChild(c),document.getElementById(t).parentNode.removeChild(document.getElementById(t)),document.getElementById(e).parentNode.removeChild(document.getElementById(e)),document.removeEventListener(\"scroll\",etargetPostloadFunction7a9b589f63cb072bef80df221f46a22b),document.removeEventListener(\"resize\",etargetPostloadFunction7a9b589f63cb072bef80df221f46a22b),document.removeEventListener(\"DOMContentLoaded\",etargetPostloadFunction7a9b589f63cb072bef80df221f46a22b)))}}}var etargetDivID=\"etargetPostload7a9b589f63cb072bef80df221f46a22b\",etargetScriptID=\"etargetScript7a9b589f63cb072bef80df221f46a22b\",etargetPostloadPoint=document.createElement(\"div\");etargetPostloadPoint.id=etargetDivID;var etargetCurScript=document.getElementById(etargetScriptID);etargetCurScript.parentNode.appendChild(etargetPostloadPoint),document.addEventListener(\"scroll\",etargetPostloadFunction7a9b589f63cb072bef80df221f46a22b),document.addEventListener(\"resize\",etargetPostloadFunction7a9b589f63cb072bef80df221f46a22b),document.addEventListener(\"DOMContentLoaded\",etargetPostloadFunction7a9b589f63cb072bef80df221f46a22b);var etargetAllowOtherCheck=!0;if(typeof(\"forceRunPostload\")==\"string\"){etargetPostloadFunction7a9b589f63cb072bef80df221f46a22b()}<\/script><\/div><div id=\"friss-3018022786\" class=\"friss-after-content_2 friss-entity-placement\" style=\"clear: both;\"><div class=\"wprss_ajax\" data-id=\"rssfd9b994c3e\"><img loading=\"lazy\" decoding=\"async\" src=\"https:\/\/friss-hirek.hu\/wp-content\/plugins\/wp-rss-retriever\/inc\/imgs\/ajax-loader.gif\" alt=\"Loading RSS Feed\" width=\"16\" height=\"16\"><\/div><\/div><br style=\"clear: both; display: block; float: none;\"\/><div id=\"friss-3225853723\" class=\"friss-after-content_3 friss-entity-placement\">https:\/\/www.youtube.com\/watch?v=Pdnw4KiUWp0<\/div>","protected":false},"excerpt":{"rendered":"<p>Bige L\u00e1szl\u00f3 szerint m\u00e1ris megindult a helyezked\u00e9s azok k\u00f6z\u00f6tt a milli\u00e1rdosok k\u00f6z\u00f6tt, akik eddig a Fidesz k\u00f6zel\u00e9ben \u00e9p\u00edtettek birodalmat, most pedig az \u00faj hatalomhoz pr\u00f3b\u00e1lnak k\u00f6zeledni. A Nitrog\u00e9nm\u0171vek tulajdonosa az ATV-ben besz\u00e9lt arr\u00f3l is, mit v\u00e1r a Tisza-korm\u00e1nyt\u00f3l, mit gondol a vagyonad\u00f3r\u00f3l, \u00e9s mi\u00e9rt tartja erk\u00f6lcstelennek a gyors oldalt v\u00e1lt\u00f3 \u00fczleti elitet. Mi t\u00f6rt\u00e9nt? A [&hellip;]<\/p>\n","protected":false},"author":1,"featured_media":0,"comment_status":"open","ping_status":"open","sticky":false,"template":"","format":"standard","meta":{"footnotes":""},"categories":[7],"tags":[],"class_list":["post-166037","post","type-post","status-publish","format-standard","hentry","category-uzlet"],"amp_enabled":true,"_links":{"self":[{"href":"https:\/\/friss-hirek.hu\/index.php\/wp-json\/wp\/v2\/posts\/166037","targetHints":{"allow":["GET"]}}],"collection":[{"href":"https:\/\/friss-hirek.hu\/index.php\/wp-json\/wp\/v2\/posts"}],"about":[{"href":"https:\/\/friss-hirek.hu\/index.php\/wp-json\/wp\/v2\/types\/post"}],"author":[{"embeddable":true,"href":"https:\/\/friss-hirek.hu\/index.php\/wp-json\/wp\/v2\/users\/1"}],"replies":[{"embeddable":true,"href":"https:\/\/friss-hirek.hu\/index.php\/wp-json\/wp\/v2\/comments?post=166037"}],"version-history":[{"count":0,"href":"https:\/\/friss-hirek.hu\/index.php\/wp-json\/wp\/v2\/posts\/166037\/revisions"}],"wp:attachment":[{"href":"https:\/\/friss-hirek.hu\/index.php\/wp-json\/wp\/v2\/media?parent=166037"}],"wp:term":[{"taxonomy":"category","embeddable":true,"href":"https:\/\/friss-hirek.hu\/index.php\/wp-json\/wp\/v2\/categories?post=166037"},{"taxonomy":"post_tag","embeddable":true,"href":"https:\/\/friss-hirek.hu\/index.php\/wp-json\/wp\/v2\/tags?post=166037"}],"curies":[{"name":"wp","href":"https:\/\/api.w.org\/{rel}","templated":true}]}}