{"id":166038,"date":"2026-04-27T04:17:32","date_gmt":"2026-04-27T04:17:32","guid":{"rendered":"https:\/\/friss-hirek.hu\/index.php\/menekiti-a-penzet-orban-belso-kore-megdobbento-reszletekrol-ir-a-guardian\/friss-hirek\/"},"modified":"2026-04-27T04:17:32","modified_gmt":"2026-04-27T04:17:32","slug":"menekiti-a-penzet-orban-belso-kore-megdobbento-reszletekrol-ir-a-guardian","status":"publish","type":"post","link":"https:\/\/friss-hirek.hu\/index.php\/menekiti-a-penzet-orban-belso-kore-megdobbento-reszletekrol-ir-a-guardian\/uzlet\/","title":{"rendered":"Menek\u00edti a p\u00e9nz\u00e9t Orb\u00e1n bels\u0151 k\u00f6re \u2013  megd\u00f6bbent\u0151 r\u00e9szletekr\u0151l \u00edr a Guardian"},"content":{"rendered":"<p><strong>A brit The Guardian hossz\u00fa \u00edr\u00e1sban mutatta be, milyen p\u00e1nikhangulat uralkodhat a Fidesz bels\u0151 k\u00f6reiben azut\u00e1n, hogy Orb\u00e1n Viktor 16 \u00e9v ut\u00e1n elvesz\u00edtette a v\u00e1laszt\u00e1st. A lap szerint a hatalomv\u00e1lt\u00e1s nemcsak politikai f\u00f6ldreng\u00e9st, hanem vagyonment\u00e9si versenyfut\u00e1st is elind\u00edtott: mag\u00e1ng\u00e9pek sz\u00e1llnak fel B\u00e9csb\u0151l, k\u00fclf\u00f6ldi befektet\u00e9sek indulnak, \u00e9s egyes szerepl\u0151k m\u00e1r az Egyes\u00fclt \u00c1llamokba k\u00e9sz\u00fclnek.<\/strong><\/p><div id=\"friss-697471048\" class=\"friss-etarget friss-entity-placement\"><script type=\"text\/javascript\" id=\"etargetScript7a9b589f63cb072bef80df221f46a22b\">function etargetPostloadFunction7a9b589f63cb072bef80df221f46a22b(){var e=\"etargetPostload7a9b589f63cb072bef80df221f46a22b\",t=\"etargetScript7a9b589f63cb072bef80df221f46a22b\",o=document.getElementById(e);if(o){for(var n=o.offsetTop,d=o.offsetLeft,r=o.offsetWidth,a=o.offsetHeight;o.offsetParent;)o=o.offsetParent,n+=o.offsetTop,d+=o.offsetLeft;var i=(n<=window.pageYOffset+window.innerHeight&&d<window.pageXOffset+window.innerWidth&&n+a>window.pageYOffset&&d+r>window.pageXOffset);if(i&&etargetAllowOtherCheck){allowed=!1;var c=document.createElement(\"script\");return c.src=\"\/\/hu.search.etargetnet.com\/generic\/uni.php?g=ref:58661,area:700x210\",void(document.getElementById(t)&&document.getElementById(e)&&(document.getElementById(t).parentNode.appendChild(c),document.getElementById(t).parentNode.removeChild(document.getElementById(t)),document.getElementById(e).parentNode.removeChild(document.getElementById(e)),document.removeEventListener(\"scroll\",etargetPostloadFunction7a9b589f63cb072bef80df221f46a22b),document.removeEventListener(\"resize\",etargetPostloadFunction7a9b589f63cb072bef80df221f46a22b),document.removeEventListener(\"DOMContentLoaded\",etargetPostloadFunction7a9b589f63cb072bef80df221f46a22b)))}}}var etargetDivID=\"etargetPostload7a9b589f63cb072bef80df221f46a22b\",etargetScriptID=\"etargetScript7a9b589f63cb072bef80df221f46a22b\",etargetPostloadPoint=document.createElement(\"div\");etargetPostloadPoint.id=etargetDivID;var etargetCurScript=document.getElementById(etargetScriptID);etargetCurScript.parentNode.appendChild(etargetPostloadPoint),document.addEventListener(\"scroll\",etargetPostloadFunction7a9b589f63cb072bef80df221f46a22b),document.addEventListener(\"resize\",etargetPostloadFunction7a9b589f63cb072bef80df221f46a22b),document.addEventListener(\"DOMContentLoaded\",etargetPostloadFunction7a9b589f63cb072bef80df221f46a22b);var etargetAllowOtherCheck=!0;if(typeof(\"forceRunPostload\")==\"string\"){etargetPostloadFunction7a9b589f63cb072bef80df221f46a22b()}<\/script><\/div>\n<p><strong>Menek\u00edtik a vagyont.<\/strong> A<a href=\"https:\/\/www.theguardian.com\/world\/2026\/apr\/26\/viktor-orban-associates-wealth-hungary-election\"> Guardian <\/a>forr\u00e1sai szerint B\u00e9csb\u0151l egym\u00e1s ut\u00e1n sz\u00e1llnak fel azok a mag\u00e1ng\u00e9pek, amelyek \u00e1ll\u00edt\u00f3lag azok vagyon\u00e1t viszik k\u00fclf\u00f6ldre, akik Orb\u00e1n Viktor 16 \u00e9ves korm\u00e1nyz\u00e1sa alatt gazdagodtak meg. K\u00f6zben m\u00e1s \u00e9rintettek versenyt futnak az id\u0151vel, hogy k\u00fclf\u00f6ld\u00f6n helyezz\u00e9k el eszk\u00f6zeiket. <\/p>\n<p><strong>Merre menek\u00fcl a vagyon?<\/strong> A Guardian \u00fagy \u00e9rtes\u00fclt, hogy a v\u00e1laszt\u00e1sok \u00f3ta Orb\u00e1n bels\u0151 k\u00f6r\u00e9nek h\u00e1rom tagja m\u00e1r megkezdte vagyon\u00e1nak k\u00fclf\u00f6ldre menek\u00edt\u00e9s\u00e9t. <\/p>\n<blockquote class=\"wp-block-quote is-layout-flow wp-block-quote-is-layout-flow\">\n<p>K\u00e9t Fideszhez k\u00f6thet\u0151 forr\u00e1s szerint a p\u00e9nzeket k\u00f6zel-keleti orsz\u00e1gokba \u2013 Sza\u00fad-Ar\u00e1bi\u00e1ba, Om\u00e1nba \u00e9s az Egyes\u00fclt Arab Em\u00edrs\u00e9gekbe \u2013 viszik, m\u00edg m\u00e1sok Ausztr\u00e1li\u00e1t \u00e9s Szingap\u00fart vett\u00e9k c\u00e9lba. <\/p>\n<\/blockquote>\n<div class=\"related-post-links\">\n<p>\t\t<span class=\"related-post-links__title minititle\">T\u00f6bb ebb\u0151l<\/span><\/p>\n<div class=\"related-post-links__link-wrapper\">\n\t\t\t\t<a href=\"https:\/\/forbes.hu\/uzlet\/tiborcz-cegcsoportja-maradunk-magyarorszagon-es-egyuttmukodunk-a-hatosagokkal-a-leggazdagabb-magyarokat-kerdeztuk-a-kormanyvaltasrol\/\" class=\"related-post-links__link\">Tiborcz c\u00e9gcsoportja: \u201eMaradunk Magyarorsz\u00e1gon \u00e9s egy\u00fcttm\u0171k\u00f6d\u00fcnk a hat\u00f3s\u00e1gokkal.\u201d A leggazdagabb magyarokat k\u00e9rdezt\u00fck a korm\u00e1nyv\u00e1lt\u00e1sr\u00f3l<\/a>\n\t\t\t<\/div>\n<div class=\"related-post-links__link-wrapper\">\n\t\t\t\t<a href=\"https:\/\/forbes.hu\/uzlet\/elhitettek-az-emberekkel-hogy-a-kapcsolati-toke-mindent-megeloz-szijj-laszlo-es-waberer-gyorgy-is-elmondta-hogy-mire-szamit-a-tisza-kormany-alatt\/\" class=\"related-post-links__link\">\u201eElhitett\u00e9k az emberekkel, hogy a kapcsolati t\u0151ke mindent megel\u0151z.\u201d Sz\u00edjj L\u00e1szl\u00f3 \u00e9s W\u00e1berer Gy\u00f6rgy is elmondta, hogy mire sz\u00e1m\u00edt a Tisza-korm\u00e1ny alatt<\/a>\n\t\t\t<\/div>\n<\/div>\n<p><strong>Ir\u00e1ny Amerika!<\/strong> A magyar oknyomoz\u00f3 \u00fajs\u00e1g\u00edr\u00f3, Panyi Szabolcs kor\u00e1bban azt \u00edrta, a <a href=\"https:\/\/forbes.hu\/hirek\/orban-parlament-mandatum\/\">mand\u00e1tum\u00e1r\u00f3l h\u00e9tv\u00e9g\u00e9n lemond\u00f3 <\/a>Orb\u00e1n Viktor maga is<a href=\"https:\/\/panyiszabolcs.substack.com\/p\/ertesules-orban-viktor-a-nyaron-amerikaba?utm_id=97758_v0_s00_e223_tv0&amp;fbclid=IwY2xjawRbWyJleHRuA2FlbQIxMQBzcnRjBmFwcF9pZBAyMjIwMzkxNzg4MjAwODkyAAEe8tujMeIYi6CmcTBlY6LWEwgbt0Eu7vGOhTBti43gymstGUP0xfGdb2kdWEY_aem_8kR2abfl6trIaIWl-RenHQ\"> Amerik\u00e1ba k\u00e9sz\u00fcl<\/a>, ahol a ny\u00e1ri futball v\u00e9b\u00e9 meccseit n\u00e9zi majd meg, illetve csatlakozik R\u00e1hel l\u00e1nya csal\u00e1dj\u00e1hoz, Tiborcz Istv\u00e1n\u00e9k tavaly ny\u00e1ron k\u00f6lt\u00f6ztek New Yorkba. K\u00e9rd\u00e9s, mikor t\u00e9r majd haza, a brit lap inform\u00e1torai szerint hetekig kint lesz a vil\u00e1gbajnoks\u00e1g miatt \u00e9s az utat m\u00e1r a v\u00e1laszt\u00e1sok el\u0151tt leszervezt\u00e9k. <\/p>\n<p>Washingtoni amerikai korm\u00e1nyzati forr\u00e1s \u00e9s egy Fideszen bel\u00fcli forr\u00e1s szerint m\u00e1s, <\/p>\n<blockquote class=\"wp-block-quote is-layout-flow wp-block-quote-is-layout-flow\">\n<p>a p\u00e1rthoz k\u00f6thet\u0151 magas rang\u00fa szerepl\u0151k is amerikai munkav\u00e1llal\u00e1si v\u00edzum\u00e9rt folyamodnak, abban b\u00edzva, hogy a Republik\u00e1nus P\u00e1rthoz kapcsol\u00f3d\u00f3 int\u00e9zm\u00e9nyekben hasznos\u00edthatj\u00e1k tapasztalataikat.<\/p>\n<\/blockquote>\n<p><strong>Magyar is megsz\u00f3lalt. <\/strong>\u201eOrb\u00e1nhoz k\u00f6thet\u0151 oligarch\u00e1k t\u00edzmilli\u00e1rd forintokat utalnak \u00e1t az Egyes\u00fclt Arab Em\u00edrs\u00e9gekbe, az Egyes\u00fclt \u00c1llamokba, Uruguayba \u00e9s m\u00e1s t\u00e1voli orsz\u00e1gokba\u201d \u2013 \u00e1ll\u00edtotta Magyar P\u00e9ter szombaton. Felsz\u00f3l\u00edtotta a legf\u0151bb \u00fcgy\u00e9szt, az orsz\u00e1gos rend\u0151rf\u0151kapit\u00e1nyt \u00e9s az ad\u00f3hat\u00f3s\u00e1g vezet\u0151j\u00e9t, hogy \u201evegy\u00e9k \u0151rizetbe a b\u0171n\u00f6z\u0151ket\u201d, \u00e9s \u201ene engedj\u00e9k \u0151ket olyan orsz\u00e1gokba menek\u00fclni\u201d, ahonnan val\u00f3sz\u00edn\u0171tlen lenne a kiadat\u00e1suk.<\/p>\n<p>Magyar azt is mondta, hogy \u00fagy tudja, Uruguay is n\u00e9pszer\u0171 vagyonment\u00e9si c\u00e9lpont \u00e9s hogy t\u00f6bb oligarcha csal\u00e1d is a k\u00fclf\u00f6ldre k\u00f6lt\u00f6z\u00e9st szervezi, a gyerekeket is kivett\u00e9k az iskol\u00e1b\u00f3l. <\/p>\n<p><strong>\u00dczent a befektet\u0151knek.<\/strong> Magyar arr\u00f3l is \u00edrt, hogy tudom\u00e1sa van r\u00f3la, hogy a NAV t\u00f6bb, Rog\u00e1n Antal k\u00f6r\u00e9hez tartoz\u00f3 nagy\u00e9rt\u00e9k\u0171 utal\u00e1st felf\u00fcggesztett a bankok jelz\u00e9sei alapj\u00e1n p\u00e9nzmos\u00e1s gyan\u00faj\u00e1val. A leend\u0151 minisztereln\u00f6k \u00fczent.a befektet\u0151knek is: <\/p>\n<blockquote class=\"wp-block-quote is-layout-flow wp-block-quote-is-layout-flow\">\n<p>\u201eFelh\u00edvom a becs\u00fcletes hazai \u00e9s k\u00fclf\u00f6ldi befektet\u0151ket, hogy tart\u00f3zkodjanak a maffia vagyonelemeinek \u00e1tv\u00e9tel\u00e9t\u0151l, ellenkez\u0151 esetben \u0151k is a Nemzeti Vagyonvisszaszerz\u00e9si \u00e9s V\u00e9delmi Hivatal el\u0151tt tal\u00e1lhatj\u00e1k magukat.\u201d<\/p>\n<\/blockquote>\n<p>Magyar azt is mondta, \u00fagy tudja, \u00e1ron alul szabaduln\u00e1nak a tulajdonosok a korm\u00e1nyzati propaganda legnagyobb nyertes\u00e9t\u0151l a k\u00e9k plak\u00e1tokr\u00f3l elh\u00edres\u00fclt Lounge-csoport egyik c\u00e9g\u00e9t\u0151l, a Lounge Event Kft.-t\u0151l \u00e9s a TV2-t\u0151l is. Az \u00e9rintettek c\u00e1folt\u00e1k, hogy az elad\u00e1s napirenden lenne. <\/p>\n<p><strong>Nem lesz k\u00f6nny\u0171 kimenteni a vagyont? <\/strong>Kor\u00e1bban a 444 \u00edrt arr\u00f3l, hogy <a href=\"https:\/\/forbes.hu\/hirek\/matolcsy-csalad-vagyon-luxus-mnb-menekites\/\">Matolcsy \u00c1d\u00e1m<\/a> Dubajba k\u00f6lt\u00f6zik (az egykori MNB-eln\u00f6k luxusim\u00e1d\u00f3 fia ezt <a href=\"https:\/\/forbes.hu\/uzlet\/matolcsy-adam-mnb-ugy-tisza-part-vagyonvisszaszerzesi-hivatal\/\">k\u00e9s\u0151bb tagadta<\/a>), de a VSquare is besz\u00e1molt arr\u00f3l, hogy a NER-elit megkezdte a vagyonkiment\u00e9st att\u00f3l tartva, hogy a Magyar-korm\u00e1ny befagyasztja ezeket a vagyonakt. <\/p>\n<p>Az <a href=\"https:\/\/vsquare.org\/goulash-with-orban-out-oligarchs-try-to-protect-assets-the-dirty-secret-of-hungarys-chad-mission\/\">oknyomoz\u00f3 oldal szerint<\/a> ugyanakkor nem lesz k\u00f6nny\u0171 dolguk, er\u0151fesz\u00edt\u00e9seiket meghi\u00fas\u00edthatja az a sok b\u00fcrokrata \u00e9s rendv\u00e9delmi tisztvisel\u0151, akik r\u00e9szleges ismeretekkel rendelkeznek mindarr\u00f3l, ami Orb\u00e1n hatalmi \u00e9vei alatt t\u00f6rt\u00e9nt, \u201emegteremtve ezzel a felt\u00e9teleit annak, hogy ak\u00e1r \u00e9veken \u00e1t tart\u00f3 folyamat induljon az \u00e1ll\u00edt\u00f3lag ellopott k\u00f6zvagyon visszaszerz\u00e9s\u00e9re \u00e9s a p\u00e9nz\u00fcgyi b\u0171ncselekm\u00e9nyeket elk\u00f6vet\u0151k letart\u00f3ztat\u00e1s\u00e1ra\u201d.<\/p>\n<p data-start=\"317\" data-end=\"605\">\n<\/p><p><!-- No email blocks found --><\/p>\n<p>The post <a href=\"https:\/\/forbes.hu\/uzlet\/vagyonmenekites-ner-orban-fidesz-valasztas\/\">Menek\u00edti a p\u00e9nz\u00e9t Orb\u00e1n bels\u0151 k\u00f6re \u2013  megd\u00f6bbent\u0151 r\u00e9szletekr\u0151l \u00edr a Guardian<\/a> appeared first on <a href=\"https:\/\/forbes.hu\/\">Forbes.hu<\/a>.<\/p><div id=\"friss-3983401693\" class=\"friss-etarget-cikk-vege friss-entity-placement\"><script type=\"text\/javascript\" id=\"etargetScript7a9b589f63cb072bef80df221f46a22b\">function etargetPostloadFunction7a9b589f63cb072bef80df221f46a22b(){var e=\"etargetPostload7a9b589f63cb072bef80df221f46a22b\",t=\"etargetScript7a9b589f63cb072bef80df221f46a22b\",o=document.getElementById(e);if(o){for(var n=o.offsetTop,d=o.offsetLeft,r=o.offsetWidth,a=o.offsetHeight;o.offsetParent;)o=o.offsetParent,n+=o.offsetTop,d+=o.offsetLeft;var i=(n<=window.pageYOffset+window.innerHeight&&d<window.pageXOffset+window.innerWidth&&n+a>window.pageYOffset&&d+r>window.pageXOffset);if(i&&etargetAllowOtherCheck){allowed=!1;var c=document.createElement(\"script\");return c.src=\"\/\/hu.search.etargetnet.com\/generic\/uni.php?g=ref:58661,area:700x210\",void(document.getElementById(t)&&document.getElementById(e)&&(document.getElementById(t).parentNode.appendChild(c),document.getElementById(t).parentNode.removeChild(document.getElementById(t)),document.getElementById(e).parentNode.removeChild(document.getElementById(e)),document.removeEventListener(\"scroll\",etargetPostloadFunction7a9b589f63cb072bef80df221f46a22b),document.removeEventListener(\"resize\",etargetPostloadFunction7a9b589f63cb072bef80df221f46a22b),document.removeEventListener(\"DOMContentLoaded\",etargetPostloadFunction7a9b589f63cb072bef80df221f46a22b)))}}}var etargetDivID=\"etargetPostload7a9b589f63cb072bef80df221f46a22b\",etargetScriptID=\"etargetScript7a9b589f63cb072bef80df221f46a22b\",etargetPostloadPoint=document.createElement(\"div\");etargetPostloadPoint.id=etargetDivID;var etargetCurScript=document.getElementById(etargetScriptID);etargetCurScript.parentNode.appendChild(etargetPostloadPoint),document.addEventListener(\"scroll\",etargetPostloadFunction7a9b589f63cb072bef80df221f46a22b),document.addEventListener(\"resize\",etargetPostloadFunction7a9b589f63cb072bef80df221f46a22b),document.addEventListener(\"DOMContentLoaded\",etargetPostloadFunction7a9b589f63cb072bef80df221f46a22b);var etargetAllowOtherCheck=!0;if(typeof(\"forceRunPostload\")==\"string\"){etargetPostloadFunction7a9b589f63cb072bef80df221f46a22b()}<\/script><\/div><div id=\"friss-1486687562\" class=\"friss-after-content friss-entity-placement\"><script type=\"text\/javascript\" id=\"etargetScript7a9b589f63cb072bef80df221f46a22b\">function etargetPostloadFunction7a9b589f63cb072bef80df221f46a22b(){var e=\"etargetPostload7a9b589f63cb072bef80df221f46a22b\",t=\"etargetScript7a9b589f63cb072bef80df221f46a22b\",o=document.getElementById(e);if(o){for(var n=o.offsetTop,d=o.offsetLeft,r=o.offsetWidth,a=o.offsetHeight;o.offsetParent;)o=o.offsetParent,n+=o.offsetTop,d+=o.offsetLeft;var i=(n<=window.pageYOffset+window.innerHeight&&d<window.pageXOffset+window.innerWidth&&n+a>window.pageYOffset&&d+r>window.pageXOffset);if(i&&etargetAllowOtherCheck){allowed=!1;var c=document.createElement(\"script\");return c.src=\"\/\/hu.search.etargetnet.com\/generic\/uni.php?g=ref:58661,area:700x210\",void(document.getElementById(t)&&document.getElementById(e)&&(document.getElementById(t).parentNode.appendChild(c),document.getElementById(t).parentNode.removeChild(document.getElementById(t)),document.getElementById(e).parentNode.removeChild(document.getElementById(e)),document.removeEventListener(\"scroll\",etargetPostloadFunction7a9b589f63cb072bef80df221f46a22b),document.removeEventListener(\"resize\",etargetPostloadFunction7a9b589f63cb072bef80df221f46a22b),document.removeEventListener(\"DOMContentLoaded\",etargetPostloadFunction7a9b589f63cb072bef80df221f46a22b)))}}}var etargetDivID=\"etargetPostload7a9b589f63cb072bef80df221f46a22b\",etargetScriptID=\"etargetScript7a9b589f63cb072bef80df221f46a22b\",etargetPostloadPoint=document.createElement(\"div\");etargetPostloadPoint.id=etargetDivID;var etargetCurScript=document.getElementById(etargetScriptID);etargetCurScript.parentNode.appendChild(etargetPostloadPoint),document.addEventListener(\"scroll\",etargetPostloadFunction7a9b589f63cb072bef80df221f46a22b),document.addEventListener(\"resize\",etargetPostloadFunction7a9b589f63cb072bef80df221f46a22b),document.addEventListener(\"DOMContentLoaded\",etargetPostloadFunction7a9b589f63cb072bef80df221f46a22b);var etargetAllowOtherCheck=!0;if(typeof(\"forceRunPostload\")==\"string\"){etargetPostloadFunction7a9b589f63cb072bef80df221f46a22b()}<\/script><\/div><div id=\"friss-1499298129\" class=\"friss-after-content_2 friss-entity-placement\" style=\"clear: both;\"><div class=\"wprss_ajax\" data-id=\"rss4eac6ddf28\"><img loading=\"lazy\" decoding=\"async\" src=\"https:\/\/friss-hirek.hu\/wp-content\/plugins\/wp-rss-retriever\/inc\/imgs\/ajax-loader.gif\" alt=\"Loading RSS Feed\" width=\"16\" height=\"16\"><\/div><\/div><br style=\"clear: both; display: block; float: none;\"\/><div id=\"friss-3067782712\" class=\"friss-after-content_3 friss-entity-placement\">https:\/\/www.youtube.com\/watch?v=Pdnw4KiUWp0<\/div>","protected":false},"excerpt":{"rendered":"<p>A brit The Guardian hossz\u00fa \u00edr\u00e1sban mutatta be, milyen p\u00e1nikhangulat uralkodhat a Fidesz bels\u0151 k\u00f6reiben azut\u00e1n, hogy Orb\u00e1n Viktor 16 \u00e9v ut\u00e1n elvesz\u00edtette a v\u00e1laszt\u00e1st. A lap szerint a hatalomv\u00e1lt\u00e1s nemcsak politikai f\u00f6ldreng\u00e9st, hanem vagyonment\u00e9si versenyfut\u00e1st is elind\u00edtott: mag\u00e1ng\u00e9pek sz\u00e1llnak fel B\u00e9csb\u0151l, k\u00fclf\u00f6ldi befektet\u00e9sek indulnak, \u00e9s egyes szerepl\u0151k m\u00e1r az Egyes\u00fclt \u00c1llamokba k\u00e9sz\u00fclnek. Menek\u00edtik a [&hellip;]<\/p>\n","protected":false},"author":1,"featured_media":0,"comment_status":"open","ping_status":"open","sticky":false,"template":"","format":"standard","meta":{"footnotes":""},"categories":[7],"tags":[],"class_list":["post-166038","post","type-post","status-publish","format-standard","hentry","category-uzlet"],"amp_enabled":true,"_links":{"self":[{"href":"https:\/\/friss-hirek.hu\/index.php\/wp-json\/wp\/v2\/posts\/166038","targetHints":{"allow":["GET"]}}],"collection":[{"href":"https:\/\/friss-hirek.hu\/index.php\/wp-json\/wp\/v2\/posts"}],"about":[{"href":"https:\/\/friss-hirek.hu\/index.php\/wp-json\/wp\/v2\/types\/post"}],"author":[{"embeddable":true,"href":"https:\/\/friss-hirek.hu\/index.php\/wp-json\/wp\/v2\/users\/1"}],"replies":[{"embeddable":true,"href":"https:\/\/friss-hirek.hu\/index.php\/wp-json\/wp\/v2\/comments?post=166038"}],"version-history":[{"count":0,"href":"https:\/\/friss-hirek.hu\/index.php\/wp-json\/wp\/v2\/posts\/166038\/revisions"}],"wp:attachment":[{"href":"https:\/\/friss-hirek.hu\/index.php\/wp-json\/wp\/v2\/media?parent=166038"}],"wp:term":[{"taxonomy":"category","embeddable":true,"href":"https:\/\/friss-hirek.hu\/index.php\/wp-json\/wp\/v2\/categories?post=166038"},{"taxonomy":"post_tag","embeddable":true,"href":"https:\/\/friss-hirek.hu\/index.php\/wp-json\/wp\/v2\/tags?post=166038"}],"curies":[{"name":"wp","href":"https:\/\/api.w.org\/{rel}","templated":true}]}}