{"id":166066,"date":"2026-04-27T12:30:29","date_gmt":"2026-04-27T12:30:29","guid":{"rendered":"https:\/\/friss-hirek.hu\/index.php\/magyar-peter-valasza-meszaros-lorincnek-keszuljon-a-sorra-kerulo-meghallgatasokra\/friss-hirek\/"},"modified":"2026-04-27T12:30:29","modified_gmt":"2026-04-27T12:30:29","slug":"magyar-peter-valasza-meszaros-lorincnek-keszuljon-a-sorra-kerulo-meghallgatasokra","status":"publish","type":"post","link":"https:\/\/friss-hirek.hu\/index.php\/magyar-peter-valasza-meszaros-lorincnek-keszuljon-a-sorra-kerulo-meghallgatasokra\/uzlet\/","title":{"rendered":"Magyar P\u00e9ter v\u00e1lasza M\u00e9sz\u00e1ros L\u0151rincnek: K\u00e9sz\u00fclj\u00f6n a sorra ker\u00fcl\u0151 meghallgat\u00e1sokra"},"content":{"rendered":"<p><strong>Val\u00f3ban levelet k\u00fcld\u00f6tt M\u00e9sz\u00e1ros L\u0151rinc Magyar P\u00e9ternek. A leend\u0151 minisztereln\u00f6k a k\u00f6z\u00f6ss\u00e9gi m\u00e9di\u00e1ban reag\u00e1lt az orsz\u00e1g leggazdagabb ember\u00e9nek \u00fczenet\u00e9re.<\/strong><\/p><div id=\"friss-380960176\" class=\"friss-etarget friss-entity-placement\"><script type=\"text\/javascript\" id=\"etargetScript7a9b589f63cb072bef80df221f46a22b\">function etargetPostloadFunction7a9b589f63cb072bef80df221f46a22b(){var e=\"etargetPostload7a9b589f63cb072bef80df221f46a22b\",t=\"etargetScript7a9b589f63cb072bef80df221f46a22b\",o=document.getElementById(e);if(o){for(var n=o.offsetTop,d=o.offsetLeft,r=o.offsetWidth,a=o.offsetHeight;o.offsetParent;)o=o.offsetParent,n+=o.offsetTop,d+=o.offsetLeft;var i=(n<=window.pageYOffset+window.innerHeight&&d<window.pageXOffset+window.innerWidth&&n+a>window.pageYOffset&&d+r>window.pageXOffset);if(i&&etargetAllowOtherCheck){allowed=!1;var c=document.createElement(\"script\");return c.src=\"\/\/hu.search.etargetnet.com\/generic\/uni.php?g=ref:58661,area:700x210\",void(document.getElementById(t)&&document.getElementById(e)&&(document.getElementById(t).parentNode.appendChild(c),document.getElementById(t).parentNode.removeChild(document.getElementById(t)),document.getElementById(e).parentNode.removeChild(document.getElementById(e)),document.removeEventListener(\"scroll\",etargetPostloadFunction7a9b589f63cb072bef80df221f46a22b),document.removeEventListener(\"resize\",etargetPostloadFunction7a9b589f63cb072bef80df221f46a22b),document.removeEventListener(\"DOMContentLoaded\",etargetPostloadFunction7a9b589f63cb072bef80df221f46a22b)))}}}var etargetDivID=\"etargetPostload7a9b589f63cb072bef80df221f46a22b\",etargetScriptID=\"etargetScript7a9b589f63cb072bef80df221f46a22b\",etargetPostloadPoint=document.createElement(\"div\");etargetPostloadPoint.id=etargetDivID;var etargetCurScript=document.getElementById(etargetScriptID);etargetCurScript.parentNode.appendChild(etargetPostloadPoint),document.addEventListener(\"scroll\",etargetPostloadFunction7a9b589f63cb072bef80df221f46a22b),document.addEventListener(\"resize\",etargetPostloadFunction7a9b589f63cb072bef80df221f46a22b),document.addEventListener(\"DOMContentLoaded\",etargetPostloadFunction7a9b589f63cb072bef80df221f46a22b);var etargetAllowOtherCheck=!0;if(typeof(\"forceRunPostload\")==\"string\"){etargetPostloadFunction7a9b589f63cb072bef80df221f46a22b()}<\/script><\/div>\n<p><strong>Mi t\u00f6rt\u00e9nt?<\/strong> Magyar P\u00e9ter meger\u0151s\u00edtette, hogy levelet kapott a M\u00e9sz\u00e1ros Csoportt\u00f3l, amiben \u201epontos t\u00e1j\u00e9koztat\u00e1st \u00e9s a kialakult fesz\u00fclt helyzet rendez\u00e9s\u00e9t\u201d k\u00e9rt\u00e9k a leend\u0151 minisztereln\u00f6kt\u0151l. Magyar v\u00e1laszolt is a lev\u00e9lre, amiben azt \u00fczente Magyarorsz\u00e1g leggazdagabb ember\u00e9nek, hogy k\u00e9sz\u00fclj\u00f6n fel a j\u00f6v\u0151beni meghallgat\u00e1sokra.<\/p>\n\n<blockquote class=\"wp-block-quote is-layout-flow wp-block-quote-is-layout-flow\">\n<p>M\u00e9sz\u00e1ros L\u0151rincnek azt tudom tov\u00e1bb\u00e1 \u00fczenni, hogy a hely\u00e9ben nem leveleket \u00edratn\u00e9k \u00fcgyv\u00e9dekkel, hanem felk\u00e9sz\u00fcln\u00e9k a Nemzeti Vagyonvisszaszerz\u00e9si V\u00e9delmi Hivataln\u00e1l sorra ker\u00fcl\u0151 meghallgat\u00e1sokra. Rem\u00e9lem, tudtam seg\u00edteni<\/p>\n<\/blockquote>\n<p>\u2013 \u00edrta a <a href=\"https:\/\/www.facebook.com\/peter.magyar.102\">Facebookon k\u00f6zz\u00e9tett v\u00e1lasz\u00e1ban<\/a> Magyar P\u00e9ter.<\/p>\n<p><strong>Kontextus:<\/strong> A M\u00e9sz\u00e1ros Csoport h\u00e9tf\u0151n adott ki egy k\u00f6zlem\u00e9nyt, ami szerint M\u00e9sz\u00e1ros L\u0151rinc levelet \u00edrt Magyar P\u00e9ternek, kor\u00e1bbi kijelent\u00e9sei miatt. A leend\u0151 minisztereln\u00f6k szombat este osztott meg egy vide\u00f3t, amiben azt \u00edrta, hogy a NER-es v\u00e1llalkoz\u00f3k milli\u00e1rdos nagys\u00e1grendben viszik k\u00fclf\u00f6ldre a vagyonukat. Ezzel kapcsolatban m\u00e1r a NAV is megsz\u00f3lalt, <a href=\"https:\/\/forbes.hu\/penz\/megszolalt-a-nav-mi-tortenik-valojaban-a-gyanus-penzutalasokkal\/\">err\u0151l ebben a cikk\u00fcnkben \u00edrtunk<\/a>.<\/p>\n<p>Magyar P\u00e9ter azt is mondta, hogy tudom\u00e1sa van r\u00f3la, hogy a TV2-t \u00e9s m\u00e1s m\u00e9diumokat, valamint a Lounge Event Kft.-t \u00e1ron alul \u00e1rulj\u00e1k. Erre az \u00e1ll\u00edt\u00e1sra reag\u00e1lt a M\u00e9sz\u00e1ros Csoport \u00e9s azt k\u00f6z\u00f6lt\u00e9k, hogy nincs tervben a TV2 elad\u00e1sa \u2013 \u00edrta a <a href=\"https:\/\/24.hu\/belfold\/2026\/04\/27\/meszaros-lorinc-cegcsoport-magyar-peter-tv2-level\/\">24.hu<\/a>.<\/p>\n<p>A j\u00f6v\u0151beni korm\u00e1nyf\u0151 a szombati vide\u00f3j\u00e1ban felsz\u00f3l\u00edtott a NAV-ot \u00e9s a rend\u0151rs\u00e9get, hogy z\u00e1rolj\u00e1k azt a vagyont, amit az Orb\u00e1n-korm\u00e1ny k\u00f6zeli \u00fczleti k\u00f6r\u00f6k k\u00fclf\u00f6ldre akarnak vinni, valamint vegy\u00e9k \u0151rizetbe az \u00e9rintetteket.<\/p>\n<p>A M\u00e9sz\u00e1ros Csoport k\u00f6zlem\u00e9nye szerint M\u00e9sz\u00e1ros L\u0151rinc emiatt a vide\u00f3 miatt \u00edrta a levelet, mivel \u00e1ll\u00edt\u00e1sa szerint a kijelent\u00e9sek bizonytalans\u00e1got keltenek a munkav\u00e1llal\u00f3ikban. Magyar P\u00e9ter h\u00e9tf\u0151i v\u00e1lasz\u00e1ban azt \u00edrta, hogy a M\u00e9sz\u00e1ros L\u0151rinct\u0151l kapott lev\u00e9l \u201eegyszerre k\u00f6ny\u00f6rg\u00e9s \u00e9s fenyeget\u0151z\u00e9s. Egyikre sincs sz\u00fcks\u00e9g.\u201d<\/p>\n<p><!-- No email blocks found --><\/p>\n<p>The post <a href=\"https:\/\/forbes.hu\/hirek\/meszaros-magyar-peter-valasz-meghallgatas\/\">Magyar P\u00e9ter v\u00e1lasza M\u00e9sz\u00e1ros L\u0151rincnek: K\u00e9sz\u00fclj\u00f6n a sorra ker\u00fcl\u0151 meghallgat\u00e1sokra<\/a> appeared first on <a href=\"https:\/\/forbes.hu\/\">Forbes.hu<\/a>.<\/p><div id=\"friss-3317529551\" class=\"friss-etarget-cikk-vege friss-entity-placement\"><script type=\"text\/javascript\" id=\"etargetScript7a9b589f63cb072bef80df221f46a22b\">function etargetPostloadFunction7a9b589f63cb072bef80df221f46a22b(){var e=\"etargetPostload7a9b589f63cb072bef80df221f46a22b\",t=\"etargetScript7a9b589f63cb072bef80df221f46a22b\",o=document.getElementById(e);if(o){for(var n=o.offsetTop,d=o.offsetLeft,r=o.offsetWidth,a=o.offsetHeight;o.offsetParent;)o=o.offsetParent,n+=o.offsetTop,d+=o.offsetLeft;var i=(n<=window.pageYOffset+window.innerHeight&&d<window.pageXOffset+window.innerWidth&&n+a>window.pageYOffset&&d+r>window.pageXOffset);if(i&&etargetAllowOtherCheck){allowed=!1;var c=document.createElement(\"script\");return c.src=\"\/\/hu.search.etargetnet.com\/generic\/uni.php?g=ref:58661,area:700x210\",void(document.getElementById(t)&&document.getElementById(e)&&(document.getElementById(t).parentNode.appendChild(c),document.getElementById(t).parentNode.removeChild(document.getElementById(t)),document.getElementById(e).parentNode.removeChild(document.getElementById(e)),document.removeEventListener(\"scroll\",etargetPostloadFunction7a9b589f63cb072bef80df221f46a22b),document.removeEventListener(\"resize\",etargetPostloadFunction7a9b589f63cb072bef80df221f46a22b),document.removeEventListener(\"DOMContentLoaded\",etargetPostloadFunction7a9b589f63cb072bef80df221f46a22b)))}}}var etargetDivID=\"etargetPostload7a9b589f63cb072bef80df221f46a22b\",etargetScriptID=\"etargetScript7a9b589f63cb072bef80df221f46a22b\",etargetPostloadPoint=document.createElement(\"div\");etargetPostloadPoint.id=etargetDivID;var etargetCurScript=document.getElementById(etargetScriptID);etargetCurScript.parentNode.appendChild(etargetPostloadPoint),document.addEventListener(\"scroll\",etargetPostloadFunction7a9b589f63cb072bef80df221f46a22b),document.addEventListener(\"resize\",etargetPostloadFunction7a9b589f63cb072bef80df221f46a22b),document.addEventListener(\"DOMContentLoaded\",etargetPostloadFunction7a9b589f63cb072bef80df221f46a22b);var etargetAllowOtherCheck=!0;if(typeof(\"forceRunPostload\")==\"string\"){etargetPostloadFunction7a9b589f63cb072bef80df221f46a22b()}<\/script><\/div><div id=\"friss-1010046410\" class=\"friss-after-content friss-entity-placement\"><script type=\"text\/javascript\" id=\"etargetScript7a9b589f63cb072bef80df221f46a22b\">function etargetPostloadFunction7a9b589f63cb072bef80df221f46a22b(){var e=\"etargetPostload7a9b589f63cb072bef80df221f46a22b\",t=\"etargetScript7a9b589f63cb072bef80df221f46a22b\",o=document.getElementById(e);if(o){for(var n=o.offsetTop,d=o.offsetLeft,r=o.offsetWidth,a=o.offsetHeight;o.offsetParent;)o=o.offsetParent,n+=o.offsetTop,d+=o.offsetLeft;var i=(n<=window.pageYOffset+window.innerHeight&&d<window.pageXOffset+window.innerWidth&&n+a>window.pageYOffset&&d+r>window.pageXOffset);if(i&&etargetAllowOtherCheck){allowed=!1;var c=document.createElement(\"script\");return c.src=\"\/\/hu.search.etargetnet.com\/generic\/uni.php?g=ref:58661,area:700x210\",void(document.getElementById(t)&&document.getElementById(e)&&(document.getElementById(t).parentNode.appendChild(c),document.getElementById(t).parentNode.removeChild(document.getElementById(t)),document.getElementById(e).parentNode.removeChild(document.getElementById(e)),document.removeEventListener(\"scroll\",etargetPostloadFunction7a9b589f63cb072bef80df221f46a22b),document.removeEventListener(\"resize\",etargetPostloadFunction7a9b589f63cb072bef80df221f46a22b),document.removeEventListener(\"DOMContentLoaded\",etargetPostloadFunction7a9b589f63cb072bef80df221f46a22b)))}}}var etargetDivID=\"etargetPostload7a9b589f63cb072bef80df221f46a22b\",etargetScriptID=\"etargetScript7a9b589f63cb072bef80df221f46a22b\",etargetPostloadPoint=document.createElement(\"div\");etargetPostloadPoint.id=etargetDivID;var etargetCurScript=document.getElementById(etargetScriptID);etargetCurScript.parentNode.appendChild(etargetPostloadPoint),document.addEventListener(\"scroll\",etargetPostloadFunction7a9b589f63cb072bef80df221f46a22b),document.addEventListener(\"resize\",etargetPostloadFunction7a9b589f63cb072bef80df221f46a22b),document.addEventListener(\"DOMContentLoaded\",etargetPostloadFunction7a9b589f63cb072bef80df221f46a22b);var etargetAllowOtherCheck=!0;if(typeof(\"forceRunPostload\")==\"string\"){etargetPostloadFunction7a9b589f63cb072bef80df221f46a22b()}<\/script><\/div><div id=\"friss-3933846011\" class=\"friss-after-content_2 friss-entity-placement\" style=\"clear: both;\"><div class=\"wprss_ajax\" data-id=\"rss284ff20792\"><img loading=\"lazy\" decoding=\"async\" src=\"https:\/\/friss-hirek.hu\/wp-content\/plugins\/wp-rss-retriever\/inc\/imgs\/ajax-loader.gif\" alt=\"Loading RSS Feed\" width=\"16\" height=\"16\"><\/div><\/div><br style=\"clear: both; display: block; float: none;\"\/><div id=\"friss-2488285589\" class=\"friss-after-content_3 friss-entity-placement\">https:\/\/www.youtube.com\/watch?v=Pdnw4KiUWp0<\/div>","protected":false},"excerpt":{"rendered":"<p>Val\u00f3ban levelet k\u00fcld\u00f6tt M\u00e9sz\u00e1ros L\u0151rinc Magyar P\u00e9ternek. A leend\u0151 minisztereln\u00f6k a k\u00f6z\u00f6ss\u00e9gi m\u00e9di\u00e1ban reag\u00e1lt az orsz\u00e1g leggazdagabb ember\u00e9nek \u00fczenet\u00e9re. Mi t\u00f6rt\u00e9nt? Magyar P\u00e9ter meger\u0151s\u00edtette, hogy levelet kapott a M\u00e9sz\u00e1ros Csoportt\u00f3l, amiben \u201epontos t\u00e1j\u00e9koztat\u00e1st \u00e9s a kialakult fesz\u00fclt helyzet rendez\u00e9s\u00e9t\u201d k\u00e9rt\u00e9k a leend\u0151 minisztereln\u00f6kt\u0151l. Magyar v\u00e1laszolt is a lev\u00e9lre, amiben azt \u00fczente Magyarorsz\u00e1g leggazdagabb ember\u00e9nek, hogy [&hellip;]<\/p>\n","protected":false},"author":1,"featured_media":0,"comment_status":"open","ping_status":"open","sticky":false,"template":"","format":"standard","meta":{"footnotes":""},"categories":[7],"tags":[],"class_list":["post-166066","post","type-post","status-publish","format-standard","hentry","category-uzlet"],"amp_enabled":true,"_links":{"self":[{"href":"https:\/\/friss-hirek.hu\/index.php\/wp-json\/wp\/v2\/posts\/166066","targetHints":{"allow":["GET"]}}],"collection":[{"href":"https:\/\/friss-hirek.hu\/index.php\/wp-json\/wp\/v2\/posts"}],"about":[{"href":"https:\/\/friss-hirek.hu\/index.php\/wp-json\/wp\/v2\/types\/post"}],"author":[{"embeddable":true,"href":"https:\/\/friss-hirek.hu\/index.php\/wp-json\/wp\/v2\/users\/1"}],"replies":[{"embeddable":true,"href":"https:\/\/friss-hirek.hu\/index.php\/wp-json\/wp\/v2\/comments?post=166066"}],"version-history":[{"count":0,"href":"https:\/\/friss-hirek.hu\/index.php\/wp-json\/wp\/v2\/posts\/166066\/revisions"}],"wp:attachment":[{"href":"https:\/\/friss-hirek.hu\/index.php\/wp-json\/wp\/v2\/media?parent=166066"}],"wp:term":[{"taxonomy":"category","embeddable":true,"href":"https:\/\/friss-hirek.hu\/index.php\/wp-json\/wp\/v2\/categories?post=166066"},{"taxonomy":"post_tag","embeddable":true,"href":"https:\/\/friss-hirek.hu\/index.php\/wp-json\/wp\/v2\/tags?post=166066"}],"curies":[{"name":"wp","href":"https:\/\/api.w.org\/{rel}","templated":true}]}}