{"id":166073,"date":"2026-04-27T14:32:33","date_gmt":"2026-04-27T14:32:33","guid":{"rendered":"https:\/\/friss-hirek.hu\/index.php\/ujabb-magyarorszagi-varosokat-erint-az-azbeszt-ugy\/friss-hirek\/"},"modified":"2026-04-27T14:32:33","modified_gmt":"2026-04-27T14:32:33","slug":"ujabb-magyarorszagi-varosokat-erint-az-azbeszt-ugy","status":"publish","type":"post","link":"https:\/\/friss-hirek.hu\/index.php\/ujabb-magyarorszagi-varosokat-erint-az-azbeszt-ugy\/videk\/","title":{"rendered":"\u00dajabb magyarorsz\u00e1gi v\u00e1rosokat \u00e9rint az azbeszt-\u00fcgy"},"content":{"rendered":"<p>Szombathely polg\u00e1rmestere, <a href=\"https:\/\/www.facebook.com\/nemeny.andras\" target=\"_blank\" rel=\"noopener\">dr. Nem\u00e9ny Andr\u00e1s hivatalos k\u00f6z\u00f6ss\u00e9gi oldal\u00e1n<\/a> tett k\u00f6zz\u00e9 egy vide\u00f3t, melyben megv\u00e1laszolja a leggyakoribb k\u00e9r\u00e9seket az azbeszt-\u00fcggyel kapcsolatban, \u00edrta a <a href=\"https:\/\/www.vaol.hu\/helyi-kozelet\/2026\/04\/azbeszt-ugy-leggyakoribb-kerdesek-valaszokkal\" target=\"_blank\" rel=\"noopener\">Vas v\u00e1rmegyei h\u00edrport\u00e1l<\/a>.<\/p><div id=\"friss-2597429829\" class=\"friss-etarget friss-entity-placement\"><script type=\"text\/javascript\" id=\"etargetScript7a9b589f63cb072bef80df221f46a22b\">function etargetPostloadFunction7a9b589f63cb072bef80df221f46a22b(){var e=\"etargetPostload7a9b589f63cb072bef80df221f46a22b\",t=\"etargetScript7a9b589f63cb072bef80df221f46a22b\",o=document.getElementById(e);if(o){for(var n=o.offsetTop,d=o.offsetLeft,r=o.offsetWidth,a=o.offsetHeight;o.offsetParent;)o=o.offsetParent,n+=o.offsetTop,d+=o.offsetLeft;var i=(n<=window.pageYOffset+window.innerHeight&&d<window.pageXOffset+window.innerWidth&&n+a>window.pageYOffset&&d+r>window.pageXOffset);if(i&&etargetAllowOtherCheck){allowed=!1;var c=document.createElement(\"script\");return c.src=\"\/\/hu.search.etargetnet.com\/generic\/uni.php?g=ref:58661,area:700x210\",void(document.getElementById(t)&&document.getElementById(e)&&(document.getElementById(t).parentNode.appendChild(c),document.getElementById(t).parentNode.removeChild(document.getElementById(t)),document.getElementById(e).parentNode.removeChild(document.getElementById(e)),document.removeEventListener(\"scroll\",etargetPostloadFunction7a9b589f63cb072bef80df221f46a22b),document.removeEventListener(\"resize\",etargetPostloadFunction7a9b589f63cb072bef80df221f46a22b),document.removeEventListener(\"DOMContentLoaded\",etargetPostloadFunction7a9b589f63cb072bef80df221f46a22b)))}}}var etargetDivID=\"etargetPostload7a9b589f63cb072bef80df221f46a22b\",etargetScriptID=\"etargetScript7a9b589f63cb072bef80df221f46a22b\",etargetPostloadPoint=document.createElement(\"div\");etargetPostloadPoint.id=etargetDivID;var etargetCurScript=document.getElementById(etargetScriptID);etargetCurScript.parentNode.appendChild(etargetPostloadPoint),document.addEventListener(\"scroll\",etargetPostloadFunction7a9b589f63cb072bef80df221f46a22b),document.addEventListener(\"resize\",etargetPostloadFunction7a9b589f63cb072bef80df221f46a22b),document.addEventListener(\"DOMContentLoaded\",etargetPostloadFunction7a9b589f63cb072bef80df221f46a22b);var etargetAllowOtherCheck=!0;if(typeof(\"forceRunPostload\")==\"string\"){etargetPostloadFunction7a9b589f63cb072bef80df221f46a22b()}<\/script><\/div>\n<p>A vide\u00f3 el\u0151zm\u00e9nye egy lakoss\u00e1gi f\u00f3rum volt, amelyet az azbesztszennyez\u00e9s miatt tartottak. Az esem\u00e9nyen sz\u00e1mos k\u00e9rd\u00e9s mer\u00fclt fel, amelyekre most r\u00e9szletesebb v\u00e1laszok \u00e9rkeztek.<\/p>\n<blockquote class=\"_ce_measure_widget\" data-ce-measure-widget=\"Id\u00e9zet\">\n<p>Fontos, hogy a lakoss\u00e1g hiteles inform\u00e1ci\u00f3khoz jusson az azbeszt okozta kock\u00e1zatokr\u00f3l, valamint a sz\u00fcks\u00e9ges int\u00e9zked\u00e9sekr\u0151l<\/p>\n<\/blockquote>\n<p>\u2013 emelte ki dr. Nem\u00e9ny Andr\u00e1s polg\u00e1rmester.<\/p>\n<p>Az \u00fcgy kapcs\u00e1n tov\u00e1bbra is kiemelt szerepet kap az \u00e1tl\u00e1that\u00f3 kommunik\u00e1ci\u00f3, hiszen az azbeszt jelenl\u00e9te hossz\u00fa t\u00e1von is komoly eg\u00e9szs\u00e9g\u00fcgyi k\u00e9rd\u00e9seket vethet fel.<\/p>\n\n<h2>\u00dajabb magyarorsz\u00e1gi v\u00e1rosokat \u00e9rint az azbeszt-\u00fcgy<\/h2>\n<p>Szombathely ut\u00e1n a Nyugat-Dun\u00e1nt\u00fal m\u00e1sik k\u00e9t v\u00e1ros\u00e1ban is kimutatt\u00e1k a r\u00e1kkelt\u0151, m\u00e9rgez\u0151 anyag jelenl\u00e9t\u00e9t.<\/p>\n<p><a href=\"https:\/\/www.vaol.hu\/helyi-kozelet\/2026\/04\/azbeszt-ugy-bozsok-koszeg\" target=\"_blank\" rel=\"noopener\">Vas v\u00e1rmegyei h\u00edrport\u00e1l k\u00f6zl\u00e9se szerint<\/a> el\u0151sz\u00f6r Bozsokon, egy 150 n\u00e9gyzetm\u00e9ter ter\u00fclet\u0171 parkol\u00f3ban tal\u00e1ltak azbeszttel szennyezett k\u0151z\u00fazal\u00e9kot. A mag\u00e1nk\u00e9zben l\u00e9v\u0151, de a k\u00f6zforgalom sz\u00e1m\u00e1ra nyitott parkol\u00f3t a Vas V\u00e1rmegyei Korm\u00e1nyhivatal lez\u00e1ratta, \u00e9s a z\u00e1rlatot az\u00f3ta sem oldott\u00e1k fel.<\/p>\n<p>K\u0151szeg v\u00e1rosa is \u00e9rintett, ezen anyagok mind k\u00f6zter\u00fcleten (parkol\u00f3k \u00e9s utak felsz\u00f3r\u00e1s\u00e1ra), mind pedig lakoss\u00e1gi mag\u00e1nter\u00fcleten (pl. udvarok, g\u00e9pkocsi bej\u00e1r\u00f3k burkol\u00e1s\u00e1ra) felhaszn\u00e1l\u00e1sra ker\u00fclhettek.<\/p>\n<blockquote class=\"_ce_measure_widget\" data-ce-measure-widget=\"Id\u00e9zet\">\n<p>A hat\u00f3s\u00e1gi m\u00e9r\u00e9sek eredm\u00e9nyei a z\u00fazottk\u0151 jelent\u0151s azbeszttartalm\u00e1t, valamint az utak ig\u00e9nybev\u00e9tel\u00e9nek k\u00f6vetkezt\u00e9ben leveg\u0151be jut\u00f3 azbesztrostok jelent\u0151s sz\u00e1m\u00e1t mutatt\u00e1k ki. A k\u0151z\u00fazal\u00e9k a hat\u00e1r menti ausztriai b\u00e1ny\u00e1kb\u00f3l (pl. Rumpersdorf, Badersdorf, Bernstein, Pilgersdorf) sz\u00e1rmazik<\/p>\n<\/blockquote>\n<p>\u2013 r\u00e9szletezte k\u00f6zlem\u00e9ny\u00e9ben B\u00e1sthy B\u00e9la, K\u0151szeg polg\u00e1rmestere.<\/p>\n<h2>Feljelent\u00e9st tett a Greenpeace<\/h2>\n<p>\u00dajabb s\u00falyos r\u00e9szletek der\u00fcltek ki az ausztriai k\u0151b\u00e1ny\u00e1k \u00fcgy\u00e9ben, amelyekb\u0151l Magyarorsz\u00e1gra is ker\u00fclhetett vesz\u00e9lyes k\u0151zetanyag. Az azbesztszennyez\u00e9s miatt az osztr\u00e1k Greenpeace feljelent\u00e9st tett, mik\u00f6zben Vas v\u00e1rmegy\u00e9ben \u00e9s Sopronban is felmer\u00fclt a r\u00e1kkelt\u0151 anyag jelenl\u00e9te.<\/p>\n<p>Arr\u00f3l port\u00e1lunkon is besz\u00e1moltunk, hogy e<a href=\"https:\/\/sokszinuvidek.24.hu\/viragzo-videkunk\/2026\/04\/14\/egeszsegugyi-veszhelyzet-szombathely-olad-azbeszt\/\" target=\"_blank\" rel=\"noopener\">g\u00e9szs\u00e9g\u00fcgyi v\u00e9szhelyzet alakult ki Szombathelyen, ahol egy eg\u00e9sz v\u00e1rosr\u00e9sz \u00e9rintet<\/a>t. Arr\u00f3l is h\u00edrt adunk, hogy <a href=\"https:\/\/sokszinuvidek.24.hu\/eletmod\/2022\/06\/18\/ket-evvel-roviditi-meg-eletunket-a-legszennyezettseg\/\" target=\"_blank\" rel=\"noopener\">k\u00e9t \u00e9vvel r\u00f6vid\u00edti meg \u00e9let\u00fcnket a l\u00e9gszennyezetts\u00e9g<\/a>.<\/p>\n<div class=\"o-post__articRecommend m-articRecommend -hasImg cf article-recommendation-container cf _ce_measure_widget\" data-ce-measure-widget=\"Cikkaj\u00e1nl\u00f3 widget\">\n<div class=\"m-articRecommend__widgetTitle\">Kapcsol\u00f3d\u00f3<\/div>\n<div class=\"m-articRecommend__imgWrap image-container\"><a href=\"https:\/\/sokszinuvidek.24.hu\/kertunk-portank\/2026\/04\/09\/azbeszt-hulladek-palyazat-etelszallitas\/\" target=\"_self\"><img loading=\"lazy\" decoding=\"async\" width=\"480\" height=\"270\" src=\"https:\/\/s.24.hu\/app\/uploads\/sites\/11\/2026\/04\/kaboompics-asbestic-tile-791786-e1775639921735-480x270.jpg\" class=\"img-responsive wp-post-image\" alt=\"\" \/><\/a><\/div>\n<div class=\"m-articRecommend__cntWrap content-container \">\n\t\t\t<a href=\"https:\/\/sokszinuvidek.24.hu\/kertunk-portank\/2026\/04\/09\/azbeszt-hulladek-palyazat-etelszallitas\/\" target=\"_self\" class=\"m-articRecommend__title ar-title\">Azbeszt van a h\u00e1z\u00e1ban? Most ingyen elsz\u00e1ll\u00edtj\u00e1k<\/a>\n<div class=\"m-articRecommend__lead ar-lead\">\u00c1prilis 13-ig lehet p\u00e1ly\u00e1zni a vesz\u00e9lyes anyag elsz\u00e1ll\u00edt\u00e1s\u00e1ra.<\/div>\n<\/div>\n<\/div>\n<p>The post <a href=\"https:\/\/sokszinuvidek.24.hu\/viragzo-videkunk\/2026\/04\/27\/azbeszt-ugy-azbeszt-egeszseg-kornyezetszennyezes\/\" target=\"_blank\">\u00dajabb magyarorsz\u00e1gi v\u00e1rosokat \u00e9rint az azbeszt-\u00fcgy<\/a> first appeared on <a href=\"https:\/\/sokszinuvidek.24.hu\/\" target=\"_blank\">Soksz\u00edn\u0171 vid\u00e9k<\/a>.<\/p><div id=\"friss-39113334\" class=\"friss-etarget-cikk-vege friss-entity-placement\"><script type=\"text\/javascript\" id=\"etargetScript7a9b589f63cb072bef80df221f46a22b\">function etargetPostloadFunction7a9b589f63cb072bef80df221f46a22b(){var e=\"etargetPostload7a9b589f63cb072bef80df221f46a22b\",t=\"etargetScript7a9b589f63cb072bef80df221f46a22b\",o=document.getElementById(e);if(o){for(var n=o.offsetTop,d=o.offsetLeft,r=o.offsetWidth,a=o.offsetHeight;o.offsetParent;)o=o.offsetParent,n+=o.offsetTop,d+=o.offsetLeft;var i=(n<=window.pageYOffset+window.innerHeight&&d<window.pageXOffset+window.innerWidth&&n+a>window.pageYOffset&&d+r>window.pageXOffset);if(i&&etargetAllowOtherCheck){allowed=!1;var c=document.createElement(\"script\");return c.src=\"\/\/hu.search.etargetnet.com\/generic\/uni.php?g=ref:58661,area:700x210\",void(document.getElementById(t)&&document.getElementById(e)&&(document.getElementById(t).parentNode.appendChild(c),document.getElementById(t).parentNode.removeChild(document.getElementById(t)),document.getElementById(e).parentNode.removeChild(document.getElementById(e)),document.removeEventListener(\"scroll\",etargetPostloadFunction7a9b589f63cb072bef80df221f46a22b),document.removeEventListener(\"resize\",etargetPostloadFunction7a9b589f63cb072bef80df221f46a22b),document.removeEventListener(\"DOMContentLoaded\",etargetPostloadFunction7a9b589f63cb072bef80df221f46a22b)))}}}var etargetDivID=\"etargetPostload7a9b589f63cb072bef80df221f46a22b\",etargetScriptID=\"etargetScript7a9b589f63cb072bef80df221f46a22b\",etargetPostloadPoint=document.createElement(\"div\");etargetPostloadPoint.id=etargetDivID;var etargetCurScript=document.getElementById(etargetScriptID);etargetCurScript.parentNode.appendChild(etargetPostloadPoint),document.addEventListener(\"scroll\",etargetPostloadFunction7a9b589f63cb072bef80df221f46a22b),document.addEventListener(\"resize\",etargetPostloadFunction7a9b589f63cb072bef80df221f46a22b),document.addEventListener(\"DOMContentLoaded\",etargetPostloadFunction7a9b589f63cb072bef80df221f46a22b);var etargetAllowOtherCheck=!0;if(typeof(\"forceRunPostload\")==\"string\"){etargetPostloadFunction7a9b589f63cb072bef80df221f46a22b()}<\/script><\/div><div id=\"friss-1049975849\" class=\"friss-after-content friss-entity-placement\"><script type=\"text\/javascript\" id=\"etargetScript7a9b589f63cb072bef80df221f46a22b\">function etargetPostloadFunction7a9b589f63cb072bef80df221f46a22b(){var e=\"etargetPostload7a9b589f63cb072bef80df221f46a22b\",t=\"etargetScript7a9b589f63cb072bef80df221f46a22b\",o=document.getElementById(e);if(o){for(var n=o.offsetTop,d=o.offsetLeft,r=o.offsetWidth,a=o.offsetHeight;o.offsetParent;)o=o.offsetParent,n+=o.offsetTop,d+=o.offsetLeft;var i=(n<=window.pageYOffset+window.innerHeight&&d<window.pageXOffset+window.innerWidth&&n+a>window.pageYOffset&&d+r>window.pageXOffset);if(i&&etargetAllowOtherCheck){allowed=!1;var c=document.createElement(\"script\");return c.src=\"\/\/hu.search.etargetnet.com\/generic\/uni.php?g=ref:58661,area:700x210\",void(document.getElementById(t)&&document.getElementById(e)&&(document.getElementById(t).parentNode.appendChild(c),document.getElementById(t).parentNode.removeChild(document.getElementById(t)),document.getElementById(e).parentNode.removeChild(document.getElementById(e)),document.removeEventListener(\"scroll\",etargetPostloadFunction7a9b589f63cb072bef80df221f46a22b),document.removeEventListener(\"resize\",etargetPostloadFunction7a9b589f63cb072bef80df221f46a22b),document.removeEventListener(\"DOMContentLoaded\",etargetPostloadFunction7a9b589f63cb072bef80df221f46a22b)))}}}var etargetDivID=\"etargetPostload7a9b589f63cb072bef80df221f46a22b\",etargetScriptID=\"etargetScript7a9b589f63cb072bef80df221f46a22b\",etargetPostloadPoint=document.createElement(\"div\");etargetPostloadPoint.id=etargetDivID;var etargetCurScript=document.getElementById(etargetScriptID);etargetCurScript.parentNode.appendChild(etargetPostloadPoint),document.addEventListener(\"scroll\",etargetPostloadFunction7a9b589f63cb072bef80df221f46a22b),document.addEventListener(\"resize\",etargetPostloadFunction7a9b589f63cb072bef80df221f46a22b),document.addEventListener(\"DOMContentLoaded\",etargetPostloadFunction7a9b589f63cb072bef80df221f46a22b);var etargetAllowOtherCheck=!0;if(typeof(\"forceRunPostload\")==\"string\"){etargetPostloadFunction7a9b589f63cb072bef80df221f46a22b()}<\/script><\/div><div id=\"friss-1956952803\" class=\"friss-after-content_2 friss-entity-placement\" style=\"clear: both;\"><div class=\"wprss_ajax\" data-id=\"rssb90a505b95\"><img loading=\"lazy\" decoding=\"async\" src=\"https:\/\/friss-hirek.hu\/wp-content\/plugins\/wp-rss-retriever\/inc\/imgs\/ajax-loader.gif\" alt=\"Loading RSS Feed\" width=\"16\" height=\"16\"><\/div><\/div><br style=\"clear: both; display: block; float: none;\"\/><div id=\"friss-3112442708\" class=\"friss-after-content_3 friss-entity-placement\">https:\/\/www.youtube.com\/watch?v=Pdnw4KiUWp0<\/div>","protected":false},"excerpt":{"rendered":"<p>Szombathely polg\u00e1rmestere, dr. Nem\u00e9ny Andr\u00e1s hivatalos k\u00f6z\u00f6ss\u00e9gi oldal\u00e1n tett k\u00f6zz\u00e9 egy vide\u00f3t, melyben megv\u00e1laszolja a leggyakoribb k\u00e9r\u00e9seket az azbeszt-\u00fcggyel kapcsolatban, \u00edrta a Vas v\u00e1rmegyei h\u00edrport\u00e1l. A vide\u00f3 el\u0151zm\u00e9nye egy lakoss\u00e1gi f\u00f3rum volt, amelyet az azbesztszennyez\u00e9s miatt tartottak. Az esem\u00e9nyen sz\u00e1mos k\u00e9rd\u00e9s mer\u00fclt fel, amelyekre most r\u00e9szletesebb v\u00e1laszok \u00e9rkeztek. Fontos, hogy a lakoss\u00e1g hiteles inform\u00e1ci\u00f3khoz jusson [&hellip;]<\/p>\n","protected":false},"author":1,"featured_media":0,"comment_status":"open","ping_status":"open","sticky":false,"template":"","format":"standard","meta":{"footnotes":""},"categories":[6],"tags":[],"class_list":["post-166073","post","type-post","status-publish","format-standard","hentry","category-videk"],"amp_enabled":true,"_links":{"self":[{"href":"https:\/\/friss-hirek.hu\/index.php\/wp-json\/wp\/v2\/posts\/166073","targetHints":{"allow":["GET"]}}],"collection":[{"href":"https:\/\/friss-hirek.hu\/index.php\/wp-json\/wp\/v2\/posts"}],"about":[{"href":"https:\/\/friss-hirek.hu\/index.php\/wp-json\/wp\/v2\/types\/post"}],"author":[{"embeddable":true,"href":"https:\/\/friss-hirek.hu\/index.php\/wp-json\/wp\/v2\/users\/1"}],"replies":[{"embeddable":true,"href":"https:\/\/friss-hirek.hu\/index.php\/wp-json\/wp\/v2\/comments?post=166073"}],"version-history":[{"count":0,"href":"https:\/\/friss-hirek.hu\/index.php\/wp-json\/wp\/v2\/posts\/166073\/revisions"}],"wp:attachment":[{"href":"https:\/\/friss-hirek.hu\/index.php\/wp-json\/wp\/v2\/media?parent=166073"}],"wp:term":[{"taxonomy":"category","embeddable":true,"href":"https:\/\/friss-hirek.hu\/index.php\/wp-json\/wp\/v2\/categories?post=166073"},{"taxonomy":"post_tag","embeddable":true,"href":"https:\/\/friss-hirek.hu\/index.php\/wp-json\/wp\/v2\/tags?post=166073"}],"curies":[{"name":"wp","href":"https:\/\/api.w.org\/{rel}","templated":true}]}}