{"id":166075,"date":"2026-04-27T15:33:26","date_gmt":"2026-04-27T15:33:26","guid":{"rendered":"https:\/\/friss-hirek.hu\/index.php\/nagyon-keves-ido-maradt-megmenteni-az-unios-milliardokat-szerdan-targyaloasztalhoz-ul-magyar-peter-es-ursula-von-der-leyen\/friss-hirek\/"},"modified":"2026-04-27T15:33:26","modified_gmt":"2026-04-27T15:33:26","slug":"nagyon-keves-ido-maradt-megmenteni-az-unios-milliardokat-szerdan-targyaloasztalhoz-ul-magyar-peter-es-ursula-von-der-leyen","status":"publish","type":"post","link":"https:\/\/friss-hirek.hu\/index.php\/nagyon-keves-ido-maradt-megmenteni-az-unios-milliardokat-szerdan-targyaloasztalhoz-ul-magyar-peter-es-ursula-von-der-leyen\/uzlet\/","title":{"rendered":"Nagyon kev\u00e9s id\u0151 maradt megmenteni az uni\u00f3s milli\u00e1rdokat, szerd\u00e1n t\u00e1rgyal\u00f3asztalhoz \u00fcl Magyar P\u00e9ter \u00e9s Ursula von der Leyen"},"content":{"rendered":"<p><strong>Nagyj\u00e1b\u00f3l 18 milli\u00e1rd eur\u00f3 sorsa d\u0151lhet el szerd\u00e1n, amikor t\u00e1rgyal\u00f3asztalhoz \u00fcl Magyar P\u00e9ter \u00e9s Ursula von der Leyen, az Eur\u00f3pai Bizotts\u00e1g eln\u00f6ke. A magyar \u00e9s a br\u00fcsszeli deleg\u00e1ci\u00f3 a Magyarorsz\u00e1gnak j\u00e1r\u00f3 uni\u00f3s forr\u00e1sok felold\u00e1s\u00e1r\u00f3l t\u00e1rgyal. Az id\u0151 s\u00fcrgeti a feleket, mivel augusztus v\u00e9g\u00e9vel t\u00f6bb milli\u00e1rd eur\u00f3 v\u00e1lthat v\u00e9gleg el\u00e9rhetetlenn\u00e9 haz\u00e1nk sz\u00e1m\u00e1ra.<\/strong><\/p><div id=\"friss-1762060066\" class=\"friss-etarget friss-entity-placement\"><script type=\"text\/javascript\" id=\"etargetScript7a9b589f63cb072bef80df221f46a22b\">function etargetPostloadFunction7a9b589f63cb072bef80df221f46a22b(){var e=\"etargetPostload7a9b589f63cb072bef80df221f46a22b\",t=\"etargetScript7a9b589f63cb072bef80df221f46a22b\",o=document.getElementById(e);if(o){for(var n=o.offsetTop,d=o.offsetLeft,r=o.offsetWidth,a=o.offsetHeight;o.offsetParent;)o=o.offsetParent,n+=o.offsetTop,d+=o.offsetLeft;var i=(n<=window.pageYOffset+window.innerHeight&&d<window.pageXOffset+window.innerWidth&&n+a>window.pageYOffset&&d+r>window.pageXOffset);if(i&&etargetAllowOtherCheck){allowed=!1;var c=document.createElement(\"script\");return c.src=\"\/\/hu.search.etargetnet.com\/generic\/uni.php?g=ref:58661,area:700x210\",void(document.getElementById(t)&&document.getElementById(e)&&(document.getElementById(t).parentNode.appendChild(c),document.getElementById(t).parentNode.removeChild(document.getElementById(t)),document.getElementById(e).parentNode.removeChild(document.getElementById(e)),document.removeEventListener(\"scroll\",etargetPostloadFunction7a9b589f63cb072bef80df221f46a22b),document.removeEventListener(\"resize\",etargetPostloadFunction7a9b589f63cb072bef80df221f46a22b),document.removeEventListener(\"DOMContentLoaded\",etargetPostloadFunction7a9b589f63cb072bef80df221f46a22b)))}}}var etargetDivID=\"etargetPostload7a9b589f63cb072bef80df221f46a22b\",etargetScriptID=\"etargetScript7a9b589f63cb072bef80df221f46a22b\",etargetPostloadPoint=document.createElement(\"div\");etargetPostloadPoint.id=etargetDivID;var etargetCurScript=document.getElementById(etargetScriptID);etargetCurScript.parentNode.appendChild(etargetPostloadPoint),document.addEventListener(\"scroll\",etargetPostloadFunction7a9b589f63cb072bef80df221f46a22b),document.addEventListener(\"resize\",etargetPostloadFunction7a9b589f63cb072bef80df221f46a22b),document.addEventListener(\"DOMContentLoaded\",etargetPostloadFunction7a9b589f63cb072bef80df221f46a22b);var etargetAllowOtherCheck=!0;if(typeof(\"forceRunPostload\")==\"string\"){etargetPostloadFunction7a9b589f63cb072bef80df221f46a22b()}<\/script><\/div>\n<hr class=\"wp-block-separator has-alpha-channel-opacity\" \/>\n<p><strong>Mi t\u00f6rt\u00e9nt?<\/strong> Magyar P\u00e9ter \u00e9s az Eur\u00f3pai Bizotts\u00e1g eln\u00f6ke szerd\u00e1n ism\u00e9t t\u00e1rgyal\u00f3asztalhoz \u00fclnek, hogy kidolgozz\u00e1k a Magyarorsz\u00e1gnak j\u00e1r\u00f3 uni\u00f3s forr\u00e1sok felold\u00e1s\u00e1nak r\u00e9szleteit \u2013 olvashat\u00f3 a <a href=\"https:\/\/www.reuters.com\/world\/hungary-eu-discuss-terms-release-billions-blocked-funds-2026-04-27\/\">Reutersen<\/a>. Az uni\u00f3 nagyj\u00e1b\u00f3l 18 milli\u00e1rd eur\u00f3 kifizet\u00e9s\u00e9t f\u00fcggesztette fel Magyarorsz\u00e1g sz\u00e1m\u00e1ra a jog\u00e1llamis\u00e1gi agg\u00e1lyok miatt.<\/p>\n<p>Az uni\u00f3s forr\u00e1sok felf\u00fcggeszt\u00e9se ut\u00e1ni k\u00e9t \u00e9vben megold\u00e1st kell tal\u00e1lni az agg\u00e1lyok orvosl\u00e1s\u00e1ra, k\u00fcl\u00f6nben a z\u00e1rolt p\u00e9nz v\u00e9gleg elveszik \u2013 err\u0151l Darvas Zsolt, a br\u00fcsszeli Bruegel Int\u00e9zet \u00e9s a Budapesti Corvinus Egyetem vezet\u0151 kutat\u00f3ja besz\u00e9lt egy interj\u00faban a <a href=\"https:\/\/hvg.hu\/360\/20260427_hvg-darvas-zsolt-eu-tamogatasok-koltsegvetes-hiany-eurobevezetes-interju\">HVG<\/a>-nek. A k\u00f6zgazd\u00e1sz kiemelte, hogy <a href=\"https:\/\/forbes.hu\/penz\/unios-forras-magyarorszag-eu-magyar-kormany\/\">k\u00e9tmilli\u00e1rd eur\u00f3r\u00f3l<\/a> m\u00e1r le is mondhatott Magyarorsz\u00e1g.<\/p>\n<p><strong>K\u00f6zeleg a hat\u00e1rid\u0151:<\/strong> A Reuters felh\u00edvta r\u00e1 a figyelmet, hogy a leend\u0151 magyar korm\u00e1nyt s\u00fcrgeti az id\u0151, mivel a leh\u00edvhat\u00f3 uni\u00f3s forr\u00e1sok egy jelent\u0151s r\u00e9sze augusztus v\u00e9g\u00e9t\u0151l veszhet el. A h\u00edr\u00fcgyn\u00f6ks\u00e9g azt \u00edrta, hogy a befagyasztott \u00f6sszegek egy r\u00e9sz\u00e9t \u2013 p\u00e9ld\u00e1ul a pand\u00e9mia ut\u00e1ni Helyre\u00e1ll\u00edt\u00e1si Alap 11 milli\u00e1rd eur\u00f3j\u00e1t \u2013 augusztus k\u00f6zep\u00e9ig le kell k\u00f6tni.<\/p>\n<p>Magyar P\u00e9ter \u00e9s Ursula von der Leyen tal\u00e1lkoz\u00f3ja ez\u00e9rt is kulcsfontoss\u00e1g\u00fa. A lap azt is \u00edrta, hogy t\u00f6bb uni\u00f3s tiszts\u00e9gvisel\u0151 \u00fagy l\u00e1tja, hogy az alakul\u00f3 Tisza-korm\u00e1ny k\u00e9tharmados t\u00f6bbs\u00e9ge lehet\u0151v\u00e9 teszi, hogy Magyarorsz\u00e1gon gyorsan v\u00e9gbemenjenek azok a jogi v\u00e1ltoz\u00e1sok, melyek a jog\u00e1lli agg\u00e1lyokat eloszlatj\u00e1k.<\/p>\n<p>A Magyarorsz\u00e1gnak j\u00e1r\u00f3 uni\u00f3s forr\u00e1sokat az\u00e9rt fagyasztotta be Eur\u00f3pai Bizotts\u00e1g, mivel a lek\u00f6sz\u00f6n\u0151 Orb\u00e1n-korm\u00e1ny nem felelt meg az Eur\u00f3pai Uni\u00f3 jog\u00e1llamis\u00e1gi norm\u00e1inak.<\/p>\n<p><strong>Hogyan tov\u00e1bb? <\/strong>A szerdai tal\u00e1lkoz\u00f3n a 18 milli\u00e1rd eur\u00f3s befagyasztott forr\u00e1s felold\u00e1s\u00e1nak felt\u00e9teleir\u0151l t\u00e1rgyalhatnak a felek. Amennyiben az Ursula von der Leyen vezette test\u00fclet megfogalmazza a Magyarorsz\u00e1g fel\u00e9 t\u00e1masztott elv\u00e1r\u00e1sokat a Tisza-korm\u00e1ny v\u00e9lhet\u0151en priorit\u00e1sk\u00e9nt fogja kezelni a k\u00e9rd\u00e9st. A Reuters \u00fagy tudja, hogy az egyeztet\u00e9sen sz\u00f3ba ker\u00fclhet Magyarorsz\u00e1g visszat\u00e9r\u00e9se az Erasmus programba is.<\/p>\n\n<blockquote class=\"wp-block-quote is-layout-flow wp-block-quote-is-layout-flow\">\n<p>Ezek a tal\u00e1lkoz\u00f3k teljes m\u00e9rt\u00e9kben arra \u00f6sszpontos\u00edtanak, hogyan \u00e9rhet\u00fcnk el halad\u00e1st a Magyarorsz\u00e1gnak sz\u00e1nt uni\u00f3s forr\u00e1sok felold\u00e1s\u00e1ban<\/p>\n<\/blockquote>\n<p>\u2013 ezt az Eur\u00f3pai Bizotts\u00e1g sz\u00f3viv\u0151je, Olof Gill mondta. Hozz\u00e1tette, hogy c\u00e9lir\u00e1nyos t\u00e1rgyal\u00e1sra k\u00e9sz\u00fclnek a forr\u00e1sok felold\u00e1s\u00e1nak \u00e9rdek\u00e9ben.<\/p>\n<p><!-- No email blocks found --><\/p>\n<p>The post <a href=\"https:\/\/forbes.hu\/penz\/unios-forras-hatarido-targyalas-magyar-peter-von-der-leyen\/\">Nagyon kev\u00e9s id\u0151 maradt megmenteni az uni\u00f3s milli\u00e1rdokat, szerd\u00e1n t\u00e1rgyal\u00f3asztalhoz \u00fcl Magyar P\u00e9ter \u00e9s Ursula von der Leyen<\/a> appeared first on <a href=\"https:\/\/forbes.hu\/\">Forbes.hu<\/a>.<\/p><div id=\"friss-757098588\" class=\"friss-etarget-cikk-vege friss-entity-placement\"><script type=\"text\/javascript\" id=\"etargetScript7a9b589f63cb072bef80df221f46a22b\">function etargetPostloadFunction7a9b589f63cb072bef80df221f46a22b(){var e=\"etargetPostload7a9b589f63cb072bef80df221f46a22b\",t=\"etargetScript7a9b589f63cb072bef80df221f46a22b\",o=document.getElementById(e);if(o){for(var n=o.offsetTop,d=o.offsetLeft,r=o.offsetWidth,a=o.offsetHeight;o.offsetParent;)o=o.offsetParent,n+=o.offsetTop,d+=o.offsetLeft;var i=(n<=window.pageYOffset+window.innerHeight&&d<window.pageXOffset+window.innerWidth&&n+a>window.pageYOffset&&d+r>window.pageXOffset);if(i&&etargetAllowOtherCheck){allowed=!1;var c=document.createElement(\"script\");return c.src=\"\/\/hu.search.etargetnet.com\/generic\/uni.php?g=ref:58661,area:700x210\",void(document.getElementById(t)&&document.getElementById(e)&&(document.getElementById(t).parentNode.appendChild(c),document.getElementById(t).parentNode.removeChild(document.getElementById(t)),document.getElementById(e).parentNode.removeChild(document.getElementById(e)),document.removeEventListener(\"scroll\",etargetPostloadFunction7a9b589f63cb072bef80df221f46a22b),document.removeEventListener(\"resize\",etargetPostloadFunction7a9b589f63cb072bef80df221f46a22b),document.removeEventListener(\"DOMContentLoaded\",etargetPostloadFunction7a9b589f63cb072bef80df221f46a22b)))}}}var etargetDivID=\"etargetPostload7a9b589f63cb072bef80df221f46a22b\",etargetScriptID=\"etargetScript7a9b589f63cb072bef80df221f46a22b\",etargetPostloadPoint=document.createElement(\"div\");etargetPostloadPoint.id=etargetDivID;var etargetCurScript=document.getElementById(etargetScriptID);etargetCurScript.parentNode.appendChild(etargetPostloadPoint),document.addEventListener(\"scroll\",etargetPostloadFunction7a9b589f63cb072bef80df221f46a22b),document.addEventListener(\"resize\",etargetPostloadFunction7a9b589f63cb072bef80df221f46a22b),document.addEventListener(\"DOMContentLoaded\",etargetPostloadFunction7a9b589f63cb072bef80df221f46a22b);var etargetAllowOtherCheck=!0;if(typeof(\"forceRunPostload\")==\"string\"){etargetPostloadFunction7a9b589f63cb072bef80df221f46a22b()}<\/script><\/div><div id=\"friss-3683938842\" class=\"friss-after-content friss-entity-placement\"><script type=\"text\/javascript\" id=\"etargetScript7a9b589f63cb072bef80df221f46a22b\">function etargetPostloadFunction7a9b589f63cb072bef80df221f46a22b(){var e=\"etargetPostload7a9b589f63cb072bef80df221f46a22b\",t=\"etargetScript7a9b589f63cb072bef80df221f46a22b\",o=document.getElementById(e);if(o){for(var n=o.offsetTop,d=o.offsetLeft,r=o.offsetWidth,a=o.offsetHeight;o.offsetParent;)o=o.offsetParent,n+=o.offsetTop,d+=o.offsetLeft;var i=(n<=window.pageYOffset+window.innerHeight&&d<window.pageXOffset+window.innerWidth&&n+a>window.pageYOffset&&d+r>window.pageXOffset);if(i&&etargetAllowOtherCheck){allowed=!1;var c=document.createElement(\"script\");return c.src=\"\/\/hu.search.etargetnet.com\/generic\/uni.php?g=ref:58661,area:700x210\",void(document.getElementById(t)&&document.getElementById(e)&&(document.getElementById(t).parentNode.appendChild(c),document.getElementById(t).parentNode.removeChild(document.getElementById(t)),document.getElementById(e).parentNode.removeChild(document.getElementById(e)),document.removeEventListener(\"scroll\",etargetPostloadFunction7a9b589f63cb072bef80df221f46a22b),document.removeEventListener(\"resize\",etargetPostloadFunction7a9b589f63cb072bef80df221f46a22b),document.removeEventListener(\"DOMContentLoaded\",etargetPostloadFunction7a9b589f63cb072bef80df221f46a22b)))}}}var etargetDivID=\"etargetPostload7a9b589f63cb072bef80df221f46a22b\",etargetScriptID=\"etargetScript7a9b589f63cb072bef80df221f46a22b\",etargetPostloadPoint=document.createElement(\"div\");etargetPostloadPoint.id=etargetDivID;var etargetCurScript=document.getElementById(etargetScriptID);etargetCurScript.parentNode.appendChild(etargetPostloadPoint),document.addEventListener(\"scroll\",etargetPostloadFunction7a9b589f63cb072bef80df221f46a22b),document.addEventListener(\"resize\",etargetPostloadFunction7a9b589f63cb072bef80df221f46a22b),document.addEventListener(\"DOMContentLoaded\",etargetPostloadFunction7a9b589f63cb072bef80df221f46a22b);var etargetAllowOtherCheck=!0;if(typeof(\"forceRunPostload\")==\"string\"){etargetPostloadFunction7a9b589f63cb072bef80df221f46a22b()}<\/script><\/div><div id=\"friss-3868318209\" class=\"friss-after-content_2 friss-entity-placement\" style=\"clear: both;\"><div class=\"wprss_ajax\" data-id=\"rss65fc4e9ecd\"><img loading=\"lazy\" decoding=\"async\" src=\"https:\/\/friss-hirek.hu\/wp-content\/plugins\/wp-rss-retriever\/inc\/imgs\/ajax-loader.gif\" alt=\"Loading RSS Feed\" width=\"16\" height=\"16\"><\/div><\/div><br style=\"clear: both; display: block; float: none;\"\/><div id=\"friss-1813558904\" class=\"friss-after-content_3 friss-entity-placement\">https:\/\/www.youtube.com\/watch?v=Pdnw4KiUWp0<\/div>","protected":false},"excerpt":{"rendered":"<p>Nagyj\u00e1b\u00f3l 18 milli\u00e1rd eur\u00f3 sorsa d\u0151lhet el szerd\u00e1n, amikor t\u00e1rgyal\u00f3asztalhoz \u00fcl Magyar P\u00e9ter \u00e9s Ursula von der Leyen, az Eur\u00f3pai Bizotts\u00e1g eln\u00f6ke. A magyar \u00e9s a br\u00fcsszeli deleg\u00e1ci\u00f3 a Magyarorsz\u00e1gnak j\u00e1r\u00f3 uni\u00f3s forr\u00e1sok felold\u00e1s\u00e1r\u00f3l t\u00e1rgyal. Az id\u0151 s\u00fcrgeti a feleket, mivel augusztus v\u00e9g\u00e9vel t\u00f6bb milli\u00e1rd eur\u00f3 v\u00e1lthat v\u00e9gleg el\u00e9rhetetlenn\u00e9 haz\u00e1nk sz\u00e1m\u00e1ra. Mi t\u00f6rt\u00e9nt? Magyar P\u00e9ter [&hellip;]<\/p>\n","protected":false},"author":1,"featured_media":0,"comment_status":"open","ping_status":"open","sticky":false,"template":"","format":"standard","meta":{"footnotes":""},"categories":[7],"tags":[],"class_list":["post-166075","post","type-post","status-publish","format-standard","hentry","category-uzlet"],"amp_enabled":true,"_links":{"self":[{"href":"https:\/\/friss-hirek.hu\/index.php\/wp-json\/wp\/v2\/posts\/166075","targetHints":{"allow":["GET"]}}],"collection":[{"href":"https:\/\/friss-hirek.hu\/index.php\/wp-json\/wp\/v2\/posts"}],"about":[{"href":"https:\/\/friss-hirek.hu\/index.php\/wp-json\/wp\/v2\/types\/post"}],"author":[{"embeddable":true,"href":"https:\/\/friss-hirek.hu\/index.php\/wp-json\/wp\/v2\/users\/1"}],"replies":[{"embeddable":true,"href":"https:\/\/friss-hirek.hu\/index.php\/wp-json\/wp\/v2\/comments?post=166075"}],"version-history":[{"count":0,"href":"https:\/\/friss-hirek.hu\/index.php\/wp-json\/wp\/v2\/posts\/166075\/revisions"}],"wp:attachment":[{"href":"https:\/\/friss-hirek.hu\/index.php\/wp-json\/wp\/v2\/media?parent=166075"}],"wp:term":[{"taxonomy":"category","embeddable":true,"href":"https:\/\/friss-hirek.hu\/index.php\/wp-json\/wp\/v2\/categories?post=166075"},{"taxonomy":"post_tag","embeddable":true,"href":"https:\/\/friss-hirek.hu\/index.php\/wp-json\/wp\/v2\/tags?post=166075"}],"curies":[{"name":"wp","href":"https:\/\/api.w.org\/{rel}","templated":true}]}}