{"id":166076,"date":"2026-04-27T15:33:26","date_gmt":"2026-04-27T15:33:26","guid":{"rendered":"https:\/\/friss-hirek.hu\/index.php\/forbes-power-wo-mens-summit-az-oszinteseg-ereje\/friss-hirek\/"},"modified":"2026-04-27T15:33:26","modified_gmt":"2026-04-27T15:33:26","slug":"forbes-power-wo-mens-summit-az-oszinteseg-ereje","status":"publish","type":"post","link":"https:\/\/friss-hirek.hu\/index.php\/forbes-power-wo-mens-summit-az-oszinteseg-ereje\/uzlet\/","title":{"rendered":"Forbes Power Wo\/men\u2019s Summit: Az \u0151szintes\u00e9g ereje!"},"content":{"rendered":"<p><strong>J\u00fanius 18-\u00e1n ism\u00e9t megtelik a Millen\u00e1ris a Forbes egyik legfontosabb \u00e9ves esem\u00e9ny\u00e9vel: a <a href=\"https:\/\/forbes.hu\/esemenyek\/forbes-uzleti-fesztival\/2026-forbes-power-womens-summit\">Power Wo\/men\u2019s Summit<\/a> id\u00e9n az \u201e\u0151szintes\u00e9g ereje\u201d k\u00f6r\u00e9 \u00e9p\u00fcl. A rendezv\u00e9ny hat \u00e9ve ad teret olyan besz\u00e9lget\u00e9seknek, amelyekben a val\u00f3di t\u00f6rt\u00e9netek, a ny\u00edlt p\u00e1rbesz\u00e9d \u00e9s a szem\u00e9lyes tapasztalatok ker\u00fclnek el\u0151t\u00e9rbe. \u00c9s nem csak n\u0151knek! Az esem\u00e9ny a f\u00e9rfiakhoz is sz\u00f3l, mert a j\u00f6v\u0151, amelyben \u00e9lni szeretn\u00e9nk, k\u00f6z\u00f6s.\u00a0A v\u00edzi\u00f3, amely fel\u00e9 tartunk, nemt\u0151l f\u00fcggetlen\u00fcl mindannyiunk\u00e9.\u00a0<\/strong><\/p><div id=\"friss-1229727471\" class=\"friss-etarget friss-entity-placement\"><script type=\"text\/javascript\" id=\"etargetScript7a9b589f63cb072bef80df221f46a22b\">function etargetPostloadFunction7a9b589f63cb072bef80df221f46a22b(){var e=\"etargetPostload7a9b589f63cb072bef80df221f46a22b\",t=\"etargetScript7a9b589f63cb072bef80df221f46a22b\",o=document.getElementById(e);if(o){for(var n=o.offsetTop,d=o.offsetLeft,r=o.offsetWidth,a=o.offsetHeight;o.offsetParent;)o=o.offsetParent,n+=o.offsetTop,d+=o.offsetLeft;var i=(n<=window.pageYOffset+window.innerHeight&&d<window.pageXOffset+window.innerWidth&&n+a>window.pageYOffset&&d+r>window.pageXOffset);if(i&&etargetAllowOtherCheck){allowed=!1;var c=document.createElement(\"script\");return c.src=\"\/\/hu.search.etargetnet.com\/generic\/uni.php?g=ref:58661,area:700x210\",void(document.getElementById(t)&&document.getElementById(e)&&(document.getElementById(t).parentNode.appendChild(c),document.getElementById(t).parentNode.removeChild(document.getElementById(t)),document.getElementById(e).parentNode.removeChild(document.getElementById(e)),document.removeEventListener(\"scroll\",etargetPostloadFunction7a9b589f63cb072bef80df221f46a22b),document.removeEventListener(\"resize\",etargetPostloadFunction7a9b589f63cb072bef80df221f46a22b),document.removeEventListener(\"DOMContentLoaded\",etargetPostloadFunction7a9b589f63cb072bef80df221f46a22b)))}}}var etargetDivID=\"etargetPostload7a9b589f63cb072bef80df221f46a22b\",etargetScriptID=\"etargetScript7a9b589f63cb072bef80df221f46a22b\",etargetPostloadPoint=document.createElement(\"div\");etargetPostloadPoint.id=etargetDivID;var etargetCurScript=document.getElementById(etargetScriptID);etargetCurScript.parentNode.appendChild(etargetPostloadPoint),document.addEventListener(\"scroll\",etargetPostloadFunction7a9b589f63cb072bef80df221f46a22b),document.addEventListener(\"resize\",etargetPostloadFunction7a9b589f63cb072bef80df221f46a22b),document.addEventListener(\"DOMContentLoaded\",etargetPostloadFunction7a9b589f63cb072bef80df221f46a22b);var etargetAllowOtherCheck=!0;if(typeof(\"forceRunPostload\")==\"string\"){etargetPostloadFunction7a9b589f63cb072bef80df221f46a22b()}<\/script><\/div>\n<p>A szervez\u0151k szerint az idei szlogen nemcsak j\u00f3l hangz\u00f3 \u00fczenet, hanem ir\u00e1nyt\u0171 is: arra h\u00edv, hogy a r\u00e9sztvev\u0151k \u0151szint\u00e9n n\u00e9zzenek szembe a munk\u00e1val, a mag\u00e1n\u00e9lettel, a kapcsolatokkal \u00e9s saj\u00e1t d\u00f6nt\u00e9seikkel is. Ez az a fajta nap, ahol nem \u00e1ltal\u00e1nos inspir\u00e1ci\u00f3s panelbesz\u00e9lget\u00e9sekre kell sz\u00e1m\u00edtani, hanem val\u00f3di, gyakorlati gondolatokra \u00e9s \u0151szinte megsz\u00f3lal\u00e1sokra.<\/p>\n<p>A Forbes kor\u00e1bbi n\u0151i f\u00f3kusz\u00fa esem\u00e9nyei m\u00e1r bizony\u00edtott\u00e1k, hogy a form\u00e1tum m\u0171k\u00f6dik: a 2024-es Women\u2019s Summit a lap t\u00f6rt\u00e9net\u00e9nek addigi legnagyobb rendezv\u00e9nye volt, \u00e9s eg\u00e9sz napos szakmai programmal t\u00f6lt\u00f6tte meg a Millen\u00e1rist. Az idei Summit ehhez a hagyom\u00e1nyhoz kapcsol\u00f3dik, mik\u00f6zben \u00faj n\u00e9z\u0151pontot \u00e1ll\u00edt k\u00f6z\u00e9ppontba: nem a t\u00f6k\u00e9letess\u00e9get, hanem a hiteless\u00e9get.<\/p>\n<p>A rendezv\u00e9ny azoknak sz\u00f3l, akik k\u00edv\u00e1ncsiak arra, hogyan gondolkodnak a vezet\u0151k, \u00e9p\u00edt\u0151k, alkot\u00f3k \u00e9s d\u00f6nt\u00e9shoz\u00f3k a k\u00f6vetkez\u0151 \u00e9vekr\u0151l, \u00e9s hogyan lehet emberk\u00f6zpont\u00faan, m\u00e9gis hat\u00e1rozottan el\u0151rehaladni egy gyorsan v\u00e1ltoz\u00f3 vil\u00e1gban. A Forbes esem\u00e9nyei rendre er\u0151s k\u00f6z\u00f6ss\u00e9gi \u00e9s szakmai tal\u00e1lkoz\u00f3pontot teremtenek, ahol a tartalmas besz\u00e9lget\u00e9sek legal\u00e1bb annyit sz\u00e1m\u00edtanak, mint a kapcsolat\u00e9p\u00edt\u00e9s.<\/p>\n<figure class=\"wp-block-image size-large\">\n<div class=\"photo-credit-wrapper\"><img decoding=\"async\" loading=\"lazy\" src=\"https:\/\/cdn.forbes.hu\/uploads\/2026\/04\/FPWS_2026_eloadoi-1600_900_PR-cikk_03.webp?r=eyJ3IjoxNTAwLCJxIjo5MCwicyI6InBuZyJ9\" alt=\"\" class=\"wp-image-763075\" \/><\/div>\n<\/figure>\n<h2 class=\"wp-block-heading\">Mire sz\u00e1m\u00edthatsz?<\/h2>\n<p>A program eg\u00e9sz napos, k\u00e9t p\u00e1rhuzamos sz\u00ednpaddal fut, \u00e9s a f\u00f3kusz a szem\u00e9lyes t\u00f6rt\u00e9neteken, vezet\u00e9sen, gy\u00e1szon, csal\u00e1don, p\u00e1lyav\u00e1laszt\u00e1son, testk\u00e9phez \u00e9s nyilv\u00e1noss\u00e1ghoz kapcsol\u00f3d\u00f3 t\u00e9m\u00e1kon lesz.\u200b<\/p>\n<p>Vel\u00fcnk lesz t\u00f6bbet k\u00f6z\u00f6tt\u00a0<strong>G\u00f6r\u00f6g Zita<\/strong>,\u00a0<strong>Geszti P\u00e9ter,\u00a0Lovas Rozi, Kadarkai Endre<\/strong>,\u00a0<strong>Wossala Rozina<\/strong>,\u00a0<strong>Mautner Zs\u00f3fi<\/strong>,\u00a0<strong>Hlatky-Schlichter Hubert<\/strong>,\u00a0<strong>Pataki \u00c1gi<\/strong>,\u00a0<strong>G\u00f6r\u00f6g Zita<\/strong>,\u00a0<strong>Bagossy Norbert<\/strong>,\u00a0<strong>Bagossy L\u00e1szl\u00f3<\/strong>,\u00a0<strong>F\u00fcr Anik\u00f3<\/strong>,\u00a0<strong>R\u00e1sk\u00f3 Eszter<\/strong>, valamint nemzetk\u00f6zi vend\u00e9gk\u00e9nt\u00a0<strong>Eliza Reid<\/strong>\u00a0\u00e9s\u00a0<strong>Charlotte Miles<\/strong>\u00a0is. A h\u00e1zigazd\u00e1k\u00a0<strong>Zsibor\u00e1s Gerg\u0151<\/strong>\u00a0\u00e9s\u00a0<strong>G\u00f6r\u00f6g Zita<\/strong> az egyik sz\u00ednpadon, illetve a m\u00e1sik sz\u00ednpadon\u00a0<strong>Wossala Rozina<\/strong>\u00a0\u00e9s\u00a0<strong>Sz\u0171cs Gerg\u0151<\/strong>\u00a0lesznek.\u200b<\/p>\n<h2 class=\"wp-block-heading\">Panelt\u00e9m\u00e1k<\/h2>\n<p>A nagysz\u00ednpad egyik f\u0151 vonala a szem\u00e9lyes \u00e9s t\u00e1rsadalmi \u0151szintes\u00e9g k\u00fcl\u00f6nb\u00f6z\u0151 form\u00e1it j\u00e1rja k\u00f6r\u00fcl: ilyen p\u00e9ld\u00e1ul az\u00a0<strong>\u0151szinte, felh\u0151tlen gyerekkor<\/strong>,\u00a0<strong>a m\u00falt benn\u00fcnk \u00e9l<\/strong>,\u00a0<strong>a csal\u00e1d mint az \u0151szintes\u00e9g tere<\/strong>, valamint\u00a0<strong>a f\u00e9rfiszerepek \u00fajra\u00edr\u00e1sa<\/strong>. A nap k\u00e9s\u0151bbi r\u00e9sz\u00e9ben j\u00f6nnek a professzion\u00e1lisabb, k\u00f6z\u00e9leti \u00e9s szakmai f\u00f3kusz\u00fa panelek, mint\u00a0<strong>az \u0151szintes\u00e9g ereje a p\u00e1lyav\u00e1laszt\u00e1sban<\/strong>,\u00a0<strong>amikor az alkot\u00e1s \u0151szintes\u00e9gb\u0151l sz\u00fcletik<\/strong>,\u00a0<strong>n\u0151i vezet\u00e9s a vil\u00e1g sz\u00ednpad\u00e1n<\/strong>, \u00e9s\u00a0<strong>t\u00f6rt\u00e9netek, amelyek form\u00e1lj\u00e1k a t\u00e1rsadalmat<\/strong>.<\/p>\n<p>A program \u00e9s a r\u00e9szletek folyamatosan ker\u00fclnek publik\u00e1l\u00e1sra az <a href=\"https:\/\/forbes.hu\/esemenyek\/forbes-uzleti-fesztival\/2026-forbes-power-womens-summit\">esem\u00e9ny oldal\u00e1n<\/a>!<\/p>\n<figure class=\"wp-block-image size-large\">\n<div class=\"photo-credit-wrapper\"><img decoding=\"async\" loading=\"lazy\" src=\"https:\/\/cdn.forbes.hu\/uploads\/2026\/04\/FPWS_2026_eloadoi-1600_900_PR-cikk_02.webp?r=eyJ3IjoxNTAwLCJxIjo5MCwicyI6InBuZyJ9\" alt=\"\" class=\"wp-image-763076\" \/><\/div>\n<\/figure>\n<p><!-- No email blocks found --><\/p>\n<p>The post <a href=\"https:\/\/forbes.hu\/tamogatoi-tartalom\/forbes-power-wo-mens-summit-az-oszinteseg-ereje\/\">Forbes Power Wo\/men\u2019s Summit: Az \u0151szintes\u00e9g ereje!<\/a> appeared first on <a href=\"https:\/\/forbes.hu\/\">Forbes.hu<\/a>.<\/p><div id=\"friss-309561927\" class=\"friss-etarget-cikk-vege friss-entity-placement\"><script type=\"text\/javascript\" id=\"etargetScript7a9b589f63cb072bef80df221f46a22b\">function etargetPostloadFunction7a9b589f63cb072bef80df221f46a22b(){var e=\"etargetPostload7a9b589f63cb072bef80df221f46a22b\",t=\"etargetScript7a9b589f63cb072bef80df221f46a22b\",o=document.getElementById(e);if(o){for(var n=o.offsetTop,d=o.offsetLeft,r=o.offsetWidth,a=o.offsetHeight;o.offsetParent;)o=o.offsetParent,n+=o.offsetTop,d+=o.offsetLeft;var i=(n<=window.pageYOffset+window.innerHeight&&d<window.pageXOffset+window.innerWidth&&n+a>window.pageYOffset&&d+r>window.pageXOffset);if(i&&etargetAllowOtherCheck){allowed=!1;var c=document.createElement(\"script\");return c.src=\"\/\/hu.search.etargetnet.com\/generic\/uni.php?g=ref:58661,area:700x210\",void(document.getElementById(t)&&document.getElementById(e)&&(document.getElementById(t).parentNode.appendChild(c),document.getElementById(t).parentNode.removeChild(document.getElementById(t)),document.getElementById(e).parentNode.removeChild(document.getElementById(e)),document.removeEventListener(\"scroll\",etargetPostloadFunction7a9b589f63cb072bef80df221f46a22b),document.removeEventListener(\"resize\",etargetPostloadFunction7a9b589f63cb072bef80df221f46a22b),document.removeEventListener(\"DOMContentLoaded\",etargetPostloadFunction7a9b589f63cb072bef80df221f46a22b)))}}}var etargetDivID=\"etargetPostload7a9b589f63cb072bef80df221f46a22b\",etargetScriptID=\"etargetScript7a9b589f63cb072bef80df221f46a22b\",etargetPostloadPoint=document.createElement(\"div\");etargetPostloadPoint.id=etargetDivID;var etargetCurScript=document.getElementById(etargetScriptID);etargetCurScript.parentNode.appendChild(etargetPostloadPoint),document.addEventListener(\"scroll\",etargetPostloadFunction7a9b589f63cb072bef80df221f46a22b),document.addEventListener(\"resize\",etargetPostloadFunction7a9b589f63cb072bef80df221f46a22b),document.addEventListener(\"DOMContentLoaded\",etargetPostloadFunction7a9b589f63cb072bef80df221f46a22b);var etargetAllowOtherCheck=!0;if(typeof(\"forceRunPostload\")==\"string\"){etargetPostloadFunction7a9b589f63cb072bef80df221f46a22b()}<\/script><\/div><div id=\"friss-1425704914\" class=\"friss-after-content friss-entity-placement\"><script type=\"text\/javascript\" id=\"etargetScript7a9b589f63cb072bef80df221f46a22b\">function etargetPostloadFunction7a9b589f63cb072bef80df221f46a22b(){var e=\"etargetPostload7a9b589f63cb072bef80df221f46a22b\",t=\"etargetScript7a9b589f63cb072bef80df221f46a22b\",o=document.getElementById(e);if(o){for(var n=o.offsetTop,d=o.offsetLeft,r=o.offsetWidth,a=o.offsetHeight;o.offsetParent;)o=o.offsetParent,n+=o.offsetTop,d+=o.offsetLeft;var i=(n<=window.pageYOffset+window.innerHeight&&d<window.pageXOffset+window.innerWidth&&n+a>window.pageYOffset&&d+r>window.pageXOffset);if(i&&etargetAllowOtherCheck){allowed=!1;var c=document.createElement(\"script\");return c.src=\"\/\/hu.search.etargetnet.com\/generic\/uni.php?g=ref:58661,area:700x210\",void(document.getElementById(t)&&document.getElementById(e)&&(document.getElementById(t).parentNode.appendChild(c),document.getElementById(t).parentNode.removeChild(document.getElementById(t)),document.getElementById(e).parentNode.removeChild(document.getElementById(e)),document.removeEventListener(\"scroll\",etargetPostloadFunction7a9b589f63cb072bef80df221f46a22b),document.removeEventListener(\"resize\",etargetPostloadFunction7a9b589f63cb072bef80df221f46a22b),document.removeEventListener(\"DOMContentLoaded\",etargetPostloadFunction7a9b589f63cb072bef80df221f46a22b)))}}}var etargetDivID=\"etargetPostload7a9b589f63cb072bef80df221f46a22b\",etargetScriptID=\"etargetScript7a9b589f63cb072bef80df221f46a22b\",etargetPostloadPoint=document.createElement(\"div\");etargetPostloadPoint.id=etargetDivID;var etargetCurScript=document.getElementById(etargetScriptID);etargetCurScript.parentNode.appendChild(etargetPostloadPoint),document.addEventListener(\"scroll\",etargetPostloadFunction7a9b589f63cb072bef80df221f46a22b),document.addEventListener(\"resize\",etargetPostloadFunction7a9b589f63cb072bef80df221f46a22b),document.addEventListener(\"DOMContentLoaded\",etargetPostloadFunction7a9b589f63cb072bef80df221f46a22b);var etargetAllowOtherCheck=!0;if(typeof(\"forceRunPostload\")==\"string\"){etargetPostloadFunction7a9b589f63cb072bef80df221f46a22b()}<\/script><\/div><div id=\"friss-3926780736\" class=\"friss-after-content_2 friss-entity-placement\" style=\"clear: both;\"><div class=\"wprss_ajax\" data-id=\"rss8a0723c6a1\"><img loading=\"lazy\" decoding=\"async\" src=\"https:\/\/friss-hirek.hu\/wp-content\/plugins\/wp-rss-retriever\/inc\/imgs\/ajax-loader.gif\" alt=\"Loading RSS Feed\" width=\"16\" height=\"16\"><\/div><\/div><br style=\"clear: both; display: block; float: none;\"\/><div id=\"friss-1823894972\" class=\"friss-after-content_3 friss-entity-placement\">https:\/\/www.youtube.com\/watch?v=Pdnw4KiUWp0<\/div>","protected":false},"excerpt":{"rendered":"<p>J\u00fanius 18-\u00e1n ism\u00e9t megtelik a Millen\u00e1ris a Forbes egyik legfontosabb \u00e9ves esem\u00e9ny\u00e9vel: a Power Wo\/men\u2019s Summit id\u00e9n az \u201e\u0151szintes\u00e9g ereje\u201d k\u00f6r\u00e9 \u00e9p\u00fcl. A rendezv\u00e9ny hat \u00e9ve ad teret olyan besz\u00e9lget\u00e9seknek, amelyekben a val\u00f3di t\u00f6rt\u00e9netek, a ny\u00edlt p\u00e1rbesz\u00e9d \u00e9s a szem\u00e9lyes tapasztalatok ker\u00fclnek el\u0151t\u00e9rbe. \u00c9s nem csak n\u0151knek! Az esem\u00e9ny a f\u00e9rfiakhoz is sz\u00f3l, mert a [&hellip;]<\/p>\n","protected":false},"author":1,"featured_media":0,"comment_status":"open","ping_status":"open","sticky":false,"template":"","format":"standard","meta":{"footnotes":""},"categories":[7],"tags":[],"class_list":["post-166076","post","type-post","status-publish","format-standard","hentry","category-uzlet"],"amp_enabled":true,"_links":{"self":[{"href":"https:\/\/friss-hirek.hu\/index.php\/wp-json\/wp\/v2\/posts\/166076","targetHints":{"allow":["GET"]}}],"collection":[{"href":"https:\/\/friss-hirek.hu\/index.php\/wp-json\/wp\/v2\/posts"}],"about":[{"href":"https:\/\/friss-hirek.hu\/index.php\/wp-json\/wp\/v2\/types\/post"}],"author":[{"embeddable":true,"href":"https:\/\/friss-hirek.hu\/index.php\/wp-json\/wp\/v2\/users\/1"}],"replies":[{"embeddable":true,"href":"https:\/\/friss-hirek.hu\/index.php\/wp-json\/wp\/v2\/comments?post=166076"}],"version-history":[{"count":0,"href":"https:\/\/friss-hirek.hu\/index.php\/wp-json\/wp\/v2\/posts\/166076\/revisions"}],"wp:attachment":[{"href":"https:\/\/friss-hirek.hu\/index.php\/wp-json\/wp\/v2\/media?parent=166076"}],"wp:term":[{"taxonomy":"category","embeddable":true,"href":"https:\/\/friss-hirek.hu\/index.php\/wp-json\/wp\/v2\/categories?post=166076"},{"taxonomy":"post_tag","embeddable":true,"href":"https:\/\/friss-hirek.hu\/index.php\/wp-json\/wp\/v2\/tags?post=166076"}],"curies":[{"name":"wp","href":"https:\/\/api.w.org\/{rel}","templated":true}]}}