{"id":166080,"date":"2026-04-27T17:33:33","date_gmt":"2026-04-27T17:33:33","guid":{"rendered":"https:\/\/friss-hirek.hu\/index.php\/parajdi-banyakatasztrofa-135-kisvallalkozas-zart-mar-be\/friss-hirek\/"},"modified":"2026-04-27T17:33:33","modified_gmt":"2026-04-27T17:33:33","slug":"parajdi-banyakatasztrofa-135-kisvallalkozas-zart-mar-be","status":"publish","type":"post","link":"https:\/\/friss-hirek.hu\/index.php\/parajdi-banyakatasztrofa-135-kisvallalkozas-zart-mar-be\/videk\/","title":{"rendered":"Parajdi b\u00e1nyakatasztr\u00f3fa: 135 kisv\u00e1llalkoz\u00e1s z\u00e1rt m\u00e1r be"},"content":{"rendered":"<p>F\u0151k\u00e9nt a turizmusban, k\u00f6z\u00e9tkeztet\u00e9sben \u00e9s utcai kereskedelemben \u00e9rdekelt c\u00e9gek sz\u00fcntett\u00e9k be tev\u00e9kenys\u00e9g\u00fcket \u2013 tudatta Istv\u00e1n R\u00f3bert, a Hargita megyei \u00e1llateg\u00e9szs\u00e9g\u00fcgyi \u00e9s \u00e9lelmiszerbiztons\u00e1gi igazgat\u00f3s\u00e1g vezet\u0151je.<\/p><div id=\"friss-4142726221\" class=\"friss-etarget friss-entity-placement\"><script type=\"text\/javascript\" id=\"etargetScript7a9b589f63cb072bef80df221f46a22b\">function etargetPostloadFunction7a9b589f63cb072bef80df221f46a22b(){var e=\"etargetPostload7a9b589f63cb072bef80df221f46a22b\",t=\"etargetScript7a9b589f63cb072bef80df221f46a22b\",o=document.getElementById(e);if(o){for(var n=o.offsetTop,d=o.offsetLeft,r=o.offsetWidth,a=o.offsetHeight;o.offsetParent;)o=o.offsetParent,n+=o.offsetTop,d+=o.offsetLeft;var i=(n<=window.pageYOffset+window.innerHeight&&d<window.pageXOffset+window.innerWidth&&n+a>window.pageYOffset&&d+r>window.pageXOffset);if(i&&etargetAllowOtherCheck){allowed=!1;var c=document.createElement(\"script\");return c.src=\"\/\/hu.search.etargetnet.com\/generic\/uni.php?g=ref:58661,area:700x210\",void(document.getElementById(t)&&document.getElementById(e)&&(document.getElementById(t).parentNode.appendChild(c),document.getElementById(t).parentNode.removeChild(document.getElementById(t)),document.getElementById(e).parentNode.removeChild(document.getElementById(e)),document.removeEventListener(\"scroll\",etargetPostloadFunction7a9b589f63cb072bef80df221f46a22b),document.removeEventListener(\"resize\",etargetPostloadFunction7a9b589f63cb072bef80df221f46a22b),document.removeEventListener(\"DOMContentLoaded\",etargetPostloadFunction7a9b589f63cb072bef80df221f46a22b)))}}}var etargetDivID=\"etargetPostload7a9b589f63cb072bef80df221f46a22b\",etargetScriptID=\"etargetScript7a9b589f63cb072bef80df221f46a22b\",etargetPostloadPoint=document.createElement(\"div\");etargetPostloadPoint.id=etargetDivID;var etargetCurScript=document.getElementById(etargetScriptID);etargetCurScript.parentNode.appendChild(etargetPostloadPoint),document.addEventListener(\"scroll\",etargetPostloadFunction7a9b589f63cb072bef80df221f46a22b),document.addEventListener(\"resize\",etargetPostloadFunction7a9b589f63cb072bef80df221f46a22b),document.addEventListener(\"DOMContentLoaded\",etargetPostloadFunction7a9b589f63cb072bef80df221f46a22b);var etargetAllowOtherCheck=!0;if(typeof(\"forceRunPostload\")==\"string\"){etargetPostloadFunction7a9b589f63cb072bef80df221f46a22b()}<\/script><\/div>\n<p>A sz\u00e9kelyf\u00f6ldi int\u00e9zm\u00e9nyvezet\u0151 a Hargita megyei prefektusi hivatal h\u00e9tf\u0151i \u00fcl\u00e9s\u00e9n ismertetett jelent\u00e9s\u00e9ben r\u00e1mutatott: tavaly 135, a tev\u00e9kenys\u00e9g megsz\u00fcntet\u00e9s\u00e9r\u0151l sz\u00f3l\u00f3 hat\u00e1rozatot regisztr\u00e1ltak kisv\u00e1llalkoz\u00f3k r\u00e9sz\u00e9r\u0151l \u2013 sz\u00e1molt be az Agerpres.<\/p>\n<blockquote class=\"_ce_measure_widget\" data-ce-measure-widget=\"Id\u00e9zet\">\n<p>Ezek t\u00f6bbs\u00e9ge Parajdon \u00e9s m\u00e1s, turizmusb\u00f3l \u00e9l\u0151 k\u00f6rny\u00e9kbeli telep\u00fcl\u00e9seken m\u0171k\u00f6d\u00f6tt<\/p>\n<\/blockquote>\n<p>\u2013 mondta az int\u00e9zm\u00e9nyvezet\u0151.<\/p>\n<p>A kisv\u00e1llalkoz\u00e1sok tev\u00e9kenys\u00e9g\u00e9nek megsz\u00fcntet\u00e9se \u00f6sszef\u00fcgg a Parajdon tavaly m\u00e1jusban bek\u00f6vetkezett b\u00e1nyakatasztr\u00f3f\u00e1val, amelyben a Korond-patak vize el\u00f6nt\u00f6tte a sz\u00e9kelyf\u00f6ldi turizmus egyik motorj\u00e1nak sz\u00e1m\u00edt\u00f3 s\u00f3b\u00e1ny\u00e1t.<\/p>\n<p><span class=\"highlight-block-small _ce_measure_widget\" data-ce-measure-widget=\"Kiemel\u00e9s - hossz\u00fa sz\u00f6veghez\">Els\u0151sorban az utcai kereskedelemmel foglalkoz\u00f3 kisv\u00e1llalkoz\u00e1sok \u2013 k\u00fcrt\u0151skal\u00e1cs-, l\u00e1ngos- \u00e9s vattacukor\u00e1rusok \u2013 sz\u00fcntett\u00e9k be tev\u00e9kenys\u00e9g\u00fcket. De sz\u00e1ll\u00e1shelyek, panzi\u00f3k is vannak, melyek a bez\u00e1r\u00e1s mellett d\u00f6nt\u00f6ttek.<\/span><\/p>\n<p>A kisv\u00e1llalkoz\u00f3k azzal indokolt\u00e1k d\u00f6nt\u00e9s\u00fcket, hogy a turist\u00e1k elmarad\u00e1s\u00e1val nem \u00e9ri meg fenntartani a kereskedelmi tev\u00e9kenys\u00e9get. K\u00f6z\u00f6lt\u00e9k: amennyiben javulna a helyzet, \u00fajb\u00f3l k\u00e9rv\u00e9nyezik a m\u0171k\u00f6d\u00e9si enged\u00e9lyt.<\/p>\n<blockquote class=\"_ce_measure_widget\" data-ce-measure-widget=\"Id\u00e9zet\">\n<p>B\u00e1r nem nagyv\u00e1llalatokr\u00f3l van sz\u00f3, a kisv\u00e1llalkoz\u00e1sok bez\u00e1r\u00e1sa nagy hat\u00e1ssal van Parajd \u00e9s a fazekass\u00e1g\u00e1r\u00f3l h\u00edres Korond gazdas\u00e1g\u00e1ra. Sz\u00e1mos helyb\u00e9li csal\u00e1dnak a meg\u00e9lhet\u00e9se f\u00fcgg\u00f6tt a turizmushoz k\u00f6t\u0151d\u0151 bev\u00e9telekt\u0151l<\/p>\n<\/blockquote>\n<p>\u2013 mondta az igazgat\u00f3.<\/p>\n<p>Istv\u00e1n R\u00f3bert szerint Parajd \u00e9s k\u00f6rny\u00e9ke volt a sz\u00e9kelyf\u00f6ldi megye legakt\u00edvabb turisztikai t\u00e9rs\u00e9ge, a szezon\u00e1lis ellen\u0151rz\u00e9sek mintegy 40 sz\u00e1zal\u00e9k\u00e1t is itt v\u00e9gezt\u00e9k.<\/p>\n<p>J\u00e1n\u00f3 Edit Andrea, a Hargita megyei munkaer\u0151-elhelyez\u0151 \u00fcgyn\u00f6ks\u00e9g oszt\u00e1lyvezet\u0151je szerint a parajdi b\u00e1nyakatasztr\u00f3fa hat\u00e1sa a munkaer\u0151piacon is \u00e9rezteti hat\u00e1s\u00e1t. Mint k\u00f6z\u00f6lte, a nagyk\u00f6zs\u00e9gben 2025 m\u00e1jusa \u00e9s decembere k\u00f6z\u00f6tt 69-r\u0151l 121-re n\u0151tt a munkan\u00e9lk\u00fcliek sz\u00e1ma.\u00a0Nemr\u00e9g egy sz\u00e1ll\u00e1shely jelentette be, hogy tucatnyi alkalmazottat bocs\u00e1t el, de a csoportos elbocs\u00e1t\u00e1sok mellett egy\u00e9niek is vannak.<\/p>\n<p><span class=\"highlight-block-small _ce_measure_widget\" data-ce-measure-widget=\"Kiemel\u00e9s - hossz\u00fa sz\u00f6veghez\">Arr\u00f3l is besz\u00e1molt, hogy a telep\u00fcl\u00e9sen jelenleg nincsenek \u00fcres \u00e1ll\u00e1sok, a munka n\u00e9lk\u00fcl maradt parajdiak a turisztikai \u00e1gazatban legk\u00f6zelebb a 37 kilom\u00e9terre tal\u00e1lhat\u00f3 Sz\u00e9kelyudvarhelyen helyezkedhetnek el.<\/span><\/p>\n<p>A rom\u00e1n \u00e1llami tulajdonban l\u00e9v\u0151 parajdi s\u00f3b\u00e1ny\u00e1ba 2025 m\u00e1jus\u00e1nak v\u00e9g\u00e9n z\u00fadult be a felette foly\u00f3 Korond-patak vize. Az \u00e1radat n\u00e9h\u00e1ny nap alatt teljesen el\u00f6nt\u00f6tte a b\u00e1ny\u00e1t.<\/p>\n<p>A s\u00f3b\u00e1nya Sz\u00e9kelyf\u00f6ld egyik legl\u00e1togatottabb turisztikai l\u00e1tv\u00e1nyoss\u00e1ga volt, amelyet \u00e9vente sz\u00e1zezrek kerestek fel, \u00e9s amelyt\u0151l nemcsak az ott dolgoz\u00f3 b\u00e1ny\u00e1szok, hanem a telep\u00fcl\u00e9sen \u00e9s a k\u00f6rny\u00e9k\u00e9n l\u00e9trej\u00f6tt t\u00f6bb sz\u00e1z vend\u00e9gl\u00e1t\u00f3hely \u00fczemeltet\u0151inek \u00e9s alkalmazottainak a meg\u00e9lhet\u00e9se is f\u00fcgg\u00f6tt. (MTI)<\/p>\n<p>D\u00f6bbenetes <a href=\"https:\/\/sokszinuvidek.24.hu\/mozaik\/2025\/05\/29\/parajdi-sobanya-katasztrofa-szekelyfold-parajd\/\" target=\"_blank\" rel=\"noopener\">fot\u00f3k is k\u00e9sz\u00fcltek a parajdi katasztr\u00f3fa helysz\u00edn\u00e9r\u0151l<\/a> \u00e9s Parajd polg\u00e1rmestere <a href=\"https:\/\/sokszinuvidek.24.hu\/viragzo-videkunk\/2026\/02\/27\/parajdi-sobanya-ujrainditasa-polgarmester-velemenye\/\" target=\"_blank\" rel=\"noopener\">\u00fagy nyilatkozott, hogy vagy a r\u00e9gi b\u00e1nya indul \u00fajra, vagy \u00fajat nyitunk<\/a>. Itthon pedig <a href=\"https:\/\/sokszinuvidek.24.hu\/eletmod\/2025\/06\/02\/vilagvege-hangulatban-vasaroljak-a-parajdi-sot\/\" target=\"_blank\" rel=\"noopener\">p\u00e1nikv\u00e1s\u00e1rl\u00e1s kezd\u0151d\u00f6tt, \u00fagy vett\u00e9k a parajdi s\u00f3t, mintha nem lenne holnap<\/a>.<\/p>\n<div class=\"o-post__articRecommend m-articRecommend -hasImg cf article-recommendation-container cf _ce_measure_widget\" data-ce-measure-widget=\"Cikkaj\u00e1nl\u00f3 widget\">\n<div class=\"m-articRecommend__widgetTitle\">Kapcsol\u00f3d\u00f3<\/div>\n<div class=\"m-articRecommend__imgWrap image-container\"><a href=\"https:\/\/sokszinuvidek.24.hu\/viragzo-videkunk\/2025\/06\/20\/parajdi-sobanya-kraterek-video\/\" target=\"_self\"><img loading=\"lazy\" decoding=\"async\" width=\"480\" height=\"270\" src=\"https:\/\/s.24.hu\/app\/uploads\/sites\/11\/2025\/06\/img_8096-e1750434135431-480x270.jpeg\" class=\"img-responsive wp-post-image\" alt=\"\" \/><\/a><\/div>\n<div class=\"m-articRecommend__cntWrap content-container \">\n\t\t\t<a href=\"https:\/\/sokszinuvidek.24.hu\/viragzo-videkunk\/2025\/06\/20\/parajdi-sobanya-kraterek-video\/\" target=\"_self\" class=\"m-articRecommend__title ar-title\">Vide\u00f3: egyre aggaszt\u00f3bb m\u00e9ret\u0171ek a kr\u00e1terek a parajdi s\u00f3b\u00e1nya felett<\/a>\n<div class=\"m-articRecommend__lead ar-lead\">A friss dr\u00f3nfelv\u00e9telek megr\u00e1z\u00f3 k\u00e9pet festenek a parajdi s\u00f3b\u00e1nya k\u00f6rny\u00e9k\u00e9r\u0151l.<\/div>\n<\/div>\n<\/div>\n<p>The post <a href=\"https:\/\/sokszinuvidek.24.hu\/mozaik\/2026\/04\/27\/parajd-parajdi-sobanya-parajdi-katasztrofa-vallalkozas-bezart-turizmus\/\" target=\"_blank\">Parajdi b\u00e1nyakatasztr\u00f3fa: 135 kisv\u00e1llalkoz\u00e1s z\u00e1rt m\u00e1r be<\/a> first appeared on <a href=\"https:\/\/sokszinuvidek.24.hu\/\" target=\"_blank\">Soksz\u00edn\u0171 vid\u00e9k<\/a>.<\/p><div id=\"friss-3322968690\" class=\"friss-etarget-cikk-vege friss-entity-placement\"><script type=\"text\/javascript\" id=\"etargetScript7a9b589f63cb072bef80df221f46a22b\">function etargetPostloadFunction7a9b589f63cb072bef80df221f46a22b(){var e=\"etargetPostload7a9b589f63cb072bef80df221f46a22b\",t=\"etargetScript7a9b589f63cb072bef80df221f46a22b\",o=document.getElementById(e);if(o){for(var n=o.offsetTop,d=o.offsetLeft,r=o.offsetWidth,a=o.offsetHeight;o.offsetParent;)o=o.offsetParent,n+=o.offsetTop,d+=o.offsetLeft;var i=(n<=window.pageYOffset+window.innerHeight&&d<window.pageXOffset+window.innerWidth&&n+a>window.pageYOffset&&d+r>window.pageXOffset);if(i&&etargetAllowOtherCheck){allowed=!1;var c=document.createElement(\"script\");return c.src=\"\/\/hu.search.etargetnet.com\/generic\/uni.php?g=ref:58661,area:700x210\",void(document.getElementById(t)&&document.getElementById(e)&&(document.getElementById(t).parentNode.appendChild(c),document.getElementById(t).parentNode.removeChild(document.getElementById(t)),document.getElementById(e).parentNode.removeChild(document.getElementById(e)),document.removeEventListener(\"scroll\",etargetPostloadFunction7a9b589f63cb072bef80df221f46a22b),document.removeEventListener(\"resize\",etargetPostloadFunction7a9b589f63cb072bef80df221f46a22b),document.removeEventListener(\"DOMContentLoaded\",etargetPostloadFunction7a9b589f63cb072bef80df221f46a22b)))}}}var etargetDivID=\"etargetPostload7a9b589f63cb072bef80df221f46a22b\",etargetScriptID=\"etargetScript7a9b589f63cb072bef80df221f46a22b\",etargetPostloadPoint=document.createElement(\"div\");etargetPostloadPoint.id=etargetDivID;var etargetCurScript=document.getElementById(etargetScriptID);etargetCurScript.parentNode.appendChild(etargetPostloadPoint),document.addEventListener(\"scroll\",etargetPostloadFunction7a9b589f63cb072bef80df221f46a22b),document.addEventListener(\"resize\",etargetPostloadFunction7a9b589f63cb072bef80df221f46a22b),document.addEventListener(\"DOMContentLoaded\",etargetPostloadFunction7a9b589f63cb072bef80df221f46a22b);var etargetAllowOtherCheck=!0;if(typeof(\"forceRunPostload\")==\"string\"){etargetPostloadFunction7a9b589f63cb072bef80df221f46a22b()}<\/script><\/div><div id=\"friss-4073224114\" class=\"friss-after-content friss-entity-placement\"><script type=\"text\/javascript\" id=\"etargetScript7a9b589f63cb072bef80df221f46a22b\">function etargetPostloadFunction7a9b589f63cb072bef80df221f46a22b(){var e=\"etargetPostload7a9b589f63cb072bef80df221f46a22b\",t=\"etargetScript7a9b589f63cb072bef80df221f46a22b\",o=document.getElementById(e);if(o){for(var n=o.offsetTop,d=o.offsetLeft,r=o.offsetWidth,a=o.offsetHeight;o.offsetParent;)o=o.offsetParent,n+=o.offsetTop,d+=o.offsetLeft;var i=(n<=window.pageYOffset+window.innerHeight&&d<window.pageXOffset+window.innerWidth&&n+a>window.pageYOffset&&d+r>window.pageXOffset);if(i&&etargetAllowOtherCheck){allowed=!1;var c=document.createElement(\"script\");return c.src=\"\/\/hu.search.etargetnet.com\/generic\/uni.php?g=ref:58661,area:700x210\",void(document.getElementById(t)&&document.getElementById(e)&&(document.getElementById(t).parentNode.appendChild(c),document.getElementById(t).parentNode.removeChild(document.getElementById(t)),document.getElementById(e).parentNode.removeChild(document.getElementById(e)),document.removeEventListener(\"scroll\",etargetPostloadFunction7a9b589f63cb072bef80df221f46a22b),document.removeEventListener(\"resize\",etargetPostloadFunction7a9b589f63cb072bef80df221f46a22b),document.removeEventListener(\"DOMContentLoaded\",etargetPostloadFunction7a9b589f63cb072bef80df221f46a22b)))}}}var etargetDivID=\"etargetPostload7a9b589f63cb072bef80df221f46a22b\",etargetScriptID=\"etargetScript7a9b589f63cb072bef80df221f46a22b\",etargetPostloadPoint=document.createElement(\"div\");etargetPostloadPoint.id=etargetDivID;var etargetCurScript=document.getElementById(etargetScriptID);etargetCurScript.parentNode.appendChild(etargetPostloadPoint),document.addEventListener(\"scroll\",etargetPostloadFunction7a9b589f63cb072bef80df221f46a22b),document.addEventListener(\"resize\",etargetPostloadFunction7a9b589f63cb072bef80df221f46a22b),document.addEventListener(\"DOMContentLoaded\",etargetPostloadFunction7a9b589f63cb072bef80df221f46a22b);var etargetAllowOtherCheck=!0;if(typeof(\"forceRunPostload\")==\"string\"){etargetPostloadFunction7a9b589f63cb072bef80df221f46a22b()}<\/script><\/div><div id=\"friss-2718932377\" class=\"friss-after-content_2 friss-entity-placement\" style=\"clear: both;\"><div class=\"wprss_ajax\" data-id=\"rss3a492e4f14\"><img loading=\"lazy\" decoding=\"async\" src=\"https:\/\/friss-hirek.hu\/wp-content\/plugins\/wp-rss-retriever\/inc\/imgs\/ajax-loader.gif\" alt=\"Loading RSS Feed\" width=\"16\" height=\"16\"><\/div><\/div><br style=\"clear: both; display: block; float: none;\"\/><div id=\"friss-415924855\" class=\"friss-after-content_3 friss-entity-placement\">https:\/\/www.youtube.com\/watch?v=Pdnw4KiUWp0<\/div>","protected":false},"excerpt":{"rendered":"<p>F\u0151k\u00e9nt a turizmusban, k\u00f6z\u00e9tkeztet\u00e9sben \u00e9s utcai kereskedelemben \u00e9rdekelt c\u00e9gek sz\u00fcntett\u00e9k be tev\u00e9kenys\u00e9g\u00fcket \u2013 tudatta Istv\u00e1n R\u00f3bert, a Hargita megyei \u00e1llateg\u00e9szs\u00e9g\u00fcgyi \u00e9s \u00e9lelmiszerbiztons\u00e1gi igazgat\u00f3s\u00e1g vezet\u0151je. A sz\u00e9kelyf\u00f6ldi int\u00e9zm\u00e9nyvezet\u0151 a Hargita megyei prefektusi hivatal h\u00e9tf\u0151i \u00fcl\u00e9s\u00e9n ismertetett jelent\u00e9s\u00e9ben r\u00e1mutatott: tavaly 135, a tev\u00e9kenys\u00e9g megsz\u00fcntet\u00e9s\u00e9r\u0151l sz\u00f3l\u00f3 hat\u00e1rozatot regisztr\u00e1ltak kisv\u00e1llalkoz\u00f3k r\u00e9sz\u00e9r\u0151l \u2013 sz\u00e1molt be az Agerpres. Ezek t\u00f6bbs\u00e9ge Parajdon [&hellip;]<\/p>\n","protected":false},"author":1,"featured_media":0,"comment_status":"open","ping_status":"open","sticky":false,"template":"","format":"standard","meta":{"footnotes":""},"categories":[6],"tags":[],"class_list":["post-166080","post","type-post","status-publish","format-standard","hentry","category-videk"],"amp_enabled":true,"_links":{"self":[{"href":"https:\/\/friss-hirek.hu\/index.php\/wp-json\/wp\/v2\/posts\/166080","targetHints":{"allow":["GET"]}}],"collection":[{"href":"https:\/\/friss-hirek.hu\/index.php\/wp-json\/wp\/v2\/posts"}],"about":[{"href":"https:\/\/friss-hirek.hu\/index.php\/wp-json\/wp\/v2\/types\/post"}],"author":[{"embeddable":true,"href":"https:\/\/friss-hirek.hu\/index.php\/wp-json\/wp\/v2\/users\/1"}],"replies":[{"embeddable":true,"href":"https:\/\/friss-hirek.hu\/index.php\/wp-json\/wp\/v2\/comments?post=166080"}],"version-history":[{"count":0,"href":"https:\/\/friss-hirek.hu\/index.php\/wp-json\/wp\/v2\/posts\/166080\/revisions"}],"wp:attachment":[{"href":"https:\/\/friss-hirek.hu\/index.php\/wp-json\/wp\/v2\/media?parent=166080"}],"wp:term":[{"taxonomy":"category","embeddable":true,"href":"https:\/\/friss-hirek.hu\/index.php\/wp-json\/wp\/v2\/categories?post=166080"},{"taxonomy":"post_tag","embeddable":true,"href":"https:\/\/friss-hirek.hu\/index.php\/wp-json\/wp\/v2\/tags?post=166080"}],"curies":[{"name":"wp","href":"https:\/\/api.w.org\/{rel}","templated":true}]}}