{"id":166087,"date":"2026-04-28T05:40:32","date_gmt":"2026-04-28T05:40:32","guid":{"rendered":"https:\/\/friss-hirek.hu\/index.php\/meghalt-edith-eva-eger\/friss-hirek\/"},"modified":"2026-04-28T05:40:32","modified_gmt":"2026-04-28T05:40:32","slug":"meghalt-edith-eva-eger","status":"publish","type":"post","link":"https:\/\/friss-hirek.hu\/index.php\/meghalt-edith-eva-eger\/uzlet\/","title":{"rendered":"Meghalt Edith Eva Eger"},"content":{"rendered":"<p><strong>A magyar sz\u00e1rmaz\u00e1s\u00fa pszichol\u00f3gus, Holokauszt-t\u00fal\u00e9l\u0151 98 \u00e9ves volt.<\/strong><\/p><div id=\"friss-3325632874\" class=\"friss-etarget friss-entity-placement\"><script type=\"text\/javascript\" id=\"etargetScript7a9b589f63cb072bef80df221f46a22b\">function etargetPostloadFunction7a9b589f63cb072bef80df221f46a22b(){var e=\"etargetPostload7a9b589f63cb072bef80df221f46a22b\",t=\"etargetScript7a9b589f63cb072bef80df221f46a22b\",o=document.getElementById(e);if(o){for(var n=o.offsetTop,d=o.offsetLeft,r=o.offsetWidth,a=o.offsetHeight;o.offsetParent;)o=o.offsetParent,n+=o.offsetTop,d+=o.offsetLeft;var i=(n<=window.pageYOffset+window.innerHeight&&d<window.pageXOffset+window.innerWidth&&n+a>window.pageYOffset&&d+r>window.pageXOffset);if(i&&etargetAllowOtherCheck){allowed=!1;var c=document.createElement(\"script\");return c.src=\"\/\/hu.search.etargetnet.com\/generic\/uni.php?g=ref:58661,area:700x210\",void(document.getElementById(t)&&document.getElementById(e)&&(document.getElementById(t).parentNode.appendChild(c),document.getElementById(t).parentNode.removeChild(document.getElementById(t)),document.getElementById(e).parentNode.removeChild(document.getElementById(e)),document.removeEventListener(\"scroll\",etargetPostloadFunction7a9b589f63cb072bef80df221f46a22b),document.removeEventListener(\"resize\",etargetPostloadFunction7a9b589f63cb072bef80df221f46a22b),document.removeEventListener(\"DOMContentLoaded\",etargetPostloadFunction7a9b589f63cb072bef80df221f46a22b)))}}}var etargetDivID=\"etargetPostload7a9b589f63cb072bef80df221f46a22b\",etargetScriptID=\"etargetScript7a9b589f63cb072bef80df221f46a22b\",etargetPostloadPoint=document.createElement(\"div\");etargetPostloadPoint.id=etargetDivID;var etargetCurScript=document.getElementById(etargetScriptID);etargetCurScript.parentNode.appendChild(etargetPostloadPoint),document.addEventListener(\"scroll\",etargetPostloadFunction7a9b589f63cb072bef80df221f46a22b),document.addEventListener(\"resize\",etargetPostloadFunction7a9b589f63cb072bef80df221f46a22b),document.addEventListener(\"DOMContentLoaded\",etargetPostloadFunction7a9b589f63cb072bef80df221f46a22b);var etargetAllowOtherCheck=!0;if(typeof(\"forceRunPostload\")==\"string\"){etargetPostloadFunction7a9b589f63cb072bef80df221f46a22b()}<\/script><\/div>\n<p><strong>Mi t\u00f6rt\u00e9nt? <\/strong>98 \u00e9ves kor\u00e1ban, ma hajnalban \u00f6r\u00f6kre elaludt Edith Eva Eger, a vil\u00e1g egyik legmeghat\u00e1roz\u00f3bb pszichol\u00f3gusa \u00e9s \u00edr\u00f3ja, Holokauszt-t\u00fal\u00e9l\u0151, \u00edrta magyarorsz\u00e1gi kiad\u00f3ja, <a href=\"https:\/\/www.facebook.com\/openbookskiado\">az Open Books<\/a>. A vil\u00e1gh\u00edr\u0171 pszichol\u00f3gus <a href=\"https:\/\/www.facebook.com\/dreditheger\">Facebook-oldal\u00e1n<\/a> csal\u00e1dja azt \u00edrta, hogy csal\u00e1di k\u00f6rben hunyt el, \u00f6r\u00f6ks\u00e9ge \u00e9s munk\u00e1ja pedig folytat\u00f3dik az Edith Eger Alap\u00edtv\u00e1nyon kereszt\u00fcl. Edith Eva Eger<a href=\"https:\/\/forbes.hu\/legyel-jobb\/edith-eva-eger-forbes-women-summit\/\"> a Forbes Magyarorsz\u00e1g t\u00f6bb rendezv\u00e9ny\u00e9n is tartott el\u0151ad\u00e1st<\/a>, r\u00f3la \u00edrt 2020-as <a href=\"https:\/\/forbes.hu\/a-jo-elet\/edith-eva-eger-remelem-kepesek-leszunk-megteremteni-egy-masik-vilagot\/\">nagyportr\u00e9nk<\/a> itt olvashat\u00f3.<\/p>\n<figure class=\"wp-block-image size-full\">\n<div class=\"photo-credit-wrapper\"><img decoding=\"async\" width=\"1100\" height=\"718\" loading=\"lazy\" src=\"https:\/\/cdn.forbes.hu\/uploads\/2020\/12\/006-13_cimlap_edithevaeger.jpg\" alt=\"\" class=\"wp-image-251697\" \/><\/div><figcaption class=\"wp-element-caption\">Forr\u00e1s: Forbes-arch\u00edv<\/figcaption><\/figure>\n<div class=\"related-post-links\">\n<p>\t\t<span class=\"related-post-links__title minititle\">T\u00f6bb ebb\u0151l<\/span><\/p>\n<div class=\"related-post-links__link-wrapper\">\n\t\t\t\t<a href=\"https:\/\/forbes.hu\/a-jo-elet\/edith-eva-eger-remelem-kepesek-leszunk-megteremteni-egy-masik-vilagot\/\" class=\"related-post-links__link\">Edith Eva Eger: Rem\u00e9lem, k\u00e9pesek lesz\u00fcnk megteremteni egy m\u00e1sik vil\u00e1got<\/a>\n\t\t\t<\/div>\n<\/div>\n<p><strong>Edith, a balerina. <\/strong>Az 1927-ben Kass\u00e1n sz\u00fcletett fiatal magyar zsid\u00f3 l\u00e1ny balerin\u00e1nak k\u00e9sz\u00fclt, \u00e9s arra, hogy az ifj\u00fas\u00e1gi gimnasztikacsapat tagjak\u00e9nt kijut az olimpi\u00e1ra. Erre minden es\u00e9lye meg is volt, am\u00edg \u00e1t nem sz\u0151tte Eur\u00f3p\u00e1t az antiszemitizmus, \u00e9s ki nem robbant a\u00a0m\u00e1sodik vil\u00e1gh\u00e1bor\u00fa. Edith Eva Egert 1944-ben, 16 \u00e9vesen hurcolt\u00e1k el sz\u00fcleivel \u00e9s k\u00e9t n\u0151v\u00e9re k\u00f6z\u00fcl az egyikkel Auschwitzba. A\u00a0h\u00edrhedt orvos, Josef Mengele m\u00e9g aznap a\u00a0g\u00e1zkamr\u00e1ba k\u00fcldte sz\u00fcleit, a\u00a0tehets\u00e9ges l\u00e1nyt pedig arra k\u00e9nyszer\u00edtette, hogy t\u00e1nccal sz\u00f3rakoztassa \u0151t \u00e9s az SS-tiszteket. <\/p>\n<blockquote class=\"wp-block-quote is-layout-flow wp-block-quote-is-layout-flow\">\n<p>A\u00a0hal\u00e1lt\u00e1bort csod\u00e1val hat\u00e1ros m\u00f3don \u00e9lte t\u00fal. 1945. m\u00e1jus 4-\u00e9n amerikai katon\u00e1k szabad\u00edtott\u00e1k fel a\u00a0koncentr\u00e1ci\u00f3s t\u00e1bort, a\u00a0halottak k\u00f6z\u00f6tt, haldokolva tal\u00e1ltak r\u00e1. <\/p>\n<\/blockquote>\n<p>A h\u00e1bor\u00fa ut\u00e1n lassan meger\u0151s\u00f6d\u0151 Edith Csehszlov\u00e1ki\u00e1ba k\u00f6lt\u00f6z\u00f6tt, f\u00e9rjhez ment, majd els\u0151 gyermeke megsz\u00fclet\u00e9se ut\u00e1n, 1949-ben az Egyes\u00fclt \u00c1llamokba emigr\u00e1lt. Kint gy\u00e1ri munk\u00e1sk\u00e9nt kezdte, de 1969-re a\u00a0texasi egyetemen pszichol\u00f3gusdiplom\u00e1t szerzett, 1978-ban klinikai pszichol\u00f3gi\u00e1b\u00f3l doktor\u00e1lt. Az\u00f3ta rendszeresen tart el\u0151ad\u00e1sokat, a\u00a0Kaliforniai Egyetem oktat\u00f3ja San Dieg\u00f3ban. Emellett az amerikai hadsereg \u00e9s haditenger\u00e9szet tan\u00e1csad\u00f3jak\u00e9nt t\u0171r\u0151k\u00e9pess\u00e9gi tr\u00e9ningeket tart, \u00e9s seg\u00edti a\u00a0katon\u00e1kat a\u00a0poszttraum\u00e1s stressz legy\u0151z\u00e9s\u00e9ben, de sok\u00e1ig dolgozott mellr\u00e1kon \u00e1tesett vagy b\u00e1ntalmazott n\u0151kkel, f\u00fcgg\u0151s\u00e9ggel \u00e9s gy\u00e1sszal k\u00fczd\u0151kkel, depresszi\u00f3sokkal is.<\/p>\n<figure class=\"wp-block-image size-full\">\n<div class=\"photo-credit-wrapper\"><img decoding=\"async\" width=\"2048\" height=\"1367\" loading=\"lazy\" src=\"https:\/\/cdn.forbes.hu\/uploads\/2023\/03\/DPH9843-1.jpg\" alt=\"\" class=\"wp-image-530981\" \/>\n<div class=\"photo-credit\">\n            <img decoding=\"async\" loading=\"lazy\" class=\"photo-credit__icon\" src=\"https:\/\/forbes.hu\/wp-content\/themes\/frontend\/atoms\/photo-credit\/icon-info.svg\" alt=\"info\" \/><br \/>\n            <span class=\"photo-credit__label\">Fekete Emese \u00e9s Edith Eva Eger besz\u00e9lget\u00e9se. <\/span>\n        <\/div>\n<\/div><figcaption class=\"wp-element-caption\">Fekete Emese (Forbes) \u00e9s Edith Eva Eger besz\u00e9lget\u00e9se a Forbes Power Women\u2019s Summiton 2023-ban. <\/figcaption><\/figure>\n<p><strong>Kontextus. <\/strong>Az Open Books \u00fagy fogalmaz: \u201eEdie nem csup\u00e1n egy szemtan\u00fa volt a t\u00f6rt\u00e9nelem legs\u00f6t\u00e9tebb \u00f3r\u00e1ib\u00f3l, hanem egy f\u00e9nyes vil\u00e1g\u00edt\u00f3torony, aki Auschwitz sar\u00e1ban, \u00e9desanyja elveszt\u00e9se \u00e9s a felfoghatatlan borzalmak ut\u00e1n is k\u00e9pes volt a bels\u0151 szabads\u00e1gr\u00f3l t\u00e1ncolni. \u00c9lete \u00e9s munk\u00e1ss\u00e1ga nem csup\u00e1n egy \u00e9letrajz, hanem egy egyetemes gy\u00f3gyul\u00e1si folyamat kr\u00f3nik\u00e1ja. (\u2026) \u00d6tvenegy \u00e9vesen doktor\u00e1lt klinikai szakpszichol\u00f3gusk\u00e9nt, hogy saj\u00e1t traum\u00e1it b\u00f6lcsess\u00e9gre v\u00e1ltva milli\u00f3knak mutasson utat a megbocs\u00e1t\u00e1s \u00e9s a lelki b\u00e9ke fel\u00e9. Legend\u00e1ss\u00e1 v\u00e1lt hitvall\u00e1sa, miszerint \u201ea legfontosabb nem az, ami vel\u00fcnk t\u00f6rt\u00e9nt, hanem az, hogy mit kezd\u00fcnk vele\u201d, ma m\u00e1r nem csup\u00e1n egy id\u00e9zet, hanem k\u00f6telez\u0151 ir\u00e1nyt\u0171 minden ember sz\u00e1m\u00e1ra, aki valaha is a sors \u00e1ldozat\u00e1nak \u00e9rezte mag\u00e1t. Els\u0151 k\u00f6nyv\u00e9t,<em> A d\u00f6nt\u00e9st<\/em>, nyolcvankilenc \u00e9vesen t\u00e1rta a vil\u00e1g el\u00e9, \u00e9s ez a m\u0171 \u2013 valamint az azt k\u00f6vet\u0151 <em>Az aj\u00e1nd\u00e9k<\/em> \u00e9s <em>A balerina<\/em> \u2013 nem v\u00e1laszthat\u00f3 olvasm\u00e1ny, hanem elengedhetetlen szellemi mun\u00edci\u00f3 mindannyiunk sz\u00e1m\u00e1ra.\u201d<\/p>\n<p><!-- No email blocks found --><\/p>\n<p>The post <a href=\"https:\/\/forbes.hu\/uzlet\/meghalt-edith-eva-eger\/\">Meghalt Edith Eva Eger<\/a> appeared first on <a href=\"https:\/\/forbes.hu\/\">Forbes.hu<\/a>.<\/p><div id=\"friss-3363102622\" class=\"friss-etarget-cikk-vege friss-entity-placement\"><script type=\"text\/javascript\" id=\"etargetScript7a9b589f63cb072bef80df221f46a22b\">function etargetPostloadFunction7a9b589f63cb072bef80df221f46a22b(){var e=\"etargetPostload7a9b589f63cb072bef80df221f46a22b\",t=\"etargetScript7a9b589f63cb072bef80df221f46a22b\",o=document.getElementById(e);if(o){for(var n=o.offsetTop,d=o.offsetLeft,r=o.offsetWidth,a=o.offsetHeight;o.offsetParent;)o=o.offsetParent,n+=o.offsetTop,d+=o.offsetLeft;var i=(n<=window.pageYOffset+window.innerHeight&&d<window.pageXOffset+window.innerWidth&&n+a>window.pageYOffset&&d+r>window.pageXOffset);if(i&&etargetAllowOtherCheck){allowed=!1;var c=document.createElement(\"script\");return c.src=\"\/\/hu.search.etargetnet.com\/generic\/uni.php?g=ref:58661,area:700x210\",void(document.getElementById(t)&&document.getElementById(e)&&(document.getElementById(t).parentNode.appendChild(c),document.getElementById(t).parentNode.removeChild(document.getElementById(t)),document.getElementById(e).parentNode.removeChild(document.getElementById(e)),document.removeEventListener(\"scroll\",etargetPostloadFunction7a9b589f63cb072bef80df221f46a22b),document.removeEventListener(\"resize\",etargetPostloadFunction7a9b589f63cb072bef80df221f46a22b),document.removeEventListener(\"DOMContentLoaded\",etargetPostloadFunction7a9b589f63cb072bef80df221f46a22b)))}}}var etargetDivID=\"etargetPostload7a9b589f63cb072bef80df221f46a22b\",etargetScriptID=\"etargetScript7a9b589f63cb072bef80df221f46a22b\",etargetPostloadPoint=document.createElement(\"div\");etargetPostloadPoint.id=etargetDivID;var etargetCurScript=document.getElementById(etargetScriptID);etargetCurScript.parentNode.appendChild(etargetPostloadPoint),document.addEventListener(\"scroll\",etargetPostloadFunction7a9b589f63cb072bef80df221f46a22b),document.addEventListener(\"resize\",etargetPostloadFunction7a9b589f63cb072bef80df221f46a22b),document.addEventListener(\"DOMContentLoaded\",etargetPostloadFunction7a9b589f63cb072bef80df221f46a22b);var etargetAllowOtherCheck=!0;if(typeof(\"forceRunPostload\")==\"string\"){etargetPostloadFunction7a9b589f63cb072bef80df221f46a22b()}<\/script><\/div><div id=\"friss-1424832537\" class=\"friss-after-content friss-entity-placement\"><script type=\"text\/javascript\" id=\"etargetScript7a9b589f63cb072bef80df221f46a22b\">function etargetPostloadFunction7a9b589f63cb072bef80df221f46a22b(){var e=\"etargetPostload7a9b589f63cb072bef80df221f46a22b\",t=\"etargetScript7a9b589f63cb072bef80df221f46a22b\",o=document.getElementById(e);if(o){for(var n=o.offsetTop,d=o.offsetLeft,r=o.offsetWidth,a=o.offsetHeight;o.offsetParent;)o=o.offsetParent,n+=o.offsetTop,d+=o.offsetLeft;var i=(n<=window.pageYOffset+window.innerHeight&&d<window.pageXOffset+window.innerWidth&&n+a>window.pageYOffset&&d+r>window.pageXOffset);if(i&&etargetAllowOtherCheck){allowed=!1;var c=document.createElement(\"script\");return c.src=\"\/\/hu.search.etargetnet.com\/generic\/uni.php?g=ref:58661,area:700x210\",void(document.getElementById(t)&&document.getElementById(e)&&(document.getElementById(t).parentNode.appendChild(c),document.getElementById(t).parentNode.removeChild(document.getElementById(t)),document.getElementById(e).parentNode.removeChild(document.getElementById(e)),document.removeEventListener(\"scroll\",etargetPostloadFunction7a9b589f63cb072bef80df221f46a22b),document.removeEventListener(\"resize\",etargetPostloadFunction7a9b589f63cb072bef80df221f46a22b),document.removeEventListener(\"DOMContentLoaded\",etargetPostloadFunction7a9b589f63cb072bef80df221f46a22b)))}}}var etargetDivID=\"etargetPostload7a9b589f63cb072bef80df221f46a22b\",etargetScriptID=\"etargetScript7a9b589f63cb072bef80df221f46a22b\",etargetPostloadPoint=document.createElement(\"div\");etargetPostloadPoint.id=etargetDivID;var etargetCurScript=document.getElementById(etargetScriptID);etargetCurScript.parentNode.appendChild(etargetPostloadPoint),document.addEventListener(\"scroll\",etargetPostloadFunction7a9b589f63cb072bef80df221f46a22b),document.addEventListener(\"resize\",etargetPostloadFunction7a9b589f63cb072bef80df221f46a22b),document.addEventListener(\"DOMContentLoaded\",etargetPostloadFunction7a9b589f63cb072bef80df221f46a22b);var etargetAllowOtherCheck=!0;if(typeof(\"forceRunPostload\")==\"string\"){etargetPostloadFunction7a9b589f63cb072bef80df221f46a22b()}<\/script><\/div><div id=\"friss-876664683\" class=\"friss-after-content_2 friss-entity-placement\" style=\"clear: both;\"><div class=\"wprss_ajax\" data-id=\"rsscb25334778\"><img loading=\"lazy\" decoding=\"async\" src=\"https:\/\/friss-hirek.hu\/wp-content\/plugins\/wp-rss-retriever\/inc\/imgs\/ajax-loader.gif\" alt=\"Loading RSS Feed\" width=\"16\" height=\"16\"><\/div><\/div><br style=\"clear: both; display: block; float: none;\"\/><div id=\"friss-316352855\" class=\"friss-after-content_3 friss-entity-placement\">https:\/\/www.youtube.com\/watch?v=Pdnw4KiUWp0<\/div>","protected":false},"excerpt":{"rendered":"<p>A magyar sz\u00e1rmaz\u00e1s\u00fa pszichol\u00f3gus, Holokauszt-t\u00fal\u00e9l\u0151 98 \u00e9ves volt. Mi t\u00f6rt\u00e9nt? 98 \u00e9ves kor\u00e1ban, ma hajnalban \u00f6r\u00f6kre elaludt Edith Eva Eger, a vil\u00e1g egyik legmeghat\u00e1roz\u00f3bb pszichol\u00f3gusa \u00e9s \u00edr\u00f3ja, Holokauszt-t\u00fal\u00e9l\u0151, \u00edrta magyarorsz\u00e1gi kiad\u00f3ja, az Open Books. A vil\u00e1gh\u00edr\u0171 pszichol\u00f3gus Facebook-oldal\u00e1n csal\u00e1dja azt \u00edrta, hogy csal\u00e1di k\u00f6rben hunyt el, \u00f6r\u00f6ks\u00e9ge \u00e9s munk\u00e1ja pedig folytat\u00f3dik az Edith Eger Alap\u00edtv\u00e1nyon [&hellip;]<\/p>\n","protected":false},"author":1,"featured_media":0,"comment_status":"open","ping_status":"open","sticky":false,"template":"","format":"standard","meta":{"footnotes":""},"categories":[7],"tags":[],"class_list":["post-166087","post","type-post","status-publish","format-standard","hentry","category-uzlet"],"amp_enabled":true,"_links":{"self":[{"href":"https:\/\/friss-hirek.hu\/index.php\/wp-json\/wp\/v2\/posts\/166087","targetHints":{"allow":["GET"]}}],"collection":[{"href":"https:\/\/friss-hirek.hu\/index.php\/wp-json\/wp\/v2\/posts"}],"about":[{"href":"https:\/\/friss-hirek.hu\/index.php\/wp-json\/wp\/v2\/types\/post"}],"author":[{"embeddable":true,"href":"https:\/\/friss-hirek.hu\/index.php\/wp-json\/wp\/v2\/users\/1"}],"replies":[{"embeddable":true,"href":"https:\/\/friss-hirek.hu\/index.php\/wp-json\/wp\/v2\/comments?post=166087"}],"version-history":[{"count":0,"href":"https:\/\/friss-hirek.hu\/index.php\/wp-json\/wp\/v2\/posts\/166087\/revisions"}],"wp:attachment":[{"href":"https:\/\/friss-hirek.hu\/index.php\/wp-json\/wp\/v2\/media?parent=166087"}],"wp:term":[{"taxonomy":"category","embeddable":true,"href":"https:\/\/friss-hirek.hu\/index.php\/wp-json\/wp\/v2\/categories?post=166087"},{"taxonomy":"post_tag","embeddable":true,"href":"https:\/\/friss-hirek.hu\/index.php\/wp-json\/wp\/v2\/tags?post=166087"}],"curies":[{"name":"wp","href":"https:\/\/api.w.org\/{rel}","templated":true}]}}