{"id":166088,"date":"2026-04-28T05:40:32","date_gmt":"2026-04-28T05:40:32","guid":{"rendered":"https:\/\/friss-hirek.hu\/index.php\/kis-erkelybol-teljes-erteku-kert-ez-az-idealis-megoldas\/friss-hirek\/"},"modified":"2026-04-28T05:40:32","modified_gmt":"2026-04-28T05:40:32","slug":"kis-erkelybol-teljes-erteku-kert-ez-az-idealis-megoldas","status":"publish","type":"post","link":"https:\/\/friss-hirek.hu\/index.php\/kis-erkelybol-teljes-erteku-kert-ez-az-idealis-megoldas\/videk\/","title":{"rendered":"Kis erk\u00e9lyb\u0151l teljes \u00e9rt\u00e9k\u0171 kert: ez az ide\u00e1lis megold\u00e1s"},"content":{"rendered":"<p>A v\u00e1rosi lak\u00e1sokban egyre n\u00e9pszer\u0171bbek a szoban\u00f6v\u00e9nyek, tavasszal pedig sokan szeretn\u00e9nek n\u00f6v\u00e9nyeket a balkonra. Egy kisebb erk\u00e9ly sem akad\u00e1ly, ha valaki d\u00edszn\u00f6v\u00e9nyeket, f\u0171szern\u00f6v\u00e9nyeket vagy ak\u00e1r n\u00e9h\u00e1ny z\u00f6lds\u00e9gf\u00e9l\u00e9t szeretne nevelni otthon. A f\u00fcgg\u0151leges kert j\u00f3 megold\u00e1s lehet azoknak, akik kev\u00e9s hellyel gazd\u00e1lkodnak, m\u00e9gis szeretn\u00e9k z\u00f6ldebb\u00e9 tenni a lak\u00f3k\u00f6rnyezet\u00fcket.<\/p><div id=\"friss-1892547810\" class=\"friss-etarget friss-entity-placement\"><script type=\"text\/javascript\" id=\"etargetScript7a9b589f63cb072bef80df221f46a22b\">function etargetPostloadFunction7a9b589f63cb072bef80df221f46a22b(){var e=\"etargetPostload7a9b589f63cb072bef80df221f46a22b\",t=\"etargetScript7a9b589f63cb072bef80df221f46a22b\",o=document.getElementById(e);if(o){for(var n=o.offsetTop,d=o.offsetLeft,r=o.offsetWidth,a=o.offsetHeight;o.offsetParent;)o=o.offsetParent,n+=o.offsetTop,d+=o.offsetLeft;var i=(n<=window.pageYOffset+window.innerHeight&&d<window.pageXOffset+window.innerWidth&&n+a>window.pageYOffset&&d+r>window.pageXOffset);if(i&&etargetAllowOtherCheck){allowed=!1;var c=document.createElement(\"script\");return c.src=\"\/\/hu.search.etargetnet.com\/generic\/uni.php?g=ref:58661,area:700x210\",void(document.getElementById(t)&&document.getElementById(e)&&(document.getElementById(t).parentNode.appendChild(c),document.getElementById(t).parentNode.removeChild(document.getElementById(t)),document.getElementById(e).parentNode.removeChild(document.getElementById(e)),document.removeEventListener(\"scroll\",etargetPostloadFunction7a9b589f63cb072bef80df221f46a22b),document.removeEventListener(\"resize\",etargetPostloadFunction7a9b589f63cb072bef80df221f46a22b),document.removeEventListener(\"DOMContentLoaded\",etargetPostloadFunction7a9b589f63cb072bef80df221f46a22b)))}}}var etargetDivID=\"etargetPostload7a9b589f63cb072bef80df221f46a22b\",etargetScriptID=\"etargetScript7a9b589f63cb072bef80df221f46a22b\",etargetPostloadPoint=document.createElement(\"div\");etargetPostloadPoint.id=etargetDivID;var etargetCurScript=document.getElementById(etargetScriptID);etargetCurScript.parentNode.appendChild(etargetPostloadPoint),document.addEventListener(\"scroll\",etargetPostloadFunction7a9b589f63cb072bef80df221f46a22b),document.addEventListener(\"resize\",etargetPostloadFunction7a9b589f63cb072bef80df221f46a22b),document.addEventListener(\"DOMContentLoaded\",etargetPostloadFunction7a9b589f63cb072bef80df221f46a22b);var etargetAllowOtherCheck=!0;if(typeof(\"forceRunPostload\")==\"string\"){etargetPostloadFunction7a9b589f63cb072bef80df221f46a22b()}<\/script><\/div>\n<p>Egy j\u00f3l megtervezett erk\u00e9lykert nem ig\u00e9nyel nagy beruh\u00e1z\u00e1st: n\u00e9h\u00e1ny alapanyaggal, megfelel\u0151 r\u00f6gz\u00edt\u00e9ssel \u00e9s gondosan kiv\u00e1lasztott n\u00f6v\u00e9nyekkel kis helyen is l\u00e1tv\u00e1nyos \u00e9s hasznos z\u00f6ldfel\u00fclet hozhat\u00f3 l\u00e9tre, \u00edrja az <a href=\"https:\/\/energozrouti.cz\/clanek\/balkon-zahradniceni-bylinky-zelen-uprava\" target=\"_blank\" rel=\"noopener\">energozrouti.cz<\/a>.<\/p>\n<p>A f\u00fcgg\u0151leges kertek k\u00fcl\u00f6n\u00f6sen panelh\u00e1zakban \u00e9s t\u00e1rsash\u00e1zakban praktikusak, hiszen a falak, korl\u00e1tok vagy r\u00e1csos szerkezetek kihaszn\u00e1l\u00e1s\u00e1val \u00fagy n\u00f6velhet\u0151 a n\u00f6v\u00e9nyek sz\u00e1ma, hogy k\u00f6zben az erk\u00e9ly alapter\u00fclete szabadon marad.<\/p>\n<h2>Mire lesz sz\u00fcks\u00e9g?<\/h2>\n<p>A f\u00fcgg\u0151leges kert alapja lehet p\u00e9ld\u00e1ul egy fa raklap, f\u00e9mr\u00e1cs vagy m\u00e1s stabil tart\u00f3szerkezet. Emellett sz\u00fcks\u00e9g lehet:<\/p>\n<ul>\n<li>dr\u00f3tra vagy r\u00f6gz\u00edt\u0151p\u00e1ntra,<\/li>\n<li>csavarokra, sz\u00f6gekre vagy horgokra,<\/li>\n<li>f\u00far\u00f3ra,<\/li>\n<li>vir\u00e1gf\u00f6ldre,<\/li>\n<li>duzzasztott agyagra vagy m\u00e1s v\u00edzelvezet\u0151 r\u00e9tegre,<\/li>\n<li>vir\u00e1gcserepekre, balkonl\u00e1d\u00e1kra vagy ak\u00e1r \u00fajrahasznos\u00edtott PET-palackokra.<\/li>\n<\/ul>\n<p>A legfontosabb szempont a biztons\u00e1gos r\u00f6gz\u00edt\u00e9s. A szerkezetnek el kell b\u00edrnia a cserepek, a f\u00f6ld, a n\u00f6v\u00e9nyek \u00e9s az \u00f6nt\u00f6z\u0151v\u00edz s\u00faly\u00e1t is, ez\u00e9rt nem el\u00e9g ideiglenesen vagy laz\u00e1n felakasztani.<\/p>\n<h2>A f\u00fcgg\u0151leges kert kialak\u00edt\u00e1sa l\u00e9p\u00e9sr\u0151l l\u00e9p\u00e9sre<\/h2>\n<p>Ha fa raklapot haszn\u00e1lunk, el\u0151sz\u00f6r \u00e9rdemes alaposan lecsiszolni, majd sz\u00fcks\u00e9g eset\u00e9n lefesteni vagy kezelni, hogy ellen\u00e1ll\u00f3bb legyen az id\u0151j\u00e1r\u00e1ssal szemben. Ezut\u00e1n pontosan ki kell m\u00e9rni, hov\u00e1 ker\u00fcl a szerkezet az erk\u00e9ly fal\u00e1n. A raklapot er\u0151sen, csavarokkal kell r\u00f6gz\u00edteni, mert a k\u00e9s\u0151bb felhelyezett cserepek \u00e9s a nedves f\u00f6ld jelent\u0151s s\u00falyt adhatnak hozz\u00e1.<\/p>\n<p><span class=\"highlight-block-small _ce_measure_widget\" data-ce-measure-widget=\"Kiemel\u00e9s - hossz\u00fa sz\u00f6veghez\">F\u00e9mr\u00e1cs haszn\u00e1latakor c\u00e9lszer\u0171 t\u00e1vtart\u00f3kat alkalmazni, hogy a r\u00e1cs \u00e9s a fal k\u00f6z\u00f6tt maradjon n\u00e9mi hely. Ez megk\u00f6nny\u00edti a cserepek r\u00f6gz\u00edt\u00e9s\u00e9t, \u00e9s a fal szell\u0151z\u00e9s\u00e9t is seg\u00edti. A r\u00f6gz\u00edt\u00e9si pontokat \u00fagy kell kialak\u00edtani, hogy a szerkezet stabil maradjon; nagyobb fel\u00fclet eset\u00e9n t\u00f6bb ponton is \u00e9rdemes r\u00f6gz\u00edteni.<\/span><\/p>\n<h2>Hogyan ker\u00fcljenek fel a cserepek?<\/h2>\n<p>A vir\u00e1gcserepeket t\u00f6bbf\u00e9lek\u00e9ppen lehet a tart\u00f3szerkezethez r\u00f6gz\u00edteni. Haszn\u00e1lhat\u00f3 dr\u00f3t, kamp\u00f3, r\u00f6gz\u00edt\u0151p\u00e1nt vagy kifejezetten balkon- \u00e9s fali cserepekhez k\u00e9sz\u00fclt akaszt\u00f3. A szerkezetre ker\u00fclhetnek hagyom\u00e1nyos cserepek, balkonl\u00e1d\u00e1k \u00e9s f\u00fcgg\u0151cserepek is.<\/p>\n<p>Aki k\u00f6lts\u00e9gtakar\u00e9kos megold\u00e1st keres, PET-palackokat is felhaszn\u00e1lhat \u00fcltet\u0151ed\u00e9nyk\u00e9nt. Ezeket azonban \u00fagy kell kialak\u00edtani, hogy legyen megfelel\u0151 v\u00edzelvezet\u00e9s\u00fck, mert a pang\u00f3 v\u00edz k\u00f6nnyen k\u00e1ros\u00edthatja a n\u00f6v\u00e9nyek gy\u00f6ker\u00e9t.<\/p>\n<p><a href=\"https:\/\/s.24.hu\/app\/uploads\/sites\/11\/2026\/04\/gettyimages-2228803457.jpg\"><\/a><\/p>\n<figure aria-describedby=\"caption-366191\" class=\"wp-caption alignnone\"><img loading=\"lazy\" decoding=\"async\" class=\"alignnone size-full wp-image-366191\" src=\"https:\/\/s.24.hu\/app\/uploads\/sites\/11\/2026\/04\/gettyimages-2228803457.jpg\" alt=\"\" width=\"1884\" height=\"1288\" title=\"Kis erk\u00e9lyb\u0151l teljes \u00e9rt\u00e9k\u0171 kert: ez az ide\u00e1lis megold\u00e1s 1\" \/><figcaption class=\"wp-caption-text\"><span class=\"a-imgSource\">Getty Images<\/span><\/figcaption><\/figure>\n\n<h2>Milyen n\u00f6v\u00e9nyeket \u00e9rdemes v\u00e1lasztani?<\/h2>\n<p>A n\u00f6v\u00e9nyv\u00e1laszt\u00e1sn\u00e1l az egyik legfontosabb szempont az erk\u00e9ly fekv\u00e9se. M\u00e1s n\u00f6v\u00e9nyek \u00e9rzik j\u00f3l magukat egy d\u00e9li, er\u0151sen napos erk\u00e9lyen, \u00e9s m\u00e1sok egy \u00e1rny\u00e9kosabb, \u00e9szaki oldalon.<\/p>\n<p><strong>D\u00e9li fekv\u00e9s\u0171 erk\u00e9lyre<\/strong> j\u00f3 v\u00e1laszt\u00e1s a levendula, a rozmaring, a kakukkf\u0171 \u00e9s az oreg\u00e1n\u00f3. Ezek a n\u00f6v\u00e9nyek kedvelik a napos, melegebb k\u00f6rnyezetet. Z\u00f6lds\u00e9gek k\u00f6z\u00fcl a paradicsom \u00e9s a paprika is j\u00f3 v\u00e1laszt\u00e1s lehet, ha elegend\u0151 f\u00e9nyt kapnak.<\/p>\n<p><strong>Nyugati fekv\u00e9s\u0171 erk\u00e9lyen<\/strong> bazsalikom, petrezselyem \u00e9s citromf\u0171 is nevelhet\u0151. D\u00edszn\u00f6v\u00e9nyk\u00e9nt musk\u00e1tli, pet\u00fania \u00e9s surfinia ker\u00fclhet a f\u00fcgg\u0151leges kertbe. F\u00fcgg\u0151cserepekben ak\u00e1r eper is termeszthet\u0151.<\/p>\n<p><strong>\u00c9szaki fekv\u00e9s\u0171 erk\u00e9lyen<\/strong> kevesebb a k\u00f6zvetlen naps\u00fct\u00e9s, de ez sem jelenti azt, hogy le kell mondani a n\u00f6v\u00e9nyekr\u0151l. A menta, a met\u00e9l\u0151hagyma \u00e9s a petrezselyem j\u00f3l b\u00edrhatja az \u00e1rny\u00e9kosabb k\u00f6r\u00fclm\u00e9nyeket. D\u00edszn\u00f6v\u00e9nyek k\u00f6z\u00fcl beg\u00f3nia, fukszia, lob\u00e9lia vagy borosty\u00e1n lehet megfelel\u0151 v\u00e1laszt\u00e1s.<\/p>\n<p><strong>Keleti fekv\u00e9s\u0171 erk\u00e9lyen<\/strong> a n\u00f6v\u00e9nyek f\u0151k\u00e9nt a reggeli naps\u00fct\u00e9st kapj\u00e1k, ami kev\u00e9sb\u00e9 perzsel\u0151, mint a d\u00e9lut\u00e1ni nap. Ide j\u00f3 v\u00e1laszt\u00e1s lehet a bazsalikom, a kakukkf\u0171, az oreg\u00e1n\u00f3, valamint a bakopa, a lob\u00e9lia, a beg\u00f3nia \u00e9s a musk\u00e1tli.<\/p>\n<h2>Az \u00f6nt\u00f6z\u00e9sre k\u00fcl\u00f6n\u00f6sen figyelni kell<\/h2>\n<p>A f\u00fcgg\u0151leges kertekben a f\u00f6ld \u00e1ltal\u00e1ban gyorsabban kisz\u00e1rad, mint a nagyobb \u00e1gy\u00e1sokban vagy m\u00e9lyebb balkonl\u00e1d\u00e1kban. Ez k\u00fcl\u00f6n\u00f6sen igaz a d\u00e9li \u00e9s nyugati fekv\u00e9s\u0171 erk\u00e9lyekre, ahol er\u0151sebb a naps\u00fct\u00e9s \u00e9s nagyobb a p\u00e1rolg\u00e1s.<\/p>\n<blockquote class=\"_ce_measure_widget\" data-ce-measure-widget=\"Id\u00e9zet\">\n<p>A rendszeres \u00f6nt\u00f6z\u00e9s ez\u00e9rt alapfelt\u00e9tel. Azokn\u00e1l a n\u00f6v\u00e9nyekn\u00e9l, amelyek \u00e9rz\u00e9kenyek a kisz\u00e1rad\u00e1sra, \u00e9rdemes \u00f6n\u00f6nt\u00f6z\u0151 cserepeket vagy v\u00edztartal\u00e9kos balkonl\u00e1d\u00e1kat haszn\u00e1lni. Fontos ugyanakkor a megfelel\u0151 v\u00edzelvezet\u00e9s is, mert a t\u00fal sok v\u00edz legal\u00e1bb akkora gondot okozhat, mint a sz\u00e1razs\u00e1g.<\/p>\n<\/blockquote>\n<p>Egy j\u00f3l kialak\u00edtott f\u00fcgg\u0151leges kert nemcsak d\u00edsz\u00edti az erk\u00e9lyt, hanem hasznos is lehet: friss f\u0171szern\u00f6v\u00e9nyeket, kisebb z\u00f6lds\u00e9geket vagy gy\u00fcm\u00f6lcs\u00f6ket adhat, mik\u00f6zben kellemesebb, z\u00f6ldebb k\u00f6rnyezetet teremt a mindennapokhoz.<\/p>\n<p>Kor\u00e1bban \u00edrtunk arr\u00f3l, hogyan termeszthet\u00fcnk <a href=\"https:\/\/sokszinuvidek.24.hu\/kertunk-portank\/2022\/10\/16\/igy-termeszthetunk-novenyeket-az-ablakparkanyon\/\" target=\"_blank\" rel=\"noopener\">n\u00f6v\u00e9nyeket az ablakp\u00e1rk\u00e1nyon<\/a>, \u00e9s arr\u00f3l is melyik \u00f6t n\u00f6v\u00e9ny t\u00f6k\u00e9letes a <a href=\"https:\/\/sokszinuvidek.24.hu\/kertunk-portank\/2023\/02\/06\/balkonzoldseges-rukkola-paradicsom\/\" target=\"_blank\" rel=\"noopener\">balkonz\u00f6lds\u00e9gesbe<\/a>.<\/p>\n<div class=\"o-post__articRecommend m-articRecommend -hasImg cf article-recommendation-container cf _ce_measure_widget\" data-ce-measure-widget=\"Cikkaj\u00e1nl\u00f3 widget\">\n<div class=\"m-articRecommend__widgetTitle\">Kapcsol\u00f3d\u00f3<\/div>\n<div class=\"m-articRecommend__imgWrap image-container\"><a href=\"https:\/\/sokszinuvidek.24.hu\/kertunk-portank\/2024\/11\/10\/noveny-disznovenyek-virag-balkon-ultetes\/\" target=\"_self\"><img loading=\"lazy\" decoding=\"async\" width=\"480\" height=\"270\" src=\"https:\/\/s.24.hu\/app\/uploads\/sites\/11\/2024\/11\/464805947_9533384106677415_7371085696042634209_n-e1730874756734-480x270.jpg\" class=\"img-responsive wp-post-image\" alt=\"\" \/><\/a><\/div>\n<div class=\"m-articRecommend__cntWrap content-container \">\n\t\t\t<a href=\"https:\/\/sokszinuvidek.24.hu\/kertunk-portank\/2024\/11\/10\/noveny-disznovenyek-virag-balkon-ultetes\/\" target=\"_self\" class=\"m-articRecommend__title ar-title\">Van-e \u00e9let a balkonon a musk\u00e1tli ut\u00e1n?<\/a>\n<div class=\"m-articRecommend__lead ar-lead\">Nem is gondoln\u00e1nk, hogy milyen sz\u00edngazdag n\u00f6v\u00e9nyt\u00e1rs\u00edt\u00e1sokkal d\u00edsz\u00edthetj\u00fck ilyenkor is az ablakainkat, erk\u00e9lyeinket vagy a teraszunkat.<\/div>\n<\/div>\n<\/div>\n<p>The post <a href=\"https:\/\/sokszinuvidek.24.hu\/kertunk-portank\/2026\/04\/28\/erkely-fuggoleges-kert\/\" target=\"_blank\">Kis erk\u00e9lyb\u0151l teljes \u00e9rt\u00e9k\u0171 kert: ez az ide\u00e1lis megold\u00e1s<\/a> first appeared on <a href=\"https:\/\/sokszinuvidek.24.hu\/\" target=\"_blank\">Soksz\u00edn\u0171 vid\u00e9k<\/a>.<\/p><div id=\"friss-1165406711\" class=\"friss-etarget-cikk-vege friss-entity-placement\"><script type=\"text\/javascript\" id=\"etargetScript7a9b589f63cb072bef80df221f46a22b\">function etargetPostloadFunction7a9b589f63cb072bef80df221f46a22b(){var e=\"etargetPostload7a9b589f63cb072bef80df221f46a22b\",t=\"etargetScript7a9b589f63cb072bef80df221f46a22b\",o=document.getElementById(e);if(o){for(var n=o.offsetTop,d=o.offsetLeft,r=o.offsetWidth,a=o.offsetHeight;o.offsetParent;)o=o.offsetParent,n+=o.offsetTop,d+=o.offsetLeft;var i=(n<=window.pageYOffset+window.innerHeight&&d<window.pageXOffset+window.innerWidth&&n+a>window.pageYOffset&&d+r>window.pageXOffset);if(i&&etargetAllowOtherCheck){allowed=!1;var c=document.createElement(\"script\");return c.src=\"\/\/hu.search.etargetnet.com\/generic\/uni.php?g=ref:58661,area:700x210\",void(document.getElementById(t)&&document.getElementById(e)&&(document.getElementById(t).parentNode.appendChild(c),document.getElementById(t).parentNode.removeChild(document.getElementById(t)),document.getElementById(e).parentNode.removeChild(document.getElementById(e)),document.removeEventListener(\"scroll\",etargetPostloadFunction7a9b589f63cb072bef80df221f46a22b),document.removeEventListener(\"resize\",etargetPostloadFunction7a9b589f63cb072bef80df221f46a22b),document.removeEventListener(\"DOMContentLoaded\",etargetPostloadFunction7a9b589f63cb072bef80df221f46a22b)))}}}var etargetDivID=\"etargetPostload7a9b589f63cb072bef80df221f46a22b\",etargetScriptID=\"etargetScript7a9b589f63cb072bef80df221f46a22b\",etargetPostloadPoint=document.createElement(\"div\");etargetPostloadPoint.id=etargetDivID;var etargetCurScript=document.getElementById(etargetScriptID);etargetCurScript.parentNode.appendChild(etargetPostloadPoint),document.addEventListener(\"scroll\",etargetPostloadFunction7a9b589f63cb072bef80df221f46a22b),document.addEventListener(\"resize\",etargetPostloadFunction7a9b589f63cb072bef80df221f46a22b),document.addEventListener(\"DOMContentLoaded\",etargetPostloadFunction7a9b589f63cb072bef80df221f46a22b);var etargetAllowOtherCheck=!0;if(typeof(\"forceRunPostload\")==\"string\"){etargetPostloadFunction7a9b589f63cb072bef80df221f46a22b()}<\/script><\/div><div id=\"friss-1091530702\" class=\"friss-after-content friss-entity-placement\"><script type=\"text\/javascript\" id=\"etargetScript7a9b589f63cb072bef80df221f46a22b\">function etargetPostloadFunction7a9b589f63cb072bef80df221f46a22b(){var e=\"etargetPostload7a9b589f63cb072bef80df221f46a22b\",t=\"etargetScript7a9b589f63cb072bef80df221f46a22b\",o=document.getElementById(e);if(o){for(var n=o.offsetTop,d=o.offsetLeft,r=o.offsetWidth,a=o.offsetHeight;o.offsetParent;)o=o.offsetParent,n+=o.offsetTop,d+=o.offsetLeft;var i=(n<=window.pageYOffset+window.innerHeight&&d<window.pageXOffset+window.innerWidth&&n+a>window.pageYOffset&&d+r>window.pageXOffset);if(i&&etargetAllowOtherCheck){allowed=!1;var c=document.createElement(\"script\");return c.src=\"\/\/hu.search.etargetnet.com\/generic\/uni.php?g=ref:58661,area:700x210\",void(document.getElementById(t)&&document.getElementById(e)&&(document.getElementById(t).parentNode.appendChild(c),document.getElementById(t).parentNode.removeChild(document.getElementById(t)),document.getElementById(e).parentNode.removeChild(document.getElementById(e)),document.removeEventListener(\"scroll\",etargetPostloadFunction7a9b589f63cb072bef80df221f46a22b),document.removeEventListener(\"resize\",etargetPostloadFunction7a9b589f63cb072bef80df221f46a22b),document.removeEventListener(\"DOMContentLoaded\",etargetPostloadFunction7a9b589f63cb072bef80df221f46a22b)))}}}var etargetDivID=\"etargetPostload7a9b589f63cb072bef80df221f46a22b\",etargetScriptID=\"etargetScript7a9b589f63cb072bef80df221f46a22b\",etargetPostloadPoint=document.createElement(\"div\");etargetPostloadPoint.id=etargetDivID;var etargetCurScript=document.getElementById(etargetScriptID);etargetCurScript.parentNode.appendChild(etargetPostloadPoint),document.addEventListener(\"scroll\",etargetPostloadFunction7a9b589f63cb072bef80df221f46a22b),document.addEventListener(\"resize\",etargetPostloadFunction7a9b589f63cb072bef80df221f46a22b),document.addEventListener(\"DOMContentLoaded\",etargetPostloadFunction7a9b589f63cb072bef80df221f46a22b);var etargetAllowOtherCheck=!0;if(typeof(\"forceRunPostload\")==\"string\"){etargetPostloadFunction7a9b589f63cb072bef80df221f46a22b()}<\/script><\/div><div id=\"friss-2365493755\" class=\"friss-after-content_2 friss-entity-placement\" style=\"clear: both;\"><div class=\"wprss_ajax\" data-id=\"rss25acc523c6\"><img loading=\"lazy\" decoding=\"async\" src=\"https:\/\/friss-hirek.hu\/wp-content\/plugins\/wp-rss-retriever\/inc\/imgs\/ajax-loader.gif\" alt=\"Loading RSS Feed\" width=\"16\" height=\"16\"><\/div><\/div><br style=\"clear: both; display: block; float: none;\"\/><div id=\"friss-2490748632\" class=\"friss-after-content_3 friss-entity-placement\">https:\/\/www.youtube.com\/watch?v=Pdnw4KiUWp0<\/div>","protected":false},"excerpt":{"rendered":"<p>A v\u00e1rosi lak\u00e1sokban egyre n\u00e9pszer\u0171bbek a szoban\u00f6v\u00e9nyek, tavasszal pedig sokan szeretn\u00e9nek n\u00f6v\u00e9nyeket a balkonra. Egy kisebb erk\u00e9ly sem akad\u00e1ly, ha valaki d\u00edszn\u00f6v\u00e9nyeket, f\u0171szern\u00f6v\u00e9nyeket vagy ak\u00e1r n\u00e9h\u00e1ny z\u00f6lds\u00e9gf\u00e9l\u00e9t szeretne nevelni otthon. A f\u00fcgg\u0151leges kert j\u00f3 megold\u00e1s lehet azoknak, akik kev\u00e9s hellyel gazd\u00e1lkodnak, m\u00e9gis szeretn\u00e9k z\u00f6ldebb\u00e9 tenni a lak\u00f3k\u00f6rnyezet\u00fcket. Egy j\u00f3l megtervezett erk\u00e9lykert nem ig\u00e9nyel nagy beruh\u00e1z\u00e1st: [&hellip;]<\/p>\n","protected":false},"author":1,"featured_media":0,"comment_status":"open","ping_status":"open","sticky":false,"template":"","format":"standard","meta":{"footnotes":""},"categories":[6],"tags":[],"class_list":["post-166088","post","type-post","status-publish","format-standard","hentry","category-videk"],"amp_enabled":true,"_links":{"self":[{"href":"https:\/\/friss-hirek.hu\/index.php\/wp-json\/wp\/v2\/posts\/166088","targetHints":{"allow":["GET"]}}],"collection":[{"href":"https:\/\/friss-hirek.hu\/index.php\/wp-json\/wp\/v2\/posts"}],"about":[{"href":"https:\/\/friss-hirek.hu\/index.php\/wp-json\/wp\/v2\/types\/post"}],"author":[{"embeddable":true,"href":"https:\/\/friss-hirek.hu\/index.php\/wp-json\/wp\/v2\/users\/1"}],"replies":[{"embeddable":true,"href":"https:\/\/friss-hirek.hu\/index.php\/wp-json\/wp\/v2\/comments?post=166088"}],"version-history":[{"count":0,"href":"https:\/\/friss-hirek.hu\/index.php\/wp-json\/wp\/v2\/posts\/166088\/revisions"}],"wp:attachment":[{"href":"https:\/\/friss-hirek.hu\/index.php\/wp-json\/wp\/v2\/media?parent=166088"}],"wp:term":[{"taxonomy":"category","embeddable":true,"href":"https:\/\/friss-hirek.hu\/index.php\/wp-json\/wp\/v2\/categories?post=166088"},{"taxonomy":"post_tag","embeddable":true,"href":"https:\/\/friss-hirek.hu\/index.php\/wp-json\/wp\/v2\/tags?post=166088"}],"curies":[{"name":"wp","href":"https:\/\/api.w.org\/{rel}","templated":true}]}}