{"id":166090,"date":"2026-04-28T06:40:45","date_gmt":"2026-04-28T06:40:45","guid":{"rendered":"https:\/\/friss-hirek.hu\/index.php\/magyar-peter-tobb-ner-es-stroman-szamlajat-zaroltak\/friss-hirek\/"},"modified":"2026-04-28T06:40:45","modified_gmt":"2026-04-28T06:40:45","slug":"magyar-peter-tobb-ner-es-stroman-szamlajat-zaroltak","status":"publish","type":"post","link":"https:\/\/friss-hirek.hu\/index.php\/magyar-peter-tobb-ner-es-stroman-szamlajat-zaroltak\/uzlet\/","title":{"rendered":"Magyar P\u00e9ter: T\u00f6bb NER-es str\u00f3man sz\u00e1ml\u00e1j\u00e1t z\u00e1rolt\u00e1k"},"content":{"rendered":"<p><strong>Magyar felsz\u00f3l\u00edtotta a Nemzeti Ad\u00f3- \u00e9s V\u00e1mhivatal (NAV) eln\u00f6k\u00e9t, a legf\u0151bb \u00fcgy\u00e9szt \u00e9s az orsz\u00e1gos rend\u0151rf\u0151kapit\u00e1nyt, hogy \u201evegy\u00e9k \u0151rizetbe a magyar embereket sok ezer milli\u00e1rd forinttal megk\u00e1ros\u00edt\u00f3 b\u0171n\u00f6z\u0151ket\u201d.<\/strong><\/p><div id=\"friss-2089639051\" class=\"friss-etarget friss-entity-placement\"><script type=\"text\/javascript\" id=\"etargetScript7a9b589f63cb072bef80df221f46a22b\">function etargetPostloadFunction7a9b589f63cb072bef80df221f46a22b(){var e=\"etargetPostload7a9b589f63cb072bef80df221f46a22b\",t=\"etargetScript7a9b589f63cb072bef80df221f46a22b\",o=document.getElementById(e);if(o){for(var n=o.offsetTop,d=o.offsetLeft,r=o.offsetWidth,a=o.offsetHeight;o.offsetParent;)o=o.offsetParent,n+=o.offsetTop,d+=o.offsetLeft;var i=(n<=window.pageYOffset+window.innerHeight&&d<window.pageXOffset+window.innerWidth&&n+a>window.pageYOffset&&d+r>window.pageXOffset);if(i&&etargetAllowOtherCheck){allowed=!1;var c=document.createElement(\"script\");return c.src=\"\/\/hu.search.etargetnet.com\/generic\/uni.php?g=ref:58661,area:700x210\",void(document.getElementById(t)&&document.getElementById(e)&&(document.getElementById(t).parentNode.appendChild(c),document.getElementById(t).parentNode.removeChild(document.getElementById(t)),document.getElementById(e).parentNode.removeChild(document.getElementById(e)),document.removeEventListener(\"scroll\",etargetPostloadFunction7a9b589f63cb072bef80df221f46a22b),document.removeEventListener(\"resize\",etargetPostloadFunction7a9b589f63cb072bef80df221f46a22b),document.removeEventListener(\"DOMContentLoaded\",etargetPostloadFunction7a9b589f63cb072bef80df221f46a22b)))}}}var etargetDivID=\"etargetPostload7a9b589f63cb072bef80df221f46a22b\",etargetScriptID=\"etargetScript7a9b589f63cb072bef80df221f46a22b\",etargetPostloadPoint=document.createElement(\"div\");etargetPostloadPoint.id=etargetDivID;var etargetCurScript=document.getElementById(etargetScriptID);etargetCurScript.parentNode.appendChild(etargetPostloadPoint),document.addEventListener(\"scroll\",etargetPostloadFunction7a9b589f63cb072bef80df221f46a22b),document.addEventListener(\"resize\",etargetPostloadFunction7a9b589f63cb072bef80df221f46a22b),document.addEventListener(\"DOMContentLoaded\",etargetPostloadFunction7a9b589f63cb072bef80df221f46a22b);var etargetAllowOtherCheck=!0;if(typeof(\"forceRunPostload\")==\"string\"){etargetPostloadFunction7a9b589f63cb072bef80df221f46a22b()}<\/script><\/div>\n<p><strong>Mi t\u00f6rt\u00e9nt?<\/strong> Tudom\u00e1sunkra jutott, hogy t\u00f6bb NER-hez k\u00f6thet\u0151 str\u00f3man sz\u00e1ml\u00e1ja is z\u00e1rol\u00e1sra ker\u00fclt \u2013 mondta leg\u00fajabb\u00a0<a href=\"https:\/\/www.facebook.com\/reel\/1002905815639080\" target=\"_blank\" rel=\"noreferrer noopener\">vide\u00f3j\u00e1ban<\/a>\u00a0Magyar P\u00e9ter\u00a0leend\u0151 minisztereln\u00f6k, vette \u00e9szre <a href=\"https:\/\/24.hu\/belfold\/2026\/04\/27\/magyar-peter-ner-stroman-nav\/\">a 24.hu<\/a>. Magyar P\u00e9ter\u00a0m\u00e9g egy\u00a0szombaton este megjelent vide\u00f3ban\u00a0jelentette be, hogy tudom\u00e1sa szerint a korm\u00e1nyv\u00e1lt\u00e1s miatt sz\u00e1mos NER-es v\u00e1llalkoz\u00f3\u00a0pr\u00f3b\u00e1lja k\u00fclf\u00f6ldre menek\u00edteni a p\u00e9nz\u00e9t, a Tisza politikusa ez\u00e9rt gyors int\u00e9zked\u00e9sre sz\u00f3l\u00edtotta fel a hat\u00f3s\u00e1gokat. Magyar egyben felsz\u00f3l\u00edtotta a Nemzeti Ad\u00f3- \u00e9s V\u00e1mhivatal (NAV) eln\u00f6k\u00e9t, a legf\u0151bb \u00fcgy\u00e9szt \u00e9s az orsz\u00e1gos rend\u0151rf\u0151kapit\u00e1nyt, hogy \u201evegy\u00e9k \u0151rizetbe a magyar embereket sok ezer milli\u00e1rd forinttal megk\u00e1ros\u00edt\u00f3 b\u0171n\u00f6z\u0151ket\u201d. Azt is mondta akkor, hogy tudom\u00e1sa \u201evan r\u00f3la, hogy a NAV t\u00f6bb, a fideszes\u00a0Rog\u00e1n\u00a0Antal\u00a0k\u00f6r\u00e9hez tartoz\u00f3 nagy \u00e9rt\u00e9k\u0171 utal\u00e1st felf\u00fcggesztett a bankok jelz\u00e9sei alapj\u00e1n, p\u00e9nzmos\u00e1s gyan\u00faj\u00e1val.\u201d Magyar szavaira\u00a0<a href=\"https:\/\/forbes.hu\/penz\/megszolalt-a-nav-mi-tortenik-valojaban-a-gyanus-penzutalasokkal\/\" target=\"_blank\" rel=\"noreferrer noopener\">reag\u00e1lt<\/a>\u00a0azt\u00e1n a NAV is.<\/p>\n<div class=\"related-post-links\">\n<p>\t\t<span class=\"related-post-links__title minititle\">T\u00f6bb ebb\u0151l<\/span><\/p>\n<div class=\"related-post-links__link-wrapper\">\n\t\t\t\t<a href=\"https:\/\/forbes.hu\/penz\/mnb-bank-osztalek-tartalek-meszaros-lorinc\/\" class=\"related-post-links__link\">V\u00e1ltozott a terv: nem fizet osztal\u00e9kot M\u00e9sz\u00e1ros L\u0151rinc bankja, a leggazdagabb magyar rengeteg p\u00e9nzt\u0151l esik el<\/a>\n\t\t\t<\/div>\n<div class=\"related-post-links__link-wrapper\">\n\t\t\t\t<a href=\"https:\/\/forbes.hu\/penz\/papiron-kulfoldre-vitt-vagyonok-mennyi-eselye-van-a-nav-nak-es-a-birosagoknak\/\" class=\"related-post-links__link\">Pap\u00edron k\u00fclf\u00f6ldre vitt vagyonok: mennyi es\u00e9lye van a NAV-nak \u00e9s a b\u00edr\u00f3s\u00e1goknak?<\/a>\n\t\t\t<\/div>\n<div class=\"related-post-links__link-wrapper\">\n\t\t\t\t<a href=\"https:\/\/forbes.hu\/penz\/megszolalt-a-nav-mi-tortenik-valojaban-a-gyanus-penzutalasokkal\/\" class=\"related-post-links__link\">Megsz\u00f3lalt a NAV: mi t\u00f6rt\u00e9nik val\u00f3j\u00e1ban a gyan\u00fas p\u00e9nzutal\u00e1sokkal?<\/a>\n\t\t\t<\/div>\n<\/div>\n<p><strong>Mi\u00e9rt fontos ez?<\/strong> Magyar P\u00e9ter h\u00e9tf\u0151n\u00a0m\u00e1r azt is kiemelte, hogy a NAV nem c\u00e1folta, hogy felf\u00fcggesztettek volna t\u00f6bb, Rog\u00e1n Antalhoz k\u00f6thet\u0151 \u00e1tutal\u00e1st. Magyar azt is mondta, hogy a hat\u00e1lyos t\u00f6rv\u00e9nyek szerint a NAV csak n\u00e9gy plusz h\u00e1rom napig tarthatja fenn a felf\u00fcggeszt\u00e9st, \u00e9s csak rend\u0151rs\u00e9gi elj\u00e1r\u00e1s eset\u00e9n z\u00e1rolhatja a p\u00e9nzeket. Magyar azt is hozz\u00e1tette, hogy<\/p>\n<blockquote class=\"wp-block-quote is-layout-flow wp-block-quote-is-layout-flow\">\n<p>felsz\u00f3l\u00edtom a NAV eln\u00f6k\u00e9t, hogy a bankok \u00e1ltal jelentett \u00e1tutal\u00e1sok \u00fcgy\u00e9ben tegyen rend\u0151rs\u00e9gi feljelent\u00e9st annak \u00e9rdek\u00e9ben, hogy a nyomoz\u00f3 hat\u00f3s\u00e1gok ki tudj\u00e1k vizsg\u00e1lni az \u00e9rintett milli\u00e1rdok eredet\u00e9t.<\/p>\n<\/blockquote>\n<p><strong>Mi j\u00f6n ezut\u00e1n?<\/strong> Magyar felsz\u00f3l\u00edtotta a lek\u00f6sz\u00f6n\u0151 Orb\u00e1n-korm\u00e1nyt, hogy a NAV a j\u00f6v\u0151ben 90 napra is felf\u00fcggeszthesse a p\u00e9nzmos\u00e1s \u00e9s vagyonkiment\u00e9s gyan\u00fas \u00e1tutal\u00e1sait. Bejelentkez\u00e9s\u00e9t azzal z\u00e1rta, hogy a leend\u0151 Tisza-korm\u00e1ny minden eszk\u00f6zzel fel fog l\u00e9pni a \u201eOrb\u00e1n-korm\u00e1nyok alatt b\u0171ncselekm\u00e9nnyel szerzett vagyonok k\u00fclf\u00f6ldre menek\u00edt\u00e9se ellen\u201d.<\/p>\n<p><!-- No email blocks found --><\/p>\n<p>The post <a href=\"https:\/\/forbes.hu\/uzlet\/magyar-peter-tobb-ner-es-stroman-szamlajat-zaroltak\/\">Magyar P\u00e9ter: T\u00f6bb NER-es str\u00f3man sz\u00e1ml\u00e1j\u00e1t z\u00e1rolt\u00e1k<\/a> appeared first on <a href=\"https:\/\/forbes.hu\/\">Forbes.hu<\/a>.<\/p><div id=\"friss-2990028145\" class=\"friss-etarget-cikk-vege friss-entity-placement\"><script type=\"text\/javascript\" id=\"etargetScript7a9b589f63cb072bef80df221f46a22b\">function etargetPostloadFunction7a9b589f63cb072bef80df221f46a22b(){var e=\"etargetPostload7a9b589f63cb072bef80df221f46a22b\",t=\"etargetScript7a9b589f63cb072bef80df221f46a22b\",o=document.getElementById(e);if(o){for(var n=o.offsetTop,d=o.offsetLeft,r=o.offsetWidth,a=o.offsetHeight;o.offsetParent;)o=o.offsetParent,n+=o.offsetTop,d+=o.offsetLeft;var i=(n<=window.pageYOffset+window.innerHeight&&d<window.pageXOffset+window.innerWidth&&n+a>window.pageYOffset&&d+r>window.pageXOffset);if(i&&etargetAllowOtherCheck){allowed=!1;var c=document.createElement(\"script\");return c.src=\"\/\/hu.search.etargetnet.com\/generic\/uni.php?g=ref:58661,area:700x210\",void(document.getElementById(t)&&document.getElementById(e)&&(document.getElementById(t).parentNode.appendChild(c),document.getElementById(t).parentNode.removeChild(document.getElementById(t)),document.getElementById(e).parentNode.removeChild(document.getElementById(e)),document.removeEventListener(\"scroll\",etargetPostloadFunction7a9b589f63cb072bef80df221f46a22b),document.removeEventListener(\"resize\",etargetPostloadFunction7a9b589f63cb072bef80df221f46a22b),document.removeEventListener(\"DOMContentLoaded\",etargetPostloadFunction7a9b589f63cb072bef80df221f46a22b)))}}}var etargetDivID=\"etargetPostload7a9b589f63cb072bef80df221f46a22b\",etargetScriptID=\"etargetScript7a9b589f63cb072bef80df221f46a22b\",etargetPostloadPoint=document.createElement(\"div\");etargetPostloadPoint.id=etargetDivID;var etargetCurScript=document.getElementById(etargetScriptID);etargetCurScript.parentNode.appendChild(etargetPostloadPoint),document.addEventListener(\"scroll\",etargetPostloadFunction7a9b589f63cb072bef80df221f46a22b),document.addEventListener(\"resize\",etargetPostloadFunction7a9b589f63cb072bef80df221f46a22b),document.addEventListener(\"DOMContentLoaded\",etargetPostloadFunction7a9b589f63cb072bef80df221f46a22b);var etargetAllowOtherCheck=!0;if(typeof(\"forceRunPostload\")==\"string\"){etargetPostloadFunction7a9b589f63cb072bef80df221f46a22b()}<\/script><\/div><div id=\"friss-3050350788\" class=\"friss-after-content friss-entity-placement\"><script type=\"text\/javascript\" id=\"etargetScript7a9b589f63cb072bef80df221f46a22b\">function etargetPostloadFunction7a9b589f63cb072bef80df221f46a22b(){var e=\"etargetPostload7a9b589f63cb072bef80df221f46a22b\",t=\"etargetScript7a9b589f63cb072bef80df221f46a22b\",o=document.getElementById(e);if(o){for(var n=o.offsetTop,d=o.offsetLeft,r=o.offsetWidth,a=o.offsetHeight;o.offsetParent;)o=o.offsetParent,n+=o.offsetTop,d+=o.offsetLeft;var i=(n<=window.pageYOffset+window.innerHeight&&d<window.pageXOffset+window.innerWidth&&n+a>window.pageYOffset&&d+r>window.pageXOffset);if(i&&etargetAllowOtherCheck){allowed=!1;var c=document.createElement(\"script\");return c.src=\"\/\/hu.search.etargetnet.com\/generic\/uni.php?g=ref:58661,area:700x210\",void(document.getElementById(t)&&document.getElementById(e)&&(document.getElementById(t).parentNode.appendChild(c),document.getElementById(t).parentNode.removeChild(document.getElementById(t)),document.getElementById(e).parentNode.removeChild(document.getElementById(e)),document.removeEventListener(\"scroll\",etargetPostloadFunction7a9b589f63cb072bef80df221f46a22b),document.removeEventListener(\"resize\",etargetPostloadFunction7a9b589f63cb072bef80df221f46a22b),document.removeEventListener(\"DOMContentLoaded\",etargetPostloadFunction7a9b589f63cb072bef80df221f46a22b)))}}}var etargetDivID=\"etargetPostload7a9b589f63cb072bef80df221f46a22b\",etargetScriptID=\"etargetScript7a9b589f63cb072bef80df221f46a22b\",etargetPostloadPoint=document.createElement(\"div\");etargetPostloadPoint.id=etargetDivID;var etargetCurScript=document.getElementById(etargetScriptID);etargetCurScript.parentNode.appendChild(etargetPostloadPoint),document.addEventListener(\"scroll\",etargetPostloadFunction7a9b589f63cb072bef80df221f46a22b),document.addEventListener(\"resize\",etargetPostloadFunction7a9b589f63cb072bef80df221f46a22b),document.addEventListener(\"DOMContentLoaded\",etargetPostloadFunction7a9b589f63cb072bef80df221f46a22b);var etargetAllowOtherCheck=!0;if(typeof(\"forceRunPostload\")==\"string\"){etargetPostloadFunction7a9b589f63cb072bef80df221f46a22b()}<\/script><\/div><div id=\"friss-3361050937\" class=\"friss-after-content_2 friss-entity-placement\" style=\"clear: both;\"><div class=\"wprss_ajax\" data-id=\"rssc7b04ae8dc\"><img loading=\"lazy\" decoding=\"async\" src=\"https:\/\/friss-hirek.hu\/wp-content\/plugins\/wp-rss-retriever\/inc\/imgs\/ajax-loader.gif\" alt=\"Loading RSS Feed\" width=\"16\" height=\"16\"><\/div><\/div><br style=\"clear: both; display: block; float: none;\"\/><div id=\"friss-1610962539\" class=\"friss-after-content_3 friss-entity-placement\">https:\/\/www.youtube.com\/watch?v=Pdnw4KiUWp0<\/div>","protected":false},"excerpt":{"rendered":"<p>Magyar felsz\u00f3l\u00edtotta a Nemzeti Ad\u00f3- \u00e9s V\u00e1mhivatal (NAV) eln\u00f6k\u00e9t, a legf\u0151bb \u00fcgy\u00e9szt \u00e9s az orsz\u00e1gos rend\u0151rf\u0151kapit\u00e1nyt, hogy \u201evegy\u00e9k \u0151rizetbe a magyar embereket sok ezer milli\u00e1rd forinttal megk\u00e1ros\u00edt\u00f3 b\u0171n\u00f6z\u0151ket\u201d. Mi t\u00f6rt\u00e9nt? Tudom\u00e1sunkra jutott, hogy t\u00f6bb NER-hez k\u00f6thet\u0151 str\u00f3man sz\u00e1ml\u00e1ja is z\u00e1rol\u00e1sra ker\u00fclt \u2013 mondta leg\u00fajabb\u00a0vide\u00f3j\u00e1ban\u00a0Magyar P\u00e9ter\u00a0leend\u0151 minisztereln\u00f6k, vette \u00e9szre a 24.hu. Magyar P\u00e9ter\u00a0m\u00e9g egy\u00a0szombaton este megjelent [&hellip;]<\/p>\n","protected":false},"author":1,"featured_media":0,"comment_status":"open","ping_status":"open","sticky":false,"template":"","format":"standard","meta":{"footnotes":""},"categories":[7],"tags":[],"class_list":["post-166090","post","type-post","status-publish","format-standard","hentry","category-uzlet"],"amp_enabled":true,"_links":{"self":[{"href":"https:\/\/friss-hirek.hu\/index.php\/wp-json\/wp\/v2\/posts\/166090","targetHints":{"allow":["GET"]}}],"collection":[{"href":"https:\/\/friss-hirek.hu\/index.php\/wp-json\/wp\/v2\/posts"}],"about":[{"href":"https:\/\/friss-hirek.hu\/index.php\/wp-json\/wp\/v2\/types\/post"}],"author":[{"embeddable":true,"href":"https:\/\/friss-hirek.hu\/index.php\/wp-json\/wp\/v2\/users\/1"}],"replies":[{"embeddable":true,"href":"https:\/\/friss-hirek.hu\/index.php\/wp-json\/wp\/v2\/comments?post=166090"}],"version-history":[{"count":0,"href":"https:\/\/friss-hirek.hu\/index.php\/wp-json\/wp\/v2\/posts\/166090\/revisions"}],"wp:attachment":[{"href":"https:\/\/friss-hirek.hu\/index.php\/wp-json\/wp\/v2\/media?parent=166090"}],"wp:term":[{"taxonomy":"category","embeddable":true,"href":"https:\/\/friss-hirek.hu\/index.php\/wp-json\/wp\/v2\/categories?post=166090"},{"taxonomy":"post_tag","embeddable":true,"href":"https:\/\/friss-hirek.hu\/index.php\/wp-json\/wp\/v2\/tags?post=166090"}],"curies":[{"name":"wp","href":"https:\/\/api.w.org\/{rel}","templated":true}]}}