{"id":166093,"date":"2026-04-28T07:41:02","date_gmt":"2026-04-28T07:41:02","guid":{"rendered":"https:\/\/friss-hirek.hu\/index.php\/megszolalt-a-leendo-egeszsegugyi-miniszter-a-korhazak-vip-reszlegeirol\/friss-hirek\/"},"modified":"2026-04-28T07:41:02","modified_gmt":"2026-04-28T07:41:02","slug":"megszolalt-a-leendo-egeszsegugyi-miniszter-a-korhazak-vip-reszlegeirol","status":"publish","type":"post","link":"https:\/\/friss-hirek.hu\/index.php\/megszolalt-a-leendo-egeszsegugyi-miniszter-a-korhazak-vip-reszlegeirol\/uzlet\/","title":{"rendered":"Megsz\u00f3lalt a leend\u0151 eg\u00e9szs\u00e9g\u00fcgyi miniszter a k\u00f3rh\u00e1zak VIP-r\u00e9szlegeir\u0151l"},"content":{"rendered":"<p><strong>A leend\u0151 eg\u00e9szs\u00e9g\u00fcgyi miniszter szerint a t\u00e9r\u00edt\u00e9ses oszt\u00e1lyok egyszerre mutatj\u00e1k az \u00e1llami eg\u00e9szs\u00e9g\u00fcgy probl\u00e9m\u00e1it, \u00e9s b\u00e1r r\u00e9szben megold\u00e1st is jelentenek, \u00e1tl\u00e1that\u00f3s\u00e1g n\u00e9lk\u00fcl rombolj\u00e1k a k\u00f6zbizalmat.<\/strong><\/p><div id=\"friss-1109288911\" class=\"friss-etarget friss-entity-placement\"><script type=\"text\/javascript\" id=\"etargetScript7a9b589f63cb072bef80df221f46a22b\">function etargetPostloadFunction7a9b589f63cb072bef80df221f46a22b(){var e=\"etargetPostload7a9b589f63cb072bef80df221f46a22b\",t=\"etargetScript7a9b589f63cb072bef80df221f46a22b\",o=document.getElementById(e);if(o){for(var n=o.offsetTop,d=o.offsetLeft,r=o.offsetWidth,a=o.offsetHeight;o.offsetParent;)o=o.offsetParent,n+=o.offsetTop,d+=o.offsetLeft;var i=(n<=window.pageYOffset+window.innerHeight&&d<window.pageXOffset+window.innerWidth&&n+a>window.pageYOffset&&d+r>window.pageXOffset);if(i&&etargetAllowOtherCheck){allowed=!1;var c=document.createElement(\"script\");return c.src=\"\/\/hu.search.etargetnet.com\/generic\/uni.php?g=ref:58661,area:700x210\",void(document.getElementById(t)&&document.getElementById(e)&&(document.getElementById(t).parentNode.appendChild(c),document.getElementById(t).parentNode.removeChild(document.getElementById(t)),document.getElementById(e).parentNode.removeChild(document.getElementById(e)),document.removeEventListener(\"scroll\",etargetPostloadFunction7a9b589f63cb072bef80df221f46a22b),document.removeEventListener(\"resize\",etargetPostloadFunction7a9b589f63cb072bef80df221f46a22b),document.removeEventListener(\"DOMContentLoaded\",etargetPostloadFunction7a9b589f63cb072bef80df221f46a22b)))}}}var etargetDivID=\"etargetPostload7a9b589f63cb072bef80df221f46a22b\",etargetScriptID=\"etargetScript7a9b589f63cb072bef80df221f46a22b\",etargetPostloadPoint=document.createElement(\"div\");etargetPostloadPoint.id=etargetDivID;var etargetCurScript=document.getElementById(etargetScriptID);etargetCurScript.parentNode.appendChild(etargetPostloadPoint),document.addEventListener(\"scroll\",etargetPostloadFunction7a9b589f63cb072bef80df221f46a22b),document.addEventListener(\"resize\",etargetPostloadFunction7a9b589f63cb072bef80df221f46a22b),document.addEventListener(\"DOMContentLoaded\",etargetPostloadFunction7a9b589f63cb072bef80df221f46a22b);var etargetAllowOtherCheck=!0;if(typeof(\"forceRunPostload\")==\"string\"){etargetPostloadFunction7a9b589f63cb072bef80df221f46a22b()}<\/script><\/div>\n<p><strong>Mi t\u00f6rt\u00e9nt?<\/strong> \u201eA fel\u00e1ll\u00f3 eg\u00e9szs\u00e9g\u00fcgyi miniszt\u00e9rium fel\u00fclvizsg\u00e1lja a mag\u00e1n- \u00e9s \u00e1llami eg\u00e9szs\u00e9g\u00fcgyi ell\u00e1t\u00e1s egy\u00fctt\u00e9l\u00e9s\u00e9nek szab\u00e1lyait\u201d \u2013\u00a0<a href=\"https:\/\/www.facebook.com\/story.php?story_fbid=122134219707035250&amp;id=61581057513433&amp;rdid=vNxyBaLKkALEIgTW#\" target=\"_blank\" rel=\"noreferrer noopener\">Heged\u0171s Zsolt<\/a>, a Tisza-korm\u00e1ny leend\u0151 eg\u00e9szs\u00e9g\u00fcgyi miniszter\u00e9nek bejegyz\u00e9s\u00e9t <a href=\"https:\/\/hvg.hu\/itthon\/20260428_hegedus-zsolt-korhaz-vip-reszleg-uzsoki\">a hvg.hu<\/a> vette \u00e9szre. A politikus r\u00e9szben a HVG-n megjelent interj\u00fara reag\u00e1lt, amelyben a Budapesti Uzsoki Utcai K\u00f3rh\u00e1z f\u0151igazgat\u00f3j\u00e1t, <a href=\"https:\/\/hvg.hu\/360\/20260427_ficzere-andrea-uzsoki-korhaz-egeszsegugy-vip-osztaly-korhazszovetseg-interju\">Ficzere Andre\u00e1t k\u00e9rdezt\u00e9k <\/a>t\u00f6bbek k\u00f6z\u00f6tt az int\u00e9zm\u00e9nyen bel\u00fcl m\u0171k\u00f6d\u0151 t\u00e9r\u00edt\u00e9ses oszt\u00e1lyr\u00f3l. <\/p>\n<p><strong>Mi k\u00f6vetkezik ebb\u0151l? <\/strong>Heged\u0171s azt \u00edg\u00e9ri, a fel\u00fclvizsg\u00e1lat r\u00e9szek\u00e9nt szakmai, etikai \u00e9s gazdas\u00e1gi szempontb\u00f3l \u00e1ttekintik az \u00e1llami k\u00f3rh\u00e1zakban m\u0171k\u00f6d\u0151 fizet\u0151s mag\u00e1nbeteg-ell\u00e1t\u00e1st, k\u00fcl\u00f6n\u00f6s figyelemmel a v\u00e1r\u00f3list\u00e1kra, a k\u00f6zfinansz\u00edrozott kapacit\u00e1sok v\u00e9delm\u00e9re, az \u00e1tl\u00e1that\u00f3 k\u00f6lts\u00e9gelsz\u00e1mol\u00e1sra, az \u00f6sszef\u00e9rhetetlens\u00e9gi kock\u00e1zatokra \u00e9s arra, hogy az ilyen konstrukci\u00f3k bizony\u00edthat\u00f3an ne ronts\u00e1k a k\u00f6zell\u00e1t\u00e1s hozz\u00e1f\u00e9rhet\u0151s\u00e9g\u00e9t.<\/p>\n<p>Bejegyz\u00e9s\u00e9ben azt \u00edrja, ebben a konstrukci\u00f3ban <\/p>\n<blockquote class=\"wp-block-quote is-layout-flow wp-block-quote-is-layout-flow\">\n<p>a beteg\u00fat \u00fczleti term\u00e9kk\u00e9 v\u00e1lhat, mert a beteg nem egyszer\u0171en ell\u00e1t\u00e1st kap, hanem egy piaci szolg\u00e1ltat\u00e1s r\u00e9sze lesz, amelyben k\u00f6zvet\u00edt\u0151k, szervez\u0151k \u00e9s szolg\u00e1ltat\u00f3k osztoznak a bev\u00e9telen. <\/p>\n<\/blockquote>\n<p>Szerinte nemcsak az sz\u00e1m\u00edt, hogy t\u00f6rt\u00e9nt-e jogs\u00e9rt\u00e9s, hanem az is, hogy a m\u0171k\u00f6d\u00e9s \u00e1tl\u00e1that\u00f3, ellen\u0151rizhet\u0151 \u00e9s k\u00f6zbizalmi szempontb\u00f3l v\u00e9dhet\u0151-e, mert egy \u00e1llami k\u00f3rh\u00e1z eset\u00e9ben k\u00fcl\u00f6n\u00f6sen fontos, hogy m\u00e9g a l\u00e1tszata se alakuljon ki annak, hogy a k\u00f6zint\u00e9zm\u00e9nyi kapacit\u00e1shoz \u00fczleti, politikai kapcsolatokon kereszt\u00fcl lehetne jobb hozz\u00e1f\u00e9r\u00e9st szerezni.<\/p>\n<p><strong>Kontextus. <\/strong>Az Uzsoki VIP-r\u00e9szleg\u00e9vel kapcsolatban lezajlott egy bels\u0151 k\u00f3rh\u00e1zi vizsg\u00e1lat, egy bel\u00fcgyminiszt\u00e9riumi vizsg\u00e1lat \u00e9s egy rend\u0151rs\u00e9gi nyomoz\u00e1s is, \u00e9s b\u00e1r ezeket nem hozt\u00e1k nyilv\u00e1noss\u00e1gra, Ficzere \u00e1ll\u00edt\u00e1sa szerint semmilyen szab\u00e1lytalans\u00e1got nem t\u00e1rtak fel. Heged\u0171s szerint viszont fontos lenne ezek tartalm\u00e1t megismerni, \u00e9ppen az\u00e9rt, hogy a k\u00f6zv\u00e9lem\u00e9nyt \u00e9s a szakm\u00e1t is t\u00e1j\u00e9koztass\u00e1k \u00e9s megnyugtass\u00e1k.<\/p>\n<p><!-- No email blocks found --><\/p>\n<p>The post <a href=\"https:\/\/forbes.hu\/penz\/megszolalt-a-leendo-egeszsegugyi-miniszter-a-korhazak-vip-reszlegeirol\/\">Megsz\u00f3lalt a leend\u0151 eg\u00e9szs\u00e9g\u00fcgyi miniszter a k\u00f3rh\u00e1zak VIP-r\u00e9szlegeir\u0151l<\/a> appeared first on <a href=\"https:\/\/forbes.hu\/\">Forbes.hu<\/a>.<\/p><div id=\"friss-2495300782\" class=\"friss-etarget-cikk-vege friss-entity-placement\"><script type=\"text\/javascript\" id=\"etargetScript7a9b589f63cb072bef80df221f46a22b\">function etargetPostloadFunction7a9b589f63cb072bef80df221f46a22b(){var e=\"etargetPostload7a9b589f63cb072bef80df221f46a22b\",t=\"etargetScript7a9b589f63cb072bef80df221f46a22b\",o=document.getElementById(e);if(o){for(var n=o.offsetTop,d=o.offsetLeft,r=o.offsetWidth,a=o.offsetHeight;o.offsetParent;)o=o.offsetParent,n+=o.offsetTop,d+=o.offsetLeft;var i=(n<=window.pageYOffset+window.innerHeight&&d<window.pageXOffset+window.innerWidth&&n+a>window.pageYOffset&&d+r>window.pageXOffset);if(i&&etargetAllowOtherCheck){allowed=!1;var c=document.createElement(\"script\");return c.src=\"\/\/hu.search.etargetnet.com\/generic\/uni.php?g=ref:58661,area:700x210\",void(document.getElementById(t)&&document.getElementById(e)&&(document.getElementById(t).parentNode.appendChild(c),document.getElementById(t).parentNode.removeChild(document.getElementById(t)),document.getElementById(e).parentNode.removeChild(document.getElementById(e)),document.removeEventListener(\"scroll\",etargetPostloadFunction7a9b589f63cb072bef80df221f46a22b),document.removeEventListener(\"resize\",etargetPostloadFunction7a9b589f63cb072bef80df221f46a22b),document.removeEventListener(\"DOMContentLoaded\",etargetPostloadFunction7a9b589f63cb072bef80df221f46a22b)))}}}var etargetDivID=\"etargetPostload7a9b589f63cb072bef80df221f46a22b\",etargetScriptID=\"etargetScript7a9b589f63cb072bef80df221f46a22b\",etargetPostloadPoint=document.createElement(\"div\");etargetPostloadPoint.id=etargetDivID;var etargetCurScript=document.getElementById(etargetScriptID);etargetCurScript.parentNode.appendChild(etargetPostloadPoint),document.addEventListener(\"scroll\",etargetPostloadFunction7a9b589f63cb072bef80df221f46a22b),document.addEventListener(\"resize\",etargetPostloadFunction7a9b589f63cb072bef80df221f46a22b),document.addEventListener(\"DOMContentLoaded\",etargetPostloadFunction7a9b589f63cb072bef80df221f46a22b);var etargetAllowOtherCheck=!0;if(typeof(\"forceRunPostload\")==\"string\"){etargetPostloadFunction7a9b589f63cb072bef80df221f46a22b()}<\/script><\/div><div id=\"friss-1220401327\" class=\"friss-after-content friss-entity-placement\"><script type=\"text\/javascript\" id=\"etargetScript7a9b589f63cb072bef80df221f46a22b\">function etargetPostloadFunction7a9b589f63cb072bef80df221f46a22b(){var e=\"etargetPostload7a9b589f63cb072bef80df221f46a22b\",t=\"etargetScript7a9b589f63cb072bef80df221f46a22b\",o=document.getElementById(e);if(o){for(var n=o.offsetTop,d=o.offsetLeft,r=o.offsetWidth,a=o.offsetHeight;o.offsetParent;)o=o.offsetParent,n+=o.offsetTop,d+=o.offsetLeft;var i=(n<=window.pageYOffset+window.innerHeight&&d<window.pageXOffset+window.innerWidth&&n+a>window.pageYOffset&&d+r>window.pageXOffset);if(i&&etargetAllowOtherCheck){allowed=!1;var c=document.createElement(\"script\");return c.src=\"\/\/hu.search.etargetnet.com\/generic\/uni.php?g=ref:58661,area:700x210\",void(document.getElementById(t)&&document.getElementById(e)&&(document.getElementById(t).parentNode.appendChild(c),document.getElementById(t).parentNode.removeChild(document.getElementById(t)),document.getElementById(e).parentNode.removeChild(document.getElementById(e)),document.removeEventListener(\"scroll\",etargetPostloadFunction7a9b589f63cb072bef80df221f46a22b),document.removeEventListener(\"resize\",etargetPostloadFunction7a9b589f63cb072bef80df221f46a22b),document.removeEventListener(\"DOMContentLoaded\",etargetPostloadFunction7a9b589f63cb072bef80df221f46a22b)))}}}var etargetDivID=\"etargetPostload7a9b589f63cb072bef80df221f46a22b\",etargetScriptID=\"etargetScript7a9b589f63cb072bef80df221f46a22b\",etargetPostloadPoint=document.createElement(\"div\");etargetPostloadPoint.id=etargetDivID;var etargetCurScript=document.getElementById(etargetScriptID);etargetCurScript.parentNode.appendChild(etargetPostloadPoint),document.addEventListener(\"scroll\",etargetPostloadFunction7a9b589f63cb072bef80df221f46a22b),document.addEventListener(\"resize\",etargetPostloadFunction7a9b589f63cb072bef80df221f46a22b),document.addEventListener(\"DOMContentLoaded\",etargetPostloadFunction7a9b589f63cb072bef80df221f46a22b);var etargetAllowOtherCheck=!0;if(typeof(\"forceRunPostload\")==\"string\"){etargetPostloadFunction7a9b589f63cb072bef80df221f46a22b()}<\/script><\/div><div id=\"friss-3642523880\" class=\"friss-after-content_2 friss-entity-placement\" style=\"clear: both;\"><div class=\"wprss_ajax\" data-id=\"rss050fcb1420\"><img loading=\"lazy\" decoding=\"async\" src=\"https:\/\/friss-hirek.hu\/wp-content\/plugins\/wp-rss-retriever\/inc\/imgs\/ajax-loader.gif\" alt=\"Loading RSS Feed\" width=\"16\" height=\"16\"><\/div><\/div><br style=\"clear: both; display: block; float: none;\"\/><div id=\"friss-1914359608\" class=\"friss-after-content_3 friss-entity-placement\">https:\/\/www.youtube.com\/watch?v=Pdnw4KiUWp0<\/div>","protected":false},"excerpt":{"rendered":"<p>A leend\u0151 eg\u00e9szs\u00e9g\u00fcgyi miniszter szerint a t\u00e9r\u00edt\u00e9ses oszt\u00e1lyok egyszerre mutatj\u00e1k az \u00e1llami eg\u00e9szs\u00e9g\u00fcgy probl\u00e9m\u00e1it, \u00e9s b\u00e1r r\u00e9szben megold\u00e1st is jelentenek, \u00e1tl\u00e1that\u00f3s\u00e1g n\u00e9lk\u00fcl rombolj\u00e1k a k\u00f6zbizalmat. Mi t\u00f6rt\u00e9nt? \u201eA fel\u00e1ll\u00f3 eg\u00e9szs\u00e9g\u00fcgyi miniszt\u00e9rium fel\u00fclvizsg\u00e1lja a mag\u00e1n- \u00e9s \u00e1llami eg\u00e9szs\u00e9g\u00fcgyi ell\u00e1t\u00e1s egy\u00fctt\u00e9l\u00e9s\u00e9nek szab\u00e1lyait\u201d \u2013\u00a0Heged\u0171s Zsolt, a Tisza-korm\u00e1ny leend\u0151 eg\u00e9szs\u00e9g\u00fcgyi miniszter\u00e9nek bejegyz\u00e9s\u00e9t a hvg.hu vette \u00e9szre. A politikus r\u00e9szben [&hellip;]<\/p>\n","protected":false},"author":1,"featured_media":0,"comment_status":"open","ping_status":"open","sticky":false,"template":"","format":"standard","meta":{"footnotes":""},"categories":[7],"tags":[],"class_list":["post-166093","post","type-post","status-publish","format-standard","hentry","category-uzlet"],"amp_enabled":true,"_links":{"self":[{"href":"https:\/\/friss-hirek.hu\/index.php\/wp-json\/wp\/v2\/posts\/166093","targetHints":{"allow":["GET"]}}],"collection":[{"href":"https:\/\/friss-hirek.hu\/index.php\/wp-json\/wp\/v2\/posts"}],"about":[{"href":"https:\/\/friss-hirek.hu\/index.php\/wp-json\/wp\/v2\/types\/post"}],"author":[{"embeddable":true,"href":"https:\/\/friss-hirek.hu\/index.php\/wp-json\/wp\/v2\/users\/1"}],"replies":[{"embeddable":true,"href":"https:\/\/friss-hirek.hu\/index.php\/wp-json\/wp\/v2\/comments?post=166093"}],"version-history":[{"count":0,"href":"https:\/\/friss-hirek.hu\/index.php\/wp-json\/wp\/v2\/posts\/166093\/revisions"}],"wp:attachment":[{"href":"https:\/\/friss-hirek.hu\/index.php\/wp-json\/wp\/v2\/media?parent=166093"}],"wp:term":[{"taxonomy":"category","embeddable":true,"href":"https:\/\/friss-hirek.hu\/index.php\/wp-json\/wp\/v2\/categories?post=166093"},{"taxonomy":"post_tag","embeddable":true,"href":"https:\/\/friss-hirek.hu\/index.php\/wp-json\/wp\/v2\/tags?post=166093"}],"curies":[{"name":"wp","href":"https:\/\/api.w.org\/{rel}","templated":true}]}}