{"id":166094,"date":"2026-04-28T07:41:03","date_gmt":"2026-04-28T07:41:03","guid":{"rendered":"https:\/\/friss-hirek.hu\/index.php\/mutatjuk-mekkora-vegkielegitest-kap-a-lekoszono-miniszterelnok-es-mi-jar-meg-neki\/friss-hirek\/"},"modified":"2026-04-28T07:41:03","modified_gmt":"2026-04-28T07:41:03","slug":"mutatjuk-mekkora-vegkielegitest-kap-a-lekoszono-miniszterelnok-es-mi-jar-meg-neki","status":"publish","type":"post","link":"https:\/\/friss-hirek.hu\/index.php\/mutatjuk-mekkora-vegkielegitest-kap-a-lekoszono-miniszterelnok-es-mi-jar-meg-neki\/uzlet\/","title":{"rendered":"Mutatjuk, mekkora v\u00e9gkiel\u00e9g\u00edt\u00e9st kap a lek\u00f6sz\u00f6n\u0151 minisztereln\u00f6k, \u00e9s mi j\u00e1r m\u00e9g neki"},"content":{"rendered":"<p><strong>A v\u00e1laszt\u00e1si veres\u00e9g ut\u00e1n egyik napr\u00f3l a m\u00e1sikra \u00e1ll\u00e1s n\u00e9lk\u00fcl marad Orb\u00e1n Viktor lek\u00f6sz\u00f6n\u0151 minisztereln\u00f6k, \u00e9s m\u00e1just\u00f3l el kell k\u00f6sz\u00f6nnie a brutt\u00f3 7,58 milli\u00f3 forintos fizet\u00e9st\u0151l.\u00a0<\/strong><\/p><div id=\"friss-2353169606\" class=\"friss-etarget friss-entity-placement\"><script type=\"text\/javascript\" id=\"etargetScript7a9b589f63cb072bef80df221f46a22b\">function etargetPostloadFunction7a9b589f63cb072bef80df221f46a22b(){var e=\"etargetPostload7a9b589f63cb072bef80df221f46a22b\",t=\"etargetScript7a9b589f63cb072bef80df221f46a22b\",o=document.getElementById(e);if(o){for(var n=o.offsetTop,d=o.offsetLeft,r=o.offsetWidth,a=o.offsetHeight;o.offsetParent;)o=o.offsetParent,n+=o.offsetTop,d+=o.offsetLeft;var i=(n<=window.pageYOffset+window.innerHeight&&d<window.pageXOffset+window.innerWidth&&n+a>window.pageYOffset&&d+r>window.pageXOffset);if(i&&etargetAllowOtherCheck){allowed=!1;var c=document.createElement(\"script\");return c.src=\"\/\/hu.search.etargetnet.com\/generic\/uni.php?g=ref:58661,area:700x210\",void(document.getElementById(t)&&document.getElementById(e)&&(document.getElementById(t).parentNode.appendChild(c),document.getElementById(t).parentNode.removeChild(document.getElementById(t)),document.getElementById(e).parentNode.removeChild(document.getElementById(e)),document.removeEventListener(\"scroll\",etargetPostloadFunction7a9b589f63cb072bef80df221f46a22b),document.removeEventListener(\"resize\",etargetPostloadFunction7a9b589f63cb072bef80df221f46a22b),document.removeEventListener(\"DOMContentLoaded\",etargetPostloadFunction7a9b589f63cb072bef80df221f46a22b)))}}}var etargetDivID=\"etargetPostload7a9b589f63cb072bef80df221f46a22b\",etargetScriptID=\"etargetScript7a9b589f63cb072bef80df221f46a22b\",etargetPostloadPoint=document.createElement(\"div\");etargetPostloadPoint.id=etargetDivID;var etargetCurScript=document.getElementById(etargetScriptID);etargetCurScript.parentNode.appendChild(etargetPostloadPoint),document.addEventListener(\"scroll\",etargetPostloadFunction7a9b589f63cb072bef80df221f46a22b),document.addEventListener(\"resize\",etargetPostloadFunction7a9b589f63cb072bef80df221f46a22b),document.addEventListener(\"DOMContentLoaded\",etargetPostloadFunction7a9b589f63cb072bef80df221f46a22b);var etargetAllowOtherCheck=!0;if(typeof(\"forceRunPostload\")==\"string\"){etargetPostloadFunction7a9b589f63cb072bef80df221f46a22b()}<\/script><\/div>\n<p><strong>Mi t\u00f6rt\u00e9nt? <\/strong>Orb\u00e1n Viktor a parlamenti munk\u00e1t\u00a0harminchat \u00e9v ut\u00e1n hagyja ott, hivatalosan az \u00faj Orsz\u00e1ggy\u0171l\u00e9s\u00a0m\u00e1jus 9-i alakul\u00f3 \u00fcl\u00e9s\u00e9vel\u00a0sz\u0171nik meg a k\u00e9pvisel\u0151i mand\u00e1tuma. P\u00e1r nappal k\u00e9s\u0151bb, az \u00faj korm\u00e1ny fel\u00e1ll\u00e1sa ut\u00e1n elvesz\u00edti a m\u00e1sik igen j\u00f3l fizet\u0151 \u00e1ll\u00e1s\u00e1t is, 16 \u00e9v ut\u00e1n k\u00e9nytelen \u00e1tadni a minisztereln\u00f6ki sz\u00e9ket Magyar P\u00e9ternek. \u201eA politikai buk\u00e1s mellett ez k\u00e9sz anyagi cs\u0151d, hiszen a legut\u00f3bbi,\u00a0febru\u00e1r 1-j\u00e9n k\u00f6zz\u00e9tett vagyonnyilatkozata\u00a0szerint alig van valami megtakar\u00edt\u00e1sa, m\u00e1s bev\u00e9telt nem t\u00fcntetett fel, \u00edgy a nyugd\u00edjkorhat\u00e1r bet\u00f6lt\u00e9se el\u0151tt k\u00e9t \u00e9vvel \u00e1lland\u00f3 kereset n\u00e9lk\u00fcl maradhat\u201d \u2013 fogalmaz keddi cikk\u00e9ben <a href=\"https:\/\/telex.hu\/belfold\/2026\/04\/28\/orban-viktor-parlament-kepviselo-vagyonnyilatkozat\">a Telex.<\/a><\/p>\n<p><strong>Mi k\u00f6vetkezik ebb\u0151l? <\/strong>Nem t\u00e1vozik azonban \u00fcres k\u00e9zzel, k\u00e9pvisel\u0151k\u00e9nt a jogszab\u00e1ly szerint\u00a0<a class=\"\" href=\"https:\/\/telex.hu\/belfold\/2026\/04\/16\/tavozo-parlamenti-kepviselok-megbizatas-majus-vegkielegites-diplomata-utlevel\">h\u00e1romhavi b\u00facs\u00fap\u00e9nzt kap<\/a>, ami az \u0151 eset\u00e9ben brutt\u00f3 6,37 milli\u00f3 forintot jelent. Enn\u00e9l j\u00f3val nagyobb v\u00e9gkiel\u00e9g\u00edt\u00e9s j\u00e1r neki a minisztereln\u00f6ki poz\u00edci\u00f3 elveszt\u00e9se ut\u00e1n: a\u00a0<a href=\"https:\/\/net.jogtar.hu\/jogszabaly?docid=a1000043.tv\" target=\"_blank\" rel=\"noreferrer noopener\">hathavi fizet\u00e9s\u00e9t<\/a>\u00a0utalj\u00e1k ki egyben. Ez a jelenlegi fizet\u00e9s\u00e9vel sz\u00e1molva brutt\u00f3 32,4 milli\u00f3 forint, \u00e9s a k\u00e9pvisel\u0151i b\u00facs\u00fap\u00e9nzt hozz\u00e1csapva brutt\u00f3 38\u202f801\u202f013 forintb\u00f3l kezdhet \u00faj \u00e9letet.<\/p>\n<div class=\"related-post-links\">\n<p>\t\t<span class=\"related-post-links__title minititle\">T\u00f6bb ebb\u0151l<\/span><\/p>\n<div class=\"related-post-links__link-wrapper\">\n\t\t\t\t<a href=\"https:\/\/forbes.hu\/uzlet\/magyar-peter-tobb-ner-es-stroman-szamlajat-zaroltak\/\" class=\"related-post-links__link\">Magyar P\u00e9ter: T\u00f6bb NER-es str\u00f3man sz\u00e1ml\u00e1j\u00e1t z\u00e1rolt\u00e1k<\/a>\n\t\t\t<\/div>\n<div class=\"related-post-links__link-wrapper\">\n\t\t\t\t<a href=\"https:\/\/forbes.hu\/penz\/papiron-kulfoldre-vitt-vagyonok-mennyi-eselye-van-a-nav-nak-es-a-birosagoknak\/\" class=\"related-post-links__link\">Pap\u00edron k\u00fclf\u00f6ldre vitt vagyonok: mennyi es\u00e9lye van a NAV-nak \u00e9s a b\u00edr\u00f3s\u00e1goknak?<\/a>\n\t\t\t<\/div>\n<\/div>\n<p><strong>Mi\u00e9rt fontos ez? <\/strong>A t\u00f6rv\u00e9ny szerint vissza kell fizetni ugyanakkor a hathavi b\u00facs\u00fap\u00e9nzt, ha a megb\u00edzat\u00e1s\u00e1t k\u00f6vet\u0151 f\u00e9l \u00e9ven bel\u00fcl az \u00e1llam k\u00f6zvetlen vagy k\u00f6zvetett t\u00f6bbs\u00e9gi befoly\u00e1sa alatt \u00e1ll\u00f3 gazdas\u00e1gi t\u00e1rsas\u00e1gban kap vezet\u0151 poz\u00edci\u00f3t. A\u00a0<a href=\"https:\/\/net.jogtar.hu\/jogszabaly?docid=a1800125.tv\" target=\"_blank\" rel=\"noreferrer noopener\">jelenlegi jogszab\u00e1ly<\/a>\u00a0alapj\u00e1n Orb\u00e1n tov\u00e1bbi \u00e1llami juttat\u00e1sokra is jogosult lesz lek\u00f6sz\u00f6n\u0151 minisztereln\u00f6kk\u00e9nt:<\/p>\n<ul class=\"wp-block-list\">\n<li>16 \u00e9vig j\u00e1r neki egy hivatali aut\u00f3 sof\u0151rrel; \u00e9s<\/li>\n<li>8 \u00e9vig egy iroda k\u00e9tf\u0151s titk\u00e1rs\u00e1ggal.<\/li>\n<\/ul>\n<p>A hivatali aut\u00f3 j\u00f3l is j\u00f6n neki, a febru\u00e1r 1-j\u00e9n k\u00f6zz\u00e9tett\u00a0<a href=\"https:\/\/www.parlament.hu\/web\/guest\/aktiv-kepviseloi-nevsor?p_p_id=hu_parlament_cms_pair_portlet_PairProxy_INSTANCE_9xd2Wc9jP4z8&amp;p_p_lifecycle=2&amp;p_p_state=normal&amp;p_p_mode=view&amp;p_p_cacheability=cacheLevelPage&amp;_hu_parlament_cms_pair_portlet_PairProxy_INSTANCE_9xd2Wc9jP4z8_pairAction=%2Finternet%2Fcplsql%2Fogy_vagyonpub.vagyon_kiir_egys%3FP_FNEV%3D%2F2025%2F0830o320_j0251231k.pdf%26p_cont%3Dapplication%2Fpdf\" target=\"_blank\" rel=\"noreferrer noopener\">vagyonnyilatkozata szerint<\/a>\u00a0ugyanis nincs semmilyen j\u00e1rm\u0171 a nev\u00e9n. A feles\u00e9g\u00e9vel k\u00f6z\u00f6s banksz\u00e1ml\u00e1j\u00e1n mind\u00f6ssze 5,065 milli\u00f3 forintnyi megtakar\u00edt\u00e1s volt.\u00a0<\/p>\n<p><!-- No email blocks found --><\/p>\n<p>The post <a href=\"https:\/\/forbes.hu\/penz\/mutatjuk-mekkora-vegkielegitest-kap-a-lekoszono-miniszterelnok-es-mi-jar-meg-neki\/\">Mutatjuk, mekkora v\u00e9gkiel\u00e9g\u00edt\u00e9st kap a lek\u00f6sz\u00f6n\u0151 minisztereln\u00f6k, \u00e9s mi j\u00e1r m\u00e9g neki<\/a> appeared first on <a href=\"https:\/\/forbes.hu\/\">Forbes.hu<\/a>.<\/p><div id=\"friss-2558728783\" class=\"friss-etarget-cikk-vege friss-entity-placement\"><script type=\"text\/javascript\" id=\"etargetScript7a9b589f63cb072bef80df221f46a22b\">function etargetPostloadFunction7a9b589f63cb072bef80df221f46a22b(){var e=\"etargetPostload7a9b589f63cb072bef80df221f46a22b\",t=\"etargetScript7a9b589f63cb072bef80df221f46a22b\",o=document.getElementById(e);if(o){for(var n=o.offsetTop,d=o.offsetLeft,r=o.offsetWidth,a=o.offsetHeight;o.offsetParent;)o=o.offsetParent,n+=o.offsetTop,d+=o.offsetLeft;var i=(n<=window.pageYOffset+window.innerHeight&&d<window.pageXOffset+window.innerWidth&&n+a>window.pageYOffset&&d+r>window.pageXOffset);if(i&&etargetAllowOtherCheck){allowed=!1;var c=document.createElement(\"script\");return c.src=\"\/\/hu.search.etargetnet.com\/generic\/uni.php?g=ref:58661,area:700x210\",void(document.getElementById(t)&&document.getElementById(e)&&(document.getElementById(t).parentNode.appendChild(c),document.getElementById(t).parentNode.removeChild(document.getElementById(t)),document.getElementById(e).parentNode.removeChild(document.getElementById(e)),document.removeEventListener(\"scroll\",etargetPostloadFunction7a9b589f63cb072bef80df221f46a22b),document.removeEventListener(\"resize\",etargetPostloadFunction7a9b589f63cb072bef80df221f46a22b),document.removeEventListener(\"DOMContentLoaded\",etargetPostloadFunction7a9b589f63cb072bef80df221f46a22b)))}}}var etargetDivID=\"etargetPostload7a9b589f63cb072bef80df221f46a22b\",etargetScriptID=\"etargetScript7a9b589f63cb072bef80df221f46a22b\",etargetPostloadPoint=document.createElement(\"div\");etargetPostloadPoint.id=etargetDivID;var etargetCurScript=document.getElementById(etargetScriptID);etargetCurScript.parentNode.appendChild(etargetPostloadPoint),document.addEventListener(\"scroll\",etargetPostloadFunction7a9b589f63cb072bef80df221f46a22b),document.addEventListener(\"resize\",etargetPostloadFunction7a9b589f63cb072bef80df221f46a22b),document.addEventListener(\"DOMContentLoaded\",etargetPostloadFunction7a9b589f63cb072bef80df221f46a22b);var etargetAllowOtherCheck=!0;if(typeof(\"forceRunPostload\")==\"string\"){etargetPostloadFunction7a9b589f63cb072bef80df221f46a22b()}<\/script><\/div><div id=\"friss-2843375143\" class=\"friss-after-content friss-entity-placement\"><script type=\"text\/javascript\" id=\"etargetScript7a9b589f63cb072bef80df221f46a22b\">function etargetPostloadFunction7a9b589f63cb072bef80df221f46a22b(){var e=\"etargetPostload7a9b589f63cb072bef80df221f46a22b\",t=\"etargetScript7a9b589f63cb072bef80df221f46a22b\",o=document.getElementById(e);if(o){for(var n=o.offsetTop,d=o.offsetLeft,r=o.offsetWidth,a=o.offsetHeight;o.offsetParent;)o=o.offsetParent,n+=o.offsetTop,d+=o.offsetLeft;var i=(n<=window.pageYOffset+window.innerHeight&&d<window.pageXOffset+window.innerWidth&&n+a>window.pageYOffset&&d+r>window.pageXOffset);if(i&&etargetAllowOtherCheck){allowed=!1;var c=document.createElement(\"script\");return c.src=\"\/\/hu.search.etargetnet.com\/generic\/uni.php?g=ref:58661,area:700x210\",void(document.getElementById(t)&&document.getElementById(e)&&(document.getElementById(t).parentNode.appendChild(c),document.getElementById(t).parentNode.removeChild(document.getElementById(t)),document.getElementById(e).parentNode.removeChild(document.getElementById(e)),document.removeEventListener(\"scroll\",etargetPostloadFunction7a9b589f63cb072bef80df221f46a22b),document.removeEventListener(\"resize\",etargetPostloadFunction7a9b589f63cb072bef80df221f46a22b),document.removeEventListener(\"DOMContentLoaded\",etargetPostloadFunction7a9b589f63cb072bef80df221f46a22b)))}}}var etargetDivID=\"etargetPostload7a9b589f63cb072bef80df221f46a22b\",etargetScriptID=\"etargetScript7a9b589f63cb072bef80df221f46a22b\",etargetPostloadPoint=document.createElement(\"div\");etargetPostloadPoint.id=etargetDivID;var etargetCurScript=document.getElementById(etargetScriptID);etargetCurScript.parentNode.appendChild(etargetPostloadPoint),document.addEventListener(\"scroll\",etargetPostloadFunction7a9b589f63cb072bef80df221f46a22b),document.addEventListener(\"resize\",etargetPostloadFunction7a9b589f63cb072bef80df221f46a22b),document.addEventListener(\"DOMContentLoaded\",etargetPostloadFunction7a9b589f63cb072bef80df221f46a22b);var etargetAllowOtherCheck=!0;if(typeof(\"forceRunPostload\")==\"string\"){etargetPostloadFunction7a9b589f63cb072bef80df221f46a22b()}<\/script><\/div><div id=\"friss-2352651288\" class=\"friss-after-content_2 friss-entity-placement\" style=\"clear: both;\"><div class=\"wprss_ajax\" data-id=\"rss4cbbed45b4\"><img loading=\"lazy\" decoding=\"async\" src=\"https:\/\/friss-hirek.hu\/wp-content\/plugins\/wp-rss-retriever\/inc\/imgs\/ajax-loader.gif\" alt=\"Loading RSS Feed\" width=\"16\" height=\"16\"><\/div><\/div><br style=\"clear: both; display: block; float: none;\"\/><div id=\"friss-3469137784\" class=\"friss-after-content_3 friss-entity-placement\">https:\/\/www.youtube.com\/watch?v=Pdnw4KiUWp0<\/div>","protected":false},"excerpt":{"rendered":"<p>A v\u00e1laszt\u00e1si veres\u00e9g ut\u00e1n egyik napr\u00f3l a m\u00e1sikra \u00e1ll\u00e1s n\u00e9lk\u00fcl marad Orb\u00e1n Viktor lek\u00f6sz\u00f6n\u0151 minisztereln\u00f6k, \u00e9s m\u00e1just\u00f3l el kell k\u00f6sz\u00f6nnie a brutt\u00f3 7,58 milli\u00f3 forintos fizet\u00e9st\u0151l.\u00a0 Mi t\u00f6rt\u00e9nt? Orb\u00e1n Viktor a parlamenti munk\u00e1t\u00a0harminchat \u00e9v ut\u00e1n hagyja ott, hivatalosan az \u00faj Orsz\u00e1ggy\u0171l\u00e9s\u00a0m\u00e1jus 9-i alakul\u00f3 \u00fcl\u00e9s\u00e9vel\u00a0sz\u0171nik meg a k\u00e9pvisel\u0151i mand\u00e1tuma. P\u00e1r nappal k\u00e9s\u0151bb, az \u00faj korm\u00e1ny fel\u00e1ll\u00e1sa [&hellip;]<\/p>\n","protected":false},"author":1,"featured_media":0,"comment_status":"open","ping_status":"open","sticky":false,"template":"","format":"standard","meta":{"footnotes":""},"categories":[7],"tags":[],"class_list":["post-166094","post","type-post","status-publish","format-standard","hentry","category-uzlet"],"amp_enabled":true,"_links":{"self":[{"href":"https:\/\/friss-hirek.hu\/index.php\/wp-json\/wp\/v2\/posts\/166094","targetHints":{"allow":["GET"]}}],"collection":[{"href":"https:\/\/friss-hirek.hu\/index.php\/wp-json\/wp\/v2\/posts"}],"about":[{"href":"https:\/\/friss-hirek.hu\/index.php\/wp-json\/wp\/v2\/types\/post"}],"author":[{"embeddable":true,"href":"https:\/\/friss-hirek.hu\/index.php\/wp-json\/wp\/v2\/users\/1"}],"replies":[{"embeddable":true,"href":"https:\/\/friss-hirek.hu\/index.php\/wp-json\/wp\/v2\/comments?post=166094"}],"version-history":[{"count":0,"href":"https:\/\/friss-hirek.hu\/index.php\/wp-json\/wp\/v2\/posts\/166094\/revisions"}],"wp:attachment":[{"href":"https:\/\/friss-hirek.hu\/index.php\/wp-json\/wp\/v2\/media?parent=166094"}],"wp:term":[{"taxonomy":"category","embeddable":true,"href":"https:\/\/friss-hirek.hu\/index.php\/wp-json\/wp\/v2\/categories?post=166094"},{"taxonomy":"post_tag","embeddable":true,"href":"https:\/\/friss-hirek.hu\/index.php\/wp-json\/wp\/v2\/tags?post=166094"}],"curies":[{"name":"wp","href":"https:\/\/api.w.org\/{rel}","templated":true}]}}