{"id":166096,"date":"2026-04-28T07:41:03","date_gmt":"2026-04-28T07:41:03","guid":{"rendered":"https:\/\/friss-hirek.hu\/index.php\/olyan-alacsony-a-duna-vizallasa-hogy-ujra-elobukkant-az-inseg-szikla\/friss-hirek\/"},"modified":"2026-04-28T07:41:03","modified_gmt":"2026-04-28T07:41:03","slug":"olyan-alacsony-a-duna-vizallasa-hogy-ujra-elobukkant-az-inseg-szikla","status":"publish","type":"post","link":"https:\/\/friss-hirek.hu\/index.php\/olyan-alacsony-a-duna-vizallasa-hogy-ujra-elobukkant-az-inseg-szikla\/videk\/","title":{"rendered":"Olyan alacsony a Duna v\u00edz\u00e1ll\u00e1sa, hogy \u00fajra el\u0151bukkant az \u00cdns\u00e9g-szikla"},"content":{"rendered":"<p>90 centim\u00e9ter al\u00e1 cs\u00f6kkent a Duna v\u00edzszintje Budapestn\u00e9l, \u00edgy l\u00e1that\u00f3v\u00e1 v\u00e1lt az \u00cdns\u00e9g-szikla a Gell\u00e9rt-hegyn\u00e9l, ahogy tavaly m\u00e1rciusban \u00e9s decemberben is.<\/p><div id=\"friss-877394506\" class=\"friss-etarget friss-entity-placement\"><script type=\"text\/javascript\" id=\"etargetScript7a9b589f63cb072bef80df221f46a22b\">function etargetPostloadFunction7a9b589f63cb072bef80df221f46a22b(){var e=\"etargetPostload7a9b589f63cb072bef80df221f46a22b\",t=\"etargetScript7a9b589f63cb072bef80df221f46a22b\",o=document.getElementById(e);if(o){for(var n=o.offsetTop,d=o.offsetLeft,r=o.offsetWidth,a=o.offsetHeight;o.offsetParent;)o=o.offsetParent,n+=o.offsetTop,d+=o.offsetLeft;var i=(n<=window.pageYOffset+window.innerHeight&&d<window.pageXOffset+window.innerWidth&&n+a>window.pageYOffset&&d+r>window.pageXOffset);if(i&&etargetAllowOtherCheck){allowed=!1;var c=document.createElement(\"script\");return c.src=\"\/\/hu.search.etargetnet.com\/generic\/uni.php?g=ref:58661,area:700x210\",void(document.getElementById(t)&&document.getElementById(e)&&(document.getElementById(t).parentNode.appendChild(c),document.getElementById(t).parentNode.removeChild(document.getElementById(t)),document.getElementById(e).parentNode.removeChild(document.getElementById(e)),document.removeEventListener(\"scroll\",etargetPostloadFunction7a9b589f63cb072bef80df221f46a22b),document.removeEventListener(\"resize\",etargetPostloadFunction7a9b589f63cb072bef80df221f46a22b),document.removeEventListener(\"DOMContentLoaded\",etargetPostloadFunction7a9b589f63cb072bef80df221f46a22b)))}}}var etargetDivID=\"etargetPostload7a9b589f63cb072bef80df221f46a22b\",etargetScriptID=\"etargetScript7a9b589f63cb072bef80df221f46a22b\",etargetPostloadPoint=document.createElement(\"div\");etargetPostloadPoint.id=etargetDivID;var etargetCurScript=document.getElementById(etargetScriptID);etargetCurScript.parentNode.appendChild(etargetPostloadPoint),document.addEventListener(\"scroll\",etargetPostloadFunction7a9b589f63cb072bef80df221f46a22b),document.addEventListener(\"resize\",etargetPostloadFunction7a9b589f63cb072bef80df221f46a22b),document.addEventListener(\"DOMContentLoaded\",etargetPostloadFunction7a9b589f63cb072bef80df221f46a22b);var etargetAllowOtherCheck=!0;if(typeof(\"forceRunPostload\")==\"string\"){etargetPostloadFunction7a9b589f63cb072bef80df221f46a22b()}<\/script><\/div>\n<p>Az \u00cdns\u00e9g-szikla vagy \u00cdns\u00e9g-k\u0151, \u00cdns\u00e9g-z\u00e1tony egy (\u00e1ltal\u00e1ban v\u00edzzel fedett) sziklaszirt a Dun\u00e1ban, a Gell\u00e9rt-hegy l\u00e1b\u00e1n\u00e1l, az 1645,4 folyamkilom\u00e9tern\u00e9l, a n\u00e9pnyelv szerint \u201eMagyarorsz\u00e1g legalacsonyabb hegycs\u00facsa\u201d.<\/p>\n<p>A <a href=\"https:\/\/pecaverzum.hu\/aktualis\/olyan-alacsony-a-duna-vizallasa-a-fovarosban-hogy-elobukkant-az-inseg-szikla\" target=\"_blank\" rel=\"noopener\">Pecaverzum besz\u00e1mol\u00f3ja<\/a> szerint a szirt tengerszint feletti magass\u00e1ga 95,76 m\u00e9ter. A nev\u00e9t onnan kapta, hogy olyan alacsony v\u00edz\u00e1ll\u00e1sn\u00e1l l\u00e1that\u00f3 (95 centim\u00e9ter alatt), ami csak asz\u00e1lyos id\u0151szakban (\u00edns\u00e9g idej\u00e9n) fordulhat el\u0151.<\/p>\n<p><span class=\"highlight-block-small _ce_measure_widget\" data-ce-measure-widget=\"Kiemel\u00e9s - hossz\u00fa sz\u00f6veghez\">A budapesti v\u00edzm\u00e9rce szerint a Duna v\u00edz\u00e1ll\u00e1sa \u00e1prilis 27-\u00e9n, h\u00e9tf\u0151n 111 \u00f3rakor cs\u00f6kkent 95 centire, majd 23 \u00f3r\u00e1ra tov\u00e1bbi 6 centit apad a foly\u00f3, 89 centire.\u00a0<\/span><\/p>\n<p>A Dun\u00e1n \u00e1prilis 27-\u00e9n t\u00f6bb helyen is negat\u00edv \u00e9rt\u00e9keket m\u00e9rtek: Ercsin\u00e9l m\u00ednusz 18 centit, Duna\u00fajv\u00e1rosn\u00e1l m\u00ednusz 18 centit, m\u00edg Dunaf\u00f6ldv\u00e1rn\u00e1l m\u00ednusz 132 centit mutatott a v\u00edzm\u00e9rce.<\/p>\n<p><a href=\"https:\/\/s.24.hu\/app\/uploads\/sites\/11\/2026\/04\/20260428-vizalllas-budapest.png\"><img loading=\"lazy\" decoding=\"async\" class=\"alignnone wp-image-366584 \" src=\"https:\/\/s.24.hu\/app\/uploads\/sites\/11\/2026\/04\/20260428-vizalllas-budapest.png\" alt=\"\" width=\"946\" height=\"1012\" title=\"Olyan alacsony a Duna v\u00edz\u00e1ll\u00e1sa, hogy \u00fajra el\u0151bukkant az \u00cdns\u00e9g-szikla 1\" \/><\/a><\/p>\n<p>A F\u0151v\u00e1rosi V\u00edzm\u0171vek tavaly, december 30-\u00e1n <a href=\"https:\/\/www.facebook.com\/photo.php?fbid=1392082902928539&amp;set=pb.100063805277736.-2207520000&amp;type=3\" target=\"_blank\" rel=\"noopener\">osztott meg egy fot\u00f3t<\/a> (nyit\u00f3k\u00e9p\u00fcnk\u00f6n a mont\u00e1zs bal oldali r\u00e9sze), melyhez azt \u00edrt\u00e1k, hogy\u00a0a szirt egyre gyakoribb l\u00e1that\u00f3s\u00e1ga aggodalomra ad okot a glob\u00e1lis felmeleged\u00e9snek kitett j\u00f6v\u0151re n\u00e9zve.<\/p>\n<p>Besz\u00e1moltunk arr\u00f3l is, hogy <a href=\"https:\/\/sokszinuvidek.24.hu\/mozaik\/2026\/04\/17\/setahajo-duna-hajozas-hajozasi-szezon-szentendre-zebegeny-visegrad\/\" target=\"_blank\" rel=\"noopener\">elindultak a dunai s\u00e9tahaj\u00f3k, megkezd\u0151d\u00f6tt a szezon<\/a>, egy asz\u00e1ly pedig <a href=\"https:\/\/sokszinuvidek.24.hu\/mozaik\/2025\/05\/20\/zatonyra-futott-uszaly-dunafoldvar-alacsony-vizallas-a-dunan\/\" target=\"_blank\" rel=\"noopener\">z\u00e1tonyra futott Dunaf\u00f6ldv\u00e1rn\u00e1l<\/a>. \u00c9s <a href=\"https:\/\/sokszinuvidek.24.hu\/viragzo-videkunk\/2026\/03\/22\/keresz-dunavirag-megyeri-hid-fenysorompo\/\" target=\"_blank\" rel=\"noopener\">megmenek\u00fclnek a k\u00e9r\u00e9szek: f\u00e9nysoromp\u00f3 ker\u00fcl a Megyeri h\u00eddra<\/a>.<\/p>\n<div class=\"o-post__articRecommend m-articRecommend -hasImg cf article-recommendation-container cf _ce_measure_widget\" data-ce-measure-widget=\"Cikkaj\u00e1nl\u00f3 widget\">\n<div class=\"m-articRecommend__widgetTitle\">Kapcsol\u00f3d\u00f3<\/div>\n<div class=\"m-articRecommend__imgWrap image-container\"><a href=\"https:\/\/sokszinuvidek.24.hu\/mozaik\/2025\/03\/07\/tortenelmi-pillanat-varhato-a-dunan-1876-ota-nem-lattak-ilyet\/\" target=\"_self\"><img loading=\"lazy\" decoding=\"async\" width=\"480\" height=\"270\" src=\"https:\/\/s.24.hu\/app\/uploads\/sites\/11\/2025\/03\/szikla-e1741245433767-480x270.jpg\" class=\"img-responsive wp-post-image\" alt=\"\" \/><\/a><\/div>\n<div class=\"m-articRecommend__cntWrap content-container \">\n\t\t\t<a href=\"https:\/\/sokszinuvidek.24.hu\/mozaik\/2025\/03\/07\/tortenelmi-pillanat-varhato-a-dunan-1876-ota-nem-lattak-ilyet\/\" target=\"_self\" class=\"m-articRecommend__title ar-title\">T\u00f6rt\u00e9nelmi pillanat v\u00e1rhat\u00f3 a Dun\u00e1n: 1876 \u00f3ta nem fordult el\u0151 ilyen<\/a>\n<div class=\"m-articRecommend__lead ar-lead\">El\u0151bukkanhat a foly\u00f3b\u00f3l a a n\u00e9pnyelv szerint \u201eMagyarorsz\u00e1g legalacsonyabb hegycs\u00facsa\u201d.<\/div>\n<\/div>\n<\/div>\n<p>The post <a href=\"https:\/\/sokszinuvidek.24.hu\/mozaik\/2026\/04\/28\/inseg-szikla-duna-alacsony-vizallas-aszaly\/\" target=\"_blank\">Olyan alacsony a Duna v\u00edz\u00e1ll\u00e1sa, hogy \u00fajra el\u0151bukkant az \u00cdns\u00e9g-szikla<\/a> first appeared on <a href=\"https:\/\/sokszinuvidek.24.hu\/\" target=\"_blank\">Soksz\u00edn\u0171 vid\u00e9k<\/a>.<\/p><div id=\"friss-220352268\" class=\"friss-etarget-cikk-vege friss-entity-placement\"><script type=\"text\/javascript\" id=\"etargetScript7a9b589f63cb072bef80df221f46a22b\">function etargetPostloadFunction7a9b589f63cb072bef80df221f46a22b(){var e=\"etargetPostload7a9b589f63cb072bef80df221f46a22b\",t=\"etargetScript7a9b589f63cb072bef80df221f46a22b\",o=document.getElementById(e);if(o){for(var n=o.offsetTop,d=o.offsetLeft,r=o.offsetWidth,a=o.offsetHeight;o.offsetParent;)o=o.offsetParent,n+=o.offsetTop,d+=o.offsetLeft;var i=(n<=window.pageYOffset+window.innerHeight&&d<window.pageXOffset+window.innerWidth&&n+a>window.pageYOffset&&d+r>window.pageXOffset);if(i&&etargetAllowOtherCheck){allowed=!1;var c=document.createElement(\"script\");return c.src=\"\/\/hu.search.etargetnet.com\/generic\/uni.php?g=ref:58661,area:700x210\",void(document.getElementById(t)&&document.getElementById(e)&&(document.getElementById(t).parentNode.appendChild(c),document.getElementById(t).parentNode.removeChild(document.getElementById(t)),document.getElementById(e).parentNode.removeChild(document.getElementById(e)),document.removeEventListener(\"scroll\",etargetPostloadFunction7a9b589f63cb072bef80df221f46a22b),document.removeEventListener(\"resize\",etargetPostloadFunction7a9b589f63cb072bef80df221f46a22b),document.removeEventListener(\"DOMContentLoaded\",etargetPostloadFunction7a9b589f63cb072bef80df221f46a22b)))}}}var etargetDivID=\"etargetPostload7a9b589f63cb072bef80df221f46a22b\",etargetScriptID=\"etargetScript7a9b589f63cb072bef80df221f46a22b\",etargetPostloadPoint=document.createElement(\"div\");etargetPostloadPoint.id=etargetDivID;var etargetCurScript=document.getElementById(etargetScriptID);etargetCurScript.parentNode.appendChild(etargetPostloadPoint),document.addEventListener(\"scroll\",etargetPostloadFunction7a9b589f63cb072bef80df221f46a22b),document.addEventListener(\"resize\",etargetPostloadFunction7a9b589f63cb072bef80df221f46a22b),document.addEventListener(\"DOMContentLoaded\",etargetPostloadFunction7a9b589f63cb072bef80df221f46a22b);var etargetAllowOtherCheck=!0;if(typeof(\"forceRunPostload\")==\"string\"){etargetPostloadFunction7a9b589f63cb072bef80df221f46a22b()}<\/script><\/div><div id=\"friss-1949483123\" class=\"friss-after-content friss-entity-placement\"><script type=\"text\/javascript\" id=\"etargetScript7a9b589f63cb072bef80df221f46a22b\">function etargetPostloadFunction7a9b589f63cb072bef80df221f46a22b(){var e=\"etargetPostload7a9b589f63cb072bef80df221f46a22b\",t=\"etargetScript7a9b589f63cb072bef80df221f46a22b\",o=document.getElementById(e);if(o){for(var n=o.offsetTop,d=o.offsetLeft,r=o.offsetWidth,a=o.offsetHeight;o.offsetParent;)o=o.offsetParent,n+=o.offsetTop,d+=o.offsetLeft;var i=(n<=window.pageYOffset+window.innerHeight&&d<window.pageXOffset+window.innerWidth&&n+a>window.pageYOffset&&d+r>window.pageXOffset);if(i&&etargetAllowOtherCheck){allowed=!1;var c=document.createElement(\"script\");return c.src=\"\/\/hu.search.etargetnet.com\/generic\/uni.php?g=ref:58661,area:700x210\",void(document.getElementById(t)&&document.getElementById(e)&&(document.getElementById(t).parentNode.appendChild(c),document.getElementById(t).parentNode.removeChild(document.getElementById(t)),document.getElementById(e).parentNode.removeChild(document.getElementById(e)),document.removeEventListener(\"scroll\",etargetPostloadFunction7a9b589f63cb072bef80df221f46a22b),document.removeEventListener(\"resize\",etargetPostloadFunction7a9b589f63cb072bef80df221f46a22b),document.removeEventListener(\"DOMContentLoaded\",etargetPostloadFunction7a9b589f63cb072bef80df221f46a22b)))}}}var etargetDivID=\"etargetPostload7a9b589f63cb072bef80df221f46a22b\",etargetScriptID=\"etargetScript7a9b589f63cb072bef80df221f46a22b\",etargetPostloadPoint=document.createElement(\"div\");etargetPostloadPoint.id=etargetDivID;var etargetCurScript=document.getElementById(etargetScriptID);etargetCurScript.parentNode.appendChild(etargetPostloadPoint),document.addEventListener(\"scroll\",etargetPostloadFunction7a9b589f63cb072bef80df221f46a22b),document.addEventListener(\"resize\",etargetPostloadFunction7a9b589f63cb072bef80df221f46a22b),document.addEventListener(\"DOMContentLoaded\",etargetPostloadFunction7a9b589f63cb072bef80df221f46a22b);var etargetAllowOtherCheck=!0;if(typeof(\"forceRunPostload\")==\"string\"){etargetPostloadFunction7a9b589f63cb072bef80df221f46a22b()}<\/script><\/div><div id=\"friss-1134294044\" class=\"friss-after-content_2 friss-entity-placement\" style=\"clear: both;\"><div class=\"wprss_ajax\" data-id=\"rsseae37554e5\"><img loading=\"lazy\" decoding=\"async\" src=\"https:\/\/friss-hirek.hu\/wp-content\/plugins\/wp-rss-retriever\/inc\/imgs\/ajax-loader.gif\" alt=\"Loading RSS Feed\" width=\"16\" height=\"16\"><\/div><\/div><br style=\"clear: both; display: block; float: none;\"\/><div id=\"friss-3369314029\" class=\"friss-after-content_3 friss-entity-placement\">https:\/\/www.youtube.com\/watch?v=Pdnw4KiUWp0<\/div>","protected":false},"excerpt":{"rendered":"<p>90 centim\u00e9ter al\u00e1 cs\u00f6kkent a Duna v\u00edzszintje Budapestn\u00e9l, \u00edgy l\u00e1that\u00f3v\u00e1 v\u00e1lt az \u00cdns\u00e9g-szikla a Gell\u00e9rt-hegyn\u00e9l, ahogy tavaly m\u00e1rciusban \u00e9s decemberben is. Az \u00cdns\u00e9g-szikla vagy \u00cdns\u00e9g-k\u0151, \u00cdns\u00e9g-z\u00e1tony egy (\u00e1ltal\u00e1ban v\u00edzzel fedett) sziklaszirt a Dun\u00e1ban, a Gell\u00e9rt-hegy l\u00e1b\u00e1n\u00e1l, az 1645,4 folyamkilom\u00e9tern\u00e9l, a n\u00e9pnyelv szerint \u201eMagyarorsz\u00e1g legalacsonyabb hegycs\u00facsa\u201d. A Pecaverzum besz\u00e1mol\u00f3ja szerint a szirt tengerszint feletti magass\u00e1ga 95,76 [&hellip;]<\/p>\n","protected":false},"author":1,"featured_media":0,"comment_status":"open","ping_status":"open","sticky":false,"template":"","format":"standard","meta":{"footnotes":""},"categories":[6],"tags":[],"class_list":["post-166096","post","type-post","status-publish","format-standard","hentry","category-videk"],"amp_enabled":true,"_links":{"self":[{"href":"https:\/\/friss-hirek.hu\/index.php\/wp-json\/wp\/v2\/posts\/166096","targetHints":{"allow":["GET"]}}],"collection":[{"href":"https:\/\/friss-hirek.hu\/index.php\/wp-json\/wp\/v2\/posts"}],"about":[{"href":"https:\/\/friss-hirek.hu\/index.php\/wp-json\/wp\/v2\/types\/post"}],"author":[{"embeddable":true,"href":"https:\/\/friss-hirek.hu\/index.php\/wp-json\/wp\/v2\/users\/1"}],"replies":[{"embeddable":true,"href":"https:\/\/friss-hirek.hu\/index.php\/wp-json\/wp\/v2\/comments?post=166096"}],"version-history":[{"count":0,"href":"https:\/\/friss-hirek.hu\/index.php\/wp-json\/wp\/v2\/posts\/166096\/revisions"}],"wp:attachment":[{"href":"https:\/\/friss-hirek.hu\/index.php\/wp-json\/wp\/v2\/media?parent=166096"}],"wp:term":[{"taxonomy":"category","embeddable":true,"href":"https:\/\/friss-hirek.hu\/index.php\/wp-json\/wp\/v2\/categories?post=166096"},{"taxonomy":"post_tag","embeddable":true,"href":"https:\/\/friss-hirek.hu\/index.php\/wp-json\/wp\/v2\/tags?post=166096"}],"curies":[{"name":"wp","href":"https:\/\/api.w.org\/{rel}","templated":true}]}}