{"id":166101,"date":"2026-04-28T08:41:40","date_gmt":"2026-04-28T08:41:40","guid":{"rendered":"https:\/\/friss-hirek.hu\/index.php\/megtalaltak-a-korrupcioval-vadolt-lengyel-politikust-akit-a-lekoszono-kormany-segitett-a-menekulesben\/friss-hirek\/"},"modified":"2026-04-28T08:41:40","modified_gmt":"2026-04-28T08:41:40","slug":"megtalaltak-a-korrupcioval-vadolt-lengyel-politikust-akit-a-lekoszono-kormany-segitett-a-menekulesben","status":"publish","type":"post","link":"https:\/\/friss-hirek.hu\/index.php\/megtalaltak-a-korrupcioval-vadolt-lengyel-politikust-akit-a-lekoszono-kormany-segitett-a-menekulesben\/uzlet\/","title":{"rendered":"Megtal\u00e1lt\u00e1k a korrupci\u00f3val v\u00e1dolt lengyel politikust, akit a lek\u00f6sz\u00f6n\u0151 korm\u00e1ny seg\u00edtett a menek\u00fcl\u00e9sben"},"content":{"rendered":"<p><strong>Az els\u0151 ker\u00fcleti lak\u00e1s egyik tulajdonosa P\u00e1rkai D\u00e1vid Zsolt, aki egy, a Direkt36 \u00e1ltal megszerzett dokumentum szerint \u201ek\u00e9pvisel\u0151i tev\u00e9kenys\u00e9get seg\u00edt\u0151 szem\u00e9lyi titk\u00e1rk\u00e9nt\u201d dolgozik a Fidesz-frakci\u00f3ban. <\/strong><\/p><div id=\"friss-4215633352\" class=\"friss-etarget friss-entity-placement\"><script type=\"text\/javascript\" id=\"etargetScript7a9b589f63cb072bef80df221f46a22b\">function etargetPostloadFunction7a9b589f63cb072bef80df221f46a22b(){var e=\"etargetPostload7a9b589f63cb072bef80df221f46a22b\",t=\"etargetScript7a9b589f63cb072bef80df221f46a22b\",o=document.getElementById(e);if(o){for(var n=o.offsetTop,d=o.offsetLeft,r=o.offsetWidth,a=o.offsetHeight;o.offsetParent;)o=o.offsetParent,n+=o.offsetTop,d+=o.offsetLeft;var i=(n<=window.pageYOffset+window.innerHeight&&d<window.pageXOffset+window.innerWidth&&n+a>window.pageYOffset&&d+r>window.pageXOffset);if(i&&etargetAllowOtherCheck){allowed=!1;var c=document.createElement(\"script\");return c.src=\"\/\/hu.search.etargetnet.com\/generic\/uni.php?g=ref:58661,area:700x210\",void(document.getElementById(t)&&document.getElementById(e)&&(document.getElementById(t).parentNode.appendChild(c),document.getElementById(t).parentNode.removeChild(document.getElementById(t)),document.getElementById(e).parentNode.removeChild(document.getElementById(e)),document.removeEventListener(\"scroll\",etargetPostloadFunction7a9b589f63cb072bef80df221f46a22b),document.removeEventListener(\"resize\",etargetPostloadFunction7a9b589f63cb072bef80df221f46a22b),document.removeEventListener(\"DOMContentLoaded\",etargetPostloadFunction7a9b589f63cb072bef80df221f46a22b)))}}}var etargetDivID=\"etargetPostload7a9b589f63cb072bef80df221f46a22b\",etargetScriptID=\"etargetScript7a9b589f63cb072bef80df221f46a22b\",etargetPostloadPoint=document.createElement(\"div\");etargetPostloadPoint.id=etargetDivID;var etargetCurScript=document.getElementById(etargetScriptID);etargetCurScript.parentNode.appendChild(etargetPostloadPoint),document.addEventListener(\"scroll\",etargetPostloadFunction7a9b589f63cb072bef80df221f46a22b),document.addEventListener(\"resize\",etargetPostloadFunction7a9b589f63cb072bef80df221f46a22b),document.addEventListener(\"DOMContentLoaded\",etargetPostloadFunction7a9b589f63cb072bef80df221f46a22b);var etargetAllowOtherCheck=!0;if(typeof(\"forceRunPostload\")==\"string\"){etargetPostloadFunction7a9b589f63cb072bef80df221f46a22b()}<\/script><\/div>\n<p><strong>Mi t\u00f6rt\u00e9nt? <\/strong>A Telex-Direkt36 azt \u00edrja, m\u00e1r eddig is lehetett tudni, hogy Marcin Romanowskit, Lengyelorsz\u00e1g korrupci\u00f3val v\u00e1dolt politikus\u00e1t a magyar korm\u00e1ny seg\u00edti abban, hogy elmenek\u00fclj\u00f6n a lengyel igazs\u00e1gszolg\u00e1ltat\u00e1s el\u0151l. <a href=\"https:\/\/telex.hu\/direkt36\/2026\/04\/28\/a-fidesz-frakcio-munkatarsanak-lakasaban-lakik-a-magyarorszagra-menekult-korozott-lengyel-politikus\">A Direkt36 <\/a>most kider\u00edtette, hogy enn\u00e9l m\u00e9g szorosabbak a sz\u00e1lak a korm\u00e1ny \u00e9s az elfogat\u00f3parancs alatt \u00e1ll\u00f3 Romanowski k\u00f6z\u00f6tt. Lengyelorsz\u00e1g kor\u00e1bbi igazs\u00e1g\u00fcgyi miniszterhelyettese ugyanis a Fidesz-frakci\u00f3 egyik munkat\u00e1rs\u00e1nak lak\u00e1s\u00e1ban lakik.<\/p>\n<p><strong>Kontextus. <\/strong>Az els\u0151 ker\u00fcleti lak\u00e1s egyik tulajdonosa P\u00e1rkai D\u00e1vid Zsolt, aki egy, a Direkt36 \u00e1ltal megszerzett dokumentum szerint \u201ek\u00e9pvisel\u0151i tev\u00e9kenys\u00e9get seg\u00edt\u0151 szem\u00e9lyi titk\u00e1rk\u00e9nt\u201d dolgozik a Fidesz-frakci\u00f3ban. A szerz\u0151d\u00e9s szerint Kocsis M\u00e1t\u00e9 frakci\u00f3vezet\u0151 szerz\u0151dtette le P\u00e1rkait 2025 szeptember\u00e9ben napi 8 \u00f3r\u00e1ban. A Direkt36 \u00fajs\u00e1g\u00edr\u00f3i<a href=\"https:\/\/youtu.be\/VtwN0yU0Vhs?si=MBt4tNoCwuMzh2Gl\"> szem\u00e9lyesen is felkerest\u00e9k<\/a> Romanowskit a budai ingatlanban, azonban a k\u00e9rd\u00e9seikre nem v\u00e1laszolt. P\u00e1rkai a Direkt36-nak meger\u0151s\u00edtette, hogy Romanowski az \u0151 r\u00e9sztulajdon\u00e1ban \u00e1ll\u00f3 ingatlanban lakik.\u00a0<\/p>\n<p><strong>Mi k\u00f6vetkezik ebb\u0151l? <\/strong>P\u00e1rkai \u00e1ll\u00edtotta, hogy Kocsis M\u00e1t\u00e9nak nem volt k\u00f6ze ahhoz, hogy Romanowski az \u0151 ingatlan\u00e1ban k\u00f6t\u00f6tt ki. Hangs\u00falyozta, hogy a lengyel politikus m\u00e1r az el\u0151tt a lak\u00e1sban tart\u00f3zkodott, hogy \u0151 megkapta a parlamenti poz\u00edci\u00f3t. Ez val\u00f3ban \u00edgy lehet, a Direkt36 \u00e1ltal megszerzett dokumentumok szerint ugyanis P\u00e1rkai 2024 decembere \u00f3ta adja b\u00e9rbe ingatlan\u00e1t Romanowskinak. K\u00f6z\u00f6lte, hogy Romanowski az\u00f3ta lakik a lak\u00e1s\u00e1ban, hogy mened\u00e9kjogot kapott, \u00edgy a politikus leg\u00e1lisan tart\u00f3zkodik az ingatlanban.<\/p>\n<p><strong>Mi j\u00f6n ezut\u00e1n? <\/strong>Romanowski st\u00e1tusza azonban hamarosan megv\u00e1ltozhat. Magyar P\u00e9ter leend\u0151 minisztereln\u00f6k \u00e1prilis 13-i\u00a0sajt\u00f3t\u00e1j\u00e9koztat\u00f3j\u00e1n ugyanis k\u00f6z\u00f6lte, hogy a korm\u00e1nyalak\u00edt\u00e1s ut\u00e1n a Tisza P\u00e1rt fel\u00fclvizsg\u00e1lja az Orb\u00e1n-korm\u00e1nyt\u00f3l politikai mened\u00e9kjogot kapott, haz\u00e1jukban m\u00e1r meghozott \u00edt\u00e9lettel vagy b\u00edr\u00f3s\u00e1gi perrel szemben\u00e9z\u0151 politikusok helyzet\u00e9t, \u00edgy Romanowski mened\u00e9kjog\u00e1t is.<\/p>\n<p><strong>Kicsoda Romanowski? <\/strong>Marcin Romanowski igazs\u00e1g\u00fcgyi miniszterhelyettes volt a Fidesszel sz\u00f6vets\u00e9ges Jog \u00e9s Igazs\u00e1goss\u00e1g (PiS) korm\u00e1ny\u00e1ban. A p\u00e1rt a 2023-as v\u00e1laszt\u00e1st elvesz\u00edtette, \u00e9s ezzel ellenz\u00e9kbe ker\u00fclt. Romanowskit ezt k\u00f6vet\u0151en gyan\u00fas\u00edtotta meg a lengyel \u00fcgy\u00e9szs\u00e9g szervezett b\u0171n\u00f6z\u0151i csoportban val\u00f3 r\u00e9szv\u00e9tellel, \u00e9s \u00f6sszesen 19 v\u00e1dpontot fogalmazott meg ellene. Az \u00fcgy\u00e9szs\u00e9g szerint a politikusok egy igazs\u00e1g\u00fcgyi alapb\u00f3l 16 milli\u00e1rd forint \u00e9rt\u00e9kben juttattak t\u00e1mogat\u00e1st t\u00f6rv\u00e9nytelen\u00fcl a p\u00e1rthoz k\u00f6t\u0151d\u0151 szervezeteknek, illetve szerezt\u00e9k be a Pegasus nev\u0171 k\u00e9mszoftvert. Romanowskit 2024 j\u00falius\u00e1ban a lengyel hat\u00f3s\u00e1gok \u0151rizetbe vett\u00e9k, de hamar szabadl\u00e1bra ker\u00fclt, mert az Eur\u00f3pa Tan\u00e1cs Parlamenti K\u00f6zgy\u0171l\u00e9s\u00e9nek (PACE) tagjak\u00e9nt mentelmi joga volt.\u00a0<\/p>\n<p><!-- No email blocks found --><\/p>\n<p>The post <a href=\"https:\/\/forbes.hu\/uzlet\/megtalaltak-a-korrupcioval-vadolt-lengyel-politikust-akit-az-elozo-kormany-segitett-a-menekulesben\/\">Megtal\u00e1lt\u00e1k a korrupci\u00f3val v\u00e1dolt lengyel politikust, akit a lek\u00f6sz\u00f6n\u0151 korm\u00e1ny seg\u00edtett a menek\u00fcl\u00e9sben<\/a> appeared first on <a href=\"https:\/\/forbes.hu\/\">Forbes.hu<\/a>.<\/p><div id=\"friss-3299105388\" class=\"friss-etarget-cikk-vege friss-entity-placement\"><script type=\"text\/javascript\" id=\"etargetScript7a9b589f63cb072bef80df221f46a22b\">function etargetPostloadFunction7a9b589f63cb072bef80df221f46a22b(){var e=\"etargetPostload7a9b589f63cb072bef80df221f46a22b\",t=\"etargetScript7a9b589f63cb072bef80df221f46a22b\",o=document.getElementById(e);if(o){for(var n=o.offsetTop,d=o.offsetLeft,r=o.offsetWidth,a=o.offsetHeight;o.offsetParent;)o=o.offsetParent,n+=o.offsetTop,d+=o.offsetLeft;var i=(n<=window.pageYOffset+window.innerHeight&&d<window.pageXOffset+window.innerWidth&&n+a>window.pageYOffset&&d+r>window.pageXOffset);if(i&&etargetAllowOtherCheck){allowed=!1;var c=document.createElement(\"script\");return c.src=\"\/\/hu.search.etargetnet.com\/generic\/uni.php?g=ref:58661,area:700x210\",void(document.getElementById(t)&&document.getElementById(e)&&(document.getElementById(t).parentNode.appendChild(c),document.getElementById(t).parentNode.removeChild(document.getElementById(t)),document.getElementById(e).parentNode.removeChild(document.getElementById(e)),document.removeEventListener(\"scroll\",etargetPostloadFunction7a9b589f63cb072bef80df221f46a22b),document.removeEventListener(\"resize\",etargetPostloadFunction7a9b589f63cb072bef80df221f46a22b),document.removeEventListener(\"DOMContentLoaded\",etargetPostloadFunction7a9b589f63cb072bef80df221f46a22b)))}}}var etargetDivID=\"etargetPostload7a9b589f63cb072bef80df221f46a22b\",etargetScriptID=\"etargetScript7a9b589f63cb072bef80df221f46a22b\",etargetPostloadPoint=document.createElement(\"div\");etargetPostloadPoint.id=etargetDivID;var etargetCurScript=document.getElementById(etargetScriptID);etargetCurScript.parentNode.appendChild(etargetPostloadPoint),document.addEventListener(\"scroll\",etargetPostloadFunction7a9b589f63cb072bef80df221f46a22b),document.addEventListener(\"resize\",etargetPostloadFunction7a9b589f63cb072bef80df221f46a22b),document.addEventListener(\"DOMContentLoaded\",etargetPostloadFunction7a9b589f63cb072bef80df221f46a22b);var etargetAllowOtherCheck=!0;if(typeof(\"forceRunPostload\")==\"string\"){etargetPostloadFunction7a9b589f63cb072bef80df221f46a22b()}<\/script><\/div><div id=\"friss-2594206230\" class=\"friss-after-content friss-entity-placement\"><script type=\"text\/javascript\" id=\"etargetScript7a9b589f63cb072bef80df221f46a22b\">function etargetPostloadFunction7a9b589f63cb072bef80df221f46a22b(){var e=\"etargetPostload7a9b589f63cb072bef80df221f46a22b\",t=\"etargetScript7a9b589f63cb072bef80df221f46a22b\",o=document.getElementById(e);if(o){for(var n=o.offsetTop,d=o.offsetLeft,r=o.offsetWidth,a=o.offsetHeight;o.offsetParent;)o=o.offsetParent,n+=o.offsetTop,d+=o.offsetLeft;var i=(n<=window.pageYOffset+window.innerHeight&&d<window.pageXOffset+window.innerWidth&&n+a>window.pageYOffset&&d+r>window.pageXOffset);if(i&&etargetAllowOtherCheck){allowed=!1;var c=document.createElement(\"script\");return c.src=\"\/\/hu.search.etargetnet.com\/generic\/uni.php?g=ref:58661,area:700x210\",void(document.getElementById(t)&&document.getElementById(e)&&(document.getElementById(t).parentNode.appendChild(c),document.getElementById(t).parentNode.removeChild(document.getElementById(t)),document.getElementById(e).parentNode.removeChild(document.getElementById(e)),document.removeEventListener(\"scroll\",etargetPostloadFunction7a9b589f63cb072bef80df221f46a22b),document.removeEventListener(\"resize\",etargetPostloadFunction7a9b589f63cb072bef80df221f46a22b),document.removeEventListener(\"DOMContentLoaded\",etargetPostloadFunction7a9b589f63cb072bef80df221f46a22b)))}}}var etargetDivID=\"etargetPostload7a9b589f63cb072bef80df221f46a22b\",etargetScriptID=\"etargetScript7a9b589f63cb072bef80df221f46a22b\",etargetPostloadPoint=document.createElement(\"div\");etargetPostloadPoint.id=etargetDivID;var etargetCurScript=document.getElementById(etargetScriptID);etargetCurScript.parentNode.appendChild(etargetPostloadPoint),document.addEventListener(\"scroll\",etargetPostloadFunction7a9b589f63cb072bef80df221f46a22b),document.addEventListener(\"resize\",etargetPostloadFunction7a9b589f63cb072bef80df221f46a22b),document.addEventListener(\"DOMContentLoaded\",etargetPostloadFunction7a9b589f63cb072bef80df221f46a22b);var etargetAllowOtherCheck=!0;if(typeof(\"forceRunPostload\")==\"string\"){etargetPostloadFunction7a9b589f63cb072bef80df221f46a22b()}<\/script><\/div><div id=\"friss-1350040649\" class=\"friss-after-content_2 friss-entity-placement\" style=\"clear: both;\"><div class=\"wprss_ajax\" data-id=\"rss1248bec916\"><img loading=\"lazy\" decoding=\"async\" src=\"https:\/\/friss-hirek.hu\/wp-content\/plugins\/wp-rss-retriever\/inc\/imgs\/ajax-loader.gif\" alt=\"Loading RSS Feed\" width=\"16\" height=\"16\"><\/div><\/div><br style=\"clear: both; display: block; float: none;\"\/><div id=\"friss-1142822445\" class=\"friss-after-content_3 friss-entity-placement\">https:\/\/www.youtube.com\/watch?v=Pdnw4KiUWp0<\/div>","protected":false},"excerpt":{"rendered":"<p>Az els\u0151 ker\u00fcleti lak\u00e1s egyik tulajdonosa P\u00e1rkai D\u00e1vid Zsolt, aki egy, a Direkt36 \u00e1ltal megszerzett dokumentum szerint \u201ek\u00e9pvisel\u0151i tev\u00e9kenys\u00e9get seg\u00edt\u0151 szem\u00e9lyi titk\u00e1rk\u00e9nt\u201d dolgozik a Fidesz-frakci\u00f3ban. Mi t\u00f6rt\u00e9nt? A Telex-Direkt36 azt \u00edrja, m\u00e1r eddig is lehetett tudni, hogy Marcin Romanowskit, Lengyelorsz\u00e1g korrupci\u00f3val v\u00e1dolt politikus\u00e1t a magyar korm\u00e1ny seg\u00edti abban, hogy elmenek\u00fclj\u00f6n a lengyel igazs\u00e1gszolg\u00e1ltat\u00e1s el\u0151l. A [&hellip;]<\/p>\n","protected":false},"author":1,"featured_media":0,"comment_status":"open","ping_status":"open","sticky":false,"template":"","format":"standard","meta":{"footnotes":""},"categories":[7],"tags":[],"class_list":["post-166101","post","type-post","status-publish","format-standard","hentry","category-uzlet"],"amp_enabled":true,"_links":{"self":[{"href":"https:\/\/friss-hirek.hu\/index.php\/wp-json\/wp\/v2\/posts\/166101","targetHints":{"allow":["GET"]}}],"collection":[{"href":"https:\/\/friss-hirek.hu\/index.php\/wp-json\/wp\/v2\/posts"}],"about":[{"href":"https:\/\/friss-hirek.hu\/index.php\/wp-json\/wp\/v2\/types\/post"}],"author":[{"embeddable":true,"href":"https:\/\/friss-hirek.hu\/index.php\/wp-json\/wp\/v2\/users\/1"}],"replies":[{"embeddable":true,"href":"https:\/\/friss-hirek.hu\/index.php\/wp-json\/wp\/v2\/comments?post=166101"}],"version-history":[{"count":0,"href":"https:\/\/friss-hirek.hu\/index.php\/wp-json\/wp\/v2\/posts\/166101\/revisions"}],"wp:attachment":[{"href":"https:\/\/friss-hirek.hu\/index.php\/wp-json\/wp\/v2\/media?parent=166101"}],"wp:term":[{"taxonomy":"category","embeddable":true,"href":"https:\/\/friss-hirek.hu\/index.php\/wp-json\/wp\/v2\/categories?post=166101"},{"taxonomy":"post_tag","embeddable":true,"href":"https:\/\/friss-hirek.hu\/index.php\/wp-json\/wp\/v2\/tags?post=166101"}],"curies":[{"name":"wp","href":"https:\/\/api.w.org\/{rel}","templated":true}]}}