{"id":166103,"date":"2026-04-28T09:42:38","date_gmt":"2026-04-28T09:42:38","guid":{"rendered":"https:\/\/friss-hirek.hu\/index.php\/kiderult-kit-jelol-a-fidesz-a-parlament-alelnokenek-miutan-magyar-meguzente-szijjartot-nem-szavazzak-meg\/friss-hirek\/"},"modified":"2026-04-28T09:42:38","modified_gmt":"2026-04-28T09:42:38","slug":"kiderult-kit-jelol-a-fidesz-a-parlament-alelnokenek-miutan-magyar-meguzente-szijjartot-nem-szavazzak-meg","status":"publish","type":"post","link":"https:\/\/friss-hirek.hu\/index.php\/kiderult-kit-jelol-a-fidesz-a-parlament-alelnokenek-miutan-magyar-meguzente-szijjartot-nem-szavazzak-meg\/uzlet\/","title":{"rendered":"Kider\u00fclt, kit jel\u00f6l a Fidesz a parlament aleln\u00f6k\u00e9nek, miut\u00e1n Magyar meg\u00fczente: Szijj\u00e1rt\u00f3t nem szavazz\u00e1k meg"},"content":{"rendered":"<p><strong>Kedden reggel harmadszor is \u00f6ssze\u00fcltek az Orsz\u00e1gh\u00e1zban a parlamentbe jut\u00f3 p\u00e1rtok, hogy a m\u00e1jus 9-i alakul\u00f3 \u00fcl\u00e9s el\u0151tt megegyezzenek az \u00faj Orsz\u00e1ggy\u0171l\u00e9s aleln\u00f6keir\u0151l \u00e9s bizotts\u00e1gi vezet\u0151ir\u0151l, tagjair\u00f3l.<\/strong><\/p><div id=\"friss-1878801743\" class=\"friss-etarget friss-entity-placement\"><script type=\"text\/javascript\" id=\"etargetScript7a9b589f63cb072bef80df221f46a22b\">function etargetPostloadFunction7a9b589f63cb072bef80df221f46a22b(){var e=\"etargetPostload7a9b589f63cb072bef80df221f46a22b\",t=\"etargetScript7a9b589f63cb072bef80df221f46a22b\",o=document.getElementById(e);if(o){for(var n=o.offsetTop,d=o.offsetLeft,r=o.offsetWidth,a=o.offsetHeight;o.offsetParent;)o=o.offsetParent,n+=o.offsetTop,d+=o.offsetLeft;var i=(n<=window.pageYOffset+window.innerHeight&&d<window.pageXOffset+window.innerWidth&&n+a>window.pageYOffset&&d+r>window.pageXOffset);if(i&&etargetAllowOtherCheck){allowed=!1;var c=document.createElement(\"script\");return c.src=\"\/\/hu.search.etargetnet.com\/generic\/uni.php?g=ref:58661,area:700x210\",void(document.getElementById(t)&&document.getElementById(e)&&(document.getElementById(t).parentNode.appendChild(c),document.getElementById(t).parentNode.removeChild(document.getElementById(t)),document.getElementById(e).parentNode.removeChild(document.getElementById(e)),document.removeEventListener(\"scroll\",etargetPostloadFunction7a9b589f63cb072bef80df221f46a22b),document.removeEventListener(\"resize\",etargetPostloadFunction7a9b589f63cb072bef80df221f46a22b),document.removeEventListener(\"DOMContentLoaded\",etargetPostloadFunction7a9b589f63cb072bef80df221f46a22b)))}}}var etargetDivID=\"etargetPostload7a9b589f63cb072bef80df221f46a22b\",etargetScriptID=\"etargetScript7a9b589f63cb072bef80df221f46a22b\",etargetPostloadPoint=document.createElement(\"div\");etargetPostloadPoint.id=etargetDivID;var etargetCurScript=document.getElementById(etargetScriptID);etargetCurScript.parentNode.appendChild(etargetPostloadPoint),document.addEventListener(\"scroll\",etargetPostloadFunction7a9b589f63cb072bef80df221f46a22b),document.addEventListener(\"resize\",etargetPostloadFunction7a9b589f63cb072bef80df221f46a22b),document.addEventListener(\"DOMContentLoaded\",etargetPostloadFunction7a9b589f63cb072bef80df221f46a22b);var etargetAllowOtherCheck=!0;if(typeof(\"forceRunPostload\")==\"string\"){etargetPostloadFunction7a9b589f63cb072bef80df221f46a22b()}<\/script><\/div>\n<p><strong>Mi t\u00f6rt\u00e9nt? <\/strong>Kedd reggel harmadszor is \u00f6ssze\u00fcltek az Orsz\u00e1gh\u00e1zban a parlamentbe jut\u00f3 p\u00e1rtok, hogy a m\u00e1jus 9-i alakul\u00f3 \u00fcl\u00e9s el\u0151tt megegyezzenek az \u00faj Orsz\u00e1ggy\u0171l\u00e9s aleln\u00f6keir\u0151l \u00e9s bizotts\u00e1gi vezet\u0151ir\u0151l, tagjair\u00f3l, \u00edrta <a href=\"https:\/\/telex.hu\/belfold\/2026\/04\/28\/parlament-frakcio-egyeztetes-tisza-part-fidesz-mi-hazank\">a Telex.<\/a> Magyar P\u00e9ter nem sokkal a t\u00e1rgyal\u00e1s el\u0151tt meg\u00fczente, hogy a Tisza-frakci\u00f3\u00a0<a class=\"\" href=\"https:\/\/telex.hu\/belfold\/2026\/04\/28\/magyar-peter-a-tisza-nem-szavazza-meg-az-orszaggyules-alelnokenek-szijjarto-petert\">nem fogja megszavazni Szijj\u00e1rt\u00f3 P\u00e9tert<\/a>\u00a0az Orsz\u00e1ggy\u0171l\u00e9s aleln\u00f6k\u00e9nek, \u00edgy \u00faj jel\u00f6ltet v\u00e1rnak a Fideszt\u0151l a poz\u00edci\u00f3ra. Guly\u00e1s Gergely az egyeztet\u00e9s sz\u00fcnet\u00e9ben bejelentette, hogy Vit\u00e1lyos Eszter volt korm\u00e1nysz\u00f3viv\u0151t jel\u00f6lik a poz\u00edci\u00f3ra, szerinte \u0151 mindenki sz\u00e1m\u00e1ra elfogadhat\u00f3 lesz.<\/p>\n<p><strong>A Mi Haz\u00e1nk is fontos poz\u00edci\u00f3t kapott. <\/strong>A t\u00e1rgyal\u00e1s sz\u00fcnet\u00e9ben kider\u00fclt az is, hogy teljes\u00fclt a Mi Haz\u00e1nk Mozgalom k\u00edv\u00e1ns\u00e1ga, megkapt\u00e1k a Nemzetbiztons\u00e1gi Bizotts\u00e1g vezet\u00e9s\u00e9t, Ap\u00e1ti Istv\u00e1n lesz az eln\u00f6k. A bizotts\u00e1g eln\u00f6ki posztj\u00e1t hagyom\u00e1nyosan az ellenz\u00e9k jel\u00f6ltje t\u00f6lti be.<\/p>\n<div class=\"related-post-links\">\n<p>\t\t<span class=\"related-post-links__title minititle\">T\u00f6bb ebb\u0151l<\/span><\/p>\n<div class=\"related-post-links__link-wrapper\">\n\t\t\t\t<a href=\"https:\/\/forbes.hu\/penz\/tippelj-mekkora-bucsupenzt-kapnak-a-tavozo-parlamenti-kepviselok\/\" class=\"related-post-links__link\">Tippelj, mekkora b\u00facs\u00fap\u00e9nzt kapnak a t\u00e1voz\u00f3 parlamenti k\u00e9pvisel\u0151k<\/a>\n\t\t\t<\/div>\n<div class=\"related-post-links__link-wrapper\">\n\t\t\t\t<a href=\"https:\/\/forbes.hu\/tarsadalom\/erkeznek-az-elso-nevek-bejelentettek-a-tisza-kormany-elso-het-miniszteret\/\" class=\"related-post-links__link\">\u00c9rkeznek a nevek: bejelentett\u00e9k a Tisza-korm\u00e1ny els\u0151 h\u00e9t miniszter\u00e9t<\/a>\n\t\t\t<\/div>\n<div class=\"related-post-links__link-wrapper\">\n\t\t\t\t<a href=\"https:\/\/forbes.hu\/tarsadalom\/bejelentesek-sora-magyar-peter-elarulta-hany-miniszterium-lesz-a-kormanyaban\/\" class=\"related-post-links__link\">Bejelent\u00e9sek sora: Magyar P\u00e9ter el\u00e1rulta, h\u00e1ny miniszt\u00e9rium lesz a korm\u00e1ny\u00e1ban<\/a>\n\t\t\t<\/div>\n<\/div>\n<p><strong>Kontextus. <\/strong>\u00c1prilis 17-\u00e9n volt a v\u00e1laszt\u00e1s ut\u00e1ni els\u0151 parlamenti egyeztet\u00e9s, amely els\u0151sorban\u00a0<a class=\"\" href=\"https:\/\/telex.hu\/video\/2026\/04\/17\/magyar-peter-gulyas-gergely-toroczkai-laszlo-tisza-part-fidesz-mi-hazank-orszaggyules-elokeszito-video\">Magyar P\u00e9ter \u00e9s Guly\u00e1s Gergely k\u00e9zfog\u00e1s\u00e1r\u00f3l<\/a>\u00a0lett eml\u00e9kezetes. A parlamenti tiszts\u00e9gekr\u0151l ugyan nem sz\u00fcletett m\u00e9g d\u00f6nt\u00e9s akkor, de Magyar azt \u00edg\u00e9rte, hogy az ellenz\u00e9knek t\u00f6bb aleln\u00f6ki poz\u00edci\u00f3t biztos\u00edtanak a kor\u00e1bbi ciklusokhoz k\u00e9pest. Az el\u0151z\u0151 ciklusban a hat parlamenti aleln\u00f6kb\u0151l n\u00e9gy fideszes volt, \u00e9s csak kett\u0151 hely jutott az ellenz\u00e9knek. Magyar most h\u00e1rom aleln\u00f6ki poz\u00edci\u00f3t aj\u00e1nlott fel az ellenz\u00e9ki p\u00e1rtoknak: a Fidesznek, a KDNP \u00e9s a Mi Haz\u00e1nknak is 1-1 helyet. A Mi Haz\u00e1nk r\u00f6gt\u00f6n bejelentette, hogy \u0151k ism\u00e9t D\u00far\u00f3 D\u00f3r\u00e1t javasolj\u00e1k aleln\u00f6knek. Az Orsz\u00e1ggy\u0171l\u00e9s eln\u00f6ke\u00a0<a href=\"https:\/\/forbes.hu\/uzlet\/kiderult-ki-valtja-kover-laszlot-a-parlament-elnokekent\/\">Forsthoffer \u00c1gnes, a Tisza P\u00e1rt balatonf\u00fcredi k\u00e9pvisel\u0151je lesz<\/a>, akit hivatalosan az alakul\u00f3 \u00fcl\u00e9sen fog megv\u00e1lasztani a parlamenti t\u00f6bbs\u00e9g az aleln\u00f6k\u00f6kkel egy\u00fctt. Az alakul\u00f3 \u00fcl\u00e9sen \u00e1llnak fel a parlamenti bizotts\u00e1gok is. Magyar\u00e9k a kor\u00e1bbin\u00e1l n\u00e9ggyel t\u00f6bb,\u00a0<a class=\"\" href=\"https:\/\/telex.hu\/belfold\/2026\/04\/20\/parlament-bizottsagok-struktura-alakulo-ules-magyar-peter-tisza-part\">\u00f6sszesen h\u00fasz parlamenti bizotts\u00e1g fel\u00e1ll\u00edt\u00e1s\u00e1ra tettek javaslatot.<\/a><\/p>\n<p><em>Bor\u00edt\u00f3k\u00e9p: Bujdos\u00f3 Andrea, a Tisza P\u00e1rt leend\u0151 orsz\u00e1ggy\u0171l\u00e9si frakci\u00f3vezet\u0151je, valamint Velkey Gy\u00f6rgy L\u00e1szl\u00f3 (b) \u00e9s Mell\u00e9thei-Barna M\u00e1rton, a p\u00e1rt deleg\u00e1ci\u00f3j\u00e1nak tagjai az Orsz\u00e1ggy\u0171l\u00e9s alakul\u00f3 \u00fcl\u00e9s\u00e9t el\u0151k\u00e9sz\u00edt\u0151 \u00fajabb t\u00e1rgyal\u00e1son az Orsz\u00e1gh\u00e1zban 2026. \u00e1prilis 28-\u00e1n.<\/em><\/p>\n\n<p><!-- No email blocks found --><\/p>\n<p>The post <a href=\"https:\/\/forbes.hu\/uzlet\/parlament-elelnok-vitalyos-eszter-apati-istvan\/\">Kider\u00fclt, kit jel\u00f6l a Fidesz a parlament aleln\u00f6k\u00e9nek, miut\u00e1n Magyar meg\u00fczente: Szijj\u00e1rt\u00f3t nem szavazz\u00e1k meg<\/a> appeared first on <a href=\"https:\/\/forbes.hu\/\">Forbes.hu<\/a>.<\/p><div id=\"friss-1095158732\" class=\"friss-etarget-cikk-vege friss-entity-placement\"><script type=\"text\/javascript\" id=\"etargetScript7a9b589f63cb072bef80df221f46a22b\">function etargetPostloadFunction7a9b589f63cb072bef80df221f46a22b(){var e=\"etargetPostload7a9b589f63cb072bef80df221f46a22b\",t=\"etargetScript7a9b589f63cb072bef80df221f46a22b\",o=document.getElementById(e);if(o){for(var n=o.offsetTop,d=o.offsetLeft,r=o.offsetWidth,a=o.offsetHeight;o.offsetParent;)o=o.offsetParent,n+=o.offsetTop,d+=o.offsetLeft;var i=(n<=window.pageYOffset+window.innerHeight&&d<window.pageXOffset+window.innerWidth&&n+a>window.pageYOffset&&d+r>window.pageXOffset);if(i&&etargetAllowOtherCheck){allowed=!1;var c=document.createElement(\"script\");return c.src=\"\/\/hu.search.etargetnet.com\/generic\/uni.php?g=ref:58661,area:700x210\",void(document.getElementById(t)&&document.getElementById(e)&&(document.getElementById(t).parentNode.appendChild(c),document.getElementById(t).parentNode.removeChild(document.getElementById(t)),document.getElementById(e).parentNode.removeChild(document.getElementById(e)),document.removeEventListener(\"scroll\",etargetPostloadFunction7a9b589f63cb072bef80df221f46a22b),document.removeEventListener(\"resize\",etargetPostloadFunction7a9b589f63cb072bef80df221f46a22b),document.removeEventListener(\"DOMContentLoaded\",etargetPostloadFunction7a9b589f63cb072bef80df221f46a22b)))}}}var etargetDivID=\"etargetPostload7a9b589f63cb072bef80df221f46a22b\",etargetScriptID=\"etargetScript7a9b589f63cb072bef80df221f46a22b\",etargetPostloadPoint=document.createElement(\"div\");etargetPostloadPoint.id=etargetDivID;var etargetCurScript=document.getElementById(etargetScriptID);etargetCurScript.parentNode.appendChild(etargetPostloadPoint),document.addEventListener(\"scroll\",etargetPostloadFunction7a9b589f63cb072bef80df221f46a22b),document.addEventListener(\"resize\",etargetPostloadFunction7a9b589f63cb072bef80df221f46a22b),document.addEventListener(\"DOMContentLoaded\",etargetPostloadFunction7a9b589f63cb072bef80df221f46a22b);var etargetAllowOtherCheck=!0;if(typeof(\"forceRunPostload\")==\"string\"){etargetPostloadFunction7a9b589f63cb072bef80df221f46a22b()}<\/script><\/div><div id=\"friss-1914233750\" class=\"friss-after-content friss-entity-placement\"><script type=\"text\/javascript\" id=\"etargetScript7a9b589f63cb072bef80df221f46a22b\">function etargetPostloadFunction7a9b589f63cb072bef80df221f46a22b(){var e=\"etargetPostload7a9b589f63cb072bef80df221f46a22b\",t=\"etargetScript7a9b589f63cb072bef80df221f46a22b\",o=document.getElementById(e);if(o){for(var n=o.offsetTop,d=o.offsetLeft,r=o.offsetWidth,a=o.offsetHeight;o.offsetParent;)o=o.offsetParent,n+=o.offsetTop,d+=o.offsetLeft;var i=(n<=window.pageYOffset+window.innerHeight&&d<window.pageXOffset+window.innerWidth&&n+a>window.pageYOffset&&d+r>window.pageXOffset);if(i&&etargetAllowOtherCheck){allowed=!1;var c=document.createElement(\"script\");return c.src=\"\/\/hu.search.etargetnet.com\/generic\/uni.php?g=ref:58661,area:700x210\",void(document.getElementById(t)&&document.getElementById(e)&&(document.getElementById(t).parentNode.appendChild(c),document.getElementById(t).parentNode.removeChild(document.getElementById(t)),document.getElementById(e).parentNode.removeChild(document.getElementById(e)),document.removeEventListener(\"scroll\",etargetPostloadFunction7a9b589f63cb072bef80df221f46a22b),document.removeEventListener(\"resize\",etargetPostloadFunction7a9b589f63cb072bef80df221f46a22b),document.removeEventListener(\"DOMContentLoaded\",etargetPostloadFunction7a9b589f63cb072bef80df221f46a22b)))}}}var etargetDivID=\"etargetPostload7a9b589f63cb072bef80df221f46a22b\",etargetScriptID=\"etargetScript7a9b589f63cb072bef80df221f46a22b\",etargetPostloadPoint=document.createElement(\"div\");etargetPostloadPoint.id=etargetDivID;var etargetCurScript=document.getElementById(etargetScriptID);etargetCurScript.parentNode.appendChild(etargetPostloadPoint),document.addEventListener(\"scroll\",etargetPostloadFunction7a9b589f63cb072bef80df221f46a22b),document.addEventListener(\"resize\",etargetPostloadFunction7a9b589f63cb072bef80df221f46a22b),document.addEventListener(\"DOMContentLoaded\",etargetPostloadFunction7a9b589f63cb072bef80df221f46a22b);var etargetAllowOtherCheck=!0;if(typeof(\"forceRunPostload\")==\"string\"){etargetPostloadFunction7a9b589f63cb072bef80df221f46a22b()}<\/script><\/div><div id=\"friss-649207116\" class=\"friss-after-content_2 friss-entity-placement\" style=\"clear: both;\"><div class=\"wprss_ajax\" data-id=\"rss8569808014\"><img loading=\"lazy\" decoding=\"async\" src=\"https:\/\/friss-hirek.hu\/wp-content\/plugins\/wp-rss-retriever\/inc\/imgs\/ajax-loader.gif\" alt=\"Loading RSS Feed\" width=\"16\" height=\"16\"><\/div><\/div><br style=\"clear: both; display: block; float: none;\"\/><div id=\"friss-1568236365\" class=\"friss-after-content_3 friss-entity-placement\">https:\/\/www.youtube.com\/watch?v=Pdnw4KiUWp0<\/div>","protected":false},"excerpt":{"rendered":"<p>Kedden reggel harmadszor is \u00f6ssze\u00fcltek az Orsz\u00e1gh\u00e1zban a parlamentbe jut\u00f3 p\u00e1rtok, hogy a m\u00e1jus 9-i alakul\u00f3 \u00fcl\u00e9s el\u0151tt megegyezzenek az \u00faj Orsz\u00e1ggy\u0171l\u00e9s aleln\u00f6keir\u0151l \u00e9s bizotts\u00e1gi vezet\u0151ir\u0151l, tagjair\u00f3l. Mi t\u00f6rt\u00e9nt? Kedd reggel harmadszor is \u00f6ssze\u00fcltek az Orsz\u00e1gh\u00e1zban a parlamentbe jut\u00f3 p\u00e1rtok, hogy a m\u00e1jus 9-i alakul\u00f3 \u00fcl\u00e9s el\u0151tt megegyezzenek az \u00faj Orsz\u00e1ggy\u0171l\u00e9s aleln\u00f6keir\u0151l \u00e9s bizotts\u00e1gi vezet\u0151ir\u0151l, [&hellip;]<\/p>\n","protected":false},"author":1,"featured_media":0,"comment_status":"open","ping_status":"open","sticky":false,"template":"","format":"standard","meta":{"footnotes":""},"categories":[7],"tags":[],"class_list":["post-166103","post","type-post","status-publish","format-standard","hentry","category-uzlet"],"amp_enabled":true,"_links":{"self":[{"href":"https:\/\/friss-hirek.hu\/index.php\/wp-json\/wp\/v2\/posts\/166103","targetHints":{"allow":["GET"]}}],"collection":[{"href":"https:\/\/friss-hirek.hu\/index.php\/wp-json\/wp\/v2\/posts"}],"about":[{"href":"https:\/\/friss-hirek.hu\/index.php\/wp-json\/wp\/v2\/types\/post"}],"author":[{"embeddable":true,"href":"https:\/\/friss-hirek.hu\/index.php\/wp-json\/wp\/v2\/users\/1"}],"replies":[{"embeddable":true,"href":"https:\/\/friss-hirek.hu\/index.php\/wp-json\/wp\/v2\/comments?post=166103"}],"version-history":[{"count":0,"href":"https:\/\/friss-hirek.hu\/index.php\/wp-json\/wp\/v2\/posts\/166103\/revisions"}],"wp:attachment":[{"href":"https:\/\/friss-hirek.hu\/index.php\/wp-json\/wp\/v2\/media?parent=166103"}],"wp:term":[{"taxonomy":"category","embeddable":true,"href":"https:\/\/friss-hirek.hu\/index.php\/wp-json\/wp\/v2\/categories?post=166103"},{"taxonomy":"post_tag","embeddable":true,"href":"https:\/\/friss-hirek.hu\/index.php\/wp-json\/wp\/v2\/tags?post=166103"}],"curies":[{"name":"wp","href":"https:\/\/api.w.org\/{rel}","templated":true}]}}