{"id":166113,"date":"2026-04-28T12:45:27","date_gmt":"2026-04-28T12:45:27","guid":{"rendered":"https:\/\/friss-hirek.hu\/index.php\/ujabb-nevek-magyar-peter-bejelentett-ket-minisztert-es-elarulta-milyen-poziciot-kap-bodis-kriszta\/friss-hirek\/"},"modified":"2026-04-28T12:45:27","modified_gmt":"2026-04-28T12:45:27","slug":"ujabb-nevek-magyar-peter-bejelentett-ket-minisztert-es-elarulta-milyen-poziciot-kap-bodis-kriszta","status":"publish","type":"post","link":"https:\/\/friss-hirek.hu\/index.php\/ujabb-nevek-magyar-peter-bejelentett-ket-minisztert-es-elarulta-milyen-poziciot-kap-bodis-kriszta\/uzlet\/","title":{"rendered":"\u00dajabb nevek: Magyar P\u00e9ter bejelentett k\u00e9t minisztert, \u00e9s el\u00e1rulta, milyen poz\u00edci\u00f3t kap B\u00f3dis Kriszta"},"content":{"rendered":"<p><strong>A leend\u0151 minisztereln\u00f6k el\u00e1rulta, hogy ki lesz a T\u00e1rsadalmi Kapcsolatok\u00e9rt \u00e9s Kult\u00far\u00e1\u00e9rt Felel\u0151s Miniszt\u00e9rium, \u00e9s a Tudom\u00e1nyos \u00e9s Technol\u00f3giai Miniszt\u00e9rium \u00e9l\u00e9n. <\/strong><\/p><div id=\"friss-2768520191\" class=\"friss-etarget friss-entity-placement\"><script type=\"text\/javascript\" id=\"etargetScript7a9b589f63cb072bef80df221f46a22b\">function etargetPostloadFunction7a9b589f63cb072bef80df221f46a22b(){var e=\"etargetPostload7a9b589f63cb072bef80df221f46a22b\",t=\"etargetScript7a9b589f63cb072bef80df221f46a22b\",o=document.getElementById(e);if(o){for(var n=o.offsetTop,d=o.offsetLeft,r=o.offsetWidth,a=o.offsetHeight;o.offsetParent;)o=o.offsetParent,n+=o.offsetTop,d+=o.offsetLeft;var i=(n<=window.pageYOffset+window.innerHeight&&d<window.pageXOffset+window.innerWidth&&n+a>window.pageYOffset&&d+r>window.pageXOffset);if(i&&etargetAllowOtherCheck){allowed=!1;var c=document.createElement(\"script\");return c.src=\"\/\/hu.search.etargetnet.com\/generic\/uni.php?g=ref:58661,area:700x210\",void(document.getElementById(t)&&document.getElementById(e)&&(document.getElementById(t).parentNode.appendChild(c),document.getElementById(t).parentNode.removeChild(document.getElementById(t)),document.getElementById(e).parentNode.removeChild(document.getElementById(e)),document.removeEventListener(\"scroll\",etargetPostloadFunction7a9b589f63cb072bef80df221f46a22b),document.removeEventListener(\"resize\",etargetPostloadFunction7a9b589f63cb072bef80df221f46a22b),document.removeEventListener(\"DOMContentLoaded\",etargetPostloadFunction7a9b589f63cb072bef80df221f46a22b)))}}}var etargetDivID=\"etargetPostload7a9b589f63cb072bef80df221f46a22b\",etargetScriptID=\"etargetScript7a9b589f63cb072bef80df221f46a22b\",etargetPostloadPoint=document.createElement(\"div\");etargetPostloadPoint.id=etargetDivID;var etargetCurScript=document.getElementById(etargetScriptID);etargetCurScript.parentNode.appendChild(etargetPostloadPoint),document.addEventListener(\"scroll\",etargetPostloadFunction7a9b589f63cb072bef80df221f46a22b),document.addEventListener(\"resize\",etargetPostloadFunction7a9b589f63cb072bef80df221f46a22b),document.addEventListener(\"DOMContentLoaded\",etargetPostloadFunction7a9b589f63cb072bef80df221f46a22b);var etargetAllowOtherCheck=!0;if(typeof(\"forceRunPostload\")==\"string\"){etargetPostloadFunction7a9b589f63cb072bef80df221f46a22b()}<\/script><\/div>\n<p><strong>Mi t\u00f6rt\u00e9nt?<\/strong> Magyar P\u00e9ter<a href=\"https:\/\/www.facebook.com\/photo\/?fbid=27239418278999262&amp;set=a.115525025148621\"> bejelentette kedden, <\/a>hogy Tarr Zolt\u00e1nt, a TISZA aleln\u00f6k\u00e9t \u00e9s eur\u00f3pai parlamenti deleg\u00e1ci\u00f3vezet\u0151j\u00e9t k\u00e9rte fel a T\u00e1rsadalmi Kapcsolatok\u00e9rt \u00e9s Kult\u00far\u00e1\u00e9rt Felel\u0151s Miniszt\u00e9rium ir\u00e1ny\u00edt\u00e1s\u00e1ra. Illetve azt is, hogy Tan\u00e1cs Zolt\u00e1nt, a M\u0171k\u00f6d\u0151 \u00e9s Embers\u00e9ges Magyarorsz\u00e1g program \u00f6ssze\u00e1ll\u00edt\u00e1s\u00e1\u00e9rt felel\u0151s vezet\u0151t k\u00e9rte fel a Tudom\u00e1nyos \u00e9s Technol\u00f3giai Miniszt\u00e9rium ir\u00e1ny\u00edt\u00e1s\u00e1ra.<\/p>\n<div class=\"related-post-links\">\n<p>\t\t<span class=\"related-post-links__title minititle\">T\u00f6bb ebb\u0151l<\/span><\/p>\n<div class=\"related-post-links__link-wrapper\">\n\t\t\t\t<a href=\"https:\/\/forbes.hu\/penz\/papiron-kulfoldre-vitt-vagyonok-mennyi-eselye-van-a-nav-nak-es-a-birosagoknak\/\" class=\"related-post-links__link\">Pap\u00edron k\u00fclf\u00f6ldre vitt vagyonok: mennyi es\u00e9lye van a NAV-nak \u00e9s a b\u00edr\u00f3s\u00e1goknak?<\/a>\n\t\t\t<\/div>\n<div class=\"related-post-links__link-wrapper\">\n\t\t\t\t<a href=\"https:\/\/forbes.hu\/uzlet\/parlament-elelnok-vitalyos-eszter-apati-istvan\/\" class=\"related-post-links__link\">Kider\u00fclt, kit jel\u00f6l a Fidesz a parlament aleln\u00f6k\u00e9nek, miut\u00e1n Magyar meg\u00fczente: Szijj\u00e1rt\u00f3t nem szavazz\u00e1k meg<\/a>\n\t\t\t<\/div>\n<\/div>\n<p><strong>R\u00e9szletek.<\/strong> A leend\u0151 minisztereln\u00f6k bejegyz\u00e9s\u00e9b\u0151l az is kider\u00fcl, hogy B\u00f3dis Kriszta pszichol\u00f3gus, \u00edr\u00f3 korm\u00e1nybiztosk\u00e9nt felel majd a nemzeti t\u00e1rsadalompolitikai strat\u00e9gia megalkot\u00e1s\u00e1\u00e9rt, valamint az oktat\u00e1s, a szoci\u00e1lis \u00e9s eg\u00e9szs\u00e9g\u00fcgyi ter\u00fcletek \u00f6sszehangol\u00e1s\u00e1\u00e9rt.<\/p>\n<p><strong>Mit lehet m\u00e9g tudni?<\/strong> Magyar r\u00e9szletesebben is \u00edrt arr\u00f3l, hogy kinek, mi lesz a feladata, Tarr Zolt\u00e1n miniszterk\u00e9nt felel majd a \u201esz\u00ednh\u00e1z-, a t\u00e1nc- \u00e9s a zenem\u0171v\u00e9szet, valamint a magyar film politikai befoly\u00e1s al\u00f3li felszabad\u00edt\u00e1s\u00e1\u00e9rt \u00e9s fejleszt\u00e9s\u00e9\u00e9rt\u201d \u2013 olvashat\u00f3 a posztban. A civil szervezetekkel, egyh\u00e1zakkal \u00e9s felekezetekkel, valamint a hat\u00e1ron t\u00fali \u00e9s a diaszp\u00f3r\u00e1ban \u00e9l\u0151 magyars\u00e1ggal val\u00f3 kapcsolattart\u00e1s is az \u0151 miniszt\u00e9rium\u00e1nak hat\u00e1sk\u00f6r\u00e9be tartozik majd. <\/p>\n<p>\u201eTan\u00e1cs Zolt\u00e1n miniszterk\u00e9nt az\u00e9rt felel, hogy haz\u00e1nk egy modern, digit\u00e1lis, innovat\u00edv \u00e9s sikeres orsz\u00e1g legyen\u201d \u2013 fogalmaz Magyar. A Tudom\u00e1nyos \u00e9s Technol\u00f3giai Miniszt\u00e9rium feladatai k\u00f6z\u00e9 tartozik tov\u00e1bb\u00e1 a tudom\u00e1nypolitika, a kutat\u00e1s-fejleszt\u00e9s \u00e9s az innov\u00e1ci\u00f3 szab\u00e1lyoz\u00e1sa, ir\u00e1ny\u00edt\u00e1sa \u00e9s egy \u00e9l\u0151, <a href=\"https:\/\/forbes.hu\/extra\/startup-szotar\/\">sikeres startup \u00f6kosziszt\u00e9ma<\/a> kialak\u00edt\u00e1sa<\/p>\n<p><!-- No email blocks found --><\/p>\n<p>The post <a href=\"https:\/\/forbes.hu\/tarsadalom\/magyar-peter-bodis-kriszta-tarr-zoltan-miniszter-tisza\/\">\u00dajabb nevek: Magyar P\u00e9ter bejelentett k\u00e9t minisztert, \u00e9s el\u00e1rulta, milyen poz\u00edci\u00f3t kap B\u00f3dis Kriszta<\/a> appeared first on <a href=\"https:\/\/forbes.hu\/\">Forbes.hu<\/a>.<\/p><div id=\"friss-2768328758\" class=\"friss-etarget-cikk-vege friss-entity-placement\"><script type=\"text\/javascript\" id=\"etargetScript7a9b589f63cb072bef80df221f46a22b\">function etargetPostloadFunction7a9b589f63cb072bef80df221f46a22b(){var e=\"etargetPostload7a9b589f63cb072bef80df221f46a22b\",t=\"etargetScript7a9b589f63cb072bef80df221f46a22b\",o=document.getElementById(e);if(o){for(var n=o.offsetTop,d=o.offsetLeft,r=o.offsetWidth,a=o.offsetHeight;o.offsetParent;)o=o.offsetParent,n+=o.offsetTop,d+=o.offsetLeft;var i=(n<=window.pageYOffset+window.innerHeight&&d<window.pageXOffset+window.innerWidth&&n+a>window.pageYOffset&&d+r>window.pageXOffset);if(i&&etargetAllowOtherCheck){allowed=!1;var c=document.createElement(\"script\");return c.src=\"\/\/hu.search.etargetnet.com\/generic\/uni.php?g=ref:58661,area:700x210\",void(document.getElementById(t)&&document.getElementById(e)&&(document.getElementById(t).parentNode.appendChild(c),document.getElementById(t).parentNode.removeChild(document.getElementById(t)),document.getElementById(e).parentNode.removeChild(document.getElementById(e)),document.removeEventListener(\"scroll\",etargetPostloadFunction7a9b589f63cb072bef80df221f46a22b),document.removeEventListener(\"resize\",etargetPostloadFunction7a9b589f63cb072bef80df221f46a22b),document.removeEventListener(\"DOMContentLoaded\",etargetPostloadFunction7a9b589f63cb072bef80df221f46a22b)))}}}var etargetDivID=\"etargetPostload7a9b589f63cb072bef80df221f46a22b\",etargetScriptID=\"etargetScript7a9b589f63cb072bef80df221f46a22b\",etargetPostloadPoint=document.createElement(\"div\");etargetPostloadPoint.id=etargetDivID;var etargetCurScript=document.getElementById(etargetScriptID);etargetCurScript.parentNode.appendChild(etargetPostloadPoint),document.addEventListener(\"scroll\",etargetPostloadFunction7a9b589f63cb072bef80df221f46a22b),document.addEventListener(\"resize\",etargetPostloadFunction7a9b589f63cb072bef80df221f46a22b),document.addEventListener(\"DOMContentLoaded\",etargetPostloadFunction7a9b589f63cb072bef80df221f46a22b);var etargetAllowOtherCheck=!0;if(typeof(\"forceRunPostload\")==\"string\"){etargetPostloadFunction7a9b589f63cb072bef80df221f46a22b()}<\/script><\/div><div id=\"friss-1558446767\" class=\"friss-after-content friss-entity-placement\"><script type=\"text\/javascript\" id=\"etargetScript7a9b589f63cb072bef80df221f46a22b\">function etargetPostloadFunction7a9b589f63cb072bef80df221f46a22b(){var e=\"etargetPostload7a9b589f63cb072bef80df221f46a22b\",t=\"etargetScript7a9b589f63cb072bef80df221f46a22b\",o=document.getElementById(e);if(o){for(var n=o.offsetTop,d=o.offsetLeft,r=o.offsetWidth,a=o.offsetHeight;o.offsetParent;)o=o.offsetParent,n+=o.offsetTop,d+=o.offsetLeft;var i=(n<=window.pageYOffset+window.innerHeight&&d<window.pageXOffset+window.innerWidth&&n+a>window.pageYOffset&&d+r>window.pageXOffset);if(i&&etargetAllowOtherCheck){allowed=!1;var c=document.createElement(\"script\");return c.src=\"\/\/hu.search.etargetnet.com\/generic\/uni.php?g=ref:58661,area:700x210\",void(document.getElementById(t)&&document.getElementById(e)&&(document.getElementById(t).parentNode.appendChild(c),document.getElementById(t).parentNode.removeChild(document.getElementById(t)),document.getElementById(e).parentNode.removeChild(document.getElementById(e)),document.removeEventListener(\"scroll\",etargetPostloadFunction7a9b589f63cb072bef80df221f46a22b),document.removeEventListener(\"resize\",etargetPostloadFunction7a9b589f63cb072bef80df221f46a22b),document.removeEventListener(\"DOMContentLoaded\",etargetPostloadFunction7a9b589f63cb072bef80df221f46a22b)))}}}var etargetDivID=\"etargetPostload7a9b589f63cb072bef80df221f46a22b\",etargetScriptID=\"etargetScript7a9b589f63cb072bef80df221f46a22b\",etargetPostloadPoint=document.createElement(\"div\");etargetPostloadPoint.id=etargetDivID;var etargetCurScript=document.getElementById(etargetScriptID);etargetCurScript.parentNode.appendChild(etargetPostloadPoint),document.addEventListener(\"scroll\",etargetPostloadFunction7a9b589f63cb072bef80df221f46a22b),document.addEventListener(\"resize\",etargetPostloadFunction7a9b589f63cb072bef80df221f46a22b),document.addEventListener(\"DOMContentLoaded\",etargetPostloadFunction7a9b589f63cb072bef80df221f46a22b);var etargetAllowOtherCheck=!0;if(typeof(\"forceRunPostload\")==\"string\"){etargetPostloadFunction7a9b589f63cb072bef80df221f46a22b()}<\/script><\/div><div id=\"friss-1381589185\" class=\"friss-after-content_2 friss-entity-placement\" style=\"clear: both;\"><div class=\"wprss_ajax\" data-id=\"rss24a9a5ccad\"><img loading=\"lazy\" decoding=\"async\" src=\"https:\/\/friss-hirek.hu\/wp-content\/plugins\/wp-rss-retriever\/inc\/imgs\/ajax-loader.gif\" alt=\"Loading RSS Feed\" width=\"16\" height=\"16\"><\/div><\/div><br style=\"clear: both; display: block; float: none;\"\/><div id=\"friss-12956539\" class=\"friss-after-content_3 friss-entity-placement\">https:\/\/www.youtube.com\/watch?v=Pdnw4KiUWp0<\/div>","protected":false},"excerpt":{"rendered":"<p>A leend\u0151 minisztereln\u00f6k el\u00e1rulta, hogy ki lesz a T\u00e1rsadalmi Kapcsolatok\u00e9rt \u00e9s Kult\u00far\u00e1\u00e9rt Felel\u0151s Miniszt\u00e9rium, \u00e9s a Tudom\u00e1nyos \u00e9s Technol\u00f3giai Miniszt\u00e9rium \u00e9l\u00e9n. Mi t\u00f6rt\u00e9nt? Magyar P\u00e9ter bejelentette kedden, hogy Tarr Zolt\u00e1nt, a TISZA aleln\u00f6k\u00e9t \u00e9s eur\u00f3pai parlamenti deleg\u00e1ci\u00f3vezet\u0151j\u00e9t k\u00e9rte fel a T\u00e1rsadalmi Kapcsolatok\u00e9rt \u00e9s Kult\u00far\u00e1\u00e9rt Felel\u0151s Miniszt\u00e9rium ir\u00e1ny\u00edt\u00e1s\u00e1ra. Illetve azt is, hogy Tan\u00e1cs Zolt\u00e1nt, a M\u0171k\u00f6d\u0151 [&hellip;]<\/p>\n","protected":false},"author":1,"featured_media":0,"comment_status":"open","ping_status":"open","sticky":false,"template":"","format":"standard","meta":{"footnotes":""},"categories":[7],"tags":[],"class_list":["post-166113","post","type-post","status-publish","format-standard","hentry","category-uzlet"],"amp_enabled":true,"_links":{"self":[{"href":"https:\/\/friss-hirek.hu\/index.php\/wp-json\/wp\/v2\/posts\/166113","targetHints":{"allow":["GET"]}}],"collection":[{"href":"https:\/\/friss-hirek.hu\/index.php\/wp-json\/wp\/v2\/posts"}],"about":[{"href":"https:\/\/friss-hirek.hu\/index.php\/wp-json\/wp\/v2\/types\/post"}],"author":[{"embeddable":true,"href":"https:\/\/friss-hirek.hu\/index.php\/wp-json\/wp\/v2\/users\/1"}],"replies":[{"embeddable":true,"href":"https:\/\/friss-hirek.hu\/index.php\/wp-json\/wp\/v2\/comments?post=166113"}],"version-history":[{"count":0,"href":"https:\/\/friss-hirek.hu\/index.php\/wp-json\/wp\/v2\/posts\/166113\/revisions"}],"wp:attachment":[{"href":"https:\/\/friss-hirek.hu\/index.php\/wp-json\/wp\/v2\/media?parent=166113"}],"wp:term":[{"taxonomy":"category","embeddable":true,"href":"https:\/\/friss-hirek.hu\/index.php\/wp-json\/wp\/v2\/categories?post=166113"},{"taxonomy":"post_tag","embeddable":true,"href":"https:\/\/friss-hirek.hu\/index.php\/wp-json\/wp\/v2\/tags?post=166113"}],"curies":[{"name":"wp","href":"https:\/\/api.w.org\/{rel}","templated":true}]}}