{"id":166114,"date":"2026-04-28T12:45:27","date_gmt":"2026-04-28T12:45:27","guid":{"rendered":"https:\/\/friss-hirek.hu\/index.php\/ezt-igy-tovabb-nem-mondta-egy-ponton-arvai-eszter-veiszer-alinda-es-lengyel-tamas-is-a-forbes-flow-szinpadan-elarultak-mi-jott-utana\/friss-hirek\/"},"modified":"2026-04-28T12:45:27","modified_gmt":"2026-04-28T12:45:27","slug":"ezt-igy-tovabb-nem-mondta-egy-ponton-arvai-eszter-veiszer-alinda-es-lengyel-tamas-is-a-forbes-flow-szinpadan-elarultak-mi-jott-utana","status":"publish","type":"post","link":"https:\/\/friss-hirek.hu\/index.php\/ezt-igy-tovabb-nem-mondta-egy-ponton-arvai-eszter-veiszer-alinda-es-lengyel-tamas-is-a-forbes-flow-szinpadan-elarultak-mi-jott-utana\/uzlet\/","title":{"rendered":"\u201eEzt \u00edgy tov\u00e1bb nem\u201d \u2013 mondta egy ponton \u00c1rvai Eszter, Veiszer Alinda \u00e9s Lengyel Tam\u00e1s is. A Forbes Flow sz\u00ednpad\u00e1n el\u00e1rult\u00e1k, mi j\u00f6tt ut\u00e1na"},"content":{"rendered":"<p>\u201e<strong>Az Orb\u00e1n-rendszer egyetlen pozit\u00edvuma a f\u00fcggetlen sajt\u00f3\u201d \u2013 jelentette ki a Forbes \u00fczleti fesztiv\u00e1lj\u00e1n Veiszer Alinda riporter, aki minden tartal\u00e9k\u00e1t saj\u00e1t karrierj\u00e9be fektette. Hasonl\u00f3an \u00e9les, szinte k\u00e9nyszersz\u00fclte helyzetekr\u0151l mes\u00e9lt ny\u00edltan \u00c1rvai Eszter tan\u00e1csad\u00f3 \u00e9s Lengyel Tam\u00e1s sz\u00edn\u00e9sz is a Forbes \u00fczleti fesztiv\u00e1lj\u00e1n.<\/strong> <\/p><div id=\"friss-1893717742\" class=\"friss-etarget friss-entity-placement\"><script type=\"text\/javascript\" id=\"etargetScript7a9b589f63cb072bef80df221f46a22b\">function etargetPostloadFunction7a9b589f63cb072bef80df221f46a22b(){var e=\"etargetPostload7a9b589f63cb072bef80df221f46a22b\",t=\"etargetScript7a9b589f63cb072bef80df221f46a22b\",o=document.getElementById(e);if(o){for(var n=o.offsetTop,d=o.offsetLeft,r=o.offsetWidth,a=o.offsetHeight;o.offsetParent;)o=o.offsetParent,n+=o.offsetTop,d+=o.offsetLeft;var i=(n<=window.pageYOffset+window.innerHeight&&d<window.pageXOffset+window.innerWidth&&n+a>window.pageYOffset&&d+r>window.pageXOffset);if(i&&etargetAllowOtherCheck){allowed=!1;var c=document.createElement(\"script\");return c.src=\"\/\/hu.search.etargetnet.com\/generic\/uni.php?g=ref:58661,area:700x210\",void(document.getElementById(t)&&document.getElementById(e)&&(document.getElementById(t).parentNode.appendChild(c),document.getElementById(t).parentNode.removeChild(document.getElementById(t)),document.getElementById(e).parentNode.removeChild(document.getElementById(e)),document.removeEventListener(\"scroll\",etargetPostloadFunction7a9b589f63cb072bef80df221f46a22b),document.removeEventListener(\"resize\",etargetPostloadFunction7a9b589f63cb072bef80df221f46a22b),document.removeEventListener(\"DOMContentLoaded\",etargetPostloadFunction7a9b589f63cb072bef80df221f46a22b)))}}}var etargetDivID=\"etargetPostload7a9b589f63cb072bef80df221f46a22b\",etargetScriptID=\"etargetScript7a9b589f63cb072bef80df221f46a22b\",etargetPostloadPoint=document.createElement(\"div\");etargetPostloadPoint.id=etargetDivID;var etargetCurScript=document.getElementById(etargetScriptID);etargetCurScript.parentNode.appendChild(etargetPostloadPoint),document.addEventListener(\"scroll\",etargetPostloadFunction7a9b589f63cb072bef80df221f46a22b),document.addEventListener(\"resize\",etargetPostloadFunction7a9b589f63cb072bef80df221f46a22b),document.addEventListener(\"DOMContentLoaded\",etargetPostloadFunction7a9b589f63cb072bef80df221f46a22b);var etargetAllowOtherCheck=!0;if(typeof(\"forceRunPostload\")==\"string\"){etargetPostloadFunction7a9b589f63cb072bef80df221f46a22b()}<\/script><\/div>\n<hr class=\"wp-block-separator has-alpha-channel-opacity\" \/>\n<p>\u201eMi akart\u00e1l lenni t\u00edz\u00e9vesen?\u201d \u2013 ezzel a laza k\u00e9rd\u00e9ssel ind\u00edtotta a besz\u00e9lget\u00e9st G. T\u00f3th Ilda f\u0151szerkeszt\u0151-helyettes a kedden megrendezett<a href=\"https:\/\/forbes.hu\/esemenyek\/forbes-uzleti-fesztival\/2026-forbes-flow-meg-tudod-csinalni\"> Forbes Flow<\/a> egyik d\u00e9lel\u0151tti szekci\u00f3j\u00e1ban. A sz\u00ednpadon Veiszer Alinda riporter, \u00c1rvai Eszter vezet\u0151- \u00e9s szervezetfejleszt\u0151 tan\u00e1csad\u00f3, \u00e9s Lengyel Tam\u00e1s, a Loupe Sz\u00ednh\u00e1zi T\u00e1rsul\u00e1s alap\u00edt\u00f3ja mes\u00e9lt\u00e9k el, hogyan \u00e9p\u00edtett\u00e9k fel a saj\u00e1t v\u00e1llalkoz\u00e1sukat.<\/p>\n<div class=\"related-post-links\">\n<p>\t\t<span class=\"related-post-links__title minititle\">T\u00f6bb ebb\u0151l<\/span><\/p>\n<div class=\"related-post-links__link-wrapper\">\n\t\t\t\t<a href=\"https:\/\/forbes.hu\/uzlet\/ha-nem-talalsz-vissza-magadhoz-a-ceg-elhalhat-kulonbozo-iparagak-arcai-beszelgettek-ujrakezdesrol-a-forbes-flow-szinpadan\/\" class=\"related-post-links__link\">\u201eHa nem tal\u00e1lsz vissza magadhoz, a c\u00e9g elhalhat\u201d\u2013 k\u00fcl\u00f6nb\u00f6z\u0151 ipar\u00e1gak arcai besz\u00e9lgettek \u00fajrakezd\u00e9sr\u0151l a Forbes Flow sz\u00ednpad\u00e1n<\/a>\n\t\t\t<\/div>\n<\/div>\n<p>\u201eSz\u00edn\u00e9sz\u201d \u2013 v\u00e1gta r\u00e1 Ilda k\u00e9rd\u00e9s\u00e9re Alinda, majd nevetve Tam\u00e1shoz fordult, akit\u0151l azt k\u00e9rdezte, hogy \u0151 meg akkor riporter akart-e lenni? Nem az akart, viszont az kider\u00fclt, hogy Eszter testnevel\u0151 lett volna, ha nem az \u00fczleti vil\u00e1gban indul el.  A h\u00e1rom ember k\u00f6z\u00f6s pontja, hogy mindannyian kil\u00e9ptek a klasszikus alkalmazotti l\u00e9tb\u0151l, kimondt\u00e1k, hogy ezt \u00edgy tov\u00e1bb nem, \u00e9s fel\u00e9p\u00edtett\u00e9k a saj\u00e1t m\u0171k\u00f6d\u00e9s\u00fcket, annak minden szabads\u00e1g\u00e1val \u00e9s kock\u00e1zat\u00e1val egy\u00fctt. <\/p>\n<h2 class=\"wp-block-heading\">Nem az els\u0151 startupja<\/h2>\n<p>Lengyel Tam\u00e1s evol\u00faci\u00f3k\u00e9nt eml\u00e9kszik vissza az \u00fatra, mire el\u00e9rkezett a Loupe fel\u00e9p\u00edt\u00e9s\u00e9ig. <a href=\"https:\/\/www.forbes.hu\/uzlet\/szabadszinesz-lengyel-tamas-startup\/\"> Egy sz\u00edn\u00e9szkeres\u0151 volt az els\u0151 startupja<\/a>, ekkor k\u00f6t\u00f6tt bar\u00e1ts\u00e1got az Excellel, ma pedig m\u00e1r \u0151 \u201ekoreograf\u00e1lja a p\u00e9nz\u00fcgyeket\u201d a c\u00e9gben. A v\u00e1lt\u00e1s m\u00f6g\u00f6tt azonban nemcsak szakmai k\u00edv\u00e1ncsis\u00e1g, hanem ki\u00e1br\u00e1nd\u00edt\u00f3 tapasztalatok is \u00e1lltak. \u201eVolt h\u00e1rom-n\u00e9gy apr\u00f3 pont, ami meg\u00e9rlelte bennem a d\u00f6nt\u00e9st, hogy valami saj\u00e1tot csin\u00e1ljunk\u201d \u2013 mondta. <\/p>\n<p>Az egyik ilyen a V\u00edgsz\u00ednh\u00e1zban szerzett \u00e9lm\u00e9nye volt, ny\u00edltan besz\u00e9lt a b\u00e1ntalmaz\u00f3 l\u00e9gk\u00f6rr\u0151l, amit a sz\u00ednh\u00e1zban tapasztalt, \u00e9s arr\u00f3l, hogy 2017-ben Eszenyi Enik\u0151 miatt mondott fel. A Tisza P\u00e1rt gy\u0151zelm\u00e9vel rem\u00e9li, hogy azokra a r\u00e9szletekre is f\u00e9ny der\u00fcl majd, amiket kisat\u00edroztak a vizsg\u00e1l\u00f3bizotts\u00e1g jelent\u00e9s\u00e9b\u0151l.  <\/p>\n<figure class=\"wp-block-image size-large\">\n<div class=\"photo-credit-wrapper\"><img decoding=\"async\" loading=\"lazy\" src=\"https:\/\/cdn.forbes.hu\/uploads\/2026\/04\/FLOW_0428_tudositas_045.webp?r=eyJ3IjoxNTAwLCJxIjo5MCwicyI6ImpwZyJ9\" alt=\"\" class=\"wp-image-763426\" \/><\/div><figcaption class=\"wp-element-caption\">Lengyel Tam\u00e1s. Fot\u00f3: Fejes Bence<\/figcaption><\/figure>\n<p>Tam\u00e1s k\u00e9s\u0151bb a J\u00e1t\u00e9ksz\u00ednb\u0151l is t\u00e1vozott, r\u00e9szben a stagn\u00e1l\u00f3 k\u00f6r\u00fclm\u00e9nyek miatt, \u00e9veken \u00e1t nem kapott fizet\u00e9semel\u00e9st. Ma m\u00e1r biztos benne, hogy nem t\u00e9rne vissza a k\u0151sz\u00ednh\u00e1zi strukt\u00far\u00e1ba: \u201eA mi sz\u00ednh\u00e1zunkban tudok olyan k\u00f6r\u00fclm\u00e9nyeket teremteni, amilyeneket szeretn\u00e9k.\u201d Hozz\u00e1tette azt is, hogy p\u00e1lyakezd\u0151k\u00e9nt sokszor nem mert nemet mondani. \u201eMa m\u00e1r tudom, hogy egy el\u0151ad\u00e1sban 75 sz\u00e1zal\u00e9kban meztelennek lenni ink\u00e1bb az OnlyFansen ok\u00e9.\u201d V\u00e9g\u00fcl arra is kit\u00e9rt, hogy vezet\u0151k\u00e9nt t\u00f6rekszik arra, hogy meghallgassa a kritik\u00e1kat, \u00e9s megold\u00e1st tal\u00e1ljon a probl\u00e9m\u00e1kra k\u00f6z\u00f6ss\u00e9gi szinten. <a href=\"https:\/\/www.forbes.hu\/a-jo-elet\/lovas-rozi-loupe-szabadsag-szinhaz\/\">A t\u00e1rsulattal t\u00f6bbsz\u00f6r is foglalkoztunk m\u00e1r a Forbes.hu-n. <\/a><\/p>\n<h2 class=\"wp-block-heading\">Nulla bev\u00e9tellel n\u00e9zett szembe<\/h2>\n<p>Veiszer Alinda t\u00f6rt\u00e9nete is tele volt bizonytalans\u00e1ggal \u00e9s nem egyszer kellett ki\u00e1llnia mag\u00e1\u00e9rt, t\u00f6bbek k\u00f6z\u00f6tt emiatt is ker\u00fclt<a href=\"https:\/\/www.forbes.hu\/a-nyomtatott-kiadasok-archivuma\/#all\"> fel id\u00e9n a Forbes c\u00edmlapj\u00e1ra.<\/a><em> <\/em>B\u00e1r kor\u00e1bban is dolgozott m\u00e1r szabad\u00fasz\u00f3k\u00e9nt, de a val\u00f3di v\u00e1llalkoz\u00f3i l\u00e9tet a Covid hozta el: \u201eakkor nulla bev\u00e9tellel kellett szemben\u00e9znem\u201d \u2013 mondta, \u00e9s v\u00e9g\u00fcl az utols\u00f3 forintjait k\u00f6lt\u00f6tte el az els\u0151 saj\u00e1t m\u0171soraira. llda k\u00e9rd\u00e9s\u00e9re kifejtette, hogy \u00e9rzelmileg kifejezetten terhes volt az indul\u00e1s, amikor felt\u00f6lt\u00f6tte az els\u0151 ad\u00e1st, \u00e9s \u00f6t percen bel\u00fcl nem \u00e9rkezett reakci\u00f3, s\u00edrva h\u00edvta fel a f\u00e9rj\u00e9t. \u201eM\u00e1snap reggelre j\u00f6ttek a t\u00e1mogat\u00f3k\u201d \u2013 tette hozz\u00e1 gyorsan.<\/p>\n<figure class=\"wp-block-image size-large\">\n<div class=\"photo-credit-wrapper\"><img decoding=\"async\" loading=\"lazy\" src=\"https:\/\/cdn.forbes.hu\/uploads\/2026\/04\/FLOW_0428_tudositas_047.webp?r=eyJ3IjoxNTAwLCJxIjo5MCwicyI6ImpwZyJ9\" alt=\"\" class=\"wp-image-763428\" \/><\/div><figcaption class=\"wp-element-caption\">Veiszer Alinda. Fot\u00f3: Fejes Bence<\/figcaption><\/figure>\n<p> Az els\u0151 h\u00f3napok tapasztalatai alapj\u00e1n m\u00e1r l\u00e1tszott, hogy m\u0171k\u00f6dhet a modell, de \u00edgy visszan\u00e9zve m\u00e1r tudja, hogy sok m\u00falott az id\u0151z\u00edt\u00e9sen \u201eEarly bird voltam, m\u00e1sf\u00e9l \u00e9vvel k\u00e9s\u0151bb lehet, hogy m\u00e1r nem tudtam volna megcsin\u00e1lni.\u201d Tudatos d\u00f6nt\u00e9seket hozott a tartalommal kapcsolatban is, mert nem akart be\u00e1llni a megszokott sorba: \u201eMindenki Alf\u00f6ldi R\u00f3bertet vagy M\u00e1csai P\u00e1lt h\u00edvja el\u0151sz\u00f6r, \u00e9n Benedek Mikl\u00f3st h\u00edvtam.\u201d <\/p>\n<p>A saj\u00e1t \u00fat a szem\u00e9lyis\u00e9g\u00e9re is hat\u00e1ssal volt: \u201eNem udvariaskodom, hanem pacekban mennek a dolgok\u201d \u2013 fogalmazott, \u00e9s hozz\u00e1tette, hogy a Patreonon elt\u00f6lt\u00f6tt \u00e9vek b\u00e1tors\u00e1got \u00e9s egyeness\u00e9get adtak neki, de \u00e1rnyoldala is van: \u201eAz ember megtanul nem szabads\u00e1gra menni.\u201d<\/p>\n<h2 class=\"wp-block-heading\">Lesz\u00e1llt a vonatr\u00f3l, hazament \u00e9s felmondott<\/h2>\n<p>\u00c1rvai Eszter t\u00f6rt\u00e9net\u00e9ben szinte filmszer\u0171 jelenettel j\u00f6tt el a fordul\u00f3pont, az osztr\u00e1k IKEA HR-vezet\u0151i sz\u00e9k\u00e9t cser\u00e9lte szabads\u00e1gra. H\u00e1rom intenz\u00edv \u00e9v ut\u00e1n, \u00e9pp a B\u00e9csbe tart\u00f3 vonaton \u00fclve, kiscic\u00e1j\u00e1val az \u00f6l\u00e9ben hozta meg a d\u00f6nt\u00e9st. \u201eHossz\u00fat\u00e1vfut\u00f3 vagyok, tolom akkor is, ha f\u00e1j\u201d \u2013 mondta, de a teste v\u00e9g\u00fcl jelezte, hogy ez nem fenntarthat\u00f3,  alv\u00e1sprobl\u00e9m\u00e1k \u00e9s a kimer\u00fclts\u00e9g jelei is megjelentek. <\/p>\n<blockquote class=\"wp-block-quote is-layout-flow wp-block-quote-is-layout-flow\">\n<p>\u201eMosonmagyar\u00f3v\u00e1rn\u00e1l g\u00f6rcs\u00f6lni kezdett a hasam, lesz\u00e1lltam, hazamentem, \u00e9s egy poh\u00e1r bor mellett meg\u00edrtam az e-mailt, hogy befejezem.\u201d <\/p>\n<\/blockquote>\n<figure class=\"wp-block-image size-large\">\n<div class=\"photo-credit-wrapper\"><img decoding=\"async\" loading=\"lazy\" src=\"https:\/\/cdn.forbes.hu\/uploads\/2026\/04\/FLOW_0428_tudositas_058.webp?r=eyJ3IjoxNTAwLCJxIjo5MCwicyI6ImpwZyJ9\" alt=\"\" class=\"wp-image-763427\" \/><\/div><figcaption class=\"wp-element-caption\">\u00c1rvai Eszter. Fot\u00f3: Fejes Bence<\/figcaption><\/figure>\n<p>B\u00e1r a d\u00f6nt\u00e9s kimond\u00e1sa hirtelen t\u00f6rt\u00e9nt, az \u00e9r\u00e9si folyamat j\u00f3val hosszabb volt, <a href=\"https:\/\/www.forbes.hu\/legyel-jobb\/vezeto-ikea-karrier\/\">amir\u0151l 2022-ben \u00edrtunk <\/a>r\u00e9szletesebben. Az\u00f3ta vezet\u0151- \u00e9s szervezetfejleszt\u0151 tan\u00e1csad\u00f3k\u00e9nt dolgozik, \u00e9s azt l\u00e1tja, hogy a mai vezet\u0151k eg\u00e9szen m\u00e1s kih\u00edv\u00e1sokkal szembes\u00fclnek. \u201eA csend ma dr\u00e1ga\u201d \u2013 fogalmazott. Szerinte egy vezet\u0151 feladata m\u00e1r nem az, hogy minden k\u00e9rd\u00e9sre tudja a v\u00e1laszt, hanem az, hogy olyan k\u00f6rnyezetet teremtsen, ahol a munkat\u00e1rsak megsz\u00f3lalnak. \u201eEbb\u0151l lesz az innov\u00e1ci\u00f3.\u201d <\/p>\n<h2 class=\"wp-block-heading\">J\u00f6n a k\u00f6zm\u00e9dia reformja?<\/h2>\n<p>Veiszer Alinda b\u00e1tors\u00e1ga hat\u00e1rozott kijelent\u00e9seiben is visszak\u00f6sz\u00f6nt:<\/p>\n<blockquote class=\"wp-block-quote is-layout-flow wp-block-quote-is-layout-flow\">\n<p>\u201eVisszamenn\u00e9k a k\u00f6zm\u00e9di\u00e1ba, s\u0151t csin\u00e1ln\u00e9k is egyet. Az Orb\u00e1n-rendszer egyetlen pozit\u00edvuma a f\u00fcggetlen sajt\u00f3.\u201d <\/p>\n<\/blockquote>\n<p>Alinda szerint ennek ellen\u00e9re hatalmas sz\u00fcks\u00e9g lenne az \u00e1llamilag fenntartott m\u00e9di\u00e1ra is, mert komoly hi\u00e1nyoss\u00e1gokat l\u00e1t a kultur\u00e1lis tartalmak ter\u00e9n. \u201eEl\u00e9g a k\u00e9nyelmes \u00e1ll\u00e1sokb\u00f3l, csin\u00e1lj\u00e1k azok, akik \u00e9rtenek hozz\u00e1\u201d \u2013 mondta indulatosan, \u00e9s arra is kit\u00e9rt, hogy az alulr\u00f3l j\u00f6v\u0151 dolgokat kell \u00e9szrevennie egy nagy, \u00e1llami p\u00e9nzb\u0151l fenntartott v\u00e1llalatnak. <\/p>\n<p><!-- No email blocks found --><\/p>\n<p>The post <a href=\"https:\/\/forbes.hu\/uzlet\/ezt-igy-tovabb-nem-mondta-egy-ponton-arvai-eszter-veiszer-alinda-es-lengyel-tamas-is-a-forbes-flow-szinpadan-elarultak-mi-jott-utana\/\">\u201eEzt \u00edgy tov\u00e1bb nem\u201d \u2013 mondta egy ponton \u00c1rvai Eszter, Veiszer Alinda \u00e9s Lengyel Tam\u00e1s is. A Forbes Flow sz\u00ednpad\u00e1n el\u00e1rult\u00e1k, mi j\u00f6tt ut\u00e1na<\/a> appeared first on <a href=\"https:\/\/forbes.hu\/\">Forbes.hu<\/a>.<\/p><div id=\"friss-2076646150\" class=\"friss-etarget-cikk-vege friss-entity-placement\"><script type=\"text\/javascript\" id=\"etargetScript7a9b589f63cb072bef80df221f46a22b\">function etargetPostloadFunction7a9b589f63cb072bef80df221f46a22b(){var e=\"etargetPostload7a9b589f63cb072bef80df221f46a22b\",t=\"etargetScript7a9b589f63cb072bef80df221f46a22b\",o=document.getElementById(e);if(o){for(var n=o.offsetTop,d=o.offsetLeft,r=o.offsetWidth,a=o.offsetHeight;o.offsetParent;)o=o.offsetParent,n+=o.offsetTop,d+=o.offsetLeft;var i=(n<=window.pageYOffset+window.innerHeight&&d<window.pageXOffset+window.innerWidth&&n+a>window.pageYOffset&&d+r>window.pageXOffset);if(i&&etargetAllowOtherCheck){allowed=!1;var c=document.createElement(\"script\");return c.src=\"\/\/hu.search.etargetnet.com\/generic\/uni.php?g=ref:58661,area:700x210\",void(document.getElementById(t)&&document.getElementById(e)&&(document.getElementById(t).parentNode.appendChild(c),document.getElementById(t).parentNode.removeChild(document.getElementById(t)),document.getElementById(e).parentNode.removeChild(document.getElementById(e)),document.removeEventListener(\"scroll\",etargetPostloadFunction7a9b589f63cb072bef80df221f46a22b),document.removeEventListener(\"resize\",etargetPostloadFunction7a9b589f63cb072bef80df221f46a22b),document.removeEventListener(\"DOMContentLoaded\",etargetPostloadFunction7a9b589f63cb072bef80df221f46a22b)))}}}var etargetDivID=\"etargetPostload7a9b589f63cb072bef80df221f46a22b\",etargetScriptID=\"etargetScript7a9b589f63cb072bef80df221f46a22b\",etargetPostloadPoint=document.createElement(\"div\");etargetPostloadPoint.id=etargetDivID;var etargetCurScript=document.getElementById(etargetScriptID);etargetCurScript.parentNode.appendChild(etargetPostloadPoint),document.addEventListener(\"scroll\",etargetPostloadFunction7a9b589f63cb072bef80df221f46a22b),document.addEventListener(\"resize\",etargetPostloadFunction7a9b589f63cb072bef80df221f46a22b),document.addEventListener(\"DOMContentLoaded\",etargetPostloadFunction7a9b589f63cb072bef80df221f46a22b);var etargetAllowOtherCheck=!0;if(typeof(\"forceRunPostload\")==\"string\"){etargetPostloadFunction7a9b589f63cb072bef80df221f46a22b()}<\/script><\/div><div id=\"friss-1242714512\" class=\"friss-after-content friss-entity-placement\"><script type=\"text\/javascript\" id=\"etargetScript7a9b589f63cb072bef80df221f46a22b\">function etargetPostloadFunction7a9b589f63cb072bef80df221f46a22b(){var e=\"etargetPostload7a9b589f63cb072bef80df221f46a22b\",t=\"etargetScript7a9b589f63cb072bef80df221f46a22b\",o=document.getElementById(e);if(o){for(var n=o.offsetTop,d=o.offsetLeft,r=o.offsetWidth,a=o.offsetHeight;o.offsetParent;)o=o.offsetParent,n+=o.offsetTop,d+=o.offsetLeft;var i=(n<=window.pageYOffset+window.innerHeight&&d<window.pageXOffset+window.innerWidth&&n+a>window.pageYOffset&&d+r>window.pageXOffset);if(i&&etargetAllowOtherCheck){allowed=!1;var c=document.createElement(\"script\");return c.src=\"\/\/hu.search.etargetnet.com\/generic\/uni.php?g=ref:58661,area:700x210\",void(document.getElementById(t)&&document.getElementById(e)&&(document.getElementById(t).parentNode.appendChild(c),document.getElementById(t).parentNode.removeChild(document.getElementById(t)),document.getElementById(e).parentNode.removeChild(document.getElementById(e)),document.removeEventListener(\"scroll\",etargetPostloadFunction7a9b589f63cb072bef80df221f46a22b),document.removeEventListener(\"resize\",etargetPostloadFunction7a9b589f63cb072bef80df221f46a22b),document.removeEventListener(\"DOMContentLoaded\",etargetPostloadFunction7a9b589f63cb072bef80df221f46a22b)))}}}var etargetDivID=\"etargetPostload7a9b589f63cb072bef80df221f46a22b\",etargetScriptID=\"etargetScript7a9b589f63cb072bef80df221f46a22b\",etargetPostloadPoint=document.createElement(\"div\");etargetPostloadPoint.id=etargetDivID;var etargetCurScript=document.getElementById(etargetScriptID);etargetCurScript.parentNode.appendChild(etargetPostloadPoint),document.addEventListener(\"scroll\",etargetPostloadFunction7a9b589f63cb072bef80df221f46a22b),document.addEventListener(\"resize\",etargetPostloadFunction7a9b589f63cb072bef80df221f46a22b),document.addEventListener(\"DOMContentLoaded\",etargetPostloadFunction7a9b589f63cb072bef80df221f46a22b);var etargetAllowOtherCheck=!0;if(typeof(\"forceRunPostload\")==\"string\"){etargetPostloadFunction7a9b589f63cb072bef80df221f46a22b()}<\/script><\/div><div id=\"friss-2830681207\" class=\"friss-after-content_2 friss-entity-placement\" style=\"clear: both;\"><div class=\"wprss_ajax\" data-id=\"rss130b08c101\"><img loading=\"lazy\" decoding=\"async\" src=\"https:\/\/friss-hirek.hu\/wp-content\/plugins\/wp-rss-retriever\/inc\/imgs\/ajax-loader.gif\" alt=\"Loading RSS Feed\" width=\"16\" height=\"16\"><\/div><\/div><br style=\"clear: both; display: block; float: none;\"\/><div id=\"friss-1644570561\" class=\"friss-after-content_3 friss-entity-placement\">https:\/\/www.youtube.com\/watch?v=Pdnw4KiUWp0<\/div>","protected":false},"excerpt":{"rendered":"<p>\u201eAz Orb\u00e1n-rendszer egyetlen pozit\u00edvuma a f\u00fcggetlen sajt\u00f3\u201d \u2013 jelentette ki a Forbes \u00fczleti fesztiv\u00e1lj\u00e1n Veiszer Alinda riporter, aki minden tartal\u00e9k\u00e1t saj\u00e1t karrierj\u00e9be fektette. Hasonl\u00f3an \u00e9les, szinte k\u00e9nyszersz\u00fclte helyzetekr\u0151l mes\u00e9lt ny\u00edltan \u00c1rvai Eszter tan\u00e1csad\u00f3 \u00e9s Lengyel Tam\u00e1s sz\u00edn\u00e9sz is a Forbes \u00fczleti fesztiv\u00e1lj\u00e1n. \u201eMi akart\u00e1l lenni t\u00edz\u00e9vesen?\u201d \u2013 ezzel a laza k\u00e9rd\u00e9ssel ind\u00edtotta a besz\u00e9lget\u00e9st G. [&hellip;]<\/p>\n","protected":false},"author":1,"featured_media":0,"comment_status":"open","ping_status":"open","sticky":false,"template":"","format":"standard","meta":{"footnotes":""},"categories":[7],"tags":[],"class_list":["post-166114","post","type-post","status-publish","format-standard","hentry","category-uzlet"],"amp_enabled":true,"_links":{"self":[{"href":"https:\/\/friss-hirek.hu\/index.php\/wp-json\/wp\/v2\/posts\/166114","targetHints":{"allow":["GET"]}}],"collection":[{"href":"https:\/\/friss-hirek.hu\/index.php\/wp-json\/wp\/v2\/posts"}],"about":[{"href":"https:\/\/friss-hirek.hu\/index.php\/wp-json\/wp\/v2\/types\/post"}],"author":[{"embeddable":true,"href":"https:\/\/friss-hirek.hu\/index.php\/wp-json\/wp\/v2\/users\/1"}],"replies":[{"embeddable":true,"href":"https:\/\/friss-hirek.hu\/index.php\/wp-json\/wp\/v2\/comments?post=166114"}],"version-history":[{"count":0,"href":"https:\/\/friss-hirek.hu\/index.php\/wp-json\/wp\/v2\/posts\/166114\/revisions"}],"wp:attachment":[{"href":"https:\/\/friss-hirek.hu\/index.php\/wp-json\/wp\/v2\/media?parent=166114"}],"wp:term":[{"taxonomy":"category","embeddable":true,"href":"https:\/\/friss-hirek.hu\/index.php\/wp-json\/wp\/v2\/categories?post=166114"},{"taxonomy":"post_tag","embeddable":true,"href":"https:\/\/friss-hirek.hu\/index.php\/wp-json\/wp\/v2\/tags?post=166114"}],"curies":[{"name":"wp","href":"https:\/\/api.w.org\/{rel}","templated":true}]}}