{"id":166120,"date":"2026-04-28T14:45:44","date_gmt":"2026-04-28T14:45:44","guid":{"rendered":"https:\/\/friss-hirek.hu\/index.php\/a-2026-os-ev-nem-maradhat-bankito-nelkul-varatlan-fordulat-a-tavaly-veget-ert-fesztival-ugyeben\/friss-hirek\/"},"modified":"2026-04-28T14:45:44","modified_gmt":"2026-04-28T14:45:44","slug":"a-2026-os-ev-nem-maradhat-bankito-nelkul-varatlan-fordulat-a-tavaly-veget-ert-fesztival-ugyeben","status":"publish","type":"post","link":"https:\/\/friss-hirek.hu\/index.php\/a-2026-os-ev-nem-maradhat-bankito-nelkul-varatlan-fordulat-a-tavaly-veget-ert-fesztival-ugyeben\/uzlet\/","title":{"rendered":"\u201eA 2026-os \u00e9v nem maradhat B\u00e1nkit\u00f3 n\u00e9lk\u00fcl!\u201d \u2013 v\u00e1ratlan fordulat a tavaly v\u00e9get \u00e9rt fesztiv\u00e1l \u00fcgy\u00e9ben"},"content":{"rendered":"<p><strong>Kider\u00fclt, hogy mi lesz a B\u00e1nkit\u00f3 sorsa. <\/strong><\/p><div id=\"friss-4167075413\" class=\"friss-etarget friss-entity-placement\"><script type=\"text\/javascript\" id=\"etargetScript7a9b589f63cb072bef80df221f46a22b\">function etargetPostloadFunction7a9b589f63cb072bef80df221f46a22b(){var e=\"etargetPostload7a9b589f63cb072bef80df221f46a22b\",t=\"etargetScript7a9b589f63cb072bef80df221f46a22b\",o=document.getElementById(e);if(o){for(var n=o.offsetTop,d=o.offsetLeft,r=o.offsetWidth,a=o.offsetHeight;o.offsetParent;)o=o.offsetParent,n+=o.offsetTop,d+=o.offsetLeft;var i=(n<=window.pageYOffset+window.innerHeight&&d<window.pageXOffset+window.innerWidth&&n+a>window.pageYOffset&&d+r>window.pageXOffset);if(i&&etargetAllowOtherCheck){allowed=!1;var c=document.createElement(\"script\");return c.src=\"\/\/hu.search.etargetnet.com\/generic\/uni.php?g=ref:58661,area:700x210\",void(document.getElementById(t)&&document.getElementById(e)&&(document.getElementById(t).parentNode.appendChild(c),document.getElementById(t).parentNode.removeChild(document.getElementById(t)),document.getElementById(e).parentNode.removeChild(document.getElementById(e)),document.removeEventListener(\"scroll\",etargetPostloadFunction7a9b589f63cb072bef80df221f46a22b),document.removeEventListener(\"resize\",etargetPostloadFunction7a9b589f63cb072bef80df221f46a22b),document.removeEventListener(\"DOMContentLoaded\",etargetPostloadFunction7a9b589f63cb072bef80df221f46a22b)))}}}var etargetDivID=\"etargetPostload7a9b589f63cb072bef80df221f46a22b\",etargetScriptID=\"etargetScript7a9b589f63cb072bef80df221f46a22b\",etargetPostloadPoint=document.createElement(\"div\");etargetPostloadPoint.id=etargetDivID;var etargetCurScript=document.getElementById(etargetScriptID);etargetCurScript.parentNode.appendChild(etargetPostloadPoint),document.addEventListener(\"scroll\",etargetPostloadFunction7a9b589f63cb072bef80df221f46a22b),document.addEventListener(\"resize\",etargetPostloadFunction7a9b589f63cb072bef80df221f46a22b),document.addEventListener(\"DOMContentLoaded\",etargetPostloadFunction7a9b589f63cb072bef80df221f46a22b);var etargetAllowOtherCheck=!0;if(typeof(\"forceRunPostload\")==\"string\"){etargetPostloadFunction7a9b589f63cb072bef80df221f46a22b()}<\/script><\/div>\n<p><strong>Mi t\u00f6rt\u00e9nt?<\/strong> A minden \u00e9v j\u00falius\u00e1ban megrendezett fesztiv\u00e1l, a M\u0171v\u00e9szetek V\u00f6lgye rendhagy\u00f3 bejelent\u00e9st tett kedden. A tavaly v\u00e9get \u00e9rt B\u00e1nkit\u00f3 Fesztiv\u00e1l 2026-ban Kapolcsra k\u00f6lt\u00f6zik j\u00falius 24. \u00e9s augusztus 2. k\u00f6z\u00f6tt.<\/p>\n<div class=\"related-post-links\">\n<p>\t\t<span class=\"related-post-links__title minititle\">T\u00f6bb ebb\u0151l<\/span><\/p>\n<div class=\"related-post-links__link-wrapper\">\n\t\t\t\t<a href=\"https:\/\/forbes.hu\/uzlet\/ezt-igy-tovabb-nem-mondta-egy-ponton-arvai-eszter-veiszer-alinda-es-lengyel-tamas-is-a-forbes-flow-szinpadan-elarultak-mi-jott-utana\/\" class=\"related-post-links__link\">\u201eEzt \u00edgy tov\u00e1bb nem\u201d \u2013 mondta egy ponton \u00c1rvai Eszter, Veiszer Alinda \u00e9s Lengyel Tam\u00e1s is. A Forbes Flow sz\u00ednpad\u00e1n el\u00e1rult\u00e1k, mi j\u00f6tt ut\u00e1na<\/a>\n\t\t\t<\/div>\n<div class=\"related-post-links__link-wrapper\">\n\t\t\t\t<a href=\"https:\/\/forbes.hu\/tarsadalom\/magyar-peter-bodis-kriszta-tarr-zoltan-miniszter-tisza\/\" class=\"related-post-links__link\">\u00dajabb nevek: Magyar P\u00e9ter bejelentett k\u00e9t minisztert, \u00e9s el\u00e1rulta, milyen poz\u00edci\u00f3t kap B\u00f3dis Kriszta<\/a>\n\t\t\t<\/div>\n<\/div>\n<p><strong>R\u00e9szletek.<\/strong> A h\u00e1tt\u00e9rben tulajdonosv\u00e1lt\u00e1s \u00e1ll: a M\u0171v\u00e9szetek V\u00f6lgye szakmai f\u0151tulajdonosa, a M\u0171v\u00e9szetek a Vid\u00e9kfejleszt\u00e9s\u00e9rt Alap\u00edtv\u00e1ny 2025-ben meg\u00e1llapod\u00e1st k\u00f6t\u00f6tt a B\u00e1nkit\u00f3 Fesztiv\u00e1l\u00a0kiv\u00e1s\u00e1rl\u00e1s\u00e1r\u00f3l.<\/p>\n<p>\u201eAz els\u0151dleges c\u00e9l az volt, hogy a B\u00e1nkit\u00f3 Fesztiv\u00e1l rendezze anyagi helyzet\u00e9t, mik\u00f6zben az alap\u00edtv\u00e1ny lehet\u0151s\u00e9get teremtett ezzel a magyar kultur\u00e1lis \u00e9let egyik meghat\u00e1roz\u00f3 rendezv\u00e9ny\u00e9nek a j\u00f6v\u0151beni, meg\u00fajult form\u00e1ban t\u00f6rt\u00e9n\u0151 esetleges \u00fajraind\u00edt\u00e1s\u00e1ra\u201d \u2013 fogalmaznak a Forbes.hu-nak eljuttatott k\u00f6zlem\u00e9nyben, amiben azt is kijelentik, hogy a 2026-os \u00e9v nem maradhat B\u00e1nkit\u00f3 n\u00e9lk\u00fcl. <\/p>\n<p><strong>Mit lehet m\u00e9g tudni?<\/strong> Az\u00e9rt k\u00f6lt\u00f6zik \u00e1t Kapolcsra a fesztiv\u00e1l, mert nemr\u00e9g z\u00e1rult le az \u00e1tad\u00e1s-\u00e1tv\u00e9teli folyamat, \u00edgy a B\u00e1nki-t\u00f3 partj\u00e1ra teljes k\u00f6r\u0171en m\u00e1r nem ny\u00edlt lehet\u0151s\u00e9g fesztiv\u00e1lt szervezni. Az \u00faj tulajdonos c\u00e9lja, hogy \u00a0a B\u00e1nkit\u00f3 Fesztiv\u00e1l fenntarthat\u00f3 m\u00f3don ker\u00fclj\u00f6n vissza a kultur\u00e1lis k\u00f6rforg\u00e1sba \u00e9s \u00fajra a k\u00f6z\u00f6ss\u00e9gek fontos tal\u00e1lkoz\u00f3hely\u00e9v\u00e9 v\u00e1ljon.<\/p>\n<p>A V\u00f6lgy programj\u00e1ban \u00f6n\u00e1ll\u00f3 helysz\u00ednk\u00e9nt jelenik meg a G\u00e1stya-\u00c1rok, ahov\u00e1 bek\u00f6lt\u00f6zik a B\u00e1nkit\u00f3. A helysz\u00ednen majd k\u00f6z\u00e9leti, kultur\u00e1lis besz\u00e9lget\u00e9sek is v\u00e1rj\u00e1k az \u00e9rdekl\u0151d\u0151ket, m\u00edg a zenei k\u00edn\u00e1lat t\u00fckr\u00f6zi majd a fesztiv\u00e1l hagyom\u00e1nyait: \u201ealternat\u00edv, felt\u00f6rekv\u0151, szubkult\u00far\u00e1k rajongott el\u0151ad\u00f3i kapnak lehet\u0151s\u00e9get, hogy Kapolcs egyik ikonikus sz\u00ednpad\u00e1ra \u00e1lljanak fel\u201d. Arra is kit\u00e9rtek, hogy a tervek szerint a fesztiv\u00e1l 2027-t\u0151l m\u00e1r \u00fajra a megszokott helysz\u00edn\u00e9n t\u00e9rhet vissza. <\/p>\n<p><strong>Kontextus. <\/strong>Tavaly ny\u00e1ron \u00edrtunk arr\u00f3l, hogy v\u00e9get \u00e9rt a tizenhatodik \u00e9s egyben utols\u00f3 B\u00e1nkit\u00f3 fesztiv\u00e1l. Az \u00f6sszm\u0171v\u00e9szeti\u00a0nonprofit projekt be akarta bizony\u00edtani, hogy lehet fenntarthat\u00f3an, etikusan, z\u00f6lden \u00e9s rekl\u00e1mmentesen fesztiv\u00e1lozni. <a href=\"https:\/\/www.forbes.hu\/a-jo-elet\/bankito-fesztival-schonberger-adam-interju\/\">Sch\u00f6nberger \u00c1d\u00e1mmal, a fesztiv\u00e1l igazgat\u00f3j\u00e1val interj\u00faztunk<\/a>, aki akkor arr\u00f3l besz\u00e9lt, hogy szerinte m\u00e1r nem lehet. <\/p>\n<p><!-- No email blocks found --><\/p>\n<p>The post <a href=\"https:\/\/forbes.hu\/tarsadalom\/bankito-fesztival-muveszetek-volgye-zene-koncert-nyar\/\">\u201eA 2026-os \u00e9v nem maradhat B\u00e1nkit\u00f3 n\u00e9lk\u00fcl!\u201d \u2013 v\u00e1ratlan fordulat a tavaly v\u00e9get \u00e9rt fesztiv\u00e1l \u00fcgy\u00e9ben<\/a> appeared first on <a href=\"https:\/\/forbes.hu\/\">Forbes.hu<\/a>.<\/p><div id=\"friss-1221787258\" class=\"friss-etarget-cikk-vege friss-entity-placement\"><script type=\"text\/javascript\" id=\"etargetScript7a9b589f63cb072bef80df221f46a22b\">function etargetPostloadFunction7a9b589f63cb072bef80df221f46a22b(){var e=\"etargetPostload7a9b589f63cb072bef80df221f46a22b\",t=\"etargetScript7a9b589f63cb072bef80df221f46a22b\",o=document.getElementById(e);if(o){for(var n=o.offsetTop,d=o.offsetLeft,r=o.offsetWidth,a=o.offsetHeight;o.offsetParent;)o=o.offsetParent,n+=o.offsetTop,d+=o.offsetLeft;var i=(n<=window.pageYOffset+window.innerHeight&&d<window.pageXOffset+window.innerWidth&&n+a>window.pageYOffset&&d+r>window.pageXOffset);if(i&&etargetAllowOtherCheck){allowed=!1;var c=document.createElement(\"script\");return c.src=\"\/\/hu.search.etargetnet.com\/generic\/uni.php?g=ref:58661,area:700x210\",void(document.getElementById(t)&&document.getElementById(e)&&(document.getElementById(t).parentNode.appendChild(c),document.getElementById(t).parentNode.removeChild(document.getElementById(t)),document.getElementById(e).parentNode.removeChild(document.getElementById(e)),document.removeEventListener(\"scroll\",etargetPostloadFunction7a9b589f63cb072bef80df221f46a22b),document.removeEventListener(\"resize\",etargetPostloadFunction7a9b589f63cb072bef80df221f46a22b),document.removeEventListener(\"DOMContentLoaded\",etargetPostloadFunction7a9b589f63cb072bef80df221f46a22b)))}}}var etargetDivID=\"etargetPostload7a9b589f63cb072bef80df221f46a22b\",etargetScriptID=\"etargetScript7a9b589f63cb072bef80df221f46a22b\",etargetPostloadPoint=document.createElement(\"div\");etargetPostloadPoint.id=etargetDivID;var etargetCurScript=document.getElementById(etargetScriptID);etargetCurScript.parentNode.appendChild(etargetPostloadPoint),document.addEventListener(\"scroll\",etargetPostloadFunction7a9b589f63cb072bef80df221f46a22b),document.addEventListener(\"resize\",etargetPostloadFunction7a9b589f63cb072bef80df221f46a22b),document.addEventListener(\"DOMContentLoaded\",etargetPostloadFunction7a9b589f63cb072bef80df221f46a22b);var etargetAllowOtherCheck=!0;if(typeof(\"forceRunPostload\")==\"string\"){etargetPostloadFunction7a9b589f63cb072bef80df221f46a22b()}<\/script><\/div><div id=\"friss-2556944260\" class=\"friss-after-content friss-entity-placement\"><script type=\"text\/javascript\" id=\"etargetScript7a9b589f63cb072bef80df221f46a22b\">function etargetPostloadFunction7a9b589f63cb072bef80df221f46a22b(){var e=\"etargetPostload7a9b589f63cb072bef80df221f46a22b\",t=\"etargetScript7a9b589f63cb072bef80df221f46a22b\",o=document.getElementById(e);if(o){for(var n=o.offsetTop,d=o.offsetLeft,r=o.offsetWidth,a=o.offsetHeight;o.offsetParent;)o=o.offsetParent,n+=o.offsetTop,d+=o.offsetLeft;var i=(n<=window.pageYOffset+window.innerHeight&&d<window.pageXOffset+window.innerWidth&&n+a>window.pageYOffset&&d+r>window.pageXOffset);if(i&&etargetAllowOtherCheck){allowed=!1;var c=document.createElement(\"script\");return c.src=\"\/\/hu.search.etargetnet.com\/generic\/uni.php?g=ref:58661,area:700x210\",void(document.getElementById(t)&&document.getElementById(e)&&(document.getElementById(t).parentNode.appendChild(c),document.getElementById(t).parentNode.removeChild(document.getElementById(t)),document.getElementById(e).parentNode.removeChild(document.getElementById(e)),document.removeEventListener(\"scroll\",etargetPostloadFunction7a9b589f63cb072bef80df221f46a22b),document.removeEventListener(\"resize\",etargetPostloadFunction7a9b589f63cb072bef80df221f46a22b),document.removeEventListener(\"DOMContentLoaded\",etargetPostloadFunction7a9b589f63cb072bef80df221f46a22b)))}}}var etargetDivID=\"etargetPostload7a9b589f63cb072bef80df221f46a22b\",etargetScriptID=\"etargetScript7a9b589f63cb072bef80df221f46a22b\",etargetPostloadPoint=document.createElement(\"div\");etargetPostloadPoint.id=etargetDivID;var etargetCurScript=document.getElementById(etargetScriptID);etargetCurScript.parentNode.appendChild(etargetPostloadPoint),document.addEventListener(\"scroll\",etargetPostloadFunction7a9b589f63cb072bef80df221f46a22b),document.addEventListener(\"resize\",etargetPostloadFunction7a9b589f63cb072bef80df221f46a22b),document.addEventListener(\"DOMContentLoaded\",etargetPostloadFunction7a9b589f63cb072bef80df221f46a22b);var etargetAllowOtherCheck=!0;if(typeof(\"forceRunPostload\")==\"string\"){etargetPostloadFunction7a9b589f63cb072bef80df221f46a22b()}<\/script><\/div><div id=\"friss-388315343\" class=\"friss-after-content_2 friss-entity-placement\" style=\"clear: both;\"><div class=\"wprss_ajax\" data-id=\"rssb351f2c131\"><img loading=\"lazy\" decoding=\"async\" src=\"https:\/\/friss-hirek.hu\/wp-content\/plugins\/wp-rss-retriever\/inc\/imgs\/ajax-loader.gif\" alt=\"Loading RSS Feed\" width=\"16\" height=\"16\"><\/div><\/div><br style=\"clear: both; display: block; float: none;\"\/><div id=\"friss-710661528\" class=\"friss-after-content_3 friss-entity-placement\">https:\/\/www.youtube.com\/watch?v=Pdnw4KiUWp0<\/div>","protected":false},"excerpt":{"rendered":"<p>Kider\u00fclt, hogy mi lesz a B\u00e1nkit\u00f3 sorsa. Mi t\u00f6rt\u00e9nt? A minden \u00e9v j\u00falius\u00e1ban megrendezett fesztiv\u00e1l, a M\u0171v\u00e9szetek V\u00f6lgye rendhagy\u00f3 bejelent\u00e9st tett kedden. A tavaly v\u00e9get \u00e9rt B\u00e1nkit\u00f3 Fesztiv\u00e1l 2026-ban Kapolcsra k\u00f6lt\u00f6zik j\u00falius 24. \u00e9s augusztus 2. k\u00f6z\u00f6tt. T\u00f6bb ebb\u0151l \u201eEzt \u00edgy tov\u00e1bb nem\u201d \u2013 mondta egy ponton \u00c1rvai Eszter, Veiszer Alinda \u00e9s Lengyel Tam\u00e1s is. [&hellip;]<\/p>\n","protected":false},"author":1,"featured_media":0,"comment_status":"open","ping_status":"open","sticky":false,"template":"","format":"standard","meta":{"footnotes":""},"categories":[7],"tags":[],"class_list":["post-166120","post","type-post","status-publish","format-standard","hentry","category-uzlet"],"amp_enabled":true,"_links":{"self":[{"href":"https:\/\/friss-hirek.hu\/index.php\/wp-json\/wp\/v2\/posts\/166120","targetHints":{"allow":["GET"]}}],"collection":[{"href":"https:\/\/friss-hirek.hu\/index.php\/wp-json\/wp\/v2\/posts"}],"about":[{"href":"https:\/\/friss-hirek.hu\/index.php\/wp-json\/wp\/v2\/types\/post"}],"author":[{"embeddable":true,"href":"https:\/\/friss-hirek.hu\/index.php\/wp-json\/wp\/v2\/users\/1"}],"replies":[{"embeddable":true,"href":"https:\/\/friss-hirek.hu\/index.php\/wp-json\/wp\/v2\/comments?post=166120"}],"version-history":[{"count":0,"href":"https:\/\/friss-hirek.hu\/index.php\/wp-json\/wp\/v2\/posts\/166120\/revisions"}],"wp:attachment":[{"href":"https:\/\/friss-hirek.hu\/index.php\/wp-json\/wp\/v2\/media?parent=166120"}],"wp:term":[{"taxonomy":"category","embeddable":true,"href":"https:\/\/friss-hirek.hu\/index.php\/wp-json\/wp\/v2\/categories?post=166120"},{"taxonomy":"post_tag","embeddable":true,"href":"https:\/\/friss-hirek.hu\/index.php\/wp-json\/wp\/v2\/tags?post=166120"}],"curies":[{"name":"wp","href":"https:\/\/api.w.org\/{rel}","templated":true}]}}