{"id":166121,"date":"2026-04-28T14:45:44","date_gmt":"2026-04-28T14:45:44","guid":{"rendered":"https:\/\/friss-hirek.hu\/index.php\/a-rendszervaltas-fontosabb-volt-mint-az-egeszsegem-mondta-molnar-aron-a-forbes-flow-szinpadan\/friss-hirek\/"},"modified":"2026-04-28T14:45:44","modified_gmt":"2026-04-28T14:45:44","slug":"a-rendszervaltas-fontosabb-volt-mint-az-egeszsegem-mondta-molnar-aron-a-forbes-flow-szinpadan","status":"publish","type":"post","link":"https:\/\/friss-hirek.hu\/index.php\/a-rendszervaltas-fontosabb-volt-mint-az-egeszsegem-mondta-molnar-aron-a-forbes-flow-szinpadan\/uzlet\/","title":{"rendered":"A rendszerv\u00e1lt\u00e1s fontosabb volt, mint az eg\u00e9szs\u00e9gem \u2013 mondta Moln\u00e1r \u00c1ron a Forbes Flow sz\u00ednpad\u00e1n"},"content":{"rendered":"<p><strong>Moln\u00e1r \u00c1ron a Forbes \u00e1prilisi c\u00edmlapja ut\u00e1n a Flow sz\u00ednpad\u00e1ra is ell\u00e1togatott, ahol f\u0151szerkeszt\u0151nkkel, Zsibor\u00e1s Gerg\u0151vel besz\u00e9lgetett. A sz\u00edn\u00e9sz, aktivista besz\u00e9lt az orsz\u00e1ggy\u0171l\u00e9si v\u00e1laszt\u00e1sok el\u0151tti h\u00f3napokr\u00f3l, az \u00e1talakul\u00f3 szerepekr\u0151l \u00e9s arr\u00f3l, hogy a Fidesz \u00e9s az Orb\u00e1n-rendszer lebont\u00e1sa nem jelenti azt, hogy nem kell tov\u00e1bbra is sz\u00e1mon k\u00e9rni \u00e9s ellen\u0151rizni a hatalmat.<\/strong><\/p><div id=\"friss-551021748\" class=\"friss-etarget friss-entity-placement\"><script type=\"text\/javascript\" id=\"etargetScript7a9b589f63cb072bef80df221f46a22b\">function etargetPostloadFunction7a9b589f63cb072bef80df221f46a22b(){var e=\"etargetPostload7a9b589f63cb072bef80df221f46a22b\",t=\"etargetScript7a9b589f63cb072bef80df221f46a22b\",o=document.getElementById(e);if(o){for(var n=o.offsetTop,d=o.offsetLeft,r=o.offsetWidth,a=o.offsetHeight;o.offsetParent;)o=o.offsetParent,n+=o.offsetTop,d+=o.offsetLeft;var i=(n<=window.pageYOffset+window.innerHeight&&d<window.pageXOffset+window.innerWidth&&n+a>window.pageYOffset&&d+r>window.pageXOffset);if(i&&etargetAllowOtherCheck){allowed=!1;var c=document.createElement(\"script\");return c.src=\"\/\/hu.search.etargetnet.com\/generic\/uni.php?g=ref:58661,area:700x210\",void(document.getElementById(t)&&document.getElementById(e)&&(document.getElementById(t).parentNode.appendChild(c),document.getElementById(t).parentNode.removeChild(document.getElementById(t)),document.getElementById(e).parentNode.removeChild(document.getElementById(e)),document.removeEventListener(\"scroll\",etargetPostloadFunction7a9b589f63cb072bef80df221f46a22b),document.removeEventListener(\"resize\",etargetPostloadFunction7a9b589f63cb072bef80df221f46a22b),document.removeEventListener(\"DOMContentLoaded\",etargetPostloadFunction7a9b589f63cb072bef80df221f46a22b)))}}}var etargetDivID=\"etargetPostload7a9b589f63cb072bef80df221f46a22b\",etargetScriptID=\"etargetScript7a9b589f63cb072bef80df221f46a22b\",etargetPostloadPoint=document.createElement(\"div\");etargetPostloadPoint.id=etargetDivID;var etargetCurScript=document.getElementById(etargetScriptID);etargetCurScript.parentNode.appendChild(etargetPostloadPoint),document.addEventListener(\"scroll\",etargetPostloadFunction7a9b589f63cb072bef80df221f46a22b),document.addEventListener(\"resize\",etargetPostloadFunction7a9b589f63cb072bef80df221f46a22b),document.addEventListener(\"DOMContentLoaded\",etargetPostloadFunction7a9b589f63cb072bef80df221f46a22b);var etargetAllowOtherCheck=!0;if(typeof(\"forceRunPostload\")==\"string\"){etargetPostloadFunction7a9b589f63cb072bef80df221f46a22b()}<\/script><\/div>\n<hr class=\"wp-block-separator has-alpha-channel-opacity\" \/>\n<p>\u201e\u00c9n sosem leszek korm\u00e1nyp\u00e1rti, mindig f\u00fcggetlen \u00e9s kritikus ember leszek\u201d \u2013 mondta Moln\u00e1r \u00c1ron a Forbes Flow sz\u00ednpad\u00e1n. A sz\u00edn\u00e9sz, aktivista visszaeml\u00e9kezett a 2022-es orsz\u00e1ggy\u0171l\u00e9si v\u00e1laszt\u00e1st k\u00f6vet\u0151 id\u0151szakra, amikor \u201erem\u00e9nytelens\u00e9get\u201d \u00e9rzett. Moln\u00e1r \u00c1ron szerint akkoriban egy k\u00e9zen meg lehetett sz\u00e1molni azokat a megmond\u00f3 embereket, akik v\u00e1llalt\u00e1k, hogy nem \u00e9rtenek egyet a hatalommal \u00e9s szembe is mertek menni azzal.<\/p>\n<p>A <a href=\"https:\/\/forbes.hu\/napi-cimlap\/molnar-aron-cimlap-interju-portre-2026-aprilis\/\">Forbes \u00e1prilisi lapsz\u00e1m\u00e1nak c\u00edmlapj\u00e1n<\/a> \u00fcv\u00f6lt\u00f6tt a v\u00e1s\u00e1rl\u00f3kra Moln\u00e1r \u00c1ron. Ezzel kapcsolatban elmondta, hogy az a fot\u00f3, ami magazinunk c\u00edmlapj\u00e1ra ker\u00fclt a lelk\u00e9t szimboliz\u00e1lja.<\/p>\n<div class=\"related-post-links\">\n<p>\t\t<span class=\"related-post-links__title minititle\">T\u00f6bb ebb\u0151l<\/span><\/p>\n<div class=\"related-post-links__link-wrapper\">\n\t\t\t\t<a href=\"https:\/\/forbes.hu\/uzlet\/ha-nem-talalsz-vissza-magadhoz-a-ceg-elhalhat-kulonbozo-iparagak-arcai-beszelgettek-ujrakezdesrol-a-forbes-flow-szinpadan\/\" class=\"related-post-links__link\">\u201eHa nem tal\u00e1lsz vissza magadhoz, a c\u00e9g elhalhat\u201d\u2013 k\u00fcl\u00f6nb\u00f6z\u0151 ipar\u00e1gak arcai besz\u00e9lgettek \u00fajrakezd\u00e9sr\u0151l a Forbes Flow sz\u00ednpad\u00e1n<\/a>\n\t\t\t<\/div>\n<\/div>\n<p>\u201eA politik\u00e1r\u00f3l nem lehet lecsavarodni, ami most t\u00f6rt\u00e9nik olyan, mint a legizgalmasabb krimik\u201d \u2013 mondta a sz\u00edn\u00e9sz. Szerinte most n\u00e9zhetj\u00fck v\u00e9gig, hogy egy \u201erettenetes, sz\u00f6rny-rendszer\u201d mik\u00e9nt falja fel mag\u00e1t. Kiemelte p\u00e9ld\u00e1ul Szijj\u00e1rt\u00f3 P\u00e9ter Telexnek adott interj\u00faj\u00e1t, amir\u0151l elmondta, hogy a lek\u00f6sz\u00f6n\u0151 miniszter h\u00e1rom \u00f3r\u00e1s hazudoz\u00e1sa volt. Az aktivista \u00fagy l\u00e1tja, hogy ezeket a szemben\u00e9z\u00e9seket a t\u00e1rsadalmunknak \u00e1t kell \u00e9lnie, hogy a val\u00f3di rendszerv\u00e1lt\u00e1s elindulhasson Magyarorsz\u00e1gon.<\/p>\n<p>Moln\u00e1r \u00c1ron a v\u00e1laszt\u00e1s el\u0151tti id\u0151ben <a href=\"https:\/\/forbes.hu\/interju\/molnar-aron-cimlap-interju-idezetek-2026-aprilis\/\">kicsit \u00fajs\u00e1g\u00edr\u00f3nak \u00e9rezhette mag\u00e1t<\/a>. Nyomozott, k\u00f6z\u00e9rdek\u0171 adatig\u00e9nyl\u00e9seket ny\u00fajt be, \u00e9s pr\u00f3b\u00e1lta inform\u00e1lni az embereket a NER b\u0151neir\u0151l. Ebbe rengeteg energi\u00e1t kellett fektetnie, mivel \u00fagy l\u00e1tja, hogy a lek\u00f6sz\u00f6n\u0151 rendszer k\u00e9pvisel\u0151it pontos inform\u00e1ci\u00f3kkal kell szembes\u00edteni, hogy ne tudjanak mell\u00e9besz\u00e9lni \u00e9s hazudni. Ez a sok munka az egy\u00e9b projektjei mellett teljesen r\u00e1telepedett Moln\u00e1r \u00c1ronra, aki azt is elmondta, hogy a v\u00e1laszt\u00e1s el\u0151tti id\u0151szakban m\u00e1r annyit dolgozott, hogy az az eg\u00e9szs\u00e9ge rov\u00e1s\u00e1ra ment.<\/p>\n<p>\u201eA rendszerv\u00e1lt\u00e1s fontosabb volt, mint az eg\u00e9szs\u00e9gem\u201d \u2013 mondta a sz\u00edn\u00e9sz, amit tapssal jutalmazott a Forbes Flow k\u00f6z\u00f6ns\u00e9ge. \u201eSokkal jobb arr\u00f3l mes\u00e9lni, hogy mit tett\u00e9l, mint arr\u00f3l, hogy mit nem\u201d \u2013 tette hozz\u00e1.<\/p>\n<figure class=\"wp-block-image size-large\">\n<div class=\"photo-credit-wrapper\"><img decoding=\"async\" loading=\"lazy\" src=\"https:\/\/cdn.forbes.hu\/uploads\/2026\/04\/FLOW_0428_tudositas_103.webp?r=eyJ3IjoxNTAwLCJxIjo5MCwicyI6ImpwZyJ9\" alt=\"\u201eA rendszerv\u00e1lt\u00e1s fontosabb volt, mint az eg\u00e9szs\u00e9gem\u201e \u2013 mondta Moln\u00e1r \u00c1ron a Forbes Flow sz\u00ednpad\u00e1n\" class=\"wp-image-763581\" \/>\n<div class=\"photo-credit\">\n            <img decoding=\"async\" loading=\"lazy\" class=\"photo-credit__icon\" src=\"https:\/\/forbes.hu\/wp-content\/themes\/frontend\/atoms\/photo-credit\/icon-info.svg\" alt=\"info\" \/><br \/>\n            <span class=\"photo-credit__label\">Fot\u00f3: Forbes<\/span>\n        <\/div>\n<\/div><figcaption class=\"wp-element-caption\">\u201eA rendszerv\u00e1lt\u00e1s fontosabb volt, mint az eg\u00e9szs\u00e9gem\u201e \u2013 mondta Moln\u00e1r \u00c1ron a Forbes Flow sz\u00ednpad\u00e1n<\/figcaption><\/figure>\n<p>A sz\u00edn\u00e9sz arr\u00f3l besz\u00e9lt, hogy a Fidesz rendszere az elm\u00falt \u00e9vekben tehets\u00e9ges emberekb\u0151l p\u00e1rtkaton\u00e1kat faragott. Szerinte innent\u0151l ezek az emberek elvesz\u00edtett\u00e9k a kor\u00e1bbi relevanci\u00e1jukat, hiszen m\u00e1r nem lehet r\u00e1juk sz\u00edn\u00e9szk\u00e9nt, \u00e9nekesk\u00e9nt, el\u0151ad\u00f3k\u00e9nt tekinteni. \u201eHogy hallgatod meg valakinek a dal\u00e1t, aki a Fidesz b\u0171neihez assziszt\u00e1lt?\u201d \u2013 tette fel a k\u00e9rd\u00e9st, majd hozz\u00e1tette, hogy a kult\u00far\u00e1nak a p\u00e1rtpolitika felett kell \u00e1llnia.<\/p>\n<p>Ennek ellen\u00e9re nagyon fontosnak tartja, hogy a rendszerrel kritikusnak kell lenni, sosem szabad a vak h\u0171s\u00e9get el\u0151t\u00e9rbe engedni. \u201e\u00c9n leszek az els\u0151, aki bele\u00e1ll a Tisz\u00e1ba, ha let\u00e9rnek a j\u00f3 \u00fatr\u00f3l. Annak ellen\u00e9re is, hogy Nagy Ervin az egyik legjobb bar\u00e1tom\u201d \u2013 mondta Moln\u00e1r \u00c1ron. A bele\u00e1ll\u00e1sr\u00f3l azt mondta, hogy m\u00e1r most is l\u00e1that\u00f3ak az eredm\u00e9nyei. Az aktivista a leend\u0151 oktat\u00e1s\u00fcgyi miniszter szem\u00e9ly\u00e9re utalt. \u0150, Pankotai Lili \u00e9s sokan m\u00e1sok kritiz\u00e1lt\u00e1k az els\u0151 h\u00edresztel\u00e9sekben felmer\u00fclt Rubovszky Rit\u00e1t. V\u00e9g\u00fcl Magyar P\u00e9ter jelezte is, hogy leend\u0151 miniszter szem\u00e9lye m\u00e9g nem d\u0151lt el k\u00e9s\u0151bb pedig ki is der\u00fclt, hogy a leend\u0151 minisztereln\u00f6k Lannert Juditot k\u00e9rte fel a posztra. Moln\u00e1r \u00c1ron szerint ez egy \u00e9kes bizony\u00edt\u00e9ka annak, hogy lesz lehet\u0151s\u00e9g a t\u00e1rsadalmi egyeztet\u00e9sre \u00e9s a n\u00e9p v\u00e9gre hallathatja a hangj\u00e1t a hatalommal szemben.<\/p>\n<p>Az aktivista arr\u00f3l is besz\u00e9lt, a k\u00f6vetkez\u0151 \u00e9vekben be kell gy\u00f3gy\u00edtani azokat a sebek, melyeket a Fidesz-korm\u00e1ny okozott a t\u00e1rsadalomban. Kijelentette, hogy tudom\u00e1sa van n\u00e9gy esetr\u0151l, amikor nyugd\u00edjaskor\u00fa emberek \u00f6ngyilkosok lettek a v\u00e1laszt\u00e1s eredm\u00e9nye miatt. \u201eNem akart\u00e1k meg\u00e9lni, hogy az unok\u00e1jukat Ukrajn\u00e1ba vigy\u00e9k katon\u00e1nak\u201d \u2013 \u00e1ll\u00edtja Moln\u00e1r \u00c1ron, majd hozz\u00e1tette, hogy le kell bontani azt a rendszert, ami megm\u00e9rgezte magyar emberek milli\u00f3inak az elm\u00e9j\u00e9t a hazug propagand\u00e1val. \u201eAzt k\u00e9rdezitek, hogy pihenni fogok-e a v\u00e1laszt\u00e1s ut\u00e1n? Hogy pihenhetn\u00e9k, amikor m\u00e9g mindig ilyen \u00e1llapotok vannak az orsz\u00e1gban?\u201d<\/p>\n<h2 class=\"wp-block-heading\">Elv\u00e1r\u00e1sok a Tisza-korm\u00e1nnyal szemben<\/h2>\n<p>Moln\u00e1r \u00c1ron azt v\u00e1rja a fel\u00e1ll\u00f3 Tisza-korm\u00e1nyt\u00f3l, hogy a j\u00f6v\u0151ben m\u00e1r nem olyan embereknek kell felt\u00e1rni a b\u0171n\u00f6ket, mint \u0151. Arr\u00f3l besz\u00e9lt, hogy \u0151 egy sz\u00edn\u00e9sz, a v\u00e1laszt\u00e1s el\u0151tti id\u0151szakban m\u00e9gis azon dolgozott, hogy a NER b\u00e1sty\u00e1it, ak\u00e1rcsak egy kicsit is meggyeng\u00edtse, ezzel seg\u00edtve a rendszerv\u00e1lt\u00e1st az orsz\u00e1gban. \u201eHa fel\u00e1ll a Nemzeti Vagyonvisszaszerz\u00e9si \u00e9s V\u00e9delmi Hivatal, akkor v\u00e9gre nem nek\u00fcnk kell felt\u00e1rni a b\u0171n\u00f6ket, amit a kor\u00e1bbi rendszer tagjai elk\u00f6vettek\u201d \u2013 mondta a sz\u00edn\u00e9sz.<\/p>\n<figure class=\"wp-block-image size-large\">\n<div class=\"photo-credit-wrapper\"><img decoding=\"async\" loading=\"lazy\" src=\"https:\/\/cdn.forbes.hu\/uploads\/2026\/04\/FLOW_0428_tudositas_101.webp?r=eyJ3IjoxNTAwLCJxIjo5MCwicyI6ImpwZyJ9\" alt=\"\u201e\u00c9n leszek az els\u0151, aki bele\u00e1ll a Tisz\u00e1ba, ha let\u00e9rnek a j\u00f3 \u00fatr\u00f3l. Annak ellen\u00e9re is, hogy Nagy Ervin az egyik legjobb bar\u00e1tom\u201d \u2013 mondta Moln\u00e1r \u00c1ron.\" class=\"wp-image-763584\" \/>\n<div class=\"photo-credit\">\n            <img decoding=\"async\" loading=\"lazy\" class=\"photo-credit__icon\" src=\"https:\/\/forbes.hu\/wp-content\/themes\/frontend\/atoms\/photo-credit\/icon-info.svg\" alt=\"info\" \/><br \/>\n            <span class=\"photo-credit__label\">Fot\u00f3: Forbes<\/span>\n        <\/div>\n<\/div><figcaption class=\"wp-element-caption\">\u201e\u00c9n leszek az els\u0151, aki bele\u00e1ll a Tisz\u00e1ba, ha let\u00e9rnek a j\u00f3 \u00fatr\u00f3l. Annak ellen\u00e9re is, hogy Nagy Ervin az egyik legjobb bar\u00e1tom\u201d \u2013 mondta Moln\u00e1r \u00c1ron.<\/figcaption><\/figure>\n<p>Szerinte az Orb\u00e1n-rendszer miatt el\u0151\u00e1llt az a helyzet, hogy \u00e1tlag embereknek kellett szembe menni\u00fck a hatalommal. Egym\u00e1st kellett inform\u00e1lnunk, mivel a NER mindent megtett, hogy a n\u00e9phez ne jusson el, hogy mi t\u00f6rt\u00e9nik az orsz\u00e1gban. \u201eRengeteg ember van, akik engem h\u00edrforr\u00e1snak tekintenek, mert t\u0151lem hallhattak arr\u00f3l, hogy mi folyik k\u00f6r\u00fcl\u00f6tt\u00fck\u201d \u2013 mondta az aktivista.<\/p>\n<p>Moln\u00e1r \u00c1ron besz\u00e9lt r\u00f3la, hogy rengetegen gratul\u00e1lnak, vagy mondanak neki k\u00f6sz\u00f6netet a Fidesz lev\u00e1lt\u00e1sa miatt. Kiemelte, hogy a harcot a NER ellen sokan v\u00edvt\u00e1k. \u0150 is pr\u00f3b\u00e1lta kivenni ebb\u0151l a r\u00e9sz\u00e9t a maga m\u00f3dj\u00e1n, de azt kiemelte, hogy politikusi bab\u00e9rokra nem akar t\u00f6rni. \u201eNekem nincs t\u00fcrelmem \u00f6lt\u00f6nyben meg nyakkend\u0151ben meghallgat\u00e1sokra j\u00e1rni, meg a b\u00fcrokr\u00e1cia \u00fatveszt\u0151j\u00e9ben vesztegelni. Ehhez nekem nincs t\u00fcrelmem\u201d \u2013 mondta az aktivista. Hozz\u00e1tette, hogy milyen vicces lenne, ha k\u00e9t h\u00f3nap m\u00falva m\u00e1r nyakkend\u0151ben udvariaskodna a parlamentben Guly\u00e1s Gergellyel.<\/p>\n<p>Ruff B\u00e1lint, Hann Endre, Lakner Zolt\u00e1n \u2013 Moln\u00e1r \u00c1ron a teljess\u00e9g ig\u00e9nye n\u00e9lk\u00fcl eml\u00edtett n\u00e9h\u00e1ny nevet, akikt\u0151l \u00e1ll\u00edt\u00e1sa szerint sokat tanult az elm\u00falt n\u00e9gy \u00e9vbe. Szerinte a 2022-es v\u00e1laszt\u00e1s el\u0151tt m\u00e9g nem l\u00e1tta be, hogy mi kell a NER lebont\u00e1s\u00e1hoz \u00e9s nem a megfelel\u0151 m\u00f3dszereket v\u00e1lasztotta. Azonban az elm\u00falt n\u00e9gy \u00e9vben, t\u00f6bbek k\u00f6z\u00f6tt az eml\u00edtett nevek is seg\u00edtettek neki meg\u00e9rteni, hogy a Fidesz lev\u00e1lt\u00e1s\u00e1hoz mire is volt sz\u00fcks\u00e9g Magyarorsz\u00e1gon.<\/p>\n<h2 class=\"wp-block-heading\">Itt \u00e9rzem magam otthon<\/h2>\n<p>Moln\u00e1r \u00c1ron legut\u00f3bbi filmj\u00e9t, az Itt \u00e9rzem magam otthont egy figyelmeztet\u00e9snek tartja a t\u00e1rsadalom fel\u00e9. Egy jelz\u00e9snek, hogy egy ilyen abnorm\u00e1lis kapcsolatba ker\u00fclt az orsz\u00e1g a NER-rel. Hozz\u00e1tette, hogy ez az alkot\u00e1s is bizony\u00edtja, hogy a magyar filmgy\u00e1rt\u00e1s l\u00e1that\u00f3an a piaci alapon is meg tud \u00e9lni \u00e9s nem kell hozz\u00e1, hogy az \u00e1llam t\u00f6mj\u00f6n ki prioriz\u00e1lt projekteket. Kiemelte, hogy az Itt \u00e9rzem magam otthon \u00e9ppen \u00e1tl\u00e9pi a 300 ezer n\u00e9z\u0151t a mozikban, amivel Magyarorsz\u00e1g egyik legsikeresebb filmje lett.<\/p>\n<figure class=\"wp-block-image size-large\">\n<div class=\"photo-credit-wrapper\"><img decoding=\"async\" loading=\"lazy\" src=\"https:\/\/cdn.forbes.hu\/uploads\/2026\/04\/FLOW_0428_tudositas_105.webp?r=eyJ3IjoxNTAwLCJxIjo5MCwicyI6ImpwZyJ9\" alt=\"\u201eKifigur\u00e1zzuk a bukott rendszert \u00e9s nevet\u00fcnk rajta, de a b\u0171n\u00f6ket nem felejthetj\u00fck el. \u00c9n nem felejtem el, amit ez a rendszer velem \u00e9s a csal\u00f3d\u00e1mmal tett\u201e \u2013 mondta a sz\u00edn\u00e9sz.\" class=\"wp-image-763588\" \/>\n<div class=\"photo-credit\">\n            <img decoding=\"async\" loading=\"lazy\" class=\"photo-credit__icon\" src=\"https:\/\/forbes.hu\/wp-content\/themes\/frontend\/atoms\/photo-credit\/icon-info.svg\" alt=\"info\" \/><br \/>\n            <span class=\"photo-credit__label\">Fot\u00f3: Forbes<\/span>\n        <\/div>\n<\/div><figcaption class=\"wp-element-caption\">\u201eKifigur\u00e1zzuk a bukott rendszert \u00e9s nevet\u00fcnk rajta, de a b\u0171n\u00f6ket nem felejthetj\u00fck el. \u00c9n nem felejtem el, amit ez a rendszer velem \u00e9s a csal\u00f3d\u00e1mmal tett\u201e \u2013 mondta a sz\u00edn\u00e9sz.<\/figcaption><\/figure>\n<p>\u201eEzt a filmet annyi p\u00e9nzb\u0151l forgattuk le, mint Rog\u00e1n Barbara egyik t\u00e1sk\u00e1j\u00e1nak a fele\u201e \u2013 mondta a sz\u00edn\u00e9sz.<\/p>\n<p>Arr\u00f3l is besz\u00e9lt, hogy rengeteg benne az indulat, amit az \u00e1prilisi Forbes c\u00edmlap is j\u00f3l szimboliz\u00e1l. Azt mondta, hogy ezt a rengeteg fesz\u00fclts\u00e9get kor\u00e1bban nem tudta kezelni. Azonban m\u00e1ra megtanulta megfelel\u0151en becsatorn\u00e1zni a kreat\u00edv energi\u00e1kba. Szerinte siker\u00fclt a humoron kereszt\u00fcl feldolgoznia ezt a rengeteg indulatot, ami bel\u00fclr\u0151l fesz\u00edti, de lesz\u00f6gezte, hogy ett\u0151l f\u00fcggetlen\u00fcl a NER b\u0171neit sosem fogja elfelejteni. \u201eKifigur\u00e1zzuk a bukott rendszert \u00e9s nevet\u00fcnk rajta, de a b\u0171n\u00f6ket nem felejthetj\u00fck el. \u00c9n nem felejtem el, amit ez a rendszer velem \u00e9s a csal\u00f3d\u00e1mmal tett\u201d \u2013 mondta a sz\u00edn\u00e9sz.<\/p>\n<p><!-- No email blocks found --><\/p>\n<p>The post <a href=\"https:\/\/forbes.hu\/hirek\/forbes-flow-molnar-aron-politika-kozelet-rendszervaltas\/\">A rendszerv\u00e1lt\u00e1s fontosabb volt, mint az eg\u00e9szs\u00e9gem \u2013 mondta Moln\u00e1r \u00c1ron a Forbes Flow sz\u00ednpad\u00e1n<\/a> appeared first on <a href=\"https:\/\/forbes.hu\/\">Forbes.hu<\/a>.<\/p><div id=\"friss-269074351\" class=\"friss-etarget-cikk-vege friss-entity-placement\"><script type=\"text\/javascript\" id=\"etargetScript7a9b589f63cb072bef80df221f46a22b\">function etargetPostloadFunction7a9b589f63cb072bef80df221f46a22b(){var e=\"etargetPostload7a9b589f63cb072bef80df221f46a22b\",t=\"etargetScript7a9b589f63cb072bef80df221f46a22b\",o=document.getElementById(e);if(o){for(var n=o.offsetTop,d=o.offsetLeft,r=o.offsetWidth,a=o.offsetHeight;o.offsetParent;)o=o.offsetParent,n+=o.offsetTop,d+=o.offsetLeft;var i=(n<=window.pageYOffset+window.innerHeight&&d<window.pageXOffset+window.innerWidth&&n+a>window.pageYOffset&&d+r>window.pageXOffset);if(i&&etargetAllowOtherCheck){allowed=!1;var c=document.createElement(\"script\");return c.src=\"\/\/hu.search.etargetnet.com\/generic\/uni.php?g=ref:58661,area:700x210\",void(document.getElementById(t)&&document.getElementById(e)&&(document.getElementById(t).parentNode.appendChild(c),document.getElementById(t).parentNode.removeChild(document.getElementById(t)),document.getElementById(e).parentNode.removeChild(document.getElementById(e)),document.removeEventListener(\"scroll\",etargetPostloadFunction7a9b589f63cb072bef80df221f46a22b),document.removeEventListener(\"resize\",etargetPostloadFunction7a9b589f63cb072bef80df221f46a22b),document.removeEventListener(\"DOMContentLoaded\",etargetPostloadFunction7a9b589f63cb072bef80df221f46a22b)))}}}var etargetDivID=\"etargetPostload7a9b589f63cb072bef80df221f46a22b\",etargetScriptID=\"etargetScript7a9b589f63cb072bef80df221f46a22b\",etargetPostloadPoint=document.createElement(\"div\");etargetPostloadPoint.id=etargetDivID;var etargetCurScript=document.getElementById(etargetScriptID);etargetCurScript.parentNode.appendChild(etargetPostloadPoint),document.addEventListener(\"scroll\",etargetPostloadFunction7a9b589f63cb072bef80df221f46a22b),document.addEventListener(\"resize\",etargetPostloadFunction7a9b589f63cb072bef80df221f46a22b),document.addEventListener(\"DOMContentLoaded\",etargetPostloadFunction7a9b589f63cb072bef80df221f46a22b);var etargetAllowOtherCheck=!0;if(typeof(\"forceRunPostload\")==\"string\"){etargetPostloadFunction7a9b589f63cb072bef80df221f46a22b()}<\/script><\/div><div id=\"friss-2955119100\" class=\"friss-after-content friss-entity-placement\"><script type=\"text\/javascript\" id=\"etargetScript7a9b589f63cb072bef80df221f46a22b\">function etargetPostloadFunction7a9b589f63cb072bef80df221f46a22b(){var e=\"etargetPostload7a9b589f63cb072bef80df221f46a22b\",t=\"etargetScript7a9b589f63cb072bef80df221f46a22b\",o=document.getElementById(e);if(o){for(var n=o.offsetTop,d=o.offsetLeft,r=o.offsetWidth,a=o.offsetHeight;o.offsetParent;)o=o.offsetParent,n+=o.offsetTop,d+=o.offsetLeft;var i=(n<=window.pageYOffset+window.innerHeight&&d<window.pageXOffset+window.innerWidth&&n+a>window.pageYOffset&&d+r>window.pageXOffset);if(i&&etargetAllowOtherCheck){allowed=!1;var c=document.createElement(\"script\");return c.src=\"\/\/hu.search.etargetnet.com\/generic\/uni.php?g=ref:58661,area:700x210\",void(document.getElementById(t)&&document.getElementById(e)&&(document.getElementById(t).parentNode.appendChild(c),document.getElementById(t).parentNode.removeChild(document.getElementById(t)),document.getElementById(e).parentNode.removeChild(document.getElementById(e)),document.removeEventListener(\"scroll\",etargetPostloadFunction7a9b589f63cb072bef80df221f46a22b),document.removeEventListener(\"resize\",etargetPostloadFunction7a9b589f63cb072bef80df221f46a22b),document.removeEventListener(\"DOMContentLoaded\",etargetPostloadFunction7a9b589f63cb072bef80df221f46a22b)))}}}var etargetDivID=\"etargetPostload7a9b589f63cb072bef80df221f46a22b\",etargetScriptID=\"etargetScript7a9b589f63cb072bef80df221f46a22b\",etargetPostloadPoint=document.createElement(\"div\");etargetPostloadPoint.id=etargetDivID;var etargetCurScript=document.getElementById(etargetScriptID);etargetCurScript.parentNode.appendChild(etargetPostloadPoint),document.addEventListener(\"scroll\",etargetPostloadFunction7a9b589f63cb072bef80df221f46a22b),document.addEventListener(\"resize\",etargetPostloadFunction7a9b589f63cb072bef80df221f46a22b),document.addEventListener(\"DOMContentLoaded\",etargetPostloadFunction7a9b589f63cb072bef80df221f46a22b);var etargetAllowOtherCheck=!0;if(typeof(\"forceRunPostload\")==\"string\"){etargetPostloadFunction7a9b589f63cb072bef80df221f46a22b()}<\/script><\/div><div id=\"friss-1771873544\" class=\"friss-after-content_2 friss-entity-placement\" style=\"clear: both;\"><div class=\"wprss_ajax\" data-id=\"rssebbf5be7bc\"><img loading=\"lazy\" decoding=\"async\" src=\"https:\/\/friss-hirek.hu\/wp-content\/plugins\/wp-rss-retriever\/inc\/imgs\/ajax-loader.gif\" alt=\"Loading RSS Feed\" width=\"16\" height=\"16\"><\/div><\/div><br style=\"clear: both; display: block; float: none;\"\/><div id=\"friss-3539246386\" class=\"friss-after-content_3 friss-entity-placement\">https:\/\/www.youtube.com\/watch?v=Pdnw4KiUWp0<\/div>","protected":false},"excerpt":{"rendered":"<p>Moln\u00e1r \u00c1ron a Forbes \u00e1prilisi c\u00edmlapja ut\u00e1n a Flow sz\u00ednpad\u00e1ra is ell\u00e1togatott, ahol f\u0151szerkeszt\u0151nkkel, Zsibor\u00e1s Gerg\u0151vel besz\u00e9lgetett. A sz\u00edn\u00e9sz, aktivista besz\u00e9lt az orsz\u00e1ggy\u0171l\u00e9si v\u00e1laszt\u00e1sok el\u0151tti h\u00f3napokr\u00f3l, az \u00e1talakul\u00f3 szerepekr\u0151l \u00e9s arr\u00f3l, hogy a Fidesz \u00e9s az Orb\u00e1n-rendszer lebont\u00e1sa nem jelenti azt, hogy nem kell tov\u00e1bbra is sz\u00e1mon k\u00e9rni \u00e9s ellen\u0151rizni a hatalmat. \u201e\u00c9n sosem leszek [&hellip;]<\/p>\n","protected":false},"author":1,"featured_media":0,"comment_status":"open","ping_status":"open","sticky":false,"template":"","format":"standard","meta":{"footnotes":""},"categories":[7],"tags":[],"class_list":["post-166121","post","type-post","status-publish","format-standard","hentry","category-uzlet"],"amp_enabled":true,"_links":{"self":[{"href":"https:\/\/friss-hirek.hu\/index.php\/wp-json\/wp\/v2\/posts\/166121","targetHints":{"allow":["GET"]}}],"collection":[{"href":"https:\/\/friss-hirek.hu\/index.php\/wp-json\/wp\/v2\/posts"}],"about":[{"href":"https:\/\/friss-hirek.hu\/index.php\/wp-json\/wp\/v2\/types\/post"}],"author":[{"embeddable":true,"href":"https:\/\/friss-hirek.hu\/index.php\/wp-json\/wp\/v2\/users\/1"}],"replies":[{"embeddable":true,"href":"https:\/\/friss-hirek.hu\/index.php\/wp-json\/wp\/v2\/comments?post=166121"}],"version-history":[{"count":0,"href":"https:\/\/friss-hirek.hu\/index.php\/wp-json\/wp\/v2\/posts\/166121\/revisions"}],"wp:attachment":[{"href":"https:\/\/friss-hirek.hu\/index.php\/wp-json\/wp\/v2\/media?parent=166121"}],"wp:term":[{"taxonomy":"category","embeddable":true,"href":"https:\/\/friss-hirek.hu\/index.php\/wp-json\/wp\/v2\/categories?post=166121"},{"taxonomy":"post_tag","embeddable":true,"href":"https:\/\/friss-hirek.hu\/index.php\/wp-json\/wp\/v2\/tags?post=166121"}],"curies":[{"name":"wp","href":"https:\/\/api.w.org\/{rel}","templated":true}]}}