{"id":166130,"date":"2026-04-28T16:47:28","date_gmt":"2026-04-28T16:47:28","guid":{"rendered":"https:\/\/friss-hirek.hu\/index.php\/sajtotajekoztatot-tartott-a-kamatdontesrol-varga-mihaly-mire-eros-menetelesbe-kezdett-a-forint-mutatjuk-miket-mondott\/friss-hirek\/"},"modified":"2026-04-28T16:47:28","modified_gmt":"2026-04-28T16:47:28","slug":"sajtotajekoztatot-tartott-a-kamatdontesrol-varga-mihaly-mire-eros-menetelesbe-kezdett-a-forint-mutatjuk-miket-mondott","status":"publish","type":"post","link":"https:\/\/friss-hirek.hu\/index.php\/sajtotajekoztatot-tartott-a-kamatdontesrol-varga-mihaly-mire-eros-menetelesbe-kezdett-a-forint-mutatjuk-miket-mondott\/uzlet\/","title":{"rendered":"Sajt\u00f3t\u00e1j\u00e9koztat\u00f3t tartott a kamatd\u00f6nt\u00e9sr\u0151l Varga Mih\u00e1ly, mire er\u0151s menetel\u00e9sbe kezdett a forint. Mutatjuk, miket mondott"},"content":{"rendered":"<p><strong>A jegybank eln\u00f6ke Orb\u00e1n Viktorr\u00f3l \u00e9s az eur\u00f3 bevezet\u00e9s\u00e9r\u0151l is besz\u00e9lt. <\/strong><\/p><div id=\"friss-2949483115\" class=\"friss-etarget friss-entity-placement\"><script type=\"text\/javascript\" id=\"etargetScript7a9b589f63cb072bef80df221f46a22b\">function etargetPostloadFunction7a9b589f63cb072bef80df221f46a22b(){var e=\"etargetPostload7a9b589f63cb072bef80df221f46a22b\",t=\"etargetScript7a9b589f63cb072bef80df221f46a22b\",o=document.getElementById(e);if(o){for(var n=o.offsetTop,d=o.offsetLeft,r=o.offsetWidth,a=o.offsetHeight;o.offsetParent;)o=o.offsetParent,n+=o.offsetTop,d+=o.offsetLeft;var i=(n<=window.pageYOffset+window.innerHeight&&d<window.pageXOffset+window.innerWidth&&n+a>window.pageYOffset&&d+r>window.pageXOffset);if(i&&etargetAllowOtherCheck){allowed=!1;var c=document.createElement(\"script\");return c.src=\"\/\/hu.search.etargetnet.com\/generic\/uni.php?g=ref:58661,area:700x210\",void(document.getElementById(t)&&document.getElementById(e)&&(document.getElementById(t).parentNode.appendChild(c),document.getElementById(t).parentNode.removeChild(document.getElementById(t)),document.getElementById(e).parentNode.removeChild(document.getElementById(e)),document.removeEventListener(\"scroll\",etargetPostloadFunction7a9b589f63cb072bef80df221f46a22b),document.removeEventListener(\"resize\",etargetPostloadFunction7a9b589f63cb072bef80df221f46a22b),document.removeEventListener(\"DOMContentLoaded\",etargetPostloadFunction7a9b589f63cb072bef80df221f46a22b)))}}}var etargetDivID=\"etargetPostload7a9b589f63cb072bef80df221f46a22b\",etargetScriptID=\"etargetScript7a9b589f63cb072bef80df221f46a22b\",etargetPostloadPoint=document.createElement(\"div\");etargetPostloadPoint.id=etargetDivID;var etargetCurScript=document.getElementById(etargetScriptID);etargetCurScript.parentNode.appendChild(etargetPostloadPoint),document.addEventListener(\"scroll\",etargetPostloadFunction7a9b589f63cb072bef80df221f46a22b),document.addEventListener(\"resize\",etargetPostloadFunction7a9b589f63cb072bef80df221f46a22b),document.addEventListener(\"DOMContentLoaded\",etargetPostloadFunction7a9b589f63cb072bef80df221f46a22b);var etargetAllowOtherCheck=!0;if(typeof(\"forceRunPostload\")==\"string\"){etargetPostloadFunction7a9b589f63cb072bef80df221f46a22b()}<\/script><\/div>\n<p><strong>Mi t\u00f6rt\u00e9nt?<\/strong> A <a href=\"https:\/\/444.hu\/2026\/04\/28\/mnb-kamatdontes-jegybanki-alapkamat\">444 azt \u00edrja, <\/a>hogy a Magyar Nemzeti Bank monet\u00e1ris tan\u00e1csa v\u00e1ltozatlanul, 6,25 sz\u00e1zal\u00e9kon hagyta az alapkamatot, amely febru\u00e1r \u00f3ta van ezen a szinten.<\/p>\n<div class=\"related-post-links\">\n<p>\t\t<span class=\"related-post-links__title minititle\">T\u00f6bb ebb\u0151l<\/span><\/p>\n<div class=\"related-post-links__link-wrapper\">\n\t\t\t\t<a href=\"https:\/\/forbes.hu\/tarsadalom\/magyar-peter-bodis-kriszta-tarr-zoltan-miniszter-tisza\/\" class=\"related-post-links__link\">\u00dajabb nevek: Magyar P\u00e9ter bejelentett k\u00e9t minisztert, \u00e9s el\u00e1rulta, milyen poz\u00edci\u00f3t kap B\u00f3dis Kriszta<\/a>\n\t\t\t<\/div>\n<div class=\"related-post-links__link-wrapper\">\n\t\t\t\t<a href=\"https:\/\/forbes.hu\/hirek\/forbes-flow-molnar-aron-politika-kozelet-rendszervaltas\/\" class=\"related-post-links__link\">A rendszerv\u00e1lt\u00e1s fontosabb volt, mint az eg\u00e9szs\u00e9gem \u2013 mondta Moln\u00e1r \u00c1ron a Forbes Flow sz\u00ednpad\u00e1n<\/a>\n\t\t\t<\/div>\n<\/div>\n<p><strong>R\u00e9szletek.<\/strong> K\u00f6zvetlen\u00fcl a d\u00f6nt\u00e9s ut\u00e1n m\u00e9g nem reag\u00e1lt \u00e9rdemben a forint, viszont d\u00e9lut\u00e1n Varga Mih\u00e1ly tartott egy sajt\u00f3t\u00e1j\u00e9koztat\u00f3t, ezt k\u00f6vet\u0151en er\u0151s\u00f6dni kezdett. A cikk \u00edr\u00e1sakor 363,42 forintn\u00e1l j\u00e1rt egy eur\u00f3. <\/p>\n<p>T\u00f6bbek k\u00f6z\u00f6tt arr\u00f3l besz\u00e9lt a jegybankeln\u00f6k, hogy a v\u00e1laszt\u00e1sok \u00f3ta egyetlen alkalommal besz\u00e9lt Orb\u00e1n Viktorral, aki megk\u00f6sz\u00f6nte a munk\u00e1j\u00e1t, m\u00edg Magyar P\u00e9terrel nem egyeztetett. Ugyanakkor a<a href=\"https:\/\/www.forbes.hu\/penz\/a-nagy-talalkozasok-hete-o-konzultalt-a-tiszatol-varga-mihallyal-az-euro-bevezeteserol\/\"> p\u00e9nz\u00fcgyminiszter-jel\u00f6lt K\u00e1rm\u00e1n Andr\u00e1ssal<\/a> m\u00e1r megkezdte a rendszeres egyeztet\u00e9seket.<\/p>\n<p><strong>Mit mondott m\u00e9g?<\/strong> Varga arra is kit\u00e9rt, hogy a piaci bizalom szempontj\u00e1b\u00f3l kulcsfontoss\u00e1g\u00fa a monet\u00e1ris politika f\u00fcggetlens\u00e9g\u00e9nek tiszteletben tart\u00e1sa, \u00e9s szerinte ezt az \u00faj korm\u00e1ny is figyelembe veszi. K\u00f6zben bels\u0151 vizsg\u00e1lat indult a volt jegybankeln\u00f6k Simor Andr\u00e1s \u00e1ll\u00edt\u00e1sai nyom\u00e1n, aki szerint kor\u00e1bban nyom\u00e1sgyakorl\u00e1s \u00e9rhette az Erste Bank magyar le\u00e1ny\u00e1t, <a href=\"https:\/\/www.forbes.hu\/uzlet\/zsarolas-tortent-ezert-mondott-le-varatlanul-az-erste-felugyelobizottsagabol-a-volt-jegybankelnok\/\">az eredm\u00e9nyekr\u0151l ak\u00e1r napokon bel\u00fcl t\u00e1j\u00e9koztathatnak majd. <\/a><\/p>\n<p><strong>Hogyan tov\u00e1bb?<\/strong> Varga elmondta, hogy az MNB tov\u00e1bbra is \u00f3vatos, adatvez\u00e9relt politik\u00e1t k\u00f6vet a bizonytalan infl\u00e1ci\u00f3s \u00e9s geopolitikai k\u00f6rnyezetben. Majd el\u00e1rulta, hogy a kamatd\u00f6nt\u0151 \u00fcl\u00e9sen egy h\u00e1tt\u00e9ranyag is napirendre ker\u00fclt az eur\u00f3 bevezet\u00e9s\u00e9nek el\u0151szob\u00e1j\u00e1nak tekintett ERM\u2013II-rendszerhez val\u00f3 esetleges csatlakoz\u00e1s felt\u00e9teleir\u0151l. A magyar eur\u00f3bevezet\u00e9sr\u0151l azonban nem a jegybank fog d\u00f6nteni<\/p>\n<p><!-- No email blocks found --><\/p>\n<p>The post <a href=\"https:\/\/forbes.hu\/penz\/sajtotajekoztatot-tartott-a-kamatdontesrol-varga-mihaly-mire-eros-menetelesbe-kezdett-a-forint-mutatjuk-miket-mondott\/\">Sajt\u00f3t\u00e1j\u00e9koztat\u00f3t tartott a kamatd\u00f6nt\u00e9sr\u0151l Varga Mih\u00e1ly, mire er\u0151s menetel\u00e9sbe kezdett a forint. Mutatjuk, miket mondott<\/a> appeared first on <a href=\"https:\/\/forbes.hu\/\">Forbes.hu<\/a>.<\/p><div id=\"friss-859012446\" class=\"friss-etarget-cikk-vege friss-entity-placement\"><script type=\"text\/javascript\" id=\"etargetScript7a9b589f63cb072bef80df221f46a22b\">function etargetPostloadFunction7a9b589f63cb072bef80df221f46a22b(){var e=\"etargetPostload7a9b589f63cb072bef80df221f46a22b\",t=\"etargetScript7a9b589f63cb072bef80df221f46a22b\",o=document.getElementById(e);if(o){for(var n=o.offsetTop,d=o.offsetLeft,r=o.offsetWidth,a=o.offsetHeight;o.offsetParent;)o=o.offsetParent,n+=o.offsetTop,d+=o.offsetLeft;var i=(n<=window.pageYOffset+window.innerHeight&&d<window.pageXOffset+window.innerWidth&&n+a>window.pageYOffset&&d+r>window.pageXOffset);if(i&&etargetAllowOtherCheck){allowed=!1;var c=document.createElement(\"script\");return c.src=\"\/\/hu.search.etargetnet.com\/generic\/uni.php?g=ref:58661,area:700x210\",void(document.getElementById(t)&&document.getElementById(e)&&(document.getElementById(t).parentNode.appendChild(c),document.getElementById(t).parentNode.removeChild(document.getElementById(t)),document.getElementById(e).parentNode.removeChild(document.getElementById(e)),document.removeEventListener(\"scroll\",etargetPostloadFunction7a9b589f63cb072bef80df221f46a22b),document.removeEventListener(\"resize\",etargetPostloadFunction7a9b589f63cb072bef80df221f46a22b),document.removeEventListener(\"DOMContentLoaded\",etargetPostloadFunction7a9b589f63cb072bef80df221f46a22b)))}}}var etargetDivID=\"etargetPostload7a9b589f63cb072bef80df221f46a22b\",etargetScriptID=\"etargetScript7a9b589f63cb072bef80df221f46a22b\",etargetPostloadPoint=document.createElement(\"div\");etargetPostloadPoint.id=etargetDivID;var etargetCurScript=document.getElementById(etargetScriptID);etargetCurScript.parentNode.appendChild(etargetPostloadPoint),document.addEventListener(\"scroll\",etargetPostloadFunction7a9b589f63cb072bef80df221f46a22b),document.addEventListener(\"resize\",etargetPostloadFunction7a9b589f63cb072bef80df221f46a22b),document.addEventListener(\"DOMContentLoaded\",etargetPostloadFunction7a9b589f63cb072bef80df221f46a22b);var etargetAllowOtherCheck=!0;if(typeof(\"forceRunPostload\")==\"string\"){etargetPostloadFunction7a9b589f63cb072bef80df221f46a22b()}<\/script><\/div><div id=\"friss-2206522907\" class=\"friss-after-content friss-entity-placement\"><script type=\"text\/javascript\" id=\"etargetScript7a9b589f63cb072bef80df221f46a22b\">function etargetPostloadFunction7a9b589f63cb072bef80df221f46a22b(){var e=\"etargetPostload7a9b589f63cb072bef80df221f46a22b\",t=\"etargetScript7a9b589f63cb072bef80df221f46a22b\",o=document.getElementById(e);if(o){for(var n=o.offsetTop,d=o.offsetLeft,r=o.offsetWidth,a=o.offsetHeight;o.offsetParent;)o=o.offsetParent,n+=o.offsetTop,d+=o.offsetLeft;var i=(n<=window.pageYOffset+window.innerHeight&&d<window.pageXOffset+window.innerWidth&&n+a>window.pageYOffset&&d+r>window.pageXOffset);if(i&&etargetAllowOtherCheck){allowed=!1;var c=document.createElement(\"script\");return c.src=\"\/\/hu.search.etargetnet.com\/generic\/uni.php?g=ref:58661,area:700x210\",void(document.getElementById(t)&&document.getElementById(e)&&(document.getElementById(t).parentNode.appendChild(c),document.getElementById(t).parentNode.removeChild(document.getElementById(t)),document.getElementById(e).parentNode.removeChild(document.getElementById(e)),document.removeEventListener(\"scroll\",etargetPostloadFunction7a9b589f63cb072bef80df221f46a22b),document.removeEventListener(\"resize\",etargetPostloadFunction7a9b589f63cb072bef80df221f46a22b),document.removeEventListener(\"DOMContentLoaded\",etargetPostloadFunction7a9b589f63cb072bef80df221f46a22b)))}}}var etargetDivID=\"etargetPostload7a9b589f63cb072bef80df221f46a22b\",etargetScriptID=\"etargetScript7a9b589f63cb072bef80df221f46a22b\",etargetPostloadPoint=document.createElement(\"div\");etargetPostloadPoint.id=etargetDivID;var etargetCurScript=document.getElementById(etargetScriptID);etargetCurScript.parentNode.appendChild(etargetPostloadPoint),document.addEventListener(\"scroll\",etargetPostloadFunction7a9b589f63cb072bef80df221f46a22b),document.addEventListener(\"resize\",etargetPostloadFunction7a9b589f63cb072bef80df221f46a22b),document.addEventListener(\"DOMContentLoaded\",etargetPostloadFunction7a9b589f63cb072bef80df221f46a22b);var etargetAllowOtherCheck=!0;if(typeof(\"forceRunPostload\")==\"string\"){etargetPostloadFunction7a9b589f63cb072bef80df221f46a22b()}<\/script><\/div><div id=\"friss-2090488871\" class=\"friss-after-content_2 friss-entity-placement\" style=\"clear: both;\"><div class=\"wprss_ajax\" data-id=\"rss808048f699\"><img loading=\"lazy\" decoding=\"async\" src=\"https:\/\/friss-hirek.hu\/wp-content\/plugins\/wp-rss-retriever\/inc\/imgs\/ajax-loader.gif\" alt=\"Loading RSS Feed\" width=\"16\" height=\"16\"><\/div><\/div><br style=\"clear: both; display: block; float: none;\"\/><div id=\"friss-3731293206\" class=\"friss-after-content_3 friss-entity-placement\">https:\/\/www.youtube.com\/watch?v=Pdnw4KiUWp0<\/div>","protected":false},"excerpt":{"rendered":"<p>A jegybank eln\u00f6ke Orb\u00e1n Viktorr\u00f3l \u00e9s az eur\u00f3 bevezet\u00e9s\u00e9r\u0151l is besz\u00e9lt. Mi t\u00f6rt\u00e9nt? A 444 azt \u00edrja, hogy a Magyar Nemzeti Bank monet\u00e1ris tan\u00e1csa v\u00e1ltozatlanul, 6,25 sz\u00e1zal\u00e9kon hagyta az alapkamatot, amely febru\u00e1r \u00f3ta van ezen a szinten. T\u00f6bb ebb\u0151l \u00dajabb nevek: Magyar P\u00e9ter bejelentett k\u00e9t minisztert, \u00e9s el\u00e1rulta, milyen poz\u00edci\u00f3t kap B\u00f3dis Kriszta A rendszerv\u00e1lt\u00e1s [&hellip;]<\/p>\n","protected":false},"author":1,"featured_media":0,"comment_status":"open","ping_status":"open","sticky":false,"template":"","format":"standard","meta":{"footnotes":""},"categories":[7],"tags":[],"class_list":["post-166130","post","type-post","status-publish","format-standard","hentry","category-uzlet"],"amp_enabled":true,"_links":{"self":[{"href":"https:\/\/friss-hirek.hu\/index.php\/wp-json\/wp\/v2\/posts\/166130","targetHints":{"allow":["GET"]}}],"collection":[{"href":"https:\/\/friss-hirek.hu\/index.php\/wp-json\/wp\/v2\/posts"}],"about":[{"href":"https:\/\/friss-hirek.hu\/index.php\/wp-json\/wp\/v2\/types\/post"}],"author":[{"embeddable":true,"href":"https:\/\/friss-hirek.hu\/index.php\/wp-json\/wp\/v2\/users\/1"}],"replies":[{"embeddable":true,"href":"https:\/\/friss-hirek.hu\/index.php\/wp-json\/wp\/v2\/comments?post=166130"}],"version-history":[{"count":0,"href":"https:\/\/friss-hirek.hu\/index.php\/wp-json\/wp\/v2\/posts\/166130\/revisions"}],"wp:attachment":[{"href":"https:\/\/friss-hirek.hu\/index.php\/wp-json\/wp\/v2\/media?parent=166130"}],"wp:term":[{"taxonomy":"category","embeddable":true,"href":"https:\/\/friss-hirek.hu\/index.php\/wp-json\/wp\/v2\/categories?post=166130"},{"taxonomy":"post_tag","embeddable":true,"href":"https:\/\/friss-hirek.hu\/index.php\/wp-json\/wp\/v2\/tags?post=166130"}],"curies":[{"name":"wp","href":"https:\/\/api.w.org\/{rel}","templated":true}]}}