{"id":166139,"date":"2026-04-29T04:55:36","date_gmt":"2026-04-29T04:55:36","guid":{"rendered":"https:\/\/friss-hirek.hu\/index.php\/csanyi-peter-jo-lenne-ha-kisebb-lenne-a-politikai-nyomas-a-bankpiacon\/friss-hirek\/"},"modified":"2026-04-29T04:55:36","modified_gmt":"2026-04-29T04:55:36","slug":"csanyi-peter-jo-lenne-ha-kisebb-lenne-a-politikai-nyomas-a-bankpiacon","status":"publish","type":"post","link":"https:\/\/friss-hirek.hu\/index.php\/csanyi-peter-jo-lenne-ha-kisebb-lenne-a-politikai-nyomas-a-bankpiacon\/uzlet\/","title":{"rendered":"Cs\u00e1nyi P\u00e9ter: J\u00f3 lenne, ha kisebb lenne a politikai nyom\u00e1s a bankpiacon"},"content":{"rendered":"<p><strong>Cs\u00e1nyi P\u00e9ternek volt egy fogad\u00e1sa a v\u00e1laszt\u00e1sokr\u00f3l, de elvesztette. Az OTP vez\u00e9re szerint re\u00e1lis az eur\u00f3 bevezet\u00e9se Magyarorsz\u00e1gon, \u00e9s egy hiteles eur\u00f3terv gyorsan lenyomhatn\u00e1 a kamatokat. Csakhogy a magyar gazdas\u00e1g nagyon k\u00f6t\u00f6tt p\u00e1ly\u00e1n mozog, \u00e9s az eur\u00f3hoz k\u00e9t korm\u00e1ny is kell.<\/strong><\/p><div id=\"friss-3781174535\" class=\"friss-etarget friss-entity-placement\"><script type=\"text\/javascript\" id=\"etargetScript7a9b589f63cb072bef80df221f46a22b\">function etargetPostloadFunction7a9b589f63cb072bef80df221f46a22b(){var e=\"etargetPostload7a9b589f63cb072bef80df221f46a22b\",t=\"etargetScript7a9b589f63cb072bef80df221f46a22b\",o=document.getElementById(e);if(o){for(var n=o.offsetTop,d=o.offsetLeft,r=o.offsetWidth,a=o.offsetHeight;o.offsetParent;)o=o.offsetParent,n+=o.offsetTop,d+=o.offsetLeft;var i=(n<=window.pageYOffset+window.innerHeight&&d<window.pageXOffset+window.innerWidth&&n+a>window.pageYOffset&&d+r>window.pageXOffset);if(i&&etargetAllowOtherCheck){allowed=!1;var c=document.createElement(\"script\");return c.src=\"\/\/hu.search.etargetnet.com\/generic\/uni.php?g=ref:58661,area:700x210\",void(document.getElementById(t)&&document.getElementById(e)&&(document.getElementById(t).parentNode.appendChild(c),document.getElementById(t).parentNode.removeChild(document.getElementById(t)),document.getElementById(e).parentNode.removeChild(document.getElementById(e)),document.removeEventListener(\"scroll\",etargetPostloadFunction7a9b589f63cb072bef80df221f46a22b),document.removeEventListener(\"resize\",etargetPostloadFunction7a9b589f63cb072bef80df221f46a22b),document.removeEventListener(\"DOMContentLoaded\",etargetPostloadFunction7a9b589f63cb072bef80df221f46a22b)))}}}var etargetDivID=\"etargetPostload7a9b589f63cb072bef80df221f46a22b\",etargetScriptID=\"etargetScript7a9b589f63cb072bef80df221f46a22b\",etargetPostloadPoint=document.createElement(\"div\");etargetPostloadPoint.id=etargetDivID;var etargetCurScript=document.getElementById(etargetScriptID);etargetCurScript.parentNode.appendChild(etargetPostloadPoint),document.addEventListener(\"scroll\",etargetPostloadFunction7a9b589f63cb072bef80df221f46a22b),document.addEventListener(\"resize\",etargetPostloadFunction7a9b589f63cb072bef80df221f46a22b),document.addEventListener(\"DOMContentLoaded\",etargetPostloadFunction7a9b589f63cb072bef80df221f46a22b);var etargetAllowOtherCheck=!0;if(typeof(\"forceRunPostload\")==\"string\"){etargetPostloadFunction7a9b589f63cb072bef80df221f46a22b()}<\/script><\/div>\n<p><strong>Forbes.hu: Mi volt az els\u0151 gondolata \u00e1prilis 12-\u00e9n, amikor kezdtek j\u00f6nni a v\u00e1laszt\u00e1si eredm\u00e9nyek?<\/strong><\/p>\n<p><strong>Cs\u00e1nyi P\u00e9ter:<\/strong> A <a href=\"https:\/\/forbes.hu\/uzlet\/magyar-peter-minden-magyar-miniszterelnoke-leszek-de-a-rendszer-tartooszlopainak-mennie-kell\/\">Tisza gy\u0151zelme <\/a>nem lepett meg, az els\u00f6pr\u0151 m\u00e9rt\u00e9ke viszont igen. Meg a <a href=\"https:\/\/forbes.hu\/hirek\/soha-ennyien-nem-szavaztak-meg-es-van-meg-ket-ora\/\">r\u00e9szv\u00e9teli ar\u00e1ny<\/a>. Volt egy fogad\u00e1som n\u00e9h\u00e1ny ismer\u0151s\u00f6mmel, amiben \u00e9n 72\u201373 sz\u00e1zal\u00e9kra tippeltem. Egy\u00e1ltal\u00e1n nem sz\u00e1m\u00edtottam nyolcvansz\u00e1zal\u00e9kos r\u00e9szv\u00e9telre.<\/p>\n<p><strong>\u00c9s milyen hangulatban ment be m\u00e1snap reggel dolgozni?<\/strong><\/p>\n<p>Nyugodtan. Szerintem nyugodtabban, mint n\u00e9h\u00e1ny m\u00e1s ember m\u00e1shov\u00e1. Mivel van egy \u00f6n\u00e1ll\u00f3, a korm\u00e1nyt\u00f3l f\u00fcggetlen strat\u00e9gi\u00e1nk, \u00e9s az \u00e1llamnak nincs tulajdona az OTP-ben, nem gondoltam, hogy a v\u00e1laszt\u00e1s b\u00e1rmilyen eredm\u00e9nye arra k\u00e9sztetne minket, hogy drasztikusan \u00e1tgondoljuk, hogy h\u00e9tf\u0151t\u0151l hogyan is folytassuk a lakoss\u00e1gi vagy v\u00e1llalati hitelez\u00e9st, vagy az egy\u00e9b tev\u00e9kenys\u00e9geinket.<\/p>\n<p>Hosszabb t\u00e1von persze az eur\u00f3pai uni\u00f3s forr\u00e1sok es\u00e9lye felt\u00e9tlen\u00fcl pozit\u00edv. Ha van EU-s forr\u00e1s, akkor a v\u00e1llalkoz\u00f3k is sokkal hajland\u00f3bbak beruh\u00e1z\u00e1sokat ind\u00edtani, f\u0151leg ismerve a magyar v\u00e1llalkoz\u00f3i mentalit\u00e1st. Sok esetben ugyanis azt veszem \u00e9szre, hogy nem el\u00e9g a kamatt\u00e1mogat\u00e1s. Bizonyos v\u00e1llalkoz\u00f3k ahhoz vannak hozz\u00e1szokva, hogy akkor fektetnek be, ha valamennyit hozz\u00e1tesz m\u00e9g az \u00e1llam EU-s forr\u00e1sb\u00f3l, vagy k\u00f6zvetlen magyar \u00e1llami t\u00e1mogat\u00e1s form\u00e1j\u00e1ban. Egy\u00e9bk\u00e9nt ink\u00e1bb kiv\u00e1rnak. 2023-24-ben gyakorlatilag stagn\u00e1ltak a beruh\u00e1z\u00e1sok, \u00edgy az uni\u00f3s forr\u00e1sok mindenk\u00e9ppen seg\u00edtenek, ha \u00fajra el\u00e9rhet\u0151k lesznek.<\/p>\n<div class=\"related-post-links\">\n<p>\t\t<span class=\"related-post-links__title minititle\">T\u00f6bb ebb\u0151l<\/span><\/p>\n<div class=\"related-post-links__link-wrapper\">\n\t\t\t\t<a href=\"https:\/\/forbes.hu\/penz\/az-otp-vezerigazgatoja-is-elmondta-mit-var-az-uj-kormanytol\/\" class=\"related-post-links__link\">Az OTP vez\u00e9rigazgat\u00f3ja elmondta, mit v\u00e1r az \u00faj korm\u00e1nyt\u00f3l<\/a>\n\t\t\t<\/div>\n<div class=\"related-post-links__link-wrapper\">\n\t\t\t\t<a href=\"https:\/\/forbes.hu\/uzlet\/csanyi-peter-lett-a-fodijas-a-forbes-es-a-visa-banki-dijatadojan\/\" class=\"related-post-links__link\">Cs\u00e1nyi P\u00e9ter lett a f\u0151d\u00edjas a Forbes \u00e9s a Visa banki d\u00edj\u00e1tad\u00f3j\u00e1n<\/a>\n\t\t\t<\/div>\n<div class=\"related-post-links__link-wrapper\">\n\t\t\t\t<a href=\"https:\/\/forbes.hu\/hirek\/otp-csanyi-peter-euro-eurozona-kritika\/\" class=\"related-post-links__link\">Nagyon k\u00edv\u00e1natosnak tartja ezt a l\u00e9p\u00e9st \u00f6t \u00e9ven bel\u00fcl az OTP-vez\u00e9rigazgat\u00f3<\/a>\n\t\t\t<\/div>\n<\/div>\n<p>\u00c9s van m\u00e9g egy dolog. Mivel az \u00faj korm\u00e1nynak deklar\u00e1lt c\u00e9lja az eur\u00f3bevezet\u00e9s, ez nagyban hathat a kamatszintekre. Az OTP Csoport p\u00e9ld\u00e1j\u00e1b\u00f3l is l\u00e1ttuk, mi t\u00f6rt\u00e9nt Horv\u00e1torsz\u00e1gban p\u00e1r \u00e9vvel ezel\u0151tt, vagy Bulg\u00e1ria id\u00e9n janu\u00e1ri eur\u00f3bevezet\u00e9se el\u0151tt: nem az eur\u00f3z\u00f3na-csatlakoz\u00e1s napj\u00e1n cs\u00f6kkennek le a kamatok. Ha siker\u00fcl egy hiteles tervet k\u00e9sz\u00edteni, aminek a v\u00e9g\u00e9n n\u00e9gy\u2013\u00f6t \u00e9v m\u00falva ott van az eur\u00f3z\u00f3n\u00e1hoz csatlakoz\u00e1s, \u00e9s k\u00f6zben cs\u00f6kken a k\u00f6lts\u00e9gvet\u00e9si deficit, \u00e9s kord\u00e1ban tartj\u00e1k az infl\u00e1ci\u00f3t, akkor nagyon gyorsan le tudnak menni a kamatok.<\/p>\n<figure class=\"wp-block-image size-full\">\n<div class=\"photo-credit-wrapper\"><img decoding=\"async\" width=\"2560\" height=\"1707\" loading=\"lazy\" src=\"https:\/\/cdn.forbes.hu\/uploads\/2026\/04\/Csanyi_Peter_OTP_Forbes_2026_04_22_RD_001-scaled.jpg\" alt=\"\" class=\"wp-image-763681\" \/>\n<div class=\"photo-credit\">\n            <img decoding=\"async\" loading=\"lazy\" class=\"photo-credit__icon\" src=\"https:\/\/forbes.hu\/wp-content\/themes\/frontend\/atoms\/photo-credit\/icon-info.svg\" alt=\"info\" \/><br \/>\n            <span class=\"photo-credit__label\">R\u00e1nki D\u00e1niel<\/span>\n        <\/div>\n<\/div><figcaption class=\"wp-element-caption\">Cs\u00e1nyi P\u00e9ter: \u201eVolt egy fogad\u00e1som n\u00e9h\u00e1ny ismer\u0151s\u00f6mmel, amiben \u00e9n 72\u201373 sz\u00e1zal\u00e9kra tippeltem. Egy\u00e1ltal\u00e1n nem sz\u00e1m\u00edtottam nyolcvansz\u00e1zal\u00e9kos r\u00e9szv\u00e9telre.\u201d \/ Fot\u00f3k: R\u00e1nki D\u00e1niel<\/figcaption><\/figure>\n<p><strong>Az \u00e1llam ezen rengeteget sp\u00f3rol, de j\u00f3 lesz az OTP-nek is?<\/strong><\/p>\n<p>Egy bank szempontj\u00e1b\u00f3l ennek kett\u0151s a hat\u00e1sa. Egyfel\u0151l cs\u00f6kken a kamatmarzs, m\u00e1sr\u00e9szt n\u00f6vekszik a volumen. Az el\u0151bbi rontja, a m\u00e1sik jav\u00edtja a bank eredm\u00e9ny\u00e9t. K\u00f6zben a v\u00e1llalati \u00e9s lakoss\u00e1gi \u00fcgyfeleknek egyar\u00e1nt nagyon j\u00f3 fejlem\u00e9ny lenne az eur\u00f3, hiszen nem \u00e1llamilag t\u00e1mogatott m\u00f3don, hanem piaci alapon juthatn\u00e1nak hozz\u00e1 h\u00e1romsz\u00e1zal\u00e9kos kamathoz. Horv\u00e1torsz\u00e1gban \u00e9s Bulg\u00e1ri\u00e1ban is azt l\u00e1ttuk, hogy n\u0151tt a hitelek ir\u00e1nti kereslet, n\u0151tt a hitelez\u00e9si volumen, \u00e9s a bankok \u00e9s az \u00fcgyfelek is j\u00f3l j\u00e1rtak.<\/p>\n<p><strong>Ezt teh\u00e1t hihet\u0151 c\u00e9lnak tartja? Van realit\u00e1sa annak, hogy a jelenlegi fel\u00e1ll\u00e1sban, felhatalmaz\u00e1ssal, t\u00e1rsadalmi t\u00e1mogatotts\u00e1ggal, nagyon hangs\u00falyozottan a jegybankkal egy\u00fcttm\u0171k\u00f6d\u00e9sben v\u00e9gig tudja most vinni az eur\u00f3bevezet\u00e9st Magyarorsz\u00e1g?<\/strong><\/p>\n<div class=\"post-content-soft-paywall\">\n<p>Persze, hogy van realit\u00e1sa. <\/p>\n<blockquote class=\"wp-block-quote is-layout-flow wp-block-quote-is-layout-flow\">\n<p>Ezt v\u00e9gig lehet vinni, csak kell egy k\u00f6vetkezetes korm\u00e1nyprogram. \u00c9s nem csak egy korm\u00e1nynak a programja, hiszen maga a t\u00e9nyleges csatlakoz\u00e1s val\u00f3sz\u00edn\u0171leg a k\u00f6vetkez\u0151 v\u00e1laszt\u00e1sok ut\u00e1n t\u00f6rt\u00e9nhet csak meg.<\/p>\n<\/blockquote>\n<p>De azt is sz\u00f6gezz\u00fck le, hogy ez nem csodaszer. Senki ne gondolja azt, hogy az eur\u00f3 majd minden probl\u00e9m\u00e1nkat megoldja, \u00e9s nem lesznek neh\u00e9z helyzetek a k\u00e9s\u0151bbiekben. Van t\u00f6bb orsz\u00e1g, amelyik eur\u00f3csatlakoz\u00e1s n\u00e9lk\u00fcl is nagyon j\u00f3l tudta menedzselni a k\u00fcls\u0151 sokkokat \u00e9s kr\u00edziseket. P\u00e9ld\u00e1ul Alb\u00e1nia, Csehorsz\u00e1g, de m\u00e9g a lengyeleket is \u00e9rdemes megn\u00e9zni. Ha van egy lehet\u0151leg kontraciklikus monet\u00e1ris politika, ha megvannak azok a fisk\u00e1lis f\u00e9kek, amik garant\u00e1lj\u00e1k a k\u00f6lts\u00e9gvet\u00e9si egyens\u00falyt, \u00e9s nem engedik az egekbe sz\u00f6kni az \u00e1llamad\u00f3ss\u00e1got meg az infl\u00e1ci\u00f3t, akkor egy\u00e9bk\u00e9nt a legjobb egy saj\u00e1t deviza. Csak ez nek\u00fcnk sose siker\u00fclt. Az elm\u00falt h\u00fasz\u2013harminc \u00e9vben, amikor gyors volt a n\u00f6veked\u00e9s, akkor is ink\u00e1bb prociklikus politik\u00e1t folytattunk.<\/p>\n<p>De m\u00e9g egyszer mondom, senki ne gondoljon \u00fagy az eur\u00f3ra, hogy att\u00f3l minden rendben lesz. Ez nem egy var\u00e1zsszer, csak egy j\u00f3 lehet\u0151s\u00e9g.<\/p>\n<p><strong>M\u00e1sodik \u00e9ve d\u00edjazzuk t\u00f6bb kateg\u00f3ri\u00e1ban a bankszektor szerepl\u0151it, id\u00e9n <a href=\"https:\/\/forbes.hu\/uzlet\/csanyi-peter-lett-a-fodijas-a-forbes-es-a-visa-banki-dijatadojan\/\">A j\u00f6v\u0151 banki vezet\u0151je c\u00edmet <\/a>\u00f6n hozta el, szoros versenyben egy f\u00fcggetlen zs\u0171ri pontoz\u00e1sa alapj\u00e1n. Mit sz\u00f3l a d\u00edjhoz?<\/strong><\/p>\n<p>Nagyon megtisztel\u0151, egyr\u00e9szt a Forbes \u00e9s a Visa magyar \u00e9s nemzetk\u00f6zi reput\u00e1ci\u00f3ja miatt, m\u00e1sr\u00e9szt a zs\u0171ri miatt. Ilyenkor mindig megn\u00e9zem, ki is \u00edt\u00e9li nekem a d\u00edjat, \u00e9s nyilv\u00e1n j\u00f3 volt l\u00e1tni, hogy ez egy szakmai \u00e9s f\u00fcggetlen zs\u0171ri volt. R\u00e1ad\u00e1sul nem kellett r\u00e1 p\u00e1ly\u00e1zni, ez\u00e9rt nem is sz\u00e1m\u00edtottam r\u00e1, \u00e9s ez m\u00e9g hozz\u00e1tesz a j\u00f3 \u00e9rz\u00e9shez.<\/p>\n<p>Egy \u00e9ve vagyok vez\u00e9rigazgat\u00f3, tal\u00e1n most m\u00e1r ki lehet \u00e1ll\u00edtani az els\u0151 bizony\u00edtv\u00e1nyt a teljes\u00edtm\u00e9nyemr\u0151l. Nem szeretn\u00e9m azt sugallni, hogy amit az OTP az ut\u00f3bbi \u00e9vben el\u00e9rt, az az \u00e9n teljes\u00edtm\u00e9nyem, hiszen a bank sosem egy emberre \u00e9p\u00fclt. <\/p>\n<p>A strat\u00e9giai k\u00e9rd\u00e9seket tov\u00e1bbra is az Eln\u00f6k (Cs\u00e1nyi S\u00e1ndor \u2013 a szerk.) viszi, az igazgat\u00f3s\u00e1g d\u00f6nt olyan k\u00e9rd\u00e9sekr\u0151l, mint a nemzetk\u00f6zi terjeszked\u00e9s vagy p\u00e9ld\u00e1ul a t\u0151kefelhaszn\u00e1l\u00e1s, de operat\u00edv szinten \u00e9n is annak vagyok a h\u00edve, hogy az alattam l\u00e9v\u0151 csapatot bevonjam a d\u00f6nt\u00e9sekbe. Legyen meg a lehet\u0151s\u00e9g arra, hogy v\u00e9gig besz\u00e9lj\u00fck a fontos k\u00e9rd\u00e9seket, mert az \u00fat sokszor fontosabb \u00e9s tanuls\u00e1gosabb, mint maga a d\u00f6nt\u00e9s.<\/p>\n<figure class=\"wp-block-image size-full\">\n<div class=\"photo-credit-wrapper\"><img decoding=\"async\" width=\"2560\" height=\"1707\" loading=\"lazy\" src=\"https:\/\/cdn.forbes.hu\/uploads\/2026\/04\/Csanyi_Peter_OTP_Forbes_2026_04_22_RD_006-scaled.jpg\" alt=\"\" class=\"wp-image-763697\" \/>\n<div class=\"photo-credit\">\n            <img decoding=\"async\" loading=\"lazy\" class=\"photo-credit__icon\" src=\"https:\/\/forbes.hu\/wp-content\/themes\/frontend\/atoms\/photo-credit\/icon-info.svg\" alt=\"info\" \/><br \/>\n            <span class=\"photo-credit__label\">Cs\u00e1nyi P\u00e9ter 2026 \u00e1prilis 24-\u00e9n \/ R\u00e1nki D\u00e1niel<\/span>\n        <\/div>\n<\/div><figcaption class=\"wp-element-caption\">\u201eA piac torzul\u00e1s\u00e1t l\u00e1tni a bankok bet\u00e9t\u00e1llom\u00e1ny\u00e1n.\u201d \/ Fot\u00f3: R\u00e1nki D\u00e1niel<\/figcaption><\/figure>\n<p>Az elm\u00falt egy \u00e9v arra mutatott r\u00e1, hogy ennek a hozz\u00e1\u00e1ll\u00e1snak pozit\u00edv hat\u00e1sa van a szervezeti dinamik\u00e1ra. Az, hogy a r\u00e9szv\u00e9ny\u00e1rfolyam mennyit ment fel, azt nyilv\u00e1n nagyon sok minden befoly\u00e1solja, arr\u00f3l sosem gondoltam, hogy azt az \u00e9n teljes\u00edtm\u00e9nyem indokolja. De l\u00e1that\u00f3an le se von bel\u0151le, m\u00e1sk\u00fcl\u00f6nben nem tudtunk volna egy \u00e9v alatt 60 sz\u00e1zal\u00e9kot emelkedni.<\/p>\n<p><strong>Val\u00f3ban szinte napra pontosan egy \u00e9ve vette \u00e1t az OTP vez\u00e9rigazgat\u00f3i poz\u00edci\u00f3j\u00e1t. Mi volt az, amikor el\u0151sz\u00f6r azt \u00e9rezte, hogy na, ez m\u00e1r az \u00e9n felel\u0151ss\u00e9gem volt, az \u00e9n d\u00f6nt\u00e9sem, vagy ak\u00e1r az \u00e9n sikerem?<\/strong><\/p>\n<p>Az \u00faj munkak\u00f6rbe bel\u00e9pve nyilv\u00e1n a form\u00e1lis felel\u0151ss\u00e9g is meg\u00e9rkezett a v\u00e1llamra, de az\u00e9rt nem lehet azt mondani, hogy kor\u00e1bban ne m\u0171k\u00f6dt\u00fcnk volna m\u00e1r hasonl\u00f3 fel\u00e1ll\u00e1sban. K\u00e9t \u00e9vvel a kinevez\u00e9sem el\u0151tt hoztuk l\u00e9tre az Executive Steering Committee-t, a bank operat\u00edv vezet\u0151i bizotts\u00e1g\u00e1t. Ennek a vez\u00e9rhelyettesek \u00e9s n\u00e9h\u00e1ny \u00fcgyvezet\u0151 igazgat\u00f3 a tagjai, \u00e9s ezt a test\u00fcletet m\u00e1r 2023 \u00f3ta \u00e9n vezetem. Az\u00f3ta foglalkozom a digit\u00e1lis k\u00e9rd\u00e9sek mellett egy\u00e9b t\u00e9m\u00e1kkal is, pedig akkor m\u00e9g a digit\u00e1lis div\u00edzi\u00f3t vezettem. <\/p>\n<p>Volt teh\u00e1t \u00e1tmenet, nem \u00fagy t\u00f6rt\u00e9nt, hogy p\u00e9nteken m\u00e9g az egyik a poz\u00edci\u00f3ban \u00fcl\u00f6k, h\u00e9tf\u0151t\u0151l a m\u00e1sikban. Ez egyfajta felk\u00e9sz\u00fcl\u00e9si id\u0151 is volt, ki tudtuk \u00fagy alak\u00edtani az egy\u00fcttm\u0171k\u00f6d\u00e9si m\u00f3dot a koll\u00e9g\u00e1kkal, hogy a szervezetnek is min\u00e9l kisebb zavarral j\u00e1rjon ez a v\u00e1lt\u00e1s.<\/p>\n<p><strong>Ink\u00e1bb bizony\u00edtani akart ebben az els\u0151 \u00e9vben vagy a stabilit\u00e1st mutatni?<\/strong><\/p>\n<p>Bizony\u00edt\u00e1si k\u00e9nyszert tal\u00e1n az\u00e9rt nem \u00e9reztem, mert az OTP meghat\u00e1rozott strat\u00e9gia ment\u00e9n halad, \u00e9s ebben nem volt drasztikus v\u00e1lt\u00e1s. Nem arr\u00f3l volt sz\u00f3, hogy a szem\u00e9lyi d\u00f6nt\u00e9s 180 fokos fordulatot hozott volna a strat\u00e9gi\u00e1ban. Ink\u00e1bb az volt a fontos, hogy a kor\u00e1bbi sebess\u00e9ggel \u00e9s dinamizmussal tudjuk azt v\u00e9grehajtani. \u00c9s volt az\u00e9rt p\u00e1r olyan t\u00e9ma, amire \u00e9n hangs\u00falyosabban akartam f\u00f3kusz\u00e1lni, de ezekre ink\u00e1bb finomhangol\u00e1sk\u00e9nt tekintek.<\/p>\n<p><strong>Tud mondani p\u00e9ld\u00e1kat?<\/strong><\/p>\n<p>P\u00e9ld\u00e1ul, hogy ker\u00fclj\u00f6n m\u00e9g jobban el\u0151t\u00e9rbe az \u00fcgyf\u00e9lk\u00f6zpont\u00fas\u00e1g. Hogy mindig gondolkozzunk az \u00fcgyf\u00e9l fej\u00e9vel, \u00e9s ennek ment\u00e9n alak\u00edtsuk \u00e1t a folyamatainkat, ne az\u00e9rt dolgozzunk \u00edgy vagy \u00fagy, mert \u00fagy szoktuk meg. A m\u00e1sik fontos t\u00e9mak\u00f6r a k\u00f6lts\u00e9ghat\u00e9konys\u00e1g, hiszen l\u00e1tjuk, hogy a csoport le\u00e1nyv\u00e1llalatai k\u00f6z\u00fcl t\u00f6bben jobb k\u00f6lts\u00e9ghat\u00e9konys\u00e1gi mutat\u00f3kkal rendelkeznek, mint a magyar oper\u00e1ci\u00f3. Ebben nyilv\u00e1n annak is van szerepe, hogy egyes szab\u00e1lyoz\u00f3i elv\u00e1r\u00e1sok plusz terheket r\u00f3nak r\u00e1nk, de bizonyos dolgokat igenis tudunk befoly\u00e1solni a folyamatok \u00e1talak\u00edt\u00e1s\u00e1val.<\/p>\n<p>A harmadik dolog az els\u0151vel szorosan \u00f6sszef\u00fcgg: folyamatosan keress\u00fck, hogy a bankol\u00e1son t\u00fal hogyan tudunk \u00e9rt\u00e9kteremt\u0151 szolg\u00e1ltat\u00e1st ny\u00fajtani az embereknek. Erre csak az egyik, de el\u00e9g j\u00f3 p\u00e9lda az ingatlanos \u00f6kosziszt\u00e9m\u00e1nk, amellyel nemcsak a finansz\u00edroz\u00e1s pillanat\u00e1ban vagy az el\u0151takar\u00e9koskod\u00e1s folyamat\u00e1ban tudunk ott lenni az emberek \u00e9let\u00e9ben, hanem az ingatlankeres\u00e9sre, a berendez\u00e9sre, a biztos\u00edt\u00e1sra \u00e9s minden egy\u00e9b kapcsol\u00f3d\u00f3 ig\u00e9nyre k\u00edn\u00e1lunk megold\u00e1sokat. Erre a h\u00e1rom ter\u00fcletre teh\u00e1t az elm\u00falt egy \u00e9vben kicsit hangs\u00falyosabban figyelt\u00fcnk, f\u0151leg Magyarorsz\u00e1gon.<\/p>\n<p>De mivel szerencs\u00e9re ott vagyunk t\u00edz m\u00e1sik orsz\u00e1gban is, m\u00e9g annak sem jutottam a v\u00e9g\u00e9re, hogy minden orsz\u00e1gban tal\u00e1lkozzam a jegybankeln\u00f6kkel, a p\u00e9nz\u00fcgyminiszterrel, \u00e9s er\u0151s\u00edtsem a kapcsolatrendszeremet. Fontos, hogy ne csak akkor menjek hozz\u00e1juk, amikor baj van. A legnagyobb le\u00e1nybankjaink orsz\u00e1gaiba m\u00e1r eljutottam, \u00e9s a kor\u00e1bbin\u00e1l tudatosabban pr\u00f3b\u00e1lok jelen lenni a le\u00e1nyv\u00e1llalatokn\u00e1l, hogy t\u00e1mogatni tudjam \u0151ket.<\/p>\n<p><strong>Siker\u00fclt, amit eltervezett?<\/strong><\/p>\n<p>Nagyon sok mindenben tudtunk el\u0151re l\u00e9pni. A k\u00f6zgy\u0171l\u00e9s\u00fcnk\u00f6n sz\u00e1mot adtunk a 2025-\u00f6s eredm\u00e9nyekr\u0151l (rekordprofit lett 1100 milli\u00e1rd forintos csoportszint\u0171 eredm\u00e9nnyel \u2013 a szerk.), \u00e9s nemsok\u00e1ra az idei els\u0151 negyed\u00e9vit is publik\u00e1ljuk, azt gondolom, hogy j\u00f3 \u00faton haladunk. J\u00f3 n\u00e9h\u00e1ny szervezeti \u00e1talak\u00edt\u00e1st is megl\u00e9pt\u00fcnk m\u00e1r a hat\u00e9konys\u00e1g \u00e9rdek\u00e9ben, \u00e9s n\u00e9h\u00e1ny szem\u00e9lyi csere is t\u00f6rt\u00e9nt.<\/p>\n<p><strong>Ez m\u00e1r kimondottan \u00f6nh\u00f6z k\u00f6thet\u0151? Azt l\u00e1tta, hogy egy-egy poszton sz\u00fcks\u00e9g van v\u00e1ltoz\u00e1sra?<\/strong><\/p>\n<p>Ahogy mondtam, ezek nem egyszem\u00e9lyes d\u00f6nt\u00e9sek. A bizotts\u00e1gok fontos szerepl\u0151k a d\u00f6nt\u00e9shozatalban, \u00e9s az Eln\u00f6k is el\u00e9g akt\u00edv. A szem\u00e9lyi k\u00e9rd\u00e9sekben p\u00e9ld\u00e1ul nagyon hangs\u00falyosan r\u00e9szt vesz.<\/p>\n<p><strong>Mi m\u00e1sban m\u00e9g?<\/strong><\/p>\n<p>Strat\u00e9gi\u00e1ban, k\u00fclf\u00f6ldi akviz\u00edci\u00f3kban, hogy mit vil\u00e1g\u00edtsunk \u00e1t, mit n\u00e9zz\u00fcnk meg jobban, esetleg melyik r\u00e9gi\u00f3ba l\u00e9pj\u00fcnk be. \u00dczlet\u00e1gi strat\u00e9gi\u00e1kkal kev\u00e9sb\u00e9 foglalkozik, de az OTP Csoport region\u00e1lis jelenl\u00e9t\u00e9vel nagyon is. \u00c9s elengedhetetlen a szerepe a korm\u00e1nyzati kapcsolattart\u00e1sban is, legyen az b\u00e1rmelyik korm\u00e1ny.<\/p>\n<p><strong>Ez \u00edgy is marad?<\/strong><\/p>\n<p>Igen. Szervezetileg is hozz\u00e1 tartoznak munk\u00e1ltat\u00f3i jogk\u00f6r\u00f6k, a vez\u00e9rigazgat\u00f3-helyetteseket, a le\u00e1nyv\u00e1llalatok els\u0151 sz\u00e1m\u00fa vezet\u0151j\u00e9t \u0151 nevezi ki. A Management Committee-t is \u0151 vezeti, ebben ugyanolyan akt\u00edv, mint kor\u00e1bban. Az igazgat\u00f3s\u00e1g is rendszeresen \u00f6ssze\u00fcl, a szervezeti k\u00e9rd\u00e9seket ennek a vezet\u0151i test\u00fcletnek kell j\u00f3v\u00e1hagynia, term\u00e9szetesen ebben is akt\u00edv. \u00c9s ahogy mondtam, bizonyos strat\u00e9giai k\u00e9rd\u00e9sekben, p\u00e9ld\u00e1ul a region\u00e1lis strat\u00e9gi\u00e1t illet\u0151en r\u00e9szt vesz a d\u00f6nt\u00e9si folyamatban.<\/p>\n<p>El\u0151re lefektett\u00fck a feladatmegoszt\u00e1s elveit \u00e9s a hat\u00e1sk\u00f6r\u00f6ket, \u00e9s szerencs\u00e9re az elm\u00falt egy \u00e9vben nem volt r\u00e1 sz\u00fcks\u00e9g, hogy ezen v\u00e1ltoztassunk. Az a helyzett\u0151l \u00e9s a t\u00e9m\u00e1kt\u00f3l f\u00fcgg, hogy hetente, k\u00e9thetente vagy \u00e9ppen hetente t\u00f6bbsz\u00f6r is tal\u00e1lkozunk-e.<\/p>\n<figure class=\"wp-block-image size-full\">\n<div class=\"photo-credit-wrapper\"><img decoding=\"async\" width=\"2560\" height=\"1707\" loading=\"lazy\" src=\"https:\/\/cdn.forbes.hu\/uploads\/2026\/04\/Csanyi_Peter_OTP_Forbes_2026_04_22_RD_011-scaled.jpg\" alt=\"\" class=\"wp-image-763692\" \/>\n<div class=\"photo-credit\">\n            <img decoding=\"async\" loading=\"lazy\" class=\"photo-credit__icon\" src=\"https:\/\/forbes.hu\/wp-content\/themes\/frontend\/atoms\/photo-credit\/icon-info.svg\" alt=\"info\" \/><br \/>\n            <span class=\"photo-credit__label\">\u201eBizakod\u00e1sra ad okot\u201d a miniszterek szakmai h\u00e1ttere \u2013 Cs\u00e1nyi P\u00e9ter az \u00faj korm\u00e1nyr\u00f3l \/ R\u00e1nki D\u00e1niel<\/span>\n        <\/div>\n<\/div><figcaption class=\"wp-element-caption\">\u201eBizakod\u00e1sra ad okot\u201d a miniszterek szakmai h\u00e1ttere \u2013 Cs\u00e1nyi P\u00e9ter az \u00faj korm\u00e1nyr\u00f3l \/ R\u00e1nki D\u00e1niel<\/figcaption><\/figure>\n<p><strong>Eml\u00edtette, hogy a k\u00fclf\u00f6ldi le\u00e1nybankokat j\u00e1rva \u00e9p\u00edti a kapcsolatokat p\u00e9nz\u00fcgyminiszterekkel, jegybankeln\u00f6k\u00f6kkel stb. Itthon ezt mennyire csin\u00e1lja? Egy\u00e1ltal\u00e1n mennyire tartja fontosnak azt, hogy egy banknak, az orsz\u00e1g legnagyobb bankj\u00e1nak er\u0151sek legyenek az inform\u00e1lis politikai kapcsolatai?<\/strong><\/p>\n<p>Szerencs\u00e9re abban a helyzetben vagyunk, hogy f\u00fcggetlenek vagyunk. Az \u00e1llam nem tulajdonos a bankban, <\/p>\n<blockquote class=\"wp-block-quote is-layout-flow wp-block-quote-is-layout-flow\">\n<p>\u00edgy nem kell megfeleln\u00fcnk semmilyen \u00e1llami elv\u00e1r\u00e1snak. <\/p>\n<\/blockquote>\n<p>Emiatt kev\u00e9sb\u00e9 tartom ezt fontosnak. Ugyanakkor, Magyarorsz\u00e1g legnagyobb bankjak\u00e9nt j\u00f3 viszonyra kell t\u00f6rekedn\u00fcnk a mindenkori korm\u00e1nnyal, \u00e9s kell, hogy akt\u00edv p\u00e1rbesz\u00e9d\u00fcnk legyen, le kell tudnunk \u00fclni egy t\u00e1rgyal\u00f3asztalhoz.<\/p>\n<p>Mi ezt Magyarorsz\u00e1gon legink\u00e1bb a Banksz\u00f6vets\u00e9gen kereszt\u00fcl csin\u00e1ljuk. Becsei Andr\u00e1s, az OTP vez\u00e9rigazgat\u00f3-helyettese a Banksz\u00f6vets\u00e9g aleln\u00f6ke, ezt a feladatot operat\u00edvan \u0151 viszi. \u00c9n tov\u00e1bbra is abban hiszek, hogy hat\u00e9konyan tudjuk k\u00e9pviselni magunkat, \u00e9s ezt fontos szektorszinten csin\u00e1lni. Legfeljebb azokban a k\u00e9rd\u00e9sekben szoktam k\u00f6zvetlen\u00fcl egyeztetni, amik kiz\u00e1r\u00f3lag az OTP-t \u00e9rintik, de szerencs\u00e9re viszonylag kev\u00e9s ilyen t\u00e9ma akadt.<\/p>\n<p><strong>Tal\u00e1lkozott Magyar P\u00e9terrel az ut\u00f3bbi id\u0151ben? Van kapcsolata Kapit\u00e1ny Istv\u00e1nnal, K\u00e1rm\u00e1n Andr\u00e1ssal? Mennyire ismeri az \u00faj korm\u00e1ny gazdas\u00e1gi- illetve p\u00e9nz\u00fcgyminiszter\u00e9t?<\/strong><\/p>\n<p>Nem ismerem m\u00e9g j\u00f3l \u0151ket, \u00e9s a korm\u00e1nyv\u00e1lt\u00e1s kapcs\u00e1n nem volt m\u00e9g egyeztet\u00e9sem vel\u00fck. A szakmai \u00e9let\u00fatjukat l\u00e1tom, azt tudom meg\u00edt\u00e9lni, \u00e9s az mindenk\u00e9ppen bizakod\u00e1sra ad okot, hiszen a leend\u0151 miniszterek olyan v\u00e1llalatokt\u00f3l j\u00f6ttek, amelyek a versenypiacon j\u00f3 c\u00e9geknek mondhat\u00f3k, \u00e9s a szakmai felk\u00e9sz\u00fclts\u00e9g\u00fck mindenk\u00e9ppen pozit\u00edv.<\/p>\n<p>Kapit\u00e1ny Istv\u00e1nnal egyszer tal\u00e1lkoztam az elm\u00falt hetekben, mert mindketten zs\u0171ritagok voltunk az EY egyik esem\u00e9ny\u00e9n. (Az \u00e9v \u00fczletembere program b\u00edr\u00e1l\u00f3bizotts\u00e1g\u00e1nak tagjai \u2013 a szerk.) Pozit\u00edv szem\u00e9lyis\u00e9gnek tartom, de szem\u00e9lyesen egyel\u0151re ennyi a kapcsolatunk. K\u00e1rm\u00e1n Andr\u00e1ssal volt a Banksz\u00f6vets\u00e9gnek m\u00e1r egy egyeztet\u00e9se. Pozit\u00edv volt, \u00fagy l\u00e1tom, hogy nyitott a konstrukt\u00edv p\u00e1rbesz\u00e9dre. Az biztos, hogy nagyon k\u00f6t\u00f6tt p\u00e1ly\u00e1n mozog a magyar gazdas\u00e1g. A k\u00f6lts\u00e9gvet\u00e9si deficit el\u00e9g magas, \u00e9s a n\u00f6veked\u00e9s sem mondhat\u00f3 ac\u00e9losnak.<\/p>\n<p><strong>Eddig a korm\u00e1ny t\u00e1mogatta is a bankokat, meg el is vett t\u0151l\u00fck. Az egyik oldalon ott voltak az \u00e1llami hitelt\u00e1mogat\u00e1sok, ami az\u00e9rt a bankoknak tisztess\u00e9ges j\u00f6vedelmez\u0151s\u00e9get hozott, a m\u00e1sik oldalon meg ment a sanyargat\u00e1s a bankad\u00f3val, \u00e9s sokat panaszkodtak a piaci szerepl\u0151k a kisz\u00e1m\u00edthatatlans\u00e1gra is. Ezzel kapcsolatban mire sz\u00e1m\u00edt?<\/strong><\/p>\n<p>Hi\u00e1ba igaz, hogy mi bank\u00e1rok szeret\u00fcnk panaszkodni, ett\u0151l m\u00e9g eur\u00f3pai \u00f6sszehasonl\u00edt\u00e1sban t\u00e9nyleg n\u00e1lunk a legmagasabbak a banki terhek. Az is t\u00e9ny, hogy ek\u00f6zben az \u00e1llamilag t\u00e1mogatott programok jelent\u0151sen hozz\u00e1tettek a hitelez\u00e9si aktivit\u00e1shoz. Ha ezek nem lettek volna, akkor a magas kamatk\u00f6rnyezetben val\u00f3sz\u00edn\u0171leg nulla hiteln\u00f6veked\u00e9s lett volna. Ez mindenk\u00e9ppen hozz\u00e1 tartozik a fair k\u00e9phez.<\/p>\n<p>Ami meg a j\u00f6v\u0151t illeti, ahogy eml\u00edtettem, rossz helyzetben van a k\u00f6lts\u00e9gvet\u00e9s. Az ir\u00e1ni h\u00e1bor\u00fa tov\u00e1bbi bizonytalans\u00e1got okoz az <a href=\"https:\/\/forbes.hu\/uzlet\/olajpiac-olajhatalom-opec-egyesult-arab-emirsegek\/\">olaj\u00e1rakkal<\/a> \u00e9s a g\u00e1z\u00e1rakkal kapcsolatban, teh\u00e1t kicsi a mozg\u00e1st\u00e9r, de<\/p>\n<blockquote class=\"wp-block-quote is-layout-flow wp-block-quote-is-layout-flow\">\n<p>bizakod\u00f3 vagyok, hogy legal\u00e1bb egy \u00fctemtervet ki tudunk alak\u00edtani a korm\u00e1nnyal k\u00f6z\u00f6sen, hogy mennyi id\u0151 alatt vezetik ki a piactorz\u00edt\u00f3 int\u00e9zked\u00e9seket. <\/p>\n<\/blockquote>\n<p>Mert itt nemcsak a bankad\u00f3r\u00f3l, extraprofitad\u00f3r\u00f3l, kamatplafonr\u00f3l, tranzakci\u00f3s illet\u00e9kr\u0151l \u00e9s hasonl\u00f3kr\u00f3l van sz\u00f3, hanem holisztikusabban kellene \u00e1tn\u00e9zni azt, hogy p\u00e9ld\u00e1ul a k\u00fclf\u00f6ldi szolg\u00e1ltat\u00f3kat mi\u00e9rt terhelik kev\u00e9sb\u00e9 bizonyos t\u00e9telek, \u00e9s mi\u00e9rt ker\u00fclnek versenyh\u00e1tr\u00e1nyba a magyar bankok.<\/p>\n<p><strong>Err\u0151l m\u00e1r konkr\u00e9tan volt sz\u00f3 azon a banksz\u00f6vets\u00e9gi egyeztet\u00e9sen, ahol K\u00e1rm\u00e1n Andr\u00e1s is ott volt?<\/strong><\/p>\n<p>Ez egy els\u0151 egyeztet\u00e9s volt, egyel\u0151re azt tudom mondani, hogy m\u00e1r az pozit\u00edv volt, hogy volt egyfajta nyitotts\u00e1g, hogy ezekr\u0151l a t\u00e9m\u00e1kr\u00f3l besz\u00e9lj\u00fcnk. De nyilv\u00e1n nem csak a korm\u00e1nyon m\u00falik, hogy ezeket a terheket mikor lehet elkezdeni kivezetni, hiszen m\u00e9g azt sem tudjuk, hogy az EU-s forr\u00e1sok mikor tudnak bej\u00f6nni.<\/p>\n<p><strong>Egy t\u0151zsdei elemz\u0151 azt mondta, hogy az OTP-nek pozit\u00edv, ha tisztul a piac, \u00e9s nem lesznek \u00e1llamilag kedvezm\u00e9nyezett bankok, akikhez nem felt\u00e9tlen\u00fcl az\u00e9rt megy forr\u00e1s, mert jobb aj\u00e1nlatot adnak, hanem mert \u00e1llami h\u00e1tszel\u00fck van. Sz\u00e1mol ilyen hat\u00e1ssal?<\/strong><\/p>\n<p>Nagyon \u00f6r\u00fcln\u00e9k annak, hogyha a piaci szerepl\u0151k\u00f6n, k\u00fcl\u00f6n\u00f6sen \u00e1llami c\u00e9geken, \u00f6nkorm\u00e1nyzatokon a j\u00f6v\u0151ben kisebb lenne nyom\u00e1s, hogy hov\u00e1 viszik a p\u00e9nz\u00fcket, vagy honnan vesznek fel hitelt. Abban hiszek, hogy min\u00e9l tiszt\u00e1bb a verseny, ann\u00e1l jobb mindenkinek, \u00e1llami v\u00e1llalatnak, \u00f6nkorm\u00e1nyzatnak, vagy b\u00e1rmely mag\u00e1nc\u00e9gnek. \u00cdrjanak ki tendert, a versenyz\u0151 bankok adjanak be aj\u00e1nlatot, \u00e9s a piac majd d\u00f6nt.<\/p>\n<p><strong>Eddig milyen m\u00e9rt\u00e9k\u0171 piactorzul\u00e1s volt itt?<\/strong><\/p>\n<p>\u00c9rdemes megn\u00e9zni bizonyos bankok bet\u00e9ti \u00e1llom\u00e1nyait, abb\u00f3l l\u00e1that\u00f3, hogy f\u0151leg v\u00e1llalati \u00e9s \u00f6nkorm\u00e1nyzati oldalon hogyan helyez\u0151d\u00f6tt \u00e1t a volumen m\u00e1s piaci szerepl\u0151kt\u0151l. Enn\u00e9l t\u00f6bbet nem szeretn\u00e9k err\u0151l mondani.<\/p>\n<p><strong>Ez teh\u00e1t egy olyan lehet\u0151s\u00e9g, amire kimondottan \u00e9rdemes r\u00e1mozdulni? Fognak ebbe energi\u00e1t, salest fektetni?<\/strong><\/p>\n<p>Mindig is foglalkoztunk ezzel, mert a v\u00e1llalati \u00fczlet\u00e1g kiemelten fontos szegmens\u00fcnk. M\u00edg nyolc\u2013t\u00edz \u00e9vvel ezel\u0151tt k\u00f6r\u00fclbel\u00fcl h\u00e9t sz\u00e1zal\u00e9k volt itt a piaci r\u00e9szesed\u00e9s\u00fcnk, most 21\u201322 sz\u00e1zal\u00e9k. Nagyon jelent\u0151sen siker\u00fclt az elm\u00falt \u00e9vtizedben n\u0151ni. Az a c\u00e9l, hogy ezt a n\u00f6veked\u00e9si \u00fctemet fenntartsuk. <\/p>\n<p>Csak egy p\u00e9lda megint az \u00f6nkorm\u00e1nyzatokat kiemelve. Ha mi hitelezz\u00fck \u0151ket, de k\u00f6zben azt mondj\u00e1k nekik, hogy ne hozz\u00e1nk hozz\u00e1k a bet\u00e9teiket, mert egy m\u00e1sik szerepl\u0151h\u00f6z kell vinni\u00fck, akkor megborul az \u00fczleti modell. Min\u00e9l kevesebb ilyen beavatkoz\u00e1s van a piacon, ann\u00e1l nagyobb a verseny, \u00e9s hossz\u00fa t\u00e1von ann\u00e1l fenntarthat\u00f3bb \u00e9s kock\u00e1zatmentesebb lesz a k\u00f6rnyezet, amivel mindenki nyer. A bankok \u00e9s az \u00fcgyfelek is.<\/p>\n<\/div>\n<div><\/div>\n<div class=\"premium-blocker premium-blocker--hu\" data-needed=\"authenticated\" data-current='[\"free\"]'>\n<div data-needed=\"authenticated\"><\/div>\n<\/div>\n<p>\t\t<!-- No email blocks found --><\/p>\n<p>The post <a href=\"https:\/\/forbes.hu\/penz\/otp-vezer-csanyi-peter-interju-valasztas-euro\/\">Cs\u00e1nyi P\u00e9ter: J\u00f3 lenne, ha kisebb lenne a politikai nyom\u00e1s a bankpiacon<\/a> appeared first on <a href=\"https:\/\/forbes.hu\/\">Forbes.hu<\/a>.<\/p><div id=\"friss-2409913438\" class=\"friss-etarget-cikk-vege friss-entity-placement\"><script type=\"text\/javascript\" id=\"etargetScript7a9b589f63cb072bef80df221f46a22b\">function etargetPostloadFunction7a9b589f63cb072bef80df221f46a22b(){var e=\"etargetPostload7a9b589f63cb072bef80df221f46a22b\",t=\"etargetScript7a9b589f63cb072bef80df221f46a22b\",o=document.getElementById(e);if(o){for(var n=o.offsetTop,d=o.offsetLeft,r=o.offsetWidth,a=o.offsetHeight;o.offsetParent;)o=o.offsetParent,n+=o.offsetTop,d+=o.offsetLeft;var i=(n<=window.pageYOffset+window.innerHeight&&d<window.pageXOffset+window.innerWidth&&n+a>window.pageYOffset&&d+r>window.pageXOffset);if(i&&etargetAllowOtherCheck){allowed=!1;var c=document.createElement(\"script\");return c.src=\"\/\/hu.search.etargetnet.com\/generic\/uni.php?g=ref:58661,area:700x210\",void(document.getElementById(t)&&document.getElementById(e)&&(document.getElementById(t).parentNode.appendChild(c),document.getElementById(t).parentNode.removeChild(document.getElementById(t)),document.getElementById(e).parentNode.removeChild(document.getElementById(e)),document.removeEventListener(\"scroll\",etargetPostloadFunction7a9b589f63cb072bef80df221f46a22b),document.removeEventListener(\"resize\",etargetPostloadFunction7a9b589f63cb072bef80df221f46a22b),document.removeEventListener(\"DOMContentLoaded\",etargetPostloadFunction7a9b589f63cb072bef80df221f46a22b)))}}}var etargetDivID=\"etargetPostload7a9b589f63cb072bef80df221f46a22b\",etargetScriptID=\"etargetScript7a9b589f63cb072bef80df221f46a22b\",etargetPostloadPoint=document.createElement(\"div\");etargetPostloadPoint.id=etargetDivID;var etargetCurScript=document.getElementById(etargetScriptID);etargetCurScript.parentNode.appendChild(etargetPostloadPoint),document.addEventListener(\"scroll\",etargetPostloadFunction7a9b589f63cb072bef80df221f46a22b),document.addEventListener(\"resize\",etargetPostloadFunction7a9b589f63cb072bef80df221f46a22b),document.addEventListener(\"DOMContentLoaded\",etargetPostloadFunction7a9b589f63cb072bef80df221f46a22b);var etargetAllowOtherCheck=!0;if(typeof(\"forceRunPostload\")==\"string\"){etargetPostloadFunction7a9b589f63cb072bef80df221f46a22b()}<\/script><\/div><div id=\"friss-2434994534\" class=\"friss-after-content friss-entity-placement\"><script type=\"text\/javascript\" id=\"etargetScript7a9b589f63cb072bef80df221f46a22b\">function etargetPostloadFunction7a9b589f63cb072bef80df221f46a22b(){var e=\"etargetPostload7a9b589f63cb072bef80df221f46a22b\",t=\"etargetScript7a9b589f63cb072bef80df221f46a22b\",o=document.getElementById(e);if(o){for(var n=o.offsetTop,d=o.offsetLeft,r=o.offsetWidth,a=o.offsetHeight;o.offsetParent;)o=o.offsetParent,n+=o.offsetTop,d+=o.offsetLeft;var i=(n<=window.pageYOffset+window.innerHeight&&d<window.pageXOffset+window.innerWidth&&n+a>window.pageYOffset&&d+r>window.pageXOffset);if(i&&etargetAllowOtherCheck){allowed=!1;var c=document.createElement(\"script\");return c.src=\"\/\/hu.search.etargetnet.com\/generic\/uni.php?g=ref:58661,area:700x210\",void(document.getElementById(t)&&document.getElementById(e)&&(document.getElementById(t).parentNode.appendChild(c),document.getElementById(t).parentNode.removeChild(document.getElementById(t)),document.getElementById(e).parentNode.removeChild(document.getElementById(e)),document.removeEventListener(\"scroll\",etargetPostloadFunction7a9b589f63cb072bef80df221f46a22b),document.removeEventListener(\"resize\",etargetPostloadFunction7a9b589f63cb072bef80df221f46a22b),document.removeEventListener(\"DOMContentLoaded\",etargetPostloadFunction7a9b589f63cb072bef80df221f46a22b)))}}}var etargetDivID=\"etargetPostload7a9b589f63cb072bef80df221f46a22b\",etargetScriptID=\"etargetScript7a9b589f63cb072bef80df221f46a22b\",etargetPostloadPoint=document.createElement(\"div\");etargetPostloadPoint.id=etargetDivID;var etargetCurScript=document.getElementById(etargetScriptID);etargetCurScript.parentNode.appendChild(etargetPostloadPoint),document.addEventListener(\"scroll\",etargetPostloadFunction7a9b589f63cb072bef80df221f46a22b),document.addEventListener(\"resize\",etargetPostloadFunction7a9b589f63cb072bef80df221f46a22b),document.addEventListener(\"DOMContentLoaded\",etargetPostloadFunction7a9b589f63cb072bef80df221f46a22b);var etargetAllowOtherCheck=!0;if(typeof(\"forceRunPostload\")==\"string\"){etargetPostloadFunction7a9b589f63cb072bef80df221f46a22b()}<\/script><\/div><div id=\"friss-2858407097\" class=\"friss-after-content_2 friss-entity-placement\" style=\"clear: both;\"><div class=\"wprss_ajax\" data-id=\"rssbaefc05a3f\"><img loading=\"lazy\" decoding=\"async\" src=\"https:\/\/friss-hirek.hu\/wp-content\/plugins\/wp-rss-retriever\/inc\/imgs\/ajax-loader.gif\" alt=\"Loading RSS Feed\" width=\"16\" height=\"16\"><\/div><\/div><br style=\"clear: both; display: block; float: none;\"\/><div id=\"friss-756013348\" class=\"friss-after-content_3 friss-entity-placement\">https:\/\/www.youtube.com\/watch?v=Pdnw4KiUWp0<\/div>","protected":false},"excerpt":{"rendered":"<p>Cs\u00e1nyi P\u00e9ternek volt egy fogad\u00e1sa a v\u00e1laszt\u00e1sokr\u00f3l, de elvesztette. Az OTP vez\u00e9re szerint re\u00e1lis az eur\u00f3 bevezet\u00e9se Magyarorsz\u00e1gon, \u00e9s egy hiteles eur\u00f3terv gyorsan lenyomhatn\u00e1 a kamatokat. Csakhogy a magyar gazdas\u00e1g nagyon k\u00f6t\u00f6tt p\u00e1ly\u00e1n mozog, \u00e9s az eur\u00f3hoz k\u00e9t korm\u00e1ny is kell. Forbes.hu: Mi volt az els\u0151 gondolata \u00e1prilis 12-\u00e9n, amikor kezdtek j\u00f6nni a v\u00e1laszt\u00e1si eredm\u00e9nyek? [&hellip;]<\/p>\n","protected":false},"author":1,"featured_media":0,"comment_status":"open","ping_status":"open","sticky":false,"template":"","format":"standard","meta":{"footnotes":""},"categories":[7],"tags":[],"class_list":["post-166139","post","type-post","status-publish","format-standard","hentry","category-uzlet"],"amp_enabled":true,"_links":{"self":[{"href":"https:\/\/friss-hirek.hu\/index.php\/wp-json\/wp\/v2\/posts\/166139","targetHints":{"allow":["GET"]}}],"collection":[{"href":"https:\/\/friss-hirek.hu\/index.php\/wp-json\/wp\/v2\/posts"}],"about":[{"href":"https:\/\/friss-hirek.hu\/index.php\/wp-json\/wp\/v2\/types\/post"}],"author":[{"embeddable":true,"href":"https:\/\/friss-hirek.hu\/index.php\/wp-json\/wp\/v2\/users\/1"}],"replies":[{"embeddable":true,"href":"https:\/\/friss-hirek.hu\/index.php\/wp-json\/wp\/v2\/comments?post=166139"}],"version-history":[{"count":0,"href":"https:\/\/friss-hirek.hu\/index.php\/wp-json\/wp\/v2\/posts\/166139\/revisions"}],"wp:attachment":[{"href":"https:\/\/friss-hirek.hu\/index.php\/wp-json\/wp\/v2\/media?parent=166139"}],"wp:term":[{"taxonomy":"category","embeddable":true,"href":"https:\/\/friss-hirek.hu\/index.php\/wp-json\/wp\/v2\/categories?post=166139"},{"taxonomy":"post_tag","embeddable":true,"href":"https:\/\/friss-hirek.hu\/index.php\/wp-json\/wp\/v2\/tags?post=166139"}],"curies":[{"name":"wp","href":"https:\/\/api.w.org\/{rel}","templated":true}]}}