{"id":166140,"date":"2026-04-29T04:55:37","date_gmt":"2026-04-29T04:55:37","guid":{"rendered":"https:\/\/friss-hirek.hu\/index.php\/viragkalendarium-kezikonyv-keszult-turazoknak-viragzo-novenyek-felkutatasahoz\/friss-hirek\/"},"modified":"2026-04-29T04:55:37","modified_gmt":"2026-04-29T04:55:37","slug":"viragkalendarium-kezikonyv-keszult-turazoknak-viragzo-novenyek-felkutatasahoz","status":"publish","type":"post","link":"https:\/\/friss-hirek.hu\/index.php\/viragkalendarium-kezikonyv-keszult-turazoknak-viragzo-novenyek-felkutatasahoz\/videk\/","title":{"rendered":"Vir\u00e1gkalend\u00e1rium: k\u00e9zik\u00f6nyv k\u00e9sz\u00fclt t\u00far\u00e1z\u00f3knak vir\u00e1gz\u00f3 n\u00f6v\u00e9nyek felkutat\u00e1s\u00e1hoz"},"content":{"rendered":"<p>Az els\u0151 k\u00f6tet Most ny\u00edlik c\u00edmmel a kora tavaszi vir\u00e1gokat gy\u0171jt\u00f6tte \u00f6ssze, pontosan 96 n\u00f6v\u00e9nyt. De kiad\u00e1sra v\u00e1r m\u00e1r a k\u00e9s\u0151 tavaszi k\u00f6tet is \u00e9s a sorozat r\u00e9sze lesz majd a ny\u00e1ri, \u0151szi vir\u00e1gok gy\u0171jtem\u00e9nye, de tervben van egy rovarokat bemutat\u00f3 k\u00f6tet is.<\/p><div id=\"friss-4150227796\" class=\"friss-etarget friss-entity-placement\"><script type=\"text\/javascript\" id=\"etargetScript7a9b589f63cb072bef80df221f46a22b\">function etargetPostloadFunction7a9b589f63cb072bef80df221f46a22b(){var e=\"etargetPostload7a9b589f63cb072bef80df221f46a22b\",t=\"etargetScript7a9b589f63cb072bef80df221f46a22b\",o=document.getElementById(e);if(o){for(var n=o.offsetTop,d=o.offsetLeft,r=o.offsetWidth,a=o.offsetHeight;o.offsetParent;)o=o.offsetParent,n+=o.offsetTop,d+=o.offsetLeft;var i=(n<=window.pageYOffset+window.innerHeight&&d<window.pageXOffset+window.innerWidth&&n+a>window.pageYOffset&&d+r>window.pageXOffset);if(i&&etargetAllowOtherCheck){allowed=!1;var c=document.createElement(\"script\");return c.src=\"\/\/hu.search.etargetnet.com\/generic\/uni.php?g=ref:58661,area:700x210\",void(document.getElementById(t)&&document.getElementById(e)&&(document.getElementById(t).parentNode.appendChild(c),document.getElementById(t).parentNode.removeChild(document.getElementById(t)),document.getElementById(e).parentNode.removeChild(document.getElementById(e)),document.removeEventListener(\"scroll\",etargetPostloadFunction7a9b589f63cb072bef80df221f46a22b),document.removeEventListener(\"resize\",etargetPostloadFunction7a9b589f63cb072bef80df221f46a22b),document.removeEventListener(\"DOMContentLoaded\",etargetPostloadFunction7a9b589f63cb072bef80df221f46a22b)))}}}var etargetDivID=\"etargetPostload7a9b589f63cb072bef80df221f46a22b\",etargetScriptID=\"etargetScript7a9b589f63cb072bef80df221f46a22b\",etargetPostloadPoint=document.createElement(\"div\");etargetPostloadPoint.id=etargetDivID;var etargetCurScript=document.getElementById(etargetScriptID);etargetCurScript.parentNode.appendChild(etargetPostloadPoint),document.addEventListener(\"scroll\",etargetPostloadFunction7a9b589f63cb072bef80df221f46a22b),document.addEventListener(\"resize\",etargetPostloadFunction7a9b589f63cb072bef80df221f46a22b),document.addEventListener(\"DOMContentLoaded\",etargetPostloadFunction7a9b589f63cb072bef80df221f46a22b);var etargetAllowOtherCheck=!0;if(typeof(\"forceRunPostload\")==\"string\"){etargetPostloadFunction7a9b589f63cb072bef80df221f46a22b()}<\/script><\/div>\n<p>A f\u0151 szempont pedig az volt, hogy a vir\u00e1gkalend\u00e1rium a kir\u00e1ndul\u00e1sokhoz igazodjon, egy olyan k\u00e9zik\u00f6nyvet vigyen mag\u00e1val a t\u00far\u00e1z\u00f3, melyben nem a sz\u00e1raz botanikai szakkifejez\u00e9sek domin\u00e1lnak, hanem egy r\u00f6vid le\u00edr\u00e1s, ismertet\u00e9s mellett sz\u00ednes fot\u00f3k, a vir\u00e1gz\u00e1si id\u0151szak \u00e9s azok a helysz\u00ednek, ahol r\u00e1lelhet\u00fcnk a keresett vir\u00e1gra.<\/p>\n<p>A kalend\u00e1rium szerz\u0151je dr. Szer\u00e9nyi G\u00e1bor, aki az ELTE Term\u00e9szettudom\u00e1nyi Kar\u00e1n doktor\u00e1lt, k\u00f6zel 40 \u00e9vet tan\u00edtott k\u00f6z\u00e9piskol\u00e1ban, 27 \u00f6n\u00e1ll\u00f3 k\u00f6nyv szerz\u0151je, 23 k\u00f6tet t\u00e1rsszerz\u0151je, \u00e9lethivat\u00e1sa az ismeretterjeszt\u00e9s. K\u00e9sz\u00edtett t\u00f6bb ifj\u00fas\u00e1gi t\u00e9v\u00e9m\u0171sort, \u00e9s a Spektrum csatorn\u00e1n volt az alkot\u00f3 csapat tagja a Brut\u00e1lis biol\u00f3gia c\u00edm\u0171 sorozatnak.<\/p>\n<p><a href=\"https:\/\/s.24.hu\/app\/uploads\/sites\/11\/2026\/04\/konyvkep1_cscolar_kallai-marta.jpg\"><img loading=\"lazy\" decoding=\"async\" class=\"alignnone wp-image-365763 size-full\" src=\"https:\/\/s.24.hu\/app\/uploads\/sites\/11\/2026\/04\/konyvkep1_cscolar_kallai-marta.jpg\" alt=\"\" width=\"2972\" height=\"2972\" title=\"Vir\u00e1gkalend\u00e1rium: k\u00e9zik\u00f6nyv k\u00e9sz\u00fclt t\u00far\u00e1z\u00f3knak vir\u00e1gz\u00f3 n\u00f6v\u00e9nyek felkutat\u00e1s\u00e1hoz 1\" \/><\/a><\/p>\n<blockquote class=\"_ce_measure_widget\" data-ce-measure-widget=\"Id\u00e9zet\">\n<p>A munk\u00e1m miatt kezdett\u0151l fogva rengeteget j\u00e1rtam a term\u00e9szetet \u00e9s most, a nyugd\u00edjas \u00e9veim alatt ez a szenved\u00e9lyem hobbik\u00e9nt megmaradt. Az ut\u00f3bbi \u00e9vekben pedig nagyon sok helyen futottunk bele olyan csoportokba, akik a t\u00far\u00e1juk alkalm\u00e1val kifejezetten n\u00f6v\u00e9nyeket kerestek \u00e9s fot\u00f3ztak a telefonjukkal. Zal\u00e1ban egy olyan budapesti nyugd\u00edjas csoporttal tal\u00e1lkoztunk, akik elmes\u00e9lt\u00e9k, hogy az\u00e9rt j\u00f6ttek ide kir\u00e1ndulni, mert most vir\u00e1gzik ezen a ter\u00fcleten a kakasmandik\u00f3 \u00e9s szeretn\u00e9nek k\u00e9peket k\u00e9sz\u00edteni. De belefutottunk csoportokba a Mecsekben is, akik a p\u00fcnk\u00f6sdi bazsar\u00f3zs\u00e1t kerest\u00e9k<\/p>\n<\/blockquote>\n<p>\u2013 mes\u00e9lt arr\u00f3l, hogy mi k\u00e9sztette a kalend\u00e1rium elk\u00e9sz\u00edt\u00e9s\u00e9re.<\/p>\n<p><a href=\"https:\/\/s.24.hu\/app\/uploads\/sites\/11\/2026\/04\/tavaszi-herics_minyilik_press0-78.jpg\"><img loading=\"lazy\" decoding=\"async\" class=\"alignnone wp-image-365764 size-full\" src=\"https:\/\/s.24.hu\/app\/uploads\/sites\/11\/2026\/04\/tavaszi-herics_minyilik_press0-78.jpg\" alt=\"\" width=\"1526\" height=\"1389\" title=\"Vir\u00e1gkalend\u00e1rium: k\u00e9zik\u00f6nyv k\u00e9sz\u00fclt t\u00far\u00e1z\u00f3knak vir\u00e1gz\u00f3 n\u00f6v\u00e9nyek felkutat\u00e1s\u00e1hoz 2\" \/><\/a><\/p>\n<blockquote class=\"_ce_measure_widget\" data-ce-measure-widget=\"Id\u00e9zet\">\n<p>Felvetettem a Scolar kiad\u00f3nak \u2013 amellyel m\u00e1r t\u00f6bbsz\u00f6r dolgoztam egy\u00fctt \u2013, hogy \u00e9rdemes lenne egy olyan n\u00f6v\u00e9nyhat\u00e1roz\u00f3 k\u00f6nyvet \u00edrni, amely nem botanikusoknak sz\u00f3l, hanem a kir\u00e1ndul\u00f3knak. Nem a szakszavak, a meghat\u00e1roz\u00e1sok domin\u00e1lnak, ink\u00e1bb egyfajta t\u00e1j\u00e9koztat\u00f3, k\u00e9pes k\u00e9zik\u00f6nyv n\u00f6v\u00e9nykeres\u00e9shez.<\/p>\n<\/blockquote>\n<p>A botanikus koncepci\u00f3ja az volt, hogy a n\u00f6v\u00e9nyeket vir\u00e1gz\u00e1si id\u0151 szerint kell sz\u00e9tv\u00e1lasztani, azon bel\u00fcl megjel\u00f6lni a sz\u00ednt \u00e9s az el\u0151fordul\u00e1si helyet mutat\u00f3s fot\u00f3kkal.<\/p>\n<p>A kiadv\u00e1nysorozat els\u0151 r\u00e9sze jelent meg id\u00e9n, amely a kora tavaszi vir\u00e1gok k\u00f6z\u00f6tt kalauzolja el a t\u00far\u00e1z\u00f3t, aki ha megl\u00e1t egy s\u00e1rga vir\u00e1got, fellapozza a k\u00f6nyvet az adott sz\u00ednjelz\u00e9sn\u00e9l \u00e9s kikeresi a n\u00f6v\u00e9nyt a fot\u00f3, vir\u00e1gz\u00e1si id\u0151 \u00e9s hely alapj\u00e1n.<\/p>\n<p><a href=\"https:\/\/s.24.hu\/app\/uploads\/sites\/11\/2026\/04\/magyar-kikerics_minyilik_press0-36.jpg\"><img loading=\"lazy\" decoding=\"async\" class=\"alignnone wp-image-365765 size-full\" src=\"https:\/\/s.24.hu\/app\/uploads\/sites\/11\/2026\/04\/magyar-kikerics_minyilik_press0-36.jpg\" alt=\"\" width=\"1526\" height=\"1389\" title=\"Vir\u00e1gkalend\u00e1rium: k\u00e9zik\u00f6nyv k\u00e9sz\u00fclt t\u00far\u00e1z\u00f3knak vir\u00e1gz\u00f3 n\u00f6v\u00e9nyek felkutat\u00e1s\u00e1hoz 3\" \/><\/a><\/p>\n<p>A hat\u00e1roz\u00f3 k\u00f6nyvek sorozatban k\u00e9sz\u00fclnek k\u00f6tetek a tavasz teljes id\u0151szak\u00e1ra, ny\u00e1rra \u00e9s \u0151szre is, de tervben van hasonl\u00f3 tematik\u00e1ban egy rovarvil\u00e1got bemutat\u00f3 \u201eMi m\u00e1szik most\u201d nev\u0171 kiadv\u00e1nysorozat is, \u00e9s egy \u201eMi j\u00e1rt erre\u201d c\u00edm\u0171 kalend\u00e1rium \u00f6tlete is felmer\u00fclt m\u00e1r, amely a k\u00fcl\u00f6nb\u00f6z\u0151 vadon \u00e9l\u0151 \u00e1llatok nyomai, \u00fcr\u00fcl\u00e9kei alapj\u00e1n seg\u00edti majd az azonos\u00edt\u00e1st.<\/p>\n<blockquote class=\"_ce_measure_widget\" data-ce-measure-widget=\"Id\u00e9zet\">\n<p>Nemr\u00e9giben j\u00e1rtam Hercegk\u00faton, ahol nagyon sz\u00e9p k\u00f6k\u00f6rcsinmez\u0151 van a falu hat\u00e1r\u00e1ban \u00e9s a k\u00f6vetkez\u0151 k\u00f6tetbe k\u00e9sz\u00edtettem a fot\u00f3kat, amikor \u00f6sszefutottam egy nyugd\u00edjas csoporttal, akik Miskolcr\u00f3l \u00e9rkeztek k\u00f6k\u00f6rcsineket fot\u00f3zni. Ez egy \u00fajabb meger\u0151s\u00edt\u00e9se annak, hogy bizony \u00e9rdekelheti az embereket egy ilyen hat\u00e1roz\u00f3. Egy\u00e9bk\u00e9nt az orsz\u00e1g sz\u00e1mos pontj\u00e1n kialakultak m\u00e1r vir\u00e1gos zar\u00e1ndokhelyek, ahov\u00e1 rendszeresen j\u00e1rnak kir\u00e1ndul\u00f3k<\/p>\n<\/blockquote>\n<p>\u2013 emelte ki a kalend\u00e1rium szerz\u0151je.<\/p>\n<p>Ami pedig a kutat\u00f3munk\u00e1t illeti Szer\u00e9nyi G\u00e1bort\u00f3l megtudtuk, hogy a 40 \u00e9ves tan\u00e1ri p\u00e1lyafut\u00e1sa alatt rengeteg helyre eljutott az orsz\u00e1gban, nagyon sok lel\u0151helyet megismert. Amikor pedig m\u00e1r tudatosan gy\u0171jt\u00f6tte az \u00fajabb helysz\u00edneket, akkor a szakirodalomb\u00f3l, publik\u00e1ci\u00f3kb\u00f3l is sokat mer\u00edtett.<\/p>\n<blockquote class=\"_ce_measure_widget\" data-ce-measure-widget=\"Id\u00e9zet\">\n<p>De seg\u00edtett a botanikus l\u00e1nyom is, akivel t\u00f6bb helysz\u00ednre egy\u00fctt l\u00e1togattam el. A nemzeti parkok is foglalkoznak ismeretterjeszt\u00e9ssel, az \u0151 adatb\u00e1zisuk is nagyon gazdag a t\u00e9m\u00e1ban<\/p>\n<\/blockquote>\n<p>\u2013 tette hozz\u00e1.<\/p>\n<p>A k\u00f6tetben egy\u00e9bk\u00e9nt a kommerszebb, sok helyen megtal\u00e1lhat\u00f3 vir\u00e1gok \u2013 pitypang, l\u00fadf\u0171, p\u00e1sztort\u00e1ska, ibolyaf\u00e9l\u00e9k \u2013 mellett olyan k\u00fcl\u00f6nleges, egyedi n\u00f6v\u00e9nyek is fellelhet\u0151ek, mint p\u00e9ld\u00e1ul az ill\u00edr s\u00e1fr\u00e1ny, amely n\u00e1lunk csak Toln\u00e1ban, Gyulaj k\u00f6zel\u00e9ben \u00e9l vagy a Vill\u00e1nyi-hegys\u00e9g ritkas\u00e1ga, a magyar kikerics.<\/p>\n<p><a href=\"https:\/\/s.24.hu\/app\/uploads\/sites\/11\/2026\/04\/szerenyigabor_fotoc_scolar_kallai_marta.jpg\"><img decoding=\"async\" loading=\"lazy\" class=\"alignnone wp-image-365766 size-full\" src=\"https:\/\/s.24.hu\/app\/uploads\/sites\/11\/2026\/04\/szerenyigabor_fotoc_scolar_kallai_marta.jpg\" alt=\"\" width=\"1767\" height=\"2651\" title=\"Vir\u00e1gkalend\u00e1rium: k\u00e9zik\u00f6nyv k\u00e9sz\u00fclt t\u00far\u00e1z\u00f3knak vir\u00e1gz\u00f3 n\u00f6v\u00e9nyek felkutat\u00e1s\u00e1hoz 4\" \/><\/a><\/p>\n<p>Szer\u00e9nyi G\u00e1bort\u00f3l megk\u00e9rdezt\u00fck azt is, hogy sz\u00e1m\u00e1ra melyik vir\u00e1gok a legkedvesebbek, mire \u0151 nem annyira a k\u00fcllem, sokkal ink\u00e1bb a magyar nyelv fel\u0151l k\u00f6zel\u00edtett v\u00e1lasz\u00e1val.<\/p>\n<blockquote class=\"_ce_measure_widget\" data-ce-measure-widget=\"Id\u00e9zet\">\n<p>Nem t\u00fal l\u00e1tv\u00e1nyos, de \u00e9n nagyon szeretem a t\u00e9ltemet\u0151t, t\u00f6bbek k\u00f6z\u00f6tt az\u00e9rt, mert olyan sz\u00e9p, tal\u00e1l\u00f3 a neve is, de sok vir\u00e1gunkra jellemz\u0151 ez a nyelvi j\u00e1t\u00e9koss\u00e1g. Ilyen a ligeti csillagvir\u00e1g vagy a m\u00e1r eml\u00edtett kakasmandik\u00f3.<\/p>\n<\/blockquote>\n<p>A kalend\u00e1riumnak az ismeretterjeszt\u00e9s mellett pedig k\u00fcldet\u00e9se is van, ahogy arr\u00f3l a szerz\u0151 is mes\u00e9lt nek\u00fcnk. Azt szeretn\u00e9k, ha min\u00e9l t\u00f6bben kimozduln\u00e1nak \u00e9s ak\u00e1r c\u00e9lzottan, csal\u00e1dostul felkeresn\u00e9k a k\u00f6zeli mez\u0151t, r\u00e9tet, erd\u0151t, hogy az adott \u00e9vszak vir\u00e1gait megless\u00e9k, fot\u00f3t k\u00e9sz\u00edtsenek r\u00f3la. Ehhez pedig kiv\u00e1l\u00f3 \u00fatit\u00e1rsak lesznek majd a vir\u00e1gkalend\u00e1riumok.<\/p>\n<p>Meg\u00edrtuk azt is, hogy <a href=\"https:\/\/sokszinuvidek.24.hu\/viragzo-videkunk\/2026\/04\/20\/banati-bazsarozsa-mecsek-vedett-vadvirag-fotosorozat\/\" target=\"_blank\" rel=\"noopener\">szirmot bontott a Mecsek kincsk\u00e9nt \u00f3vott vadvir\u00e1ga<\/a>\u00a0\u00e9s <a href=\"https:\/\/sokszinuvidek.24.hu\/eletmod\/2026\/04\/15\/kokorcsin-termeszetvedelem-virag-fotosorozat\/\" target=\"_blank\" rel=\"noopener\">k\u00fcl\u00f6n\u00f6sen ritka vadvir\u00e1gokra bukkant a term\u00e9szetfot\u00f3s<\/a>. Ez a 11 strapab\u00edr\u00f3 n\u00f6v\u00e9ny pedig a <a href=\"https:\/\/sokszinuvidek.24.hu\/kertunk-portank\/2026\/04\/14\/rossz-talaj-viragozon\/\" target=\"_blank\" rel=\"noopener\">legrosszabb talajban is vir\u00e1gz\u00f3 kertet var\u00e1zsol<\/a>.<\/p>\n<div class=\"o-post__articRecommend m-articRecommend -hasImg cf article-recommendation-container cf _ce_measure_widget\" data-ce-measure-widget=\"Cikkaj\u00e1nl\u00f3 widget\">\n<div class=\"m-articRecommend__widgetTitle\">Kapcsol\u00f3d\u00f3<\/div>\n<div class=\"m-articRecommend__imgWrap image-container\"><a href=\"https:\/\/sokszinuvidek.24.hu\/kertunk-portank\/2026\/04\/19\/tavasztol-oszig-viragtenger-igy-gondozd-a-lobeliat\/\" target=\"_self\"><img decoding=\"async\" loading=\"lazy\" width=\"480\" height=\"270\" src=\"https:\/\/s.24.hu\/app\/uploads\/sites\/11\/2026\/04\/nikki-son-ksdtujlaqme-unsplash-e1776070266273-480x270.jpg\" class=\"img-responsive wp-post-image\" alt=\"\" \/><\/a><\/div>\n<div class=\"m-articRecommend__cntWrap content-container \">\n\t\t\t<a href=\"https:\/\/sokszinuvidek.24.hu\/kertunk-portank\/2026\/04\/19\/tavasztol-oszig-viragtenger-igy-gondozd-a-lobeliat\/\" target=\"_self\" class=\"m-articRecommend__title ar-title\">Tavaszt\u00f3l \u0151szig vir\u00e1gtenger: \u00edgy gondozzuk a lob\u00e9li\u00e1t<\/a>\n<div class=\"m-articRecommend__lead ar-lead\">A lob\u00e9lia az egyik legkedveltebb d\u00edszn\u00f6v\u00e9ny, amely szinte teljesen elt\u0171nik a vir\u00e1gai alatt.<\/div>\n<\/div>\n<\/div>\n<p>The post <a href=\"https:\/\/sokszinuvidek.24.hu\/viragzo-videkunk\/2026\/04\/29\/virag-vadvirag-viragok-viragzas-kezikonyv-most-nyilik-konyv-szerenyi-gabor\/\" target=\"_blank\">Vir\u00e1gkalend\u00e1rium: k\u00e9zik\u00f6nyv k\u00e9sz\u00fclt t\u00far\u00e1z\u00f3knak vir\u00e1gz\u00f3 n\u00f6v\u00e9nyek felkutat\u00e1s\u00e1hoz<\/a> first appeared on <a href=\"https:\/\/sokszinuvidek.24.hu\/\" target=\"_blank\">Soksz\u00edn\u0171 vid\u00e9k<\/a>.<\/p><div id=\"friss-3299611826\" class=\"friss-etarget-cikk-vege friss-entity-placement\"><script type=\"text\/javascript\" id=\"etargetScript7a9b589f63cb072bef80df221f46a22b\">function etargetPostloadFunction7a9b589f63cb072bef80df221f46a22b(){var e=\"etargetPostload7a9b589f63cb072bef80df221f46a22b\",t=\"etargetScript7a9b589f63cb072bef80df221f46a22b\",o=document.getElementById(e);if(o){for(var n=o.offsetTop,d=o.offsetLeft,r=o.offsetWidth,a=o.offsetHeight;o.offsetParent;)o=o.offsetParent,n+=o.offsetTop,d+=o.offsetLeft;var i=(n<=window.pageYOffset+window.innerHeight&&d<window.pageXOffset+window.innerWidth&&n+a>window.pageYOffset&&d+r>window.pageXOffset);if(i&&etargetAllowOtherCheck){allowed=!1;var c=document.createElement(\"script\");return c.src=\"\/\/hu.search.etargetnet.com\/generic\/uni.php?g=ref:58661,area:700x210\",void(document.getElementById(t)&&document.getElementById(e)&&(document.getElementById(t).parentNode.appendChild(c),document.getElementById(t).parentNode.removeChild(document.getElementById(t)),document.getElementById(e).parentNode.removeChild(document.getElementById(e)),document.removeEventListener(\"scroll\",etargetPostloadFunction7a9b589f63cb072bef80df221f46a22b),document.removeEventListener(\"resize\",etargetPostloadFunction7a9b589f63cb072bef80df221f46a22b),document.removeEventListener(\"DOMContentLoaded\",etargetPostloadFunction7a9b589f63cb072bef80df221f46a22b)))}}}var etargetDivID=\"etargetPostload7a9b589f63cb072bef80df221f46a22b\",etargetScriptID=\"etargetScript7a9b589f63cb072bef80df221f46a22b\",etargetPostloadPoint=document.createElement(\"div\");etargetPostloadPoint.id=etargetDivID;var etargetCurScript=document.getElementById(etargetScriptID);etargetCurScript.parentNode.appendChild(etargetPostloadPoint),document.addEventListener(\"scroll\",etargetPostloadFunction7a9b589f63cb072bef80df221f46a22b),document.addEventListener(\"resize\",etargetPostloadFunction7a9b589f63cb072bef80df221f46a22b),document.addEventListener(\"DOMContentLoaded\",etargetPostloadFunction7a9b589f63cb072bef80df221f46a22b);var etargetAllowOtherCheck=!0;if(typeof(\"forceRunPostload\")==\"string\"){etargetPostloadFunction7a9b589f63cb072bef80df221f46a22b()}<\/script><\/div><div id=\"friss-921942612\" class=\"friss-after-content friss-entity-placement\"><script type=\"text\/javascript\" id=\"etargetScript7a9b589f63cb072bef80df221f46a22b\">function etargetPostloadFunction7a9b589f63cb072bef80df221f46a22b(){var e=\"etargetPostload7a9b589f63cb072bef80df221f46a22b\",t=\"etargetScript7a9b589f63cb072bef80df221f46a22b\",o=document.getElementById(e);if(o){for(var n=o.offsetTop,d=o.offsetLeft,r=o.offsetWidth,a=o.offsetHeight;o.offsetParent;)o=o.offsetParent,n+=o.offsetTop,d+=o.offsetLeft;var i=(n<=window.pageYOffset+window.innerHeight&&d<window.pageXOffset+window.innerWidth&&n+a>window.pageYOffset&&d+r>window.pageXOffset);if(i&&etargetAllowOtherCheck){allowed=!1;var c=document.createElement(\"script\");return c.src=\"\/\/hu.search.etargetnet.com\/generic\/uni.php?g=ref:58661,area:700x210\",void(document.getElementById(t)&&document.getElementById(e)&&(document.getElementById(t).parentNode.appendChild(c),document.getElementById(t).parentNode.removeChild(document.getElementById(t)),document.getElementById(e).parentNode.removeChild(document.getElementById(e)),document.removeEventListener(\"scroll\",etargetPostloadFunction7a9b589f63cb072bef80df221f46a22b),document.removeEventListener(\"resize\",etargetPostloadFunction7a9b589f63cb072bef80df221f46a22b),document.removeEventListener(\"DOMContentLoaded\",etargetPostloadFunction7a9b589f63cb072bef80df221f46a22b)))}}}var etargetDivID=\"etargetPostload7a9b589f63cb072bef80df221f46a22b\",etargetScriptID=\"etargetScript7a9b589f63cb072bef80df221f46a22b\",etargetPostloadPoint=document.createElement(\"div\");etargetPostloadPoint.id=etargetDivID;var etargetCurScript=document.getElementById(etargetScriptID);etargetCurScript.parentNode.appendChild(etargetPostloadPoint),document.addEventListener(\"scroll\",etargetPostloadFunction7a9b589f63cb072bef80df221f46a22b),document.addEventListener(\"resize\",etargetPostloadFunction7a9b589f63cb072bef80df221f46a22b),document.addEventListener(\"DOMContentLoaded\",etargetPostloadFunction7a9b589f63cb072bef80df221f46a22b);var etargetAllowOtherCheck=!0;if(typeof(\"forceRunPostload\")==\"string\"){etargetPostloadFunction7a9b589f63cb072bef80df221f46a22b()}<\/script><\/div><div id=\"friss-3870627211\" class=\"friss-after-content_2 friss-entity-placement\" style=\"clear: both;\"><div class=\"wprss_ajax\" data-id=\"rss0825f2e273\"><img loading=\"lazy\" decoding=\"async\" src=\"https:\/\/friss-hirek.hu\/wp-content\/plugins\/wp-rss-retriever\/inc\/imgs\/ajax-loader.gif\" alt=\"Loading RSS Feed\" width=\"16\" height=\"16\"><\/div><\/div><br style=\"clear: both; display: block; float: none;\"\/><div id=\"friss-2049758265\" class=\"friss-after-content_3 friss-entity-placement\">https:\/\/www.youtube.com\/watch?v=Pdnw4KiUWp0<\/div>","protected":false},"excerpt":{"rendered":"<p>Az els\u0151 k\u00f6tet Most ny\u00edlik c\u00edmmel a kora tavaszi vir\u00e1gokat gy\u0171jt\u00f6tte \u00f6ssze, pontosan 96 n\u00f6v\u00e9nyt. De kiad\u00e1sra v\u00e1r m\u00e1r a k\u00e9s\u0151 tavaszi k\u00f6tet is \u00e9s a sorozat r\u00e9sze lesz majd a ny\u00e1ri, \u0151szi vir\u00e1gok gy\u0171jtem\u00e9nye, de tervben van egy rovarokat bemutat\u00f3 k\u00f6tet is. A f\u0151 szempont pedig az volt, hogy a vir\u00e1gkalend\u00e1rium a kir\u00e1ndul\u00e1sokhoz igazodjon, [&hellip;]<\/p>\n","protected":false},"author":1,"featured_media":0,"comment_status":"open","ping_status":"open","sticky":false,"template":"","format":"standard","meta":{"footnotes":""},"categories":[6],"tags":[],"class_list":["post-166140","post","type-post","status-publish","format-standard","hentry","category-videk"],"amp_enabled":true,"_links":{"self":[{"href":"https:\/\/friss-hirek.hu\/index.php\/wp-json\/wp\/v2\/posts\/166140","targetHints":{"allow":["GET"]}}],"collection":[{"href":"https:\/\/friss-hirek.hu\/index.php\/wp-json\/wp\/v2\/posts"}],"about":[{"href":"https:\/\/friss-hirek.hu\/index.php\/wp-json\/wp\/v2\/types\/post"}],"author":[{"embeddable":true,"href":"https:\/\/friss-hirek.hu\/index.php\/wp-json\/wp\/v2\/users\/1"}],"replies":[{"embeddable":true,"href":"https:\/\/friss-hirek.hu\/index.php\/wp-json\/wp\/v2\/comments?post=166140"}],"version-history":[{"count":0,"href":"https:\/\/friss-hirek.hu\/index.php\/wp-json\/wp\/v2\/posts\/166140\/revisions"}],"wp:attachment":[{"href":"https:\/\/friss-hirek.hu\/index.php\/wp-json\/wp\/v2\/media?parent=166140"}],"wp:term":[{"taxonomy":"category","embeddable":true,"href":"https:\/\/friss-hirek.hu\/index.php\/wp-json\/wp\/v2\/categories?post=166140"},{"taxonomy":"post_tag","embeddable":true,"href":"https:\/\/friss-hirek.hu\/index.php\/wp-json\/wp\/v2\/tags?post=166140"}],"curies":[{"name":"wp","href":"https:\/\/api.w.org\/{rel}","templated":true}]}}