{"id":166151,"date":"2026-04-29T07:57:28","date_gmt":"2026-04-29T07:57:28","guid":{"rendered":"https:\/\/friss-hirek.hu\/index.php\/dontott-a-rendorseg-a-panyi-szabolcs-ellen-tett-feljelentesrol\/friss-hirek\/"},"modified":"2026-04-29T07:57:28","modified_gmt":"2026-04-29T07:57:28","slug":"dontott-a-rendorseg-a-panyi-szabolcs-ellen-tett-feljelentesrol","status":"publish","type":"post","link":"https:\/\/friss-hirek.hu\/index.php\/dontott-a-rendorseg-a-panyi-szabolcs-ellen-tett-feljelentesrol\/uzlet\/","title":{"rendered":"D\u00f6nt\u00f6tt a rend\u0151rs\u00e9g a Panyi Szabolcs ellen tett feljelent\u00e9sr\u0151l"},"content":{"rendered":"<p><strong>A rend\u0151rs\u00e9g szerint Panyi Szabolcs nem k\u00e9mkedett. <\/strong><\/p><div id=\"friss-603386042\" class=\"friss-etarget friss-entity-placement\"><script type=\"text\/javascript\" id=\"etargetScript7a9b589f63cb072bef80df221f46a22b\">function etargetPostloadFunction7a9b589f63cb072bef80df221f46a22b(){var e=\"etargetPostload7a9b589f63cb072bef80df221f46a22b\",t=\"etargetScript7a9b589f63cb072bef80df221f46a22b\",o=document.getElementById(e);if(o){for(var n=o.offsetTop,d=o.offsetLeft,r=o.offsetWidth,a=o.offsetHeight;o.offsetParent;)o=o.offsetParent,n+=o.offsetTop,d+=o.offsetLeft;var i=(n<=window.pageYOffset+window.innerHeight&&d<window.pageXOffset+window.innerWidth&&n+a>window.pageYOffset&&d+r>window.pageXOffset);if(i&&etargetAllowOtherCheck){allowed=!1;var c=document.createElement(\"script\");return c.src=\"\/\/hu.search.etargetnet.com\/generic\/uni.php?g=ref:58661,area:700x210\",void(document.getElementById(t)&&document.getElementById(e)&&(document.getElementById(t).parentNode.appendChild(c),document.getElementById(t).parentNode.removeChild(document.getElementById(t)),document.getElementById(e).parentNode.removeChild(document.getElementById(e)),document.removeEventListener(\"scroll\",etargetPostloadFunction7a9b589f63cb072bef80df221f46a22b),document.removeEventListener(\"resize\",etargetPostloadFunction7a9b589f63cb072bef80df221f46a22b),document.removeEventListener(\"DOMContentLoaded\",etargetPostloadFunction7a9b589f63cb072bef80df221f46a22b)))}}}var etargetDivID=\"etargetPostload7a9b589f63cb072bef80df221f46a22b\",etargetScriptID=\"etargetScript7a9b589f63cb072bef80df221f46a22b\",etargetPostloadPoint=document.createElement(\"div\");etargetPostloadPoint.id=etargetDivID;var etargetCurScript=document.getElementById(etargetScriptID);etargetCurScript.parentNode.appendChild(etargetPostloadPoint),document.addEventListener(\"scroll\",etargetPostloadFunction7a9b589f63cb072bef80df221f46a22b),document.addEventListener(\"resize\",etargetPostloadFunction7a9b589f63cb072bef80df221f46a22b),document.addEventListener(\"DOMContentLoaded\",etargetPostloadFunction7a9b589f63cb072bef80df221f46a22b);var etargetAllowOtherCheck=!0;if(typeof(\"forceRunPostload\")==\"string\"){etargetPostloadFunction7a9b589f63cb072bef80df221f46a22b()}<\/script><\/div>\n<p>A K\u00e9szenl\u00e9ti Rend\u0151rs\u00e9g Nemzeti Nyomoz\u00f3 Iroda elutas\u00edtotta a Panyi Szabolcs \u00fajs\u00e1g\u00edr\u00f3 ellen k\u00e9mked\u00e9s gyan\u00faja miatt tett feljelent\u00e9st. A Direkt36 volt munkat\u00e1rsa a Facebookon reag\u00e1lt: megk\u00f6sz\u00f6nte a t\u00e1mogat\u00e1st, \u00e9s azt \u00edrta, ez er\u0151t adott neki a Szijj\u00e1rt\u00f3 P\u00e9ter orosz kapcsolatait felt\u00e1r\u00f3 oknyomoz\u00e1s befejez\u00e9s\u00e9hez.<\/p>\n<p>Panyi a v\u00e1laszt\u00e1si kamp\u00e1ny idej\u00e9n <a href=\"https:\/\/www.forbes.hu\/uzlet\/valami-rosszat-mondtam-kerdezi-idegesen-szijjarto-lavrovtol\/\">r\u00e9szleteket k\u00f6z\u00f6lt<\/a> Szijj\u00e1rt\u00f3 P\u00e9ter \u00e9s Szergej Lavrov telefonbesz\u00e9lget\u00e9seib\u0151l. A leiratok szerint a magyar k\u00fcl\u00fcgyminiszter rendszeresen t\u00e1j\u00e9koztatta orosz koll\u00e9g\u00e1j\u00e1t az Eur\u00f3pai Tan\u00e1cs \u00fcl\u00e9seir\u0151l, \u00e9s igyekezett teljes\u00edteni k\u00e9r\u00e9seit.<\/p>\n<p>Az \u00fcgy nyom\u00e1n a korm\u00e1ny \u00e9s a korm\u00e1nyp\u00e1rti m\u00e9dia Panyit t\u00e1madta, Guly\u00e1s Gergely pedig m\u00e1rcius v\u00e9g\u00e9n jelentette be, hogy Tuzson Bence igazs\u00e1g\u00fcgyi miniszter szak\u00e9rt\u0151i v\u00e9lem\u00e9ny alapj\u00e1n feljelent\u00e9st tesz k\u00e9mked\u00e9s miatt.<\/p>\n<p>Az \u00fajs\u00e1g\u00edr\u00f3 a v\u00e1dakat visszautas\u00edtotta, \u00e9s hangs\u00falyozta, hogy a munk\u00e1j\u00e1t a forr\u00e1sv\u00e9delem szab\u00e1lyai szerint, oknyomoz\u00f3 \u00fajs\u00e1g\u00edr\u00f3k\u00e9nt v\u00e9gezte. A rend\u0151rs\u00e9g mostani d\u00f6nt\u00e9se szerint az \u00fcgyben nem indul elj\u00e1r\u00e1s.<\/p>\n<p><!-- No email blocks found --><\/p>\n<p>The post <a href=\"https:\/\/forbes.hu\/hirek\/dontott-a-rendorseg-a-panyi-szabolcs-ellen-tett-feljelentesrol\/\">D\u00f6nt\u00f6tt a rend\u0151rs\u00e9g a Panyi Szabolcs ellen tett feljelent\u00e9sr\u0151l<\/a> appeared first on <a href=\"https:\/\/forbes.hu\/\">Forbes.hu<\/a>.<\/p><div id=\"friss-3553922354\" class=\"friss-etarget-cikk-vege friss-entity-placement\"><script type=\"text\/javascript\" id=\"etargetScript7a9b589f63cb072bef80df221f46a22b\">function etargetPostloadFunction7a9b589f63cb072bef80df221f46a22b(){var e=\"etargetPostload7a9b589f63cb072bef80df221f46a22b\",t=\"etargetScript7a9b589f63cb072bef80df221f46a22b\",o=document.getElementById(e);if(o){for(var n=o.offsetTop,d=o.offsetLeft,r=o.offsetWidth,a=o.offsetHeight;o.offsetParent;)o=o.offsetParent,n+=o.offsetTop,d+=o.offsetLeft;var i=(n<=window.pageYOffset+window.innerHeight&&d<window.pageXOffset+window.innerWidth&&n+a>window.pageYOffset&&d+r>window.pageXOffset);if(i&&etargetAllowOtherCheck){allowed=!1;var c=document.createElement(\"script\");return c.src=\"\/\/hu.search.etargetnet.com\/generic\/uni.php?g=ref:58661,area:700x210\",void(document.getElementById(t)&&document.getElementById(e)&&(document.getElementById(t).parentNode.appendChild(c),document.getElementById(t).parentNode.removeChild(document.getElementById(t)),document.getElementById(e).parentNode.removeChild(document.getElementById(e)),document.removeEventListener(\"scroll\",etargetPostloadFunction7a9b589f63cb072bef80df221f46a22b),document.removeEventListener(\"resize\",etargetPostloadFunction7a9b589f63cb072bef80df221f46a22b),document.removeEventListener(\"DOMContentLoaded\",etargetPostloadFunction7a9b589f63cb072bef80df221f46a22b)))}}}var etargetDivID=\"etargetPostload7a9b589f63cb072bef80df221f46a22b\",etargetScriptID=\"etargetScript7a9b589f63cb072bef80df221f46a22b\",etargetPostloadPoint=document.createElement(\"div\");etargetPostloadPoint.id=etargetDivID;var etargetCurScript=document.getElementById(etargetScriptID);etargetCurScript.parentNode.appendChild(etargetPostloadPoint),document.addEventListener(\"scroll\",etargetPostloadFunction7a9b589f63cb072bef80df221f46a22b),document.addEventListener(\"resize\",etargetPostloadFunction7a9b589f63cb072bef80df221f46a22b),document.addEventListener(\"DOMContentLoaded\",etargetPostloadFunction7a9b589f63cb072bef80df221f46a22b);var etargetAllowOtherCheck=!0;if(typeof(\"forceRunPostload\")==\"string\"){etargetPostloadFunction7a9b589f63cb072bef80df221f46a22b()}<\/script><\/div><div id=\"friss-2203659475\" class=\"friss-after-content friss-entity-placement\"><script type=\"text\/javascript\" id=\"etargetScript7a9b589f63cb072bef80df221f46a22b\">function etargetPostloadFunction7a9b589f63cb072bef80df221f46a22b(){var e=\"etargetPostload7a9b589f63cb072bef80df221f46a22b\",t=\"etargetScript7a9b589f63cb072bef80df221f46a22b\",o=document.getElementById(e);if(o){for(var n=o.offsetTop,d=o.offsetLeft,r=o.offsetWidth,a=o.offsetHeight;o.offsetParent;)o=o.offsetParent,n+=o.offsetTop,d+=o.offsetLeft;var i=(n<=window.pageYOffset+window.innerHeight&&d<window.pageXOffset+window.innerWidth&&n+a>window.pageYOffset&&d+r>window.pageXOffset);if(i&&etargetAllowOtherCheck){allowed=!1;var c=document.createElement(\"script\");return c.src=\"\/\/hu.search.etargetnet.com\/generic\/uni.php?g=ref:58661,area:700x210\",void(document.getElementById(t)&&document.getElementById(e)&&(document.getElementById(t).parentNode.appendChild(c),document.getElementById(t).parentNode.removeChild(document.getElementById(t)),document.getElementById(e).parentNode.removeChild(document.getElementById(e)),document.removeEventListener(\"scroll\",etargetPostloadFunction7a9b589f63cb072bef80df221f46a22b),document.removeEventListener(\"resize\",etargetPostloadFunction7a9b589f63cb072bef80df221f46a22b),document.removeEventListener(\"DOMContentLoaded\",etargetPostloadFunction7a9b589f63cb072bef80df221f46a22b)))}}}var etargetDivID=\"etargetPostload7a9b589f63cb072bef80df221f46a22b\",etargetScriptID=\"etargetScript7a9b589f63cb072bef80df221f46a22b\",etargetPostloadPoint=document.createElement(\"div\");etargetPostloadPoint.id=etargetDivID;var etargetCurScript=document.getElementById(etargetScriptID);etargetCurScript.parentNode.appendChild(etargetPostloadPoint),document.addEventListener(\"scroll\",etargetPostloadFunction7a9b589f63cb072bef80df221f46a22b),document.addEventListener(\"resize\",etargetPostloadFunction7a9b589f63cb072bef80df221f46a22b),document.addEventListener(\"DOMContentLoaded\",etargetPostloadFunction7a9b589f63cb072bef80df221f46a22b);var etargetAllowOtherCheck=!0;if(typeof(\"forceRunPostload\")==\"string\"){etargetPostloadFunction7a9b589f63cb072bef80df221f46a22b()}<\/script><\/div><div id=\"friss-3078997427\" class=\"friss-after-content_2 friss-entity-placement\" style=\"clear: both;\"><div class=\"wprss_ajax\" data-id=\"rss807632ddb8\"><img loading=\"lazy\" decoding=\"async\" src=\"https:\/\/friss-hirek.hu\/wp-content\/plugins\/wp-rss-retriever\/inc\/imgs\/ajax-loader.gif\" alt=\"Loading RSS Feed\" width=\"16\" height=\"16\"><\/div><\/div><br style=\"clear: both; display: block; float: none;\"\/><div id=\"friss-1123843685\" class=\"friss-after-content_3 friss-entity-placement\">https:\/\/www.youtube.com\/watch?v=Pdnw4KiUWp0<\/div>","protected":false},"excerpt":{"rendered":"<p>A rend\u0151rs\u00e9g szerint Panyi Szabolcs nem k\u00e9mkedett. A K\u00e9szenl\u00e9ti Rend\u0151rs\u00e9g Nemzeti Nyomoz\u00f3 Iroda elutas\u00edtotta a Panyi Szabolcs \u00fajs\u00e1g\u00edr\u00f3 ellen k\u00e9mked\u00e9s gyan\u00faja miatt tett feljelent\u00e9st. A Direkt36 volt munkat\u00e1rsa a Facebookon reag\u00e1lt: megk\u00f6sz\u00f6nte a t\u00e1mogat\u00e1st, \u00e9s azt \u00edrta, ez er\u0151t adott neki a Szijj\u00e1rt\u00f3 P\u00e9ter orosz kapcsolatait felt\u00e1r\u00f3 oknyomoz\u00e1s befejez\u00e9s\u00e9hez. Panyi a v\u00e1laszt\u00e1si kamp\u00e1ny idej\u00e9n r\u00e9szleteket [&hellip;]<\/p>\n","protected":false},"author":1,"featured_media":0,"comment_status":"open","ping_status":"open","sticky":false,"template":"","format":"standard","meta":{"footnotes":""},"categories":[7],"tags":[],"class_list":["post-166151","post","type-post","status-publish","format-standard","hentry","category-uzlet"],"amp_enabled":true,"_links":{"self":[{"href":"https:\/\/friss-hirek.hu\/index.php\/wp-json\/wp\/v2\/posts\/166151","targetHints":{"allow":["GET"]}}],"collection":[{"href":"https:\/\/friss-hirek.hu\/index.php\/wp-json\/wp\/v2\/posts"}],"about":[{"href":"https:\/\/friss-hirek.hu\/index.php\/wp-json\/wp\/v2\/types\/post"}],"author":[{"embeddable":true,"href":"https:\/\/friss-hirek.hu\/index.php\/wp-json\/wp\/v2\/users\/1"}],"replies":[{"embeddable":true,"href":"https:\/\/friss-hirek.hu\/index.php\/wp-json\/wp\/v2\/comments?post=166151"}],"version-history":[{"count":0,"href":"https:\/\/friss-hirek.hu\/index.php\/wp-json\/wp\/v2\/posts\/166151\/revisions"}],"wp:attachment":[{"href":"https:\/\/friss-hirek.hu\/index.php\/wp-json\/wp\/v2\/media?parent=166151"}],"wp:term":[{"taxonomy":"category","embeddable":true,"href":"https:\/\/friss-hirek.hu\/index.php\/wp-json\/wp\/v2\/categories?post=166151"},{"taxonomy":"post_tag","embeddable":true,"href":"https:\/\/friss-hirek.hu\/index.php\/wp-json\/wp\/v2\/tags?post=166151"}],"curies":[{"name":"wp","href":"https:\/\/api.w.org\/{rel}","templated":true}]}}